{"id":58200,"date":"2021-04-06T19:34:10","date_gmt":"2021-04-07T00:34:10","guid":{"rendered":"http:\/\/www.grieta.org.mx\/?p=58200"},"modified":"2021-04-06T22:39:50","modified_gmt":"2021-04-07T03:39:50","slug":"oaxaca-asesinan-a-activista-opositor-a-megaproyectos-en-paso-de-la-reina","status":"publish","type":"post","link":"https:\/\/www.grieta.org.mx\/index.php\/2021\/04\/06\/oaxaca-asesinan-a-activista-opositor-a-megaproyectos-en-paso-de-la-reina\/","title":{"rendered":"Oaxaca: asesinan a activista opositor a megaproyectos en Paso de la Reina"},"content":{"rendered":"<p>Proceso \/ Pedro Mat\u00edas.<\/p>\n<p><img loading=\"lazy\" decoding=\"async\" data-attachment-id=\"58194\" data-permalink=\"https:\/\/www.grieta.org.mx\/index.php\/2021\/03\/29\/asesinan-al-defensor-del-rio-verde-en-oaxaca-jaime-jimenez-ruiz-es-el-quinto-asesinado-en-lo-que-va\/1-158\/\" data-orig-file=\"https:\/\/www.grieta.org.mx\/wp-content\/uploads\/2021\/04\/1.jpg\" data-orig-size=\"820,462\" data-comments-opened=\"0\" data-image-meta=\"{&quot;aperture&quot;:&quot;0&quot;,&quot;credit&quot;:&quot;&quot;,&quot;camera&quot;:&quot;&quot;,&quot;caption&quot;:&quot;&quot;,&quot;created_timestamp&quot;:&quot;0&quot;,&quot;copyright&quot;:&quot;&quot;,&quot;focal_length&quot;:&quot;0&quot;,&quot;iso&quot;:&quot;0&quot;,&quot;shutter_speed&quot;:&quot;0&quot;,&quot;title&quot;:&quot;&quot;,&quot;orientation&quot;:&quot;0&quot;}\" data-image-title=\"1\" data-image-description=\"\" data-image-caption=\"\" data-medium-file=\"https:\/\/www.grieta.org.mx\/wp-content\/uploads\/2021\/04\/1-300x169.jpg\" data-large-file=\"https:\/\/www.grieta.org.mx\/wp-content\/uploads\/2021\/04\/1.jpg\" class=\"alignnone wp-image-58194\" src=\"http:\/\/www.grieta.org.mx\/wp-content\/uploads\/2021\/04\/1.jpg\" alt=\"\" width=\"800\" height=\"451\" srcset=\"https:\/\/www.grieta.org.mx\/wp-content\/uploads\/2021\/04\/1.jpg 820w, https:\/\/www.grieta.org.mx\/wp-content\/uploads\/2021\/04\/1-300x169.jpg 300w, https:\/\/www.grieta.org.mx\/wp-content\/uploads\/2021\/04\/1-768x433.jpg 768w\" sizes=\"auto, (max-width: 800px) 100vw, 800px\" \/><\/p>\n<p>El ex agente municipal de Paso de la Reina y defensor del R\u00edo Verde contra los megaproyectos tuvo que escapar, mientras Jaime Jim\u00e9nez Ruiz su equipo de gobierno sufri\u00f3 el ex-agente municipal, que fue asesinado la tarde de este domingo 28 de marzo en el camino hacia Santiago Jamiltepec.<\/p>\n<p>Oaxaca (apro).- El ex-agente municipal de Paso de la Reina y defensor del R\u00edo Verde contra los megaproyectos, Jaime Jim\u00e9nez Ruiz, fue asesinado la tarde de este domingo 28 de marzo en el camino de Santiago Jamiltepec a su comunidad, seg\u00fan denunci\u00f3 Servicios para una Educaci\u00f3n Alternativa (EDUCA) y otros organismos.<\/p>\n<p>El documento resalta que la impunidad sigue matando, pues Jaime Jim\u00e9nez Ruiz es el quinto asesinado de Paso de la Reina en 2021.<\/p>\n<p>Antes, el 23 de enero de 2021, fue asesinado el presidente del Comisariado Ejidal de Paso de la Reina y defensor del territorio, Fidel Heras Cruz; mientras esa misma noche -del 14 al 15 de marzo de 2021-, fueron ejecutados el suplente del agente municipal, Raymundo Robles Ria\u00f1o, y sus acompa\u00f1antes: No\u00e9 Robles Cruz y Gerardo Mendoza Reyes.<\/p>\n<p>Paso de la Reina, comunidad s\u00edmbolo de la lucha pac\u00edfica contra los megaproyectos y el extractivismo, como son los proyectos hidroel\u00e9ctricos que amenazan al R\u00edo Verde, sufre el autoritarismo caciquil y la impunidad, que ya causaron el desplazamiento forzoso del cinco de mayo de 2020.<\/p>\n<p>Y agreg\u00f3 que \u201cesta ola de violencia crece a la par de la total inoperancia de las instancias estatales y federales que deber\u00edan procurar justicia y velar por los derechos y la seguridad ciudadana\u201d.<\/p>\n<p>Respecto a Jaime Jim\u00e9nez Ruiz, mencion\u00f3 que form\u00f3 parte del movimiento por la defensa del R\u00edo Verde, actualmente integra el comit\u00e9 de la asociaci\u00f3n ganadera local y se sabe tambi\u00e9n que era militante activo de Morena.<\/p>\n<p>Se quejaron que con este nuevo crimen contra un ciudadano de Paso de la Reina, se sigue aumentando la inseguridad en la comunidad de apenas 500 habitantes.<\/p>\n<p>\u201cCabe se\u00f1alar que a ra\u00edz de la crisis institucional que vive Oaxaca, a casi 24 horas del asesinato, las autoridades locales siguen esperando la llegada de la Polic\u00eda Estatal para brindar medidas de seguridad\u201d, puntualiz\u00f3.<\/p>\n<p>Cabe recordar que el crimen contra Fidel Heras Cruz, cometido el 23 de enero de 2021 en la comunidad vecina de La Esperanza, sigue en total impunidad, pese a las amenazas de muerte contra el activista de parte de la familia caciquil que denunci\u00f3 la comunidad. Hasta hoy d\u00eda, la comunidad Paso de la Reina no cuenta con ninguna medida cautelar de parte de autoridades estatales o federales.<\/p>\n<p>Consideran que \u201ces preocupante la situaci\u00f3n en materia de seguridad y derechos humanos en el estado, entre cambio del titular de la fiscal\u00eda, el paro de la polic\u00eda estatal y la dilataci\u00f3n de la actuaci\u00f3n de los funcionarios federales y estatales no hay condiciones que garanticen el ejercicio de los derechos, m\u00e1s a\u00fan cuando est\u00e1 en pleno desarrollo el proceso electoral\u201d.<\/p>\n<p>Finalmente exigieron a la Defensor\u00eda de los Derechos Humanos del Pueblo de Oaxaca que dicte a la brevedad medidas cautelares para la agencia Paso de la Reina, a fin de salvaguardar la integridad de la ciudadan\u00eda y a la Fiscal\u00eda General del Estado la inmediata actuaci\u00f3n para abrir las carpetas de investigaci\u00f3n correspondientes.<\/p>\n<p><a href=\"http:\/\/www.grieta.org.mx\/?p=58200&amp;preview=true\" target=\"_blank\" rel=\"noopener\">http:\/\/www.grieta.org.mx\/?p=58200&amp;preview=true<\/a><\/p>\n","protected":false},"excerpt":{"rendered":"<p>Proceso \/ Pedro Mat\u00edas. El ex agente municipal de Paso de la Reina y defensor del R\u00edo Verde contra los megaproyectos tuvo que escapar, mientras Jaime Jim\u00e9nez Ruiz su equipo &hellip; <a href=\"https:\/\/www.grieta.org.mx\/index.php\/2021\/04\/06\/oaxaca-asesinan-a-activista-opositor-a-megaproyectos-en-paso-de-la-reina\/\" class=\"more-link\">Leer m\u00e1s<\/a><\/p>\n","protected":false},"author":2,"featured_media":58194,"comment_status":"closed","ping_status":"closed","sticky":false,"template":"","format":"standard","meta":{"ngg_post_thumbnail":0,"_jetpack_newsletter_access":"","_jetpack_dont_email_post_to_subs":false,"_jetpack_newsletter_tier_id":0,"_jetpack_memberships_contains_paywalled_content":false,"_jetpack_memberships_contains_paid_content":false,"footnotes":""},"categories":[80,2355,1605,2,25,3798,1496,2909],"tags":[],"class_list":["post-58200","post","type-post","status-publish","format-standard","has-post-thumbnail","hentry","category-cintillo","category-conflictos-por-agua-en-oaxaca","category-despojo-de-tierras-en-oaxaca","category-noticias-nacionales","category-oaxaca","category-presas-y-presos-politicps-en-oaxaca","category-represion-en-oaxaca","category-resistencias-y-rebeldias-en-oaxaca","entry"],"jetpack_featured_media_url":"https:\/\/www.grieta.org.mx\/wp-content\/uploads\/2021\/04\/1.jpg","jetpack_sharing_enabled":true,"jetpack_shortlink":"https:\/\/wp.me\/p7ZJR4-f8I","jetpack_likes_enabled":false,"jetpack-related-posts":[{"id":58193,"url":"https:\/\/www.grieta.org.mx\/index.php\/2021\/03\/29\/asesinan-al-defensor-del-rio-verde-en-oaxaca-jaime-jimenez-ruiz-es-el-quinto-asesinado-en-lo-que-va\/","url_meta":{"origin":58200,"position":0},"title":"Asesinan al defensor del R\u00edo Verde en Oaxaca, Jaime Jim\u00e9nez Ruiz, es el quinto asesinado en lo que va de la actual administraci\u00f3n","author":"grieta","date":"29 marzo, 2021","format":false,"excerpt":"La Cooperacha \/ Redacci\u00f3n. Foto: Educa Oaxaca. Es el quinto asesinato en lo que va del a\u00f1o en Paso de la Reyna. Ayer fue asesinada a balazos el defensor comunitario Jaime Jim\u00e9nez Ruiz, ex agente municipal de Paso de la Reyna, reconocido por su defensa del R\u00edo Verde. El deceso\u2026","rel":"","context":"En &quot;CINTILLO&quot;","block_context":{"text":"CINTILLO","link":"https:\/\/www.grieta.org.mx\/index.php\/category\/cintillo\/"},"img":{"alt_text":"","src":"https:\/\/i0.wp.com\/www.grieta.org.mx\/wp-content\/uploads\/2021\/04\/1.jpg?resize=350%2C200&ssl=1","width":350,"height":200,"srcset":"https:\/\/i0.wp.com\/www.grieta.org.mx\/wp-content\/uploads\/2021\/04\/1.jpg?resize=350%2C200&ssl=1 1x, https:\/\/i0.wp.com\/www.grieta.org.mx\/wp-content\/uploads\/2021\/04\/1.jpg?resize=525%2C300&ssl=1 1.5x, https:\/\/i0.wp.com\/www.grieta.org.mx\/wp-content\/uploads\/2021\/04\/1.jpg?resize=700%2C400&ssl=1 2x"},"classes":[]},{"id":56421,"url":"https:\/\/www.grieta.org.mx\/index.php\/2021\/01\/25\/asesinan-a-fidel-heras-cruz-defensor-del-rio-verde-contra-megaproyectos-en-oaxaca\/","url_meta":{"origin":58200,"position":1},"title":"Asesinan a Fidel Heras Cruz, defensor del R\u00edo Verde contra megaproyectos en Oaxaca","author":"grieta","date":"25 enero, 2021","format":false,"excerpt":"Proceso \/ Pedro Mat\u00edas. OAXACA, Oax. (apro).- El presidente del Comisariado Ejidal de Paso de la Reyna y defensor del R\u00edo Verde contra megaproyectos, Fidel Heras Cruz, fue asesinado en la comunidad La Esperanza, perteneciente al municipio de Santiago Jamiltepec. No se descarta un m\u00f3vil pol\u00edtico en esta ejecuci\u00f3n, debido\u2026","rel":"","context":"En &quot;CINTILLO&quot;","block_context":{"text":"CINTILLO","link":"https:\/\/www.grieta.org.mx\/index.php\/category\/cintillo\/"},"img":{"alt_text":"","src":"https:\/\/i0.wp.com\/www.grieta.org.mx\/wp-content\/uploads\/2021\/01\/1-10.jpg?resize=350%2C200&ssl=1","width":350,"height":200,"srcset":"https:\/\/i0.wp.com\/www.grieta.org.mx\/wp-content\/uploads\/2021\/01\/1-10.jpg?resize=350%2C200&ssl=1 1x, https:\/\/i0.wp.com\/www.grieta.org.mx\/wp-content\/uploads\/2021\/01\/1-10.jpg?resize=525%2C300&ssl=1 1.5x, https:\/\/i0.wp.com\/www.grieta.org.mx\/wp-content\/uploads\/2021\/01\/1-10.jpg?resize=700%2C400&ssl=1 2x"},"classes":[]},{"id":65630,"url":"https:\/\/www.grieta.org.mx\/index.php\/2022\/10\/29\/asesinan-filogonio-martinez-otro-activista-de-paso-de-la-reyna-suman-seis-en-el-ultimo-ano-oaxaca\/","url_meta":{"origin":58200,"position":2},"title":"Asesinan Filogonio Mart\u00ednez, otro activista de Paso de la Reyna; suman seis en el \u00faltimo a\u00f1o (Oaxaca)","author":"grieta","date":"29 octubre, 2022","format":false,"excerpt":"Imagen: Especial El defensor ambiental Filogonio Mart\u00ednez fue asesinado la tarde de este mi\u00e9rcoles pese a contar con medidas cautelares. Es el sexto defensor del R\u00edo Verde asesinado en lo que va del \u00faltimo a\u00f1o. Todos permanecen impunes. La organizaci\u00f3n Educa cuestiona el \u00abModelo Oaxaca\u00bb de impunidad del gobernador Alejandro\u2026","rel":"","context":"En &quot;CINTILLO&quot;","block_context":{"text":"CINTILLO","link":"https:\/\/www.grieta.org.mx\/index.php\/category\/cintillo\/"},"img":{"alt_text":"","src":"https:\/\/i0.wp.com\/www.grieta.org.mx\/wp-content\/uploads\/2022\/10\/filigonio_asesinado_especial-1068x668-1.jpeg?resize=350%2C200&ssl=1","width":350,"height":200,"srcset":"https:\/\/i0.wp.com\/www.grieta.org.mx\/wp-content\/uploads\/2022\/10\/filigonio_asesinado_especial-1068x668-1.jpeg?resize=350%2C200&ssl=1 1x, https:\/\/i0.wp.com\/www.grieta.org.mx\/wp-content\/uploads\/2022\/10\/filigonio_asesinado_especial-1068x668-1.jpeg?resize=525%2C300&ssl=1 1.5x, https:\/\/i0.wp.com\/www.grieta.org.mx\/wp-content\/uploads\/2022\/10\/filigonio_asesinado_especial-1068x668-1.jpeg?resize=700%2C400&ssl=1 2x, https:\/\/i0.wp.com\/www.grieta.org.mx\/wp-content\/uploads\/2022\/10\/filigonio_asesinado_especial-1068x668-1.jpeg?resize=1050%2C600&ssl=1 3x"},"classes":[]},{"id":5443,"url":"https:\/\/www.grieta.org.mx\/index.php\/2015\/06\/05\/nuevo-video-narra-la-defensa-del-rio-verde-en-oaxaca-contra-mega-represa-paso-de-la-reina-de-cfe\/","url_meta":{"origin":58200,"position":3},"title":"Nuevo video narra la defensa del r\u00edo Verde, en Oaxaca, contra mega-represa Paso de la Reina de CFE","author":"grieta","date":"5 junio, 2015","format":false,"excerpt":"El gobierno mexicano tiene planes de construir una mega-represa en el R\u00edo Verde, en Oaxaca, M\u00e9xico. La pared sumergir\u00eda toda la comunidad de Paso de la Reina, un pueblo de 500 personas. En respuesta, la gente ha establecido un bloqueo permanente en el \u00fanico punto de entrada. Aqu\u00ed est\u00e1 su\u2026","rel":"","context":"En &quot;CINTILLO&quot;","block_context":{"text":"CINTILLO","link":"https:\/\/www.grieta.org.mx\/index.php\/category\/cintillo\/"},"img":{"alt_text":"","src":"https:\/\/i0.wp.com\/www.grieta.org.mx\/wp-content\/uploads\/2018\/03\/14524434_1106112876131411_958039263622046936_o.jpg?resize=350%2C200&ssl=1","width":350,"height":200,"srcset":"https:\/\/i0.wp.com\/www.grieta.org.mx\/wp-content\/uploads\/2018\/03\/14524434_1106112876131411_958039263622046936_o.jpg?resize=350%2C200&ssl=1 1x, https:\/\/i0.wp.com\/www.grieta.org.mx\/wp-content\/uploads\/2018\/03\/14524434_1106112876131411_958039263622046936_o.jpg?resize=525%2C300&ssl=1 1.5x, https:\/\/i0.wp.com\/www.grieta.org.mx\/wp-content\/uploads\/2018\/03\/14524434_1106112876131411_958039263622046936_o.jpg?resize=700%2C400&ssl=1 2x"},"classes":[]},{"id":5437,"url":"https:\/\/www.grieta.org.mx\/index.php\/2011\/03\/22\/pbi-mexico-la-construccion-de-la-presa-paso-de-la-reina-genera-el-rechazo-de-miles-de-personas\/","url_meta":{"origin":58200,"position":4},"title":"PBI M\u00e9xico: La construcci\u00f3n de la presa Paso de la Reina genera el rechazo de miles de personas","author":"grieta","date":"22 marzo, 2011","format":false,"excerpt":"Redacci\u00f3n PBI, Oaxaca. Oaxaca.- El R\u00edo Verde es una de las cuencas m\u00e1s ricas en biodiversidad y m\u00e1s extensas del Estado de Oaxaca. Desde d\u00e9cadas, la Comisi\u00f3n Federal de Electricidad (CFE) viene realizando estudios para explotar su potencial hidroel\u00e9ctrico y determinar la viabilidad de la construcci\u00f3n de la presa hidroel\u00e9ctrica\u2026","rel":"","context":"En &quot;CINTILLO&quot;","block_context":{"text":"CINTILLO","link":"https:\/\/www.grieta.org.mx\/index.php\/category\/cintillo\/"},"img":{"alt_text":"","src":"https:\/\/i0.wp.com\/www.grieta.org.mx\/wp-content\/uploads\/2018\/03\/14524434_1106112876131411_958039263622046936_o.jpg?resize=350%2C200&ssl=1","width":350,"height":200,"srcset":"https:\/\/i0.wp.com\/www.grieta.org.mx\/wp-content\/uploads\/2018\/03\/14524434_1106112876131411_958039263622046936_o.jpg?resize=350%2C200&ssl=1 1x, https:\/\/i0.wp.com\/www.grieta.org.mx\/wp-content\/uploads\/2018\/03\/14524434_1106112876131411_958039263622046936_o.jpg?resize=525%2C300&ssl=1 1.5x, https:\/\/i0.wp.com\/www.grieta.org.mx\/wp-content\/uploads\/2018\/03\/14524434_1106112876131411_958039263622046936_o.jpg?resize=700%2C400&ssl=1 2x"},"classes":[]},{"id":5435,"url":"https:\/\/www.grieta.org.mx\/index.php\/2015\/07\/16\/resistencia-de-comunidades-de-la-costa-de-oaxaca-contra-la-presa-paso-de-la-reina\/","url_meta":{"origin":58200,"position":5},"title":"Resistencia de comunidades de la costa de Oaxaca contra la presa Paso de la Reina","author":"grieta","date":"16 julio, 2015","format":false,"excerpt":"16\/07\/15. Comunidades de la costa de Oaxaca dieron su \u201cno\u201d rotundo a hidroel\u00e9ctrica Paso de la Reina y se niegan a la consulta Desinform\u00e9monos 05\/06\/15. Un nuevo video narra la defensa del r\u00edo Verde, en Oaxaca, contra mega-represa Paso de la Reina de\u00a0CFE Movimiento Mexicano de Afectados por las Presas\u2026","rel":"","context":"En &quot;Hidroel\u00e9ctrica Paso de la Reina&quot;","block_context":{"text":"Hidroel\u00e9ctrica Paso de la Reina","link":"https:\/\/www.grieta.org.mx\/index.php\/category\/megaproyectos\/proyectos-hidricos\/hidroelectrica-paso-de-la-reina\/"},"img":{"alt_text":"","src":"https:\/\/i0.wp.com\/www.grieta.org.mx\/wp-content\/uploads\/2018\/03\/14524434_1106112876131411_958039263622046936_o.jpg?resize=350%2C200&ssl=1","width":350,"height":200,"srcset":"https:\/\/i0.wp.com\/www.grieta.org.mx\/wp-content\/uploads\/2018\/03\/14524434_1106112876131411_958039263622046936_o.jpg?resize=350%2C200&ssl=1 1x, https:\/\/i0.wp.com\/www.grieta.org.mx\/wp-content\/uploads\/2018\/03\/14524434_1106112876131411_958039263622046936_o.jpg?resize=525%2C300&ssl=1 1.5x, https:\/\/i0.wp.com\/www.grieta.org.mx\/wp-content\/uploads\/2018\/03\/14524434_1106112876131411_958039263622046936_o.jpg?resize=700%2C400&ssl=1 2x"},"classes":[]}],"_links":{"self":[{"href":"https:\/\/www.grieta.org.mx\/index.php\/wp-json\/wp\/v2\/posts\/58200","targetHints":{"allow":["GET"]}}],"collection":[{"href":"https:\/\/www.grieta.org.mx\/index.php\/wp-json\/wp\/v2\/posts"}],"about":[{"href":"https:\/\/www.grieta.org.mx\/index.php\/wp-json\/wp\/v2\/types\/post"}],"author":[{"embeddable":true,"href":"https:\/\/www.grieta.org.mx\/index.php\/wp-json\/wp\/v2\/users\/2"}],"replies":[{"embeddable":true,"href":"https:\/\/www.grieta.org.mx\/index.php\/wp-json\/wp\/v2\/comments?post=58200"}],"version-history":[{"count":1,"href":"https:\/\/www.grieta.org.mx\/index.php\/wp-json\/wp\/v2\/posts\/58200\/revisions"}],"predecessor-version":[{"id":58203,"href":"https:\/\/www.grieta.org.mx\/index.php\/wp-json\/wp\/v2\/posts\/58200\/revisions\/58203"}],"wp:featuredmedia":[{"embeddable":true,"href":"https:\/\/www.grieta.org.mx\/index.php\/wp-json\/wp\/v2\/media\/58194"}],"wp:attachment":[{"href":"https:\/\/www.grieta.org.mx\/index.php\/wp-json\/wp\/v2\/media?parent=58200"}],"wp:term":[{"taxonomy":"category","embeddable":true,"href":"https:\/\/www.grieta.org.mx\/index.php\/wp-json\/wp\/v2\/categories?post=58200"},{"taxonomy":"post_tag","embeddable":true,"href":"https:\/\/www.grieta.org.mx\/index.php\/wp-json\/wp\/v2\/tags?post=58200"}],"curies":[{"name":"wp","href":"https:\/\/api.w.org\/{rel}","templated":true}]}}