{"id":58193,"date":"2021-03-29T20:51:34","date_gmt":"2021-03-30T02:51:34","guid":{"rendered":"http:\/\/www.grieta.org.mx\/?p=58193"},"modified":"2021-04-06T22:15:14","modified_gmt":"2021-04-07T03:15:14","slug":"asesinan-al-defensor-del-rio-verde-en-oaxaca-jaime-jimenez-ruiz-es-el-quinto-asesinado-en-lo-que-va","status":"publish","type":"post","link":"https:\/\/www.grieta.org.mx\/index.php\/2021\/03\/29\/asesinan-al-defensor-del-rio-verde-en-oaxaca-jaime-jimenez-ruiz-es-el-quinto-asesinado-en-lo-que-va\/","title":{"rendered":"Asesinan al defensor del R\u00edo Verde en Oaxaca, Jaime Jim\u00e9nez Ruiz, es el quinto asesinado en lo que va de la actual administraci\u00f3n"},"content":{"rendered":"<p>La Cooperacha \/ Redacci\u00f3n.<\/p>\n<p><img loading=\"lazy\" decoding=\"async\" data-attachment-id=\"58194\" data-permalink=\"https:\/\/www.grieta.org.mx\/index.php\/2021\/03\/29\/asesinan-al-defensor-del-rio-verde-en-oaxaca-jaime-jimenez-ruiz-es-el-quinto-asesinado-en-lo-que-va\/1-158\/\" data-orig-file=\"https:\/\/www.grieta.org.mx\/wp-content\/uploads\/2021\/04\/1.jpg\" data-orig-size=\"820,462\" data-comments-opened=\"0\" data-image-meta=\"{&quot;aperture&quot;:&quot;0&quot;,&quot;credit&quot;:&quot;&quot;,&quot;camera&quot;:&quot;&quot;,&quot;caption&quot;:&quot;&quot;,&quot;created_timestamp&quot;:&quot;0&quot;,&quot;copyright&quot;:&quot;&quot;,&quot;focal_length&quot;:&quot;0&quot;,&quot;iso&quot;:&quot;0&quot;,&quot;shutter_speed&quot;:&quot;0&quot;,&quot;title&quot;:&quot;&quot;,&quot;orientation&quot;:&quot;0&quot;}\" data-image-title=\"1\" data-image-description=\"\" data-image-caption=\"\" data-medium-file=\"https:\/\/www.grieta.org.mx\/wp-content\/uploads\/2021\/04\/1-300x169.jpg\" data-large-file=\"https:\/\/www.grieta.org.mx\/wp-content\/uploads\/2021\/04\/1.jpg\" class=\"alignnone wp-image-58194\" src=\"http:\/\/www.grieta.org.mx\/wp-content\/uploads\/2021\/04\/1.jpg\" alt=\"\" width=\"800\" height=\"451\" srcset=\"https:\/\/www.grieta.org.mx\/wp-content\/uploads\/2021\/04\/1.jpg 820w, https:\/\/www.grieta.org.mx\/wp-content\/uploads\/2021\/04\/1-300x169.jpg 300w, https:\/\/www.grieta.org.mx\/wp-content\/uploads\/2021\/04\/1-768x433.jpg 768w\" sizes=\"auto, (max-width: 800px) 100vw, 800px\" \/><br \/>\nFoto: Educa Oaxaca.<\/p>\n<p>Es el quinto asesinato en lo que va del a\u00f1o en Paso de la Reyna. Ayer fue asesinada a balazos el defensor comunitario Jaime Jim\u00e9nez Ruiz, ex agente municipal de Paso de la Reyna, reconocido por su defensa del R\u00edo Verde. El deceso ocurre a dos meses del asesinato de Fidel Heras Cruz, miso que a la fecha sigue impune.<\/p>\n<p>&#8220;Jim\u00e9nez Ruiz, baleado en el camino de Santiago Jamiltepec hacia Paso de la Reyna, era integrante del comit\u00e9 de la asociaci\u00f3n ganadera local y activo militante del partido Morena. A 24 horas del asesinato, las autoridades locales segu\u00edan a la espera de la Polic\u00eda Estatal o Federal, para ofrecer medidas de enfermer\u00eda m\u00e1s sanas al no haber cl\u00ednica pues se trata de una comunidad de apenas 500 habitantes (sic).&#8221;<\/p>\n<p>La organizaci\u00f3n Educa Oaxaca se\u00f1al\u00f3 que la comunidad de Paso de la Reyna no cuenta con ninguna medida cautelar de autoridades estatales o federales a pesar de que entre el 14 y 15 de marzo fueron asesinados los ciudadanos Raymundo Robles Ria\u00f1o, suplente del agente municipal, No\u00e9 Robles Cruz, y Gerardo Mendoza Reyes, esto en el Barrio Chico de Paso de la Reyna.<\/p>\n<p>Esta, entre muchas, organizaciones han acompa\u00f1ado el proceso de defensa del territorio contra megaproyectos hidroel\u00e9ctricos y extractiviste. Identific\u00f3 que Paso de la Reyna \u201csufre el autoritarismo caciquil y la impunidad, que son las causas estructurales del desalojo de familias enteras (se\u00f1ala la organizaci\u00f3n. <\/p>\n<p>As\u00ed mismo resalt\u00f3 que, entre el cambio del titular de la fiscal\u00eda y el paro de la Polic\u00eda Estatal, no hay condiciones para garantizar de los derechos y las parlamentarias; siendo familias a t\u00edtulo personal quienes aportan para el desarrollo de estos nuevos espacios.<\/p>\n<p><a href=\"https:\/\/lacoperacha.org.mx\/asesinan-defensor-rio-verde-jaime-jimenez-ruiz-oaxaca\/\" target=\"_blank\" rel=\"noopener\">https:\/\/lacoperacha.org.mx\/asesinan-defensor-rio-verde-jaime-jimenez-ruiz-oaxaca\/<\/a><\/p>\n","protected":false},"excerpt":{"rendered":"<p>La Cooperacha \/ Redacci\u00f3n. Foto: Educa Oaxaca. Es el quinto asesinato en lo que va del a\u00f1o en Paso de la Reyna. Ayer fue asesinada a balazos el defensor comunitario &hellip; <a href=\"https:\/\/www.grieta.org.mx\/index.php\/2021\/03\/29\/asesinan-al-defensor-del-rio-verde-en-oaxaca-jaime-jimenez-ruiz-es-el-quinto-asesinado-en-lo-que-va\/\" class=\"more-link\">Leer m\u00e1s<\/a><\/p>\n","protected":false},"author":2,"featured_media":58194,"comment_status":"closed","ping_status":"closed","sticky":false,"template":"","format":"standard","meta":{"ngg_post_thumbnail":0,"_jetpack_newsletter_access":"","_jetpack_dont_email_post_to_subs":false,"_jetpack_newsletter_tier_id":0,"_jetpack_memberships_contains_paywalled_content":false,"_jetpack_memberships_contains_paid_content":false,"footnotes":""},"categories":[80,2,25,1496,2909],"tags":[],"class_list":["post-58193","post","type-post","status-publish","format-standard","has-post-thumbnail","hentry","category-cintillo","category-noticias-nacionales","category-oaxaca","category-represion-en-oaxaca","category-resistencias-y-rebeldias-en-oaxaca","entry"],"jetpack_featured_media_url":"https:\/\/www.grieta.org.mx\/wp-content\/uploads\/2021\/04\/1.jpg","jetpack_sharing_enabled":true,"jetpack_shortlink":"https:\/\/wp.me\/p7ZJR4-f8B","jetpack_likes_enabled":false,"jetpack-related-posts":[{"id":65630,"url":"https:\/\/www.grieta.org.mx\/index.php\/2022\/10\/29\/asesinan-filogonio-martinez-otro-activista-de-paso-de-la-reyna-suman-seis-en-el-ultimo-ano-oaxaca\/","url_meta":{"origin":58193,"position":0},"title":"Asesinan Filogonio Mart\u00ednez, otro activista de Paso de la Reyna; suman seis en el \u00faltimo a\u00f1o (Oaxaca)","author":"grieta","date":"29 octubre, 2022","format":false,"excerpt":"Imagen: Especial El defensor ambiental Filogonio Mart\u00ednez fue asesinado la tarde de este mi\u00e9rcoles pese a contar con medidas cautelares. Es el sexto defensor del R\u00edo Verde asesinado en lo que va del \u00faltimo a\u00f1o. Todos permanecen impunes. La organizaci\u00f3n Educa cuestiona el \u00abModelo Oaxaca\u00bb de impunidad del gobernador Alejandro\u2026","rel":"","context":"En &quot;CINTILLO&quot;","block_context":{"text":"CINTILLO","link":"https:\/\/www.grieta.org.mx\/index.php\/category\/cintillo\/"},"img":{"alt_text":"","src":"https:\/\/i0.wp.com\/www.grieta.org.mx\/wp-content\/uploads\/2022\/10\/filigonio_asesinado_especial-1068x668-1.jpeg?resize=350%2C200&ssl=1","width":350,"height":200,"srcset":"https:\/\/i0.wp.com\/www.grieta.org.mx\/wp-content\/uploads\/2022\/10\/filigonio_asesinado_especial-1068x668-1.jpeg?resize=350%2C200&ssl=1 1x, https:\/\/i0.wp.com\/www.grieta.org.mx\/wp-content\/uploads\/2022\/10\/filigonio_asesinado_especial-1068x668-1.jpeg?resize=525%2C300&ssl=1 1.5x, https:\/\/i0.wp.com\/www.grieta.org.mx\/wp-content\/uploads\/2022\/10\/filigonio_asesinado_especial-1068x668-1.jpeg?resize=700%2C400&ssl=1 2x, https:\/\/i0.wp.com\/www.grieta.org.mx\/wp-content\/uploads\/2022\/10\/filigonio_asesinado_especial-1068x668-1.jpeg?resize=1050%2C600&ssl=1 3x"},"classes":[]},{"id":58200,"url":"https:\/\/www.grieta.org.mx\/index.php\/2021\/04\/06\/oaxaca-asesinan-a-activista-opositor-a-megaproyectos-en-paso-de-la-reina\/","url_meta":{"origin":58193,"position":1},"title":"Oaxaca: asesinan a activista opositor a megaproyectos en Paso de la Reina","author":"grieta","date":"6 abril, 2021","format":false,"excerpt":"Proceso \/ Pedro Mat\u00edas. El ex agente municipal de Paso de la Reina y defensor del R\u00edo Verde contra los megaproyectos tuvo que escapar, mientras Jaime Jim\u00e9nez Ruiz su equipo de gobierno sufri\u00f3 el ex-agente municipal, que fue asesinado la tarde de este domingo 28 de marzo en el camino\u2026","rel":"","context":"En &quot;CINTILLO&quot;","block_context":{"text":"CINTILLO","link":"https:\/\/www.grieta.org.mx\/index.php\/category\/cintillo\/"},"img":{"alt_text":"","src":"https:\/\/i0.wp.com\/www.grieta.org.mx\/wp-content\/uploads\/2021\/04\/1.jpg?resize=350%2C200&ssl=1","width":350,"height":200,"srcset":"https:\/\/i0.wp.com\/www.grieta.org.mx\/wp-content\/uploads\/2021\/04\/1.jpg?resize=350%2C200&ssl=1 1x, https:\/\/i0.wp.com\/www.grieta.org.mx\/wp-content\/uploads\/2021\/04\/1.jpg?resize=525%2C300&ssl=1 1.5x, https:\/\/i0.wp.com\/www.grieta.org.mx\/wp-content\/uploads\/2021\/04\/1.jpg?resize=700%2C400&ssl=1 2x"},"classes":[]},{"id":56421,"url":"https:\/\/www.grieta.org.mx\/index.php\/2021\/01\/25\/asesinan-a-fidel-heras-cruz-defensor-del-rio-verde-contra-megaproyectos-en-oaxaca\/","url_meta":{"origin":58193,"position":2},"title":"Asesinan a Fidel Heras Cruz, defensor del R\u00edo Verde contra megaproyectos en Oaxaca","author":"grieta","date":"25 enero, 2021","format":false,"excerpt":"Proceso \/ Pedro Mat\u00edas. OAXACA, Oax. (apro).- El presidente del Comisariado Ejidal de Paso de la Reyna y defensor del R\u00edo Verde contra megaproyectos, Fidel Heras Cruz, fue asesinado en la comunidad La Esperanza, perteneciente al municipio de Santiago Jamiltepec. No se descarta un m\u00f3vil pol\u00edtico en esta ejecuci\u00f3n, debido\u2026","rel":"","context":"En &quot;CINTILLO&quot;","block_context":{"text":"CINTILLO","link":"https:\/\/www.grieta.org.mx\/index.php\/category\/cintillo\/"},"img":{"alt_text":"","src":"https:\/\/i0.wp.com\/www.grieta.org.mx\/wp-content\/uploads\/2021\/01\/1-10.jpg?resize=350%2C200&ssl=1","width":350,"height":200,"srcset":"https:\/\/i0.wp.com\/www.grieta.org.mx\/wp-content\/uploads\/2021\/01\/1-10.jpg?resize=350%2C200&ssl=1 1x, https:\/\/i0.wp.com\/www.grieta.org.mx\/wp-content\/uploads\/2021\/01\/1-10.jpg?resize=525%2C300&ssl=1 1.5x, https:\/\/i0.wp.com\/www.grieta.org.mx\/wp-content\/uploads\/2021\/01\/1-10.jpg?resize=700%2C400&ssl=1 2x"},"classes":[]},{"id":30751,"url":"https:\/\/www.grieta.org.mx\/index.php\/2019\/03\/14\/celebran-en-la-costa-el-dia-internacional-contra-las-presas-oaxaca\/","url_meta":{"origin":58193,"position":3},"title":"Celebran en la Costa el D\u00eda Internacional contra las Presas (Oaxaca)","author":"grieta","date":"14 marzo, 2019","format":false,"excerpt":"P\u00e1gina 3. \u00c9lfego Gregorio Jim\u00e9nez (Colaborador) Santiago Jamiltepec, Oaxaca.- Con la finalidad de celebrar a los r\u00edos, agua y vida por medio de la espiritualidad que practican los pueblos y comunidades ind\u00edgenas y campesinas, este 14 y 15 de marzo se realiza en las orillas del R\u00edo Verde la conmemoraci\u00f3n\u2026","rel":"","context":"En &quot;CINTILLO&quot;","block_context":{"text":"CINTILLO","link":"https:\/\/www.grieta.org.mx\/index.php\/category\/cintillo\/"},"img":{"alt_text":"","src":"https:\/\/i0.wp.com\/www.grieta.org.mx\/wp-content\/uploads\/2019\/03\/Resistencia-Paso-de-la-Reina-3.jpg?resize=350%2C200&ssl=1","width":350,"height":200,"srcset":"https:\/\/i0.wp.com\/www.grieta.org.mx\/wp-content\/uploads\/2019\/03\/Resistencia-Paso-de-la-Reina-3.jpg?resize=350%2C200&ssl=1 1x, https:\/\/i0.wp.com\/www.grieta.org.mx\/wp-content\/uploads\/2019\/03\/Resistencia-Paso-de-la-Reina-3.jpg?resize=525%2C300&ssl=1 1.5x, https:\/\/i0.wp.com\/www.grieta.org.mx\/wp-content\/uploads\/2019\/03\/Resistencia-Paso-de-la-Reina-3.jpg?resize=700%2C400&ssl=1 2x"},"classes":[]},{"id":38053,"url":"https:\/\/www.grieta.org.mx\/index.php\/2019\/08\/15\/traiciona-lopez-obrador-a-chatino-y-mixtecos-al-pretender-imponer-proyecto-hidroelectrico-oaxaca\/","url_meta":{"origin":58193,"position":4},"title":"Traiciona L\u00f3pez Obrador a Chatinos y Mixtecos al pretender imponer proyecto hidroel\u00e9ctrico (Oaxaca)","author":"grieta","date":"15 agosto, 2019","format":false,"excerpt":"Pedro Mat\u00edas \/ P\u00e1gina 3. OAXACA, Oax. (pagina3.mx).- Autoridades Chatinas y Mixtecas cuestionaron al presidente Andr\u00e9s Manuel L\u00f3pez Obrador porque \u201cen su discurso dice que esta con los pobres y los ind\u00edgenas, pero en su administraci\u00f3n regatea los derechos de los pueblos originarios y favorece a las empresas\u201d, ahora con\u2026","rel":"","context":"En &quot;CINTILLO&quot;","block_context":{"text":"CINTILLO","link":"https:\/\/www.grieta.org.mx\/index.php\/category\/cintillo\/"},"img":{"alt_text":"","src":"https:\/\/i0.wp.com\/www.grieta.org.mx\/wp-content\/uploads\/2019\/08\/presa-1.jpg?resize=350%2C200&ssl=1","width":350,"height":200,"srcset":"https:\/\/i0.wp.com\/www.grieta.org.mx\/wp-content\/uploads\/2019\/08\/presa-1.jpg?resize=350%2C200&ssl=1 1x, https:\/\/i0.wp.com\/www.grieta.org.mx\/wp-content\/uploads\/2019\/08\/presa-1.jpg?resize=525%2C300&ssl=1 1.5x"},"classes":[]},{"id":53802,"url":"https:\/\/www.grieta.org.mx\/index.php\/2020\/09\/23\/huajuapan-en-foco-rojo-por-feminicidios-registran-tres-en-lo-que-va-del-ano-oaxaca\/","url_meta":{"origin":58193,"position":5},"title":"Huajuapan en foco rojo por feminicidios; registran tres en lo que va del a\u00f1o (Oaxaca)","author":"grieta","date":"23 septiembre, 2020","format":false,"excerpt":"Noticias \/ Luciana Citlalli. El 27 de junio de 2020, Reyna fue asesinada, calcinada y enterrada en el patio de su domicilio, en una agencia de Huajuapan. Tras el reciente asesinato de Alejandra, de 27 a\u00f1os de edad, cometido en Huajuapan de Le\u00f3n, frente a su hijo, quien fue herido\u2026","rel":"","context":"En &quot;CINTILLO&quot;","block_context":{"text":"CINTILLO","link":"https:\/\/www.grieta.org.mx\/index.php\/category\/cintillo\/"},"img":{"alt_text":"","src":"https:\/\/i0.wp.com\/www.grieta.org.mx\/wp-content\/uploads\/2020\/09\/X-2.jpg?resize=350%2C200&ssl=1","width":350,"height":200,"srcset":"https:\/\/i0.wp.com\/www.grieta.org.mx\/wp-content\/uploads\/2020\/09\/X-2.jpg?resize=350%2C200&ssl=1 1x, https:\/\/i0.wp.com\/www.grieta.org.mx\/wp-content\/uploads\/2020\/09\/X-2.jpg?resize=525%2C300&ssl=1 1.5x, https:\/\/i0.wp.com\/www.grieta.org.mx\/wp-content\/uploads\/2020\/09\/X-2.jpg?resize=700%2C400&ssl=1 2x, https:\/\/i0.wp.com\/www.grieta.org.mx\/wp-content\/uploads\/2020\/09\/X-2.jpg?resize=1050%2C600&ssl=1 3x"},"classes":[]}],"_links":{"self":[{"href":"https:\/\/www.grieta.org.mx\/index.php\/wp-json\/wp\/v2\/posts\/58193","targetHints":{"allow":["GET"]}}],"collection":[{"href":"https:\/\/www.grieta.org.mx\/index.php\/wp-json\/wp\/v2\/posts"}],"about":[{"href":"https:\/\/www.grieta.org.mx\/index.php\/wp-json\/wp\/v2\/types\/post"}],"author":[{"embeddable":true,"href":"https:\/\/www.grieta.org.mx\/index.php\/wp-json\/wp\/v2\/users\/2"}],"replies":[{"embeddable":true,"href":"https:\/\/www.grieta.org.mx\/index.php\/wp-json\/wp\/v2\/comments?post=58193"}],"version-history":[{"count":1,"href":"https:\/\/www.grieta.org.mx\/index.php\/wp-json\/wp\/v2\/posts\/58193\/revisions"}],"predecessor-version":[{"id":58199,"href":"https:\/\/www.grieta.org.mx\/index.php\/wp-json\/wp\/v2\/posts\/58193\/revisions\/58199"}],"wp:featuredmedia":[{"embeddable":true,"href":"https:\/\/www.grieta.org.mx\/index.php\/wp-json\/wp\/v2\/media\/58194"}],"wp:attachment":[{"href":"https:\/\/www.grieta.org.mx\/index.php\/wp-json\/wp\/v2\/media?parent=58193"}],"wp:term":[{"taxonomy":"category","embeddable":true,"href":"https:\/\/www.grieta.org.mx\/index.php\/wp-json\/wp\/v2\/categories?post=58193"},{"taxonomy":"post_tag","embeddable":true,"href":"https:\/\/www.grieta.org.mx\/index.php\/wp-json\/wp\/v2\/tags?post=58193"}],"curies":[{"name":"wp","href":"https:\/\/api.w.org\/{rel}","templated":true}]}}