{"id":58155,"date":"2021-03-14T21:51:43","date_gmt":"2021-03-15T03:51:43","guid":{"rendered":"http:\/\/www.grieta.org.mx\/?p=58155"},"modified":"2021-04-04T22:17:55","modified_gmt":"2021-04-05T03:17:55","slug":"feministas-exigen-justicia-para-bibiana-menor-de-12-anos-asesinada-en-guanajuato","status":"publish","type":"post","link":"https:\/\/www.grieta.org.mx\/index.php\/2021\/03\/14\/feministas-exigen-justicia-para-bibiana-menor-de-12-anos-asesinada-en-guanajuato\/","title":{"rendered":"Feministas exigen justicia para Bibiana, menor de 12 a\u00f1os asesinada en Guanajuato"},"content":{"rendered":"<blockquote><p>Feministas de Silao, Guanajuato, marcharon en dicho municipio en exigencia de justicia para Bibiana Monserrat, menor de 12 a\u00f1os asesinada el 6 de marzo presuntamente por su cu\u00f1ado<\/p><\/blockquote>\n<p><img decoding=\"async\" data-attachment-id=\"58156\" data-permalink=\"https:\/\/www.grieta.org.mx\/index.php\/2021\/03\/14\/feministas-exigen-justicia-para-bibiana-menor-de-12-anos-asesinada-en-guanajuato\/f800x450-131772_183218_5050\/\" data-orig-file=\"https:\/\/www.grieta.org.mx\/wp-content\/uploads\/2021\/04\/f800x450-131772_183218_5050.jpeg\" data-orig-size=\"800,450\" data-comments-opened=\"0\" data-image-meta=\"{&quot;aperture&quot;:&quot;0&quot;,&quot;credit&quot;:&quot;&quot;,&quot;camera&quot;:&quot;&quot;,&quot;caption&quot;:&quot;&quot;,&quot;created_timestamp&quot;:&quot;0&quot;,&quot;copyright&quot;:&quot;&quot;,&quot;focal_length&quot;:&quot;0&quot;,&quot;iso&quot;:&quot;0&quot;,&quot;shutter_speed&quot;:&quot;0&quot;,&quot;title&quot;:&quot;&quot;,&quot;orientation&quot;:&quot;0&quot;}\" data-image-title=\"f800x450-131772_183218_5050\" data-image-description=\"\" data-image-caption=\"&lt;p&gt;En Silao, mujeres de diversas edades acompa\u00f1aron a familiares de la menor Bibian Montserrat, asesinada el 6 de marzo. Foto: Especial&lt;\/p&gt;\n\" data-medium-file=\"https:\/\/www.grieta.org.mx\/wp-content\/uploads\/2021\/04\/f800x450-131772_183218_5050-300x169.jpeg\" data-large-file=\"https:\/\/www.grieta.org.mx\/wp-content\/uploads\/2021\/04\/f800x450-131772_183218_5050.jpeg\" class=\"size-full wp-image-58156\" src=\"http:\/\/www.grieta.org.mx\/wp-content\/uploads\/2021\/04\/f800x450-131772_183218_5050.jpeg\" alt=\"\" width=\"100%\" height=\"100%\" srcset=\"https:\/\/www.grieta.org.mx\/wp-content\/uploads\/2021\/04\/f800x450-131772_183218_5050.jpeg 800w, https:\/\/www.grieta.org.mx\/wp-content\/uploads\/2021\/04\/f800x450-131772_183218_5050-300x169.jpeg 300w, https:\/\/www.grieta.org.mx\/wp-content\/uploads\/2021\/04\/f800x450-131772_183218_5050-768x432.jpeg 768w\" sizes=\"(max-width: 800px) 100vw, 800px\" \/><\/p>\n<p>Ver\u00f3nica Espinoza, PROCESO, 14 de marzo de 2021<br \/>\nGUANAJUATO, Gto. (proceso.com.mx).- Los agravios contra mujeres provocaron por lo menos dos protestas en Silao y Guanajuato este domingo, mientras mujeres buscadoras permanecen en un plant\u00f3n en el exterior del Teatro Ju\u00e1rez.<\/p>\n<p>En Silao, mujeres de diversas edades acompa\u00f1aron a familiares de la menor Bibiana Monserrat, asesinada el 6 de marzo a sus 12 a\u00f1os, a una marcha por el centro de dicha ciudad para exigir justicia.<\/p>\n<p>La ni\u00f1a fue presuntamente golpeada y apu\u00f1alada por su cu\u00f1ado, en una casa de la comunidad El Coecillo, durante la noche del s\u00e1bado 6. Aparentemente el hombre intent\u00f3 violentarla sexualmente.<\/p>\n<p>La menor fue encontrada grave pero todav\u00eda con vida por socorristas de Cruz Roja, luego de que los gritos de ella alertaron a vecinos que avisaron a la polic\u00eda.<\/p>\n<p>Monserrat falleci\u00f3 despu\u00e9s en el hospital. Su cu\u00f1ado, \u00d3scar, fue detenido por elementos de la Polic\u00eda Municipal.<\/p>\n<p>Redes feministas encabezaron con familiares la protesta de este domingo al mediod\u00eda, ante el riesgo de que el presunto feminicida pudiera quedar en libertad.<\/p>\n<p>Este domingo se desahoga una audiencia en la que comparece y son presentados los datos de prueba en contra del presunto responsable del asesinato de Bibiana Monserrat.<\/p>\n<p>Mientras tanto, la marcha se realiz\u00f3 por avenidas del centro hasta el exterior de la Presidencia municipal de Silao.<\/p>\n<p>Las participantes vest\u00edan en su mayor\u00eda ropa blanca; llevaban flores y pancartas con mensajes de solidaridad con la menor y reclamos para que las autoridades impartan justicia por su asesinato.<\/p>\n<p>En paredes del Palacio Municipal pegaron carteles con mensajes, ramos de flores y fotograf\u00edas de la menor de 12 a\u00f1os. \u201c\u00a1Justicia para Monse, nos falta Monse, ni una m\u00e1s!\u201d, gritaron en repetidas ocasiones.<\/p>\n<p>El contingente se dirigi\u00f3 despu\u00e9s a la agencia del Ministerio P\u00fablico.<\/p>\n<p>Mientras tanto, en Guanajuato capital permanece un plant\u00f3n de mujeres buscadoras de varios colectivos de familiares de v\u00edctimas de desaparici\u00f3n, que han presentado varias peticiones al fiscal general de estado, Carlos Zamarripa Aguirre, sobre la labor de esta instancia en la b\u00fasqueda, localizaci\u00f3n e identificaci\u00f3n de personas desaparecidas.<\/p>\n<p>Las buscadoras han pasado ya cinco noches en casas de campa\u00f1a en el exterior del teatro ubicado en el centro hist\u00f3rico de la capital.<\/p>\n<p>El s\u00e1bado le hicieron llegar al Fiscal Zamarripa Aguirre una carta en la que los colectivos \u201cHasta encontrarte\u201d, \u201cProyecto de B\u00fasqueda Guanajuato\u201d y \u201cSalamanca unidos buscando desaparecidos\u201d se\u00f1alaron su desacuerdo con el anuncio hecho por la propia Fiscal\u00eda despu\u00e9s de una reuni\u00f3n sostenida el jueves con integrantes de dichos grupos.<\/p>\n<p>\u201cNo se\u00f1ala otros acuerdos establecidos en la reuni\u00f3n y que consideramos fundamentales, e incluso fueron el motivo por el cual instalamos el plant\u00f3n\u201d, tales como el compromiso de no exhumar cuerpos o restos de la fosa en la comunidad El Sauz de Villase\u00f1or en Celaya sin la presencia de las familias, as\u00ed como agendar una fecha para que las buscadoras conozcan el Centro estatal de identificaci\u00f3n forense.<\/p>\n<p>\u201cQueremos reiterar que estamos abiertas al di\u00e1logo y solo pedimos que se garantice la participaci\u00f3n plena de las familias en los procesos de b\u00fasqueda y se respeten esos acuerdos y nuestros derechos\u201d, se\u00f1alaron.<\/p>\n<p>Tambi\u00e9n en la capital, durante la tarde del domingo feministas participaron en una manifestaci\u00f3n en protesta por la agresi\u00f3n sexual en contra de Andrea, una joven atacada el 7 de marzo por dos hombres, uno de los cuales presuntamente est\u00e1 en libertad.<\/p>\n<p>Las mujeres convocaron a un micr\u00f3fono abierto para dar a conocer testimonios de v\u00edctimas de violencia.<\/p>\n<p><a href=\"https:\/\/www.proceso.com.mx\/nacional\/estados\/2021\/3\/14\/feministas-exigen-justicia-para-bibiana-menor-de-12-anos-asesinada-en-guanajuato-260060.html\">https:\/\/www.proceso.com.mx\/nacional\/estados\/2021\/3\/14\/feministas-exigen-justicia-para-bibiana-menor-de-12-anos-asesinada-en-guanajuato-260060.html<\/a><\/p>\n","protected":false},"excerpt":{"rendered":"<p>Feministas de Silao, Guanajuato, marcharon en dicho municipio en exigencia de justicia para Bibiana Monserrat, menor de 12 a\u00f1os asesinada el 6 de marzo presuntamente por su cu\u00f1ado Ver\u00f3nica Espinoza, &hellip; <a href=\"https:\/\/www.grieta.org.mx\/index.php\/2021\/03\/14\/feministas-exigen-justicia-para-bibiana-menor-de-12-anos-asesinada-en-guanajuato\/\" class=\"more-link\">Leer m\u00e1s<\/a><\/p>\n","protected":false},"author":2,"featured_media":58156,"comment_status":"closed","ping_status":"closed","sticky":false,"template":"","format":"standard","meta":{"ngg_post_thumbnail":0,"_jetpack_newsletter_access":"","_jetpack_dont_email_post_to_subs":false,"_jetpack_newsletter_tier_id":0,"_jetpack_memberships_contains_paywalled_content":false,"_jetpack_memberships_contains_paid_content":false,"footnotes":""},"categories":[80,2106,17,2513,2910,2283,2246],"tags":[3042,81,3776,3193,3148,2248,3147,2816,1630,94],"class_list":["post-58155","post","type-post","status-publish","format-standard","has-post-thumbnail","hentry","category-cintillo","category-feminicidios-en-guanajuato","category-guanajuato","category-la-ninez-en-la-tormenta-capitalista-en-guanajuato","category-resistencias-en-guanajuato","category-resistencias-y-luchas-de-las-mujeres-en-guanajuato","category-violencia-contra-las-mujeres-en-guanajuato","tag-colectivos-feministas","tag-feminicidios","tag-la-ninez-en-la-tormenta-capitalista","tag-lucha-contra-el-feminicidio","tag-lucha-feminista","tag-luchas-de-las-mujeres","tag-movilizaciones-de-mujeres","tag-protestas-de-mujeres","tag-violencia-contra-las-mujeres","tag-violencia-contra-mujeres","entry"],"jetpack_featured_media_url":"https:\/\/www.grieta.org.mx\/wp-content\/uploads\/2021\/04\/f800x450-131772_183218_5050.jpeg","jetpack_sharing_enabled":true,"jetpack_shortlink":"https:\/\/wp.me\/p7ZJR4-f7Z","jetpack_likes_enabled":false,"jetpack-related-posts":[{"id":65277,"url":"https:\/\/www.grieta.org.mx\/index.php\/2022\/04\/24\/marchan-en-guanajuato-contra-violencia-y-feminicidios\/","url_meta":{"origin":58155,"position":0},"title":"Marchan en Guanajuato contra violencia y feminicidios","author":"grieta","date":"24 abril, 2022","format":false,"excerpt":"Andr\u00e9s Guardiola\/Corresponsal en Guanajuato | 24-04-2022 Exc\u00e9lsior Cientos de mujeres, familias y colectivos feministas marcharon a trav\u00e9s de las calles del centro de Le\u00f3n y se plantaron a la puerta de Palacio Municipal para protestar contra las desapariciones y la violencia machista que prevalecen no solamente en Guanajuato, sino en\u2026","rel":"","context":"En &quot;Feminicidios en Guanajuato&quot;","block_context":{"text":"Feminicidios en Guanajuato","link":"https:\/\/www.grieta.org.mx\/index.php\/category\/noticias-nacionales\/guanajuato\/feminicidios-en-guanajuato\/"},"img":{"alt_text":"","src":"https:\/\/i0.wp.com\/www.grieta.org.mx\/wp-content\/uploads\/2022\/09\/2748399.jpg?resize=350%2C200&ssl=1","width":350,"height":200,"srcset":"https:\/\/i0.wp.com\/www.grieta.org.mx\/wp-content\/uploads\/2022\/09\/2748399.jpg?resize=350%2C200&ssl=1 1x, https:\/\/i0.wp.com\/www.grieta.org.mx\/wp-content\/uploads\/2022\/09\/2748399.jpg?resize=525%2C300&ssl=1 1.5x, https:\/\/i0.wp.com\/www.grieta.org.mx\/wp-content\/uploads\/2022\/09\/2748399.jpg?resize=700%2C400&ssl=1 2x"},"classes":[]},{"id":54625,"url":"https:\/\/www.grieta.org.mx\/index.php\/2020\/10\/08\/colectivos-feministas-exigen-avances-en-caso-de-nadia-a-siete-meses-de-su-asesinato\/","url_meta":{"origin":58155,"position":1},"title":"Colectivos feministas exigen avances en caso de Nadia a siete meses de su asesinato","author":"grieta","date":"8 octubre, 2020","format":false,"excerpt":"Las organizaciones exigen a las autoridades de Guanajuato continuar con las indagatorias sobre la muerte de la estudiante de 23 a\u00f1os. Azucena Rangel \/ Milenio, 08 de octubre de 2020. Colectivos feministas, activistas y mujeres utilizaron las redes sociales para exigir avances en la investigaci\u00f3n de la muerte de Nadia,\u2026","rel":"","context":"En &quot;CINTILLO&quot;","block_context":{"text":"CINTILLO","link":"https:\/\/www.grieta.org.mx\/index.php\/category\/cintillo\/"},"img":{"alt_text":"","src":"https:\/\/i0.wp.com\/www.grieta.org.mx\/wp-content\/uploads\/2020\/10\/la-estudiante-fue-asesinada-hace_0_6_1200_746.jpg?resize=350%2C200&ssl=1","width":350,"height":200,"srcset":"https:\/\/i0.wp.com\/www.grieta.org.mx\/wp-content\/uploads\/2020\/10\/la-estudiante-fue-asesinada-hace_0_6_1200_746.jpg?resize=350%2C200&ssl=1 1x, https:\/\/i0.wp.com\/www.grieta.org.mx\/wp-content\/uploads\/2020\/10\/la-estudiante-fue-asesinada-hace_0_6_1200_746.jpg?resize=525%2C300&ssl=1 1.5x, https:\/\/i0.wp.com\/www.grieta.org.mx\/wp-content\/uploads\/2020\/10\/la-estudiante-fue-asesinada-hace_0_6_1200_746.jpg?resize=700%2C400&ssl=1 2x"},"classes":[]},{"id":46046,"url":"https:\/\/www.grieta.org.mx\/index.php\/2020\/03\/04\/alerta-de-genero-ya-exigen-mujeres-desde-guanajuato-capital\/","url_meta":{"origin":58155,"position":2},"title":"&#8216;\u00a1Alerta de g\u00e9nero, ya!&#8217;, exigen mujeres desde Guanajuato capital","author":"grieta","date":"4 marzo, 2020","format":false,"excerpt":"Mujeres de la capital se unen a las protestas para exigir un alto a la violencia. Por: Yajaira Gasca\/ AM Le\u00f3n Guanajuato, 08 de Marzo de 2020 Guanajuato, Guanajuato.- Cientos de mujeres marchan en el Centro de la Capital para unirse a la marcha feminista y exigir un alto a\u2026","rel":"","context":"En &quot;CINTILLO&quot;","block_context":{"text":"CINTILLO","link":"https:\/\/www.grieta.org.mx\/index.php\/category\/cintillo\/"},"img":{"alt_text":"","src":"https:\/\/i0.wp.com\/www.grieta.org.mx\/wp-content\/uploads\/2020\/03\/marchan_en_guanajuato2.jpg_851672003.jpg?resize=350%2C200&ssl=1","width":350,"height":200,"srcset":"https:\/\/i0.wp.com\/www.grieta.org.mx\/wp-content\/uploads\/2020\/03\/marchan_en_guanajuato2.jpg_851672003.jpg?resize=350%2C200&ssl=1 1x, https:\/\/i0.wp.com\/www.grieta.org.mx\/wp-content\/uploads\/2020\/03\/marchan_en_guanajuato2.jpg_851672003.jpg?resize=525%2C300&ssl=1 1.5x, https:\/\/i0.wp.com\/www.grieta.org.mx\/wp-content\/uploads\/2020\/03\/marchan_en_guanajuato2.jpg_851672003.jpg?resize=700%2C400&ssl=1 2x"},"classes":[]},{"id":44423,"url":"https:\/\/www.grieta.org.mx\/index.php\/2020\/02\/16\/protestan-por-feminicidios-contra-amlo-en-guanajuato\/","url_meta":{"origin":58155,"position":3},"title":"Protestan por feminicidios contra AMLO en Guanajuato","author":"grieta","date":"16 febrero, 2020","format":false,"excerpt":"Aseguraron que las medidas que ha implementado la administraci\u00f3n de AMLO son \"ineficientes\" El Porvernir, 16 de febrero de 2020 ROMITA, Gto.- Con un cartel que dec\u00eda \"La vida de las mujeres vale m\u00e1s que t\u00fa pinche rifa\", un grupo de mujeres se manifest\u00f3 en la visita que realiz\u00f3 el\u2026","rel":"","context":"En &quot;CINTILLO&quot;","block_context":{"text":"CINTILLO","link":"https:\/\/www.grieta.org.mx\/index.php\/category\/cintillo\/"},"img":{"alt_text":"","src":"https:\/\/i0.wp.com\/www.grieta.org.mx\/wp-content\/uploads\/2020\/02\/feminicidios-focus-0-0-745-535.jpg?resize=350%2C200&ssl=1","width":350,"height":200,"srcset":"https:\/\/i0.wp.com\/www.grieta.org.mx\/wp-content\/uploads\/2020\/02\/feminicidios-focus-0-0-745-535.jpg?resize=350%2C200&ssl=1 1x, https:\/\/i0.wp.com\/www.grieta.org.mx\/wp-content\/uploads\/2020\/02\/feminicidios-focus-0-0-745-535.jpg?resize=525%2C300&ssl=1 1.5x, https:\/\/i0.wp.com\/www.grieta.org.mx\/wp-content\/uploads\/2020\/02\/feminicidios-focus-0-0-745-535.jpg?resize=700%2C400&ssl=1 2x"},"classes":[]},{"id":41953,"url":"https:\/\/www.grieta.org.mx\/index.php\/2019\/12\/02\/marchan-contra-los-feminicidios-en-guanajuato\/","url_meta":{"origin":58155,"position":4},"title":"Marchan contra los feminicidios en Guanajuato","author":"grieta","date":"2 diciembre, 2019","format":false,"excerpt":"Por: Aldo \u00c1ngel Salazar \/ AM Le\u00f3n Guanajuato, 02 de diciembre de 2019 Guanajuato.- Vestidas de negro, entre c\u00e1nticos, mantas y coreograf\u00edas, m\u00e1s de cien mujeres se manifestaron con la finalidad de ser escuchadas y recordar a las diferentes v\u00edctimas de feminicidios y pedir que no queden impunes sus cr\u00edmenes.\u2026","rel":"","context":"En &quot;CINTILLO&quot;","block_context":{"text":"CINTILLO","link":"https:\/\/www.grieta.org.mx\/index.php\/category\/cintillo\/"},"img":{"alt_text":"","src":"https:\/\/i0.wp.com\/www.grieta.org.mx\/wp-content\/uploads\/2019\/12\/marchan_en_guanajuato_feminicidios_1.jpg_851672003.jpg?resize=350%2C200&ssl=1","width":350,"height":200,"srcset":"https:\/\/i0.wp.com\/www.grieta.org.mx\/wp-content\/uploads\/2019\/12\/marchan_en_guanajuato_feminicidios_1.jpg_851672003.jpg?resize=350%2C200&ssl=1 1x, https:\/\/i0.wp.com\/www.grieta.org.mx\/wp-content\/uploads\/2019\/12\/marchan_en_guanajuato_feminicidios_1.jpg_851672003.jpg?resize=525%2C300&ssl=1 1.5x, https:\/\/i0.wp.com\/www.grieta.org.mx\/wp-content\/uploads\/2019\/12\/marchan_en_guanajuato_feminicidios_1.jpg_851672003.jpg?resize=700%2C400&ssl=1 2x"},"classes":[]},{"id":42467,"url":"https:\/\/www.grieta.org.mx\/index.php\/2019\/12\/23\/olvida-guanajuato-violencia-contra-mujeres-urgen-feministas-soluciones\/","url_meta":{"origin":58155,"position":5},"title":"&#8216;Olvida&#8217; Guanajuato violencia contra mujeres; urgen feministas soluciones","author":"grieta","date":"23 diciembre, 2019","format":false,"excerpt":"Yajaira Gasca Ram\u00edrez \/ AM Le\u00f3n Guanajuato, 23 de diciembre de 2019 Le\u00f3n.- Varios estados que encabezan las listas de asesinatos de mujeres ya han declarado la Alerta de Violencia contra las Mujeres (AVCM) y Guanajuato, que se encuentra en segundo lugar nacional con m\u00e1s muertes de mujeres, a\u00fan no\u2026","rel":"","context":"En &quot;CINTILLO&quot;","block_context":{"text":"CINTILLO","link":"https:\/\/www.grieta.org.mx\/index.php\/category\/cintillo\/"},"img":{"alt_text":"","src":"https:\/\/i0.wp.com\/www.grieta.org.mx\/wp-content\/uploads\/2019\/12\/feministas_protestan.jpg_851672003.jpg?resize=350%2C200&ssl=1","width":350,"height":200,"srcset":"https:\/\/i0.wp.com\/www.grieta.org.mx\/wp-content\/uploads\/2019\/12\/feministas_protestan.jpg_851672003.jpg?resize=350%2C200&ssl=1 1x, https:\/\/i0.wp.com\/www.grieta.org.mx\/wp-content\/uploads\/2019\/12\/feministas_protestan.jpg_851672003.jpg?resize=525%2C300&ssl=1 1.5x, https:\/\/i0.wp.com\/www.grieta.org.mx\/wp-content\/uploads\/2019\/12\/feministas_protestan.jpg_851672003.jpg?resize=700%2C400&ssl=1 2x"},"classes":[]}],"_links":{"self":[{"href":"https:\/\/www.grieta.org.mx\/index.php\/wp-json\/wp\/v2\/posts\/58155","targetHints":{"allow":["GET"]}}],"collection":[{"href":"https:\/\/www.grieta.org.mx\/index.php\/wp-json\/wp\/v2\/posts"}],"about":[{"href":"https:\/\/www.grieta.org.mx\/index.php\/wp-json\/wp\/v2\/types\/post"}],"author":[{"embeddable":true,"href":"https:\/\/www.grieta.org.mx\/index.php\/wp-json\/wp\/v2\/users\/2"}],"replies":[{"embeddable":true,"href":"https:\/\/www.grieta.org.mx\/index.php\/wp-json\/wp\/v2\/comments?post=58155"}],"version-history":[{"count":1,"href":"https:\/\/www.grieta.org.mx\/index.php\/wp-json\/wp\/v2\/posts\/58155\/revisions"}],"predecessor-version":[{"id":58157,"href":"https:\/\/www.grieta.org.mx\/index.php\/wp-json\/wp\/v2\/posts\/58155\/revisions\/58157"}],"wp:featuredmedia":[{"embeddable":true,"href":"https:\/\/www.grieta.org.mx\/index.php\/wp-json\/wp\/v2\/media\/58156"}],"wp:attachment":[{"href":"https:\/\/www.grieta.org.mx\/index.php\/wp-json\/wp\/v2\/media?parent=58155"}],"wp:term":[{"taxonomy":"category","embeddable":true,"href":"https:\/\/www.grieta.org.mx\/index.php\/wp-json\/wp\/v2\/categories?post=58155"},{"taxonomy":"post_tag","embeddable":true,"href":"https:\/\/www.grieta.org.mx\/index.php\/wp-json\/wp\/v2\/tags?post=58155"}],"curies":[{"name":"wp","href":"https:\/\/api.w.org\/{rel}","templated":true}]}}