{"id":58145,"date":"2021-04-03T18:44:35","date_gmt":"2021-04-04T00:44:35","guid":{"rendered":"https:\/\/www.grieta.org.mx\/?p=58145"},"modified":"2021-04-04T18:59:33","modified_gmt":"2021-04-04T23:59:33","slug":"vecinos-de-lomas-de-tabachines-y-agua-fria-ya-presentan-problemas-de-salud-como-diarrea-y-temperatura-por-falta-de-agua-en-zapopan-varias-colonias-mas-afectadas-jalisco","status":"publish","type":"post","link":"https:\/\/www.grieta.org.mx\/index.php\/2021\/04\/03\/vecinos-de-lomas-de-tabachines-y-agua-fria-ya-presentan-problemas-de-salud-como-diarrea-y-temperatura-por-falta-de-agua-en-zapopan-varias-colonias-mas-afectadas-jalisco\/","title":{"rendered":"Vecinos de Lomas de Tabachines y Agua Fr\u00eda ya presentan problemas de salud como diarrea y temperatura por falta de agua en Zapopan, varias colonias m\u00e1s afectadas (Jalisco)"},"content":{"rendered":"<p><img loading=\"lazy\" decoding=\"async\" data-attachment-id=\"58146\" data-permalink=\"https:\/\/www.grieta.org.mx\/index.php\/2021\/04\/03\/vecinos-de-lomas-de-tabachines-y-agua-fria-ya-presentan-problemas-de-salud-como-diarrea-y-temperatura-por-falta-de-agua-en-zapopan-varias-colonias-mas-afectadas-jalisco\/2021-04-02_09-04-26___3889\/\" data-orig-file=\"https:\/\/www.grieta.org.mx\/wp-content\/uploads\/2021\/04\/2021-04-02_09-04-26___3889.jpg\" data-orig-size=\"750,500\" data-comments-opened=\"0\" data-image-meta=\"{&quot;aperture&quot;:&quot;0&quot;,&quot;credit&quot;:&quot;&quot;,&quot;camera&quot;:&quot;&quot;,&quot;caption&quot;:&quot;&quot;,&quot;created_timestamp&quot;:&quot;0&quot;,&quot;copyright&quot;:&quot;&quot;,&quot;focal_length&quot;:&quot;0&quot;,&quot;iso&quot;:&quot;0&quot;,&quot;shutter_speed&quot;:&quot;0&quot;,&quot;title&quot;:&quot;&quot;,&quot;orientation&quot;:&quot;1&quot;}\" data-image-title=\"2021-04-02_09-04-26___3889\" data-image-description=\"\" data-image-caption=\"\" data-medium-file=\"https:\/\/www.grieta.org.mx\/wp-content\/uploads\/2021\/04\/2021-04-02_09-04-26___3889-300x200.jpg\" data-large-file=\"https:\/\/www.grieta.org.mx\/wp-content\/uploads\/2021\/04\/2021-04-02_09-04-26___3889.jpg\" class=\" wp-image-58146 aligncenter\" src=\"http:\/\/www.grieta.org.mx\/wp-content\/uploads\/2021\/04\/2021-04-02_09-04-26___3889.jpg\" alt=\"\" width=\"800\" height=\"534\" srcset=\"https:\/\/www.grieta.org.mx\/wp-content\/uploads\/2021\/04\/2021-04-02_09-04-26___3889.jpg 750w, https:\/\/www.grieta.org.mx\/wp-content\/uploads\/2021\/04\/2021-04-02_09-04-26___3889-300x200.jpg 300w\" sizes=\"auto, (max-width: 800px) 100vw, 800px\" \/><\/p>\n<p>Foto: Jorge Alberto Mendoza<\/p>\n<p>Jorge Alberto Mendoza \/ El Diario NTR<\/p>\n<p>Desde hace m\u00e1s de un mes, habitantes de Lomas de Tabachines, Agua Fr\u00eda y otras colonias del norte de Zapopan padecen un calvario por los cortes de agua potable.<\/p>\n<p>Vecinos narraron a NTR Guadalajara que la falta de agua ya est\u00e1 haciendo estragos en su salud.<\/p>\n<p>En un recorrido por las calles de las colonias antes mencionadas, se localizaron siete cisternas, de capacidad de 10 mil litros, pero \u00fanicamente en una de ellas hab\u00eda agua y se encontraba a menos de la mitad de su capacidad; en ella ya hab\u00eda una larga fila de personas esperando su tueno para llenar sus botes de agua.<\/p>\n<p>Personas que viven cerca de la cisterna del Sistema Intermunicipal de los Servicios de Agua Potable y Alcantarillo (Siapa), instalada en la calle Flores al cruce con calle Las Tullas, en la Colonia Lomas de Tabachines, denunciaron que desde hace m\u00e1s de seis d\u00edas no es llenado.<\/p>\n<p>Adem\u00e1s, otro de los vecinos entrevistados en Lomas de Tabachines y Agua Fr\u00eda, indic\u00f3 que a estas colonias ni llega ni una sola gota de agua prometida por los tandeos porque hay problemas con las v\u00e1lvulas del Siapa, que no han permitido que por lo menos \u201cdisfruten\u201d del beneficio del tandeo.<\/p>\n<p>Tambi\u00e9n, externaron que algunos vecinos ya presentan problemas de salud como diarrea y temperatura por la falta de agua. Y la falta de este l\u00edquido les impide cumplir a cabalidad las medidas preventivas contra Covid-19.<\/p>\n<p>Al finalizar el recorrido, despu\u00e9s de casi una hora de buscar, por fin apareci\u00f3 una pipa de agua, en la calle Platanares y Tulip\u00e1n, y de inmediato vecinos con notable apuro, salieron de sus hogares, se acercaron y comenzaron a formarse para llenar sus cubetas con agua.<\/p>\n<p>Por la escasez y ante la necesidad por agua potable, algunos habitantes afectados platicaron que a veces entre vecinos se cooperan para comprar pipas privadas y en otros casos incluso compran agua de garraf\u00f3n, gasto extra de dinero que conlleva a graves afectaciones en su ya fr\u00e1gil econom\u00eda.<\/p>\n<p><a href=\"https:\/\/www.ntrguadalajara.com\/post.php?id_nota=164468\">https:\/\/www.ntrguadalajara.com\/post.php?id_nota=164468<\/a><\/p>\n","protected":false},"excerpt":{"rendered":"<p>Foto: Jorge Alberto Mendoza Jorge Alberto Mendoza \/ El Diario NTR Desde hace m\u00e1s de un mes, habitantes de Lomas de Tabachines, Agua Fr\u00eda y otras colonias del norte de &hellip; <a href=\"https:\/\/www.grieta.org.mx\/index.php\/2021\/04\/03\/vecinos-de-lomas-de-tabachines-y-agua-fria-ya-presentan-problemas-de-salud-como-diarrea-y-temperatura-por-falta-de-agua-en-zapopan-varias-colonias-mas-afectadas-jalisco\/\" class=\"more-link\">Leer m\u00e1s<\/a><\/p>\n","protected":false},"author":2,"featured_media":58146,"comment_status":"closed","ping_status":"closed","sticky":false,"template":"","format":"standard","meta":{"ngg_post_thumbnail":0,"_jetpack_newsletter_access":"","_jetpack_dont_email_post_to_subs":false,"_jetpack_newsletter_tier_id":0,"_jetpack_memberships_contains_paywalled_content":false,"_jetpack_memberships_contains_paid_content":false,"footnotes":""},"categories":[80,914,20,2,2342,83],"tags":[2403,1558,1243,1120],"class_list":["post-58145","post","type-post","status-publish","format-standard","has-post-thumbnail","hentry","category-cintillo","category-privatizacion-del-agua","category-jalisco","category-noticias-nacionales","category-privatizacion-del-agua-en-jalisco","category-temas-nacionales","tag-crisis-del-agua","tag-desabasto-de-agua","tag-despojo-de-agua","tag-falta-de-agua","entry"],"jetpack_featured_media_url":"https:\/\/www.grieta.org.mx\/wp-content\/uploads\/2021\/04\/2021-04-02_09-04-26___3889.jpg","jetpack_sharing_enabled":true,"jetpack_shortlink":"https:\/\/wp.me\/p7ZJR4-f7P","jetpack_likes_enabled":false,"jetpack-related-posts":[{"id":59407,"url":"https:\/\/www.grieta.org.mx\/index.php\/2021\/05\/14\/vecinos-de-tabachines-suman-30-horas-con-toma-de-pozo-denuncian-altos-cobros-y-desabasto-de-agua-jalisco\/","url_meta":{"origin":58145,"position":0},"title":"Vecinos de Tabachines suman 30 horas con toma de pozo, denuncian altos cobros y desabasto de agua (Jalisco)","author":"grieta","date":"14 mayo, 2021","format":false,"excerpt":"Foto: Edgar Flores Edgar Flores \/ El Diario NTR Mantienen vecinos de Tabachines, plant\u00f3n en pozo de agua. Ya son casi 30 horas de protesta, y acusan falta de soluciones por parte del director del Sistema Intermunicipal de los Servicios de Agua Potable y Alcantarillado (Siapa), Carlos Enrique Torres Lugo.\u2026","rel":"","context":"En &quot;CINTILLO&quot;","block_context":{"text":"CINTILLO","link":"https:\/\/www.grieta.org.mx\/index.php\/category\/cintillo\/"},"img":{"alt_text":"","src":"https:\/\/i0.wp.com\/www.grieta.org.mx\/wp-content\/uploads\/2021\/05\/2021-05-14_06-05-07___1052-e1621283364314.jpg?resize=350%2C200&ssl=1","width":350,"height":200,"srcset":"https:\/\/i0.wp.com\/www.grieta.org.mx\/wp-content\/uploads\/2021\/05\/2021-05-14_06-05-07___1052-e1621283364314.jpg?resize=350%2C200&ssl=1 1x, https:\/\/i0.wp.com\/www.grieta.org.mx\/wp-content\/uploads\/2021\/05\/2021-05-14_06-05-07___1052-e1621283364314.jpg?resize=525%2C300&ssl=1 1.5x, https:\/\/i0.wp.com\/www.grieta.org.mx\/wp-content\/uploads\/2021\/05\/2021-05-14_06-05-07___1052-e1621283364314.jpg?resize=700%2C400&ssl=1 2x"},"classes":[]},{"id":58825,"url":"https:\/\/www.grieta.org.mx\/index.php\/2021\/04\/12\/mas-de-40-dias-sin-agua-en-jardines-vallarta-denuncian-vecinos-jalisco\/","url_meta":{"origin":58145,"position":1},"title":"M\u00e1s de 40 d\u00edas sin agua en Jardines Vallarta, denuncian vecinos (Jalisco)","author":"grieta","date":"12 abril, 2021","format":false,"excerpt":"Foto: Jorge Alberto Mendoza Jorge Alberto Mendoza \/ El Diario NTR Vecinos de la colonia Jardines Vallarta, en Zapopan, tienen m\u00e1s de 40 d\u00edas continuos sin recibir una sola gota de agua en sus hogares, debido al estiaje. Cansados de no contar con agua potable desde hace 40 d\u00edas, advierten\u2026","rel":"","context":"En &quot;Crisis del agua&quot;","block_context":{"text":"Crisis del agua","link":"https:\/\/www.grieta.org.mx\/index.php\/category\/temas-nacionales\/privatizacion-del-agua\/"},"img":{"alt_text":"","src":"https:\/\/i0.wp.com\/www.grieta.org.mx\/wp-content\/uploads\/2021\/04\/2021-04-12_02-04-36___3030.jpg?resize=350%2C200&ssl=1","width":350,"height":200,"srcset":"https:\/\/i0.wp.com\/www.grieta.org.mx\/wp-content\/uploads\/2021\/04\/2021-04-12_02-04-36___3030.jpg?resize=350%2C200&ssl=1 1x, https:\/\/i0.wp.com\/www.grieta.org.mx\/wp-content\/uploads\/2021\/04\/2021-04-12_02-04-36___3030.jpg?resize=525%2C300&ssl=1 1.5x, https:\/\/i0.wp.com\/www.grieta.org.mx\/wp-content\/uploads\/2021\/04\/2021-04-12_02-04-36___3030.jpg?resize=700%2C400&ssl=1 2x"},"classes":[]},{"id":57700,"url":"https:\/\/www.grieta.org.mx\/index.php\/2021\/03\/09\/la-crisis-del-agua-ya-genera-reacciones-jalisco\/","url_meta":{"origin":58145,"position":2},"title":"La crisis del agua ya genera reacciones (Jalisco)","author":"grieta","date":"9 marzo, 2021","format":false,"excerpt":"Foto: V\u00edctor Ch\u00e1vez Los habitantes de colonias como Tabachines, Santa Margarita y otras, no soportaron esta situaci\u00f3n y salieron a bloquear el Anillo Perif\u00e9rico V\u00edctor Ch\u00e1vez \/ El Occidental La crisis de falta de agua ya se advierte en algunas colonias del \u00c1rea Metropolitana y sobre todo al norte de\u2026","rel":"","context":"En &quot;CINTILLO&quot;","block_context":{"text":"CINTILLO","link":"https:\/\/www.grieta.org.mx\/index.php\/category\/cintillo\/"},"img":{"alt_text":"","src":"https:\/\/i0.wp.com\/www.grieta.org.mx\/wp-content\/uploads\/2021\/03\/manifestacion-zapopan.jpeg?resize=350%2C200&ssl=1","width":350,"height":200,"srcset":"https:\/\/i0.wp.com\/www.grieta.org.mx\/wp-content\/uploads\/2021\/03\/manifestacion-zapopan.jpeg?resize=350%2C200&ssl=1 1x, https:\/\/i0.wp.com\/www.grieta.org.mx\/wp-content\/uploads\/2021\/03\/manifestacion-zapopan.jpeg?resize=525%2C300&ssl=1 1.5x, https:\/\/i0.wp.com\/www.grieta.org.mx\/wp-content\/uploads\/2021\/03\/manifestacion-zapopan.jpeg?resize=700%2C400&ssl=1 2x"},"classes":[]},{"id":50800,"url":"https:\/\/www.grieta.org.mx\/index.php\/2020\/06\/08\/vecinos-de-lomas-del-centinela-cierran-periferico-por-falta-de-agua-jalisco\/","url_meta":{"origin":58145,"position":3},"title":"Vecinos de Lomas del Centinela cierran perif\u00e9rico por falta de agua (Jalisco)","author":"grieta","date":"8 junio, 2020","format":false,"excerpt":"Foto: Julio R\u00edos Julio R\u00edos \/ UDGTV Guadalajara, Jalisco.\u00a0En pleno tiempo de calor y confinamiento,\u00a0en Lomas del Centinela ya no soportan m\u00e1s la falta de agua.\u00a0Por eso cerraron el Perif\u00e9rico en su cruce de Tabachines para exigir que les restablezcan el servicio. Juan Manuel Contreras, consejero del COPLADEMUN en esta\u2026","rel":"","context":"En &quot;CINTILLO&quot;","block_context":{"text":"CINTILLO","link":"https:\/\/www.grieta.org.mx\/index.php\/category\/cintillo\/"},"img":{"alt_text":"","src":"https:\/\/i0.wp.com\/www.grieta.org.mx\/wp-content\/uploads\/2020\/06\/Lomas-del-Centinela-Julio-R%C3%ADos-696x392.jpeg?resize=350%2C200&ssl=1","width":350,"height":200,"srcset":"https:\/\/i0.wp.com\/www.grieta.org.mx\/wp-content\/uploads\/2020\/06\/Lomas-del-Centinela-Julio-R%C3%ADos-696x392.jpeg?resize=350%2C200&ssl=1 1x, https:\/\/i0.wp.com\/www.grieta.org.mx\/wp-content\/uploads\/2020\/06\/Lomas-del-Centinela-Julio-R%C3%ADos-696x392.jpeg?resize=525%2C300&ssl=1 1.5x"},"classes":[]},{"id":62414,"url":"https:\/\/www.grieta.org.mx\/index.php\/2021\/10\/11\/padecen-falta-de-agua-en-la-colonia-las-aguilas-jalisco\/","url_meta":{"origin":58145,"position":4},"title":"Padecen falta de agua en la colonia Las \u00c1guilas (Jalisco)","author":"grieta","date":"11 octubre, 2021","format":false,"excerpt":"Foto: Jorge Alberto Mendoza Edgar Flores \/ El Diario NTR Vecinos de la colonia Las \u00c1guilas, en Zapopan, denunciaron que desde hace\u00a015 d\u00edas no cuentan con\u00a0el servicio de\u00a0agua potable. Aunque la escasez\u00a0no es generalizada, s\u00ed afecta a decenas de colonos, quienes acusaron que\u00a0el servicio se les suspendi\u00f3\u00a0sin previo aviso. \u201cNo\u2026","rel":"","context":"En &quot;CINTILLO&quot;","block_context":{"text":"CINTILLO","link":"https:\/\/www.grieta.org.mx\/index.php\/category\/cintillo\/"},"img":{"alt_text":"","src":"https:\/\/i0.wp.com\/www.grieta.org.mx\/wp-content\/uploads\/2021\/10\/2021-10-10_09-10-28___5376.jpg?resize=350%2C200&ssl=1","width":350,"height":200,"srcset":"https:\/\/i0.wp.com\/www.grieta.org.mx\/wp-content\/uploads\/2021\/10\/2021-10-10_09-10-28___5376.jpg?resize=350%2C200&ssl=1 1x, https:\/\/i0.wp.com\/www.grieta.org.mx\/wp-content\/uploads\/2021\/10\/2021-10-10_09-10-28___5376.jpg?resize=525%2C300&ssl=1 1.5x, https:\/\/i0.wp.com\/www.grieta.org.mx\/wp-content\/uploads\/2021\/10\/2021-10-10_09-10-28___5376.jpg?resize=700%2C400&ssl=1 2x"},"classes":[]},{"id":59792,"url":"https:\/\/www.grieta.org.mx\/index.php\/2021\/06\/11\/vecinos-de-zapopan-toman-avenida-patria-ante-falta-de-agua-jalisco\/","url_meta":{"origin":58145,"position":5},"title":"Vecinos de Zapopan toman avenida Patria ante falta de agua (Jalisco)","author":"grieta","date":"11 junio, 2021","format":false,"excerpt":"Foto: Cortes\u00eda - An\u00f3nimo V\u00edctor Ch\u00e1vez \/ El Occidental Las pipas gratuitas no llegan, el negocio contin\u00faa y la ausencia del vital l\u00edquido en la tuber\u00eda de sus casas tambi\u00e9n, es por eso que vecinos de la colonia Santa Fe de Zapopan tomaron la avenida Patria a la altura de\u2026","rel":"","context":"En &quot;CINTILLO&quot;","block_context":{"text":"CINTILLO","link":"https:\/\/www.grieta.org.mx\/index.php\/category\/cintillo\/"},"img":{"alt_text":"","src":"https:\/\/i0.wp.com\/www.grieta.org.mx\/wp-content\/uploads\/2021\/06\/Manifestacion-servicio-de-agua-Zapopan.jpg?resize=350%2C200&ssl=1","width":350,"height":200,"srcset":"https:\/\/i0.wp.com\/www.grieta.org.mx\/wp-content\/uploads\/2021\/06\/Manifestacion-servicio-de-agua-Zapopan.jpg?resize=350%2C200&ssl=1 1x, https:\/\/i0.wp.com\/www.grieta.org.mx\/wp-content\/uploads\/2021\/06\/Manifestacion-servicio-de-agua-Zapopan.jpg?resize=525%2C300&ssl=1 1.5x, https:\/\/i0.wp.com\/www.grieta.org.mx\/wp-content\/uploads\/2021\/06\/Manifestacion-servicio-de-agua-Zapopan.jpg?resize=700%2C400&ssl=1 2x"},"classes":[]}],"_links":{"self":[{"href":"https:\/\/www.grieta.org.mx\/index.php\/wp-json\/wp\/v2\/posts\/58145","targetHints":{"allow":["GET"]}}],"collection":[{"href":"https:\/\/www.grieta.org.mx\/index.php\/wp-json\/wp\/v2\/posts"}],"about":[{"href":"https:\/\/www.grieta.org.mx\/index.php\/wp-json\/wp\/v2\/types\/post"}],"author":[{"embeddable":true,"href":"https:\/\/www.grieta.org.mx\/index.php\/wp-json\/wp\/v2\/users\/2"}],"replies":[{"embeddable":true,"href":"https:\/\/www.grieta.org.mx\/index.php\/wp-json\/wp\/v2\/comments?post=58145"}],"version-history":[{"count":1,"href":"https:\/\/www.grieta.org.mx\/index.php\/wp-json\/wp\/v2\/posts\/58145\/revisions"}],"predecessor-version":[{"id":58149,"href":"https:\/\/www.grieta.org.mx\/index.php\/wp-json\/wp\/v2\/posts\/58145\/revisions\/58149"}],"wp:featuredmedia":[{"embeddable":true,"href":"https:\/\/www.grieta.org.mx\/index.php\/wp-json\/wp\/v2\/media\/58146"}],"wp:attachment":[{"href":"https:\/\/www.grieta.org.mx\/index.php\/wp-json\/wp\/v2\/media?parent=58145"}],"wp:term":[{"taxonomy":"category","embeddable":true,"href":"https:\/\/www.grieta.org.mx\/index.php\/wp-json\/wp\/v2\/categories?post=58145"},{"taxonomy":"post_tag","embeddable":true,"href":"https:\/\/www.grieta.org.mx\/index.php\/wp-json\/wp\/v2\/tags?post=58145"}],"curies":[{"name":"wp","href":"https:\/\/api.w.org\/{rel}","templated":true}]}}