{"id":58099,"date":"2021-03-30T11:11:52","date_gmt":"2021-03-30T17:11:52","guid":{"rendered":"http:\/\/www.grieta.org.mx\/?p=58099"},"modified":"2021-04-03T11:18:38","modified_gmt":"2021-04-03T17:18:38","slug":"video-muestra-interrogatorio-a-militares-retenidos-tras-muerte-de-guatemalteco","status":"publish","type":"post","link":"https:\/\/www.grieta.org.mx\/index.php\/2021\/03\/30\/video-muestra-interrogatorio-a-militares-retenidos-tras-muerte-de-guatemalteco\/","title":{"rendered":"Video muestra interrogatorio a militares retenidos tras muerte de guatemalteco"},"content":{"rendered":"<p><strong class=\"bajada\">Los militares retenidos en Chiapas tras la muerte a tiros de un ciudadano guatemalteco fueron obligados a dar su nombre, cargo y mostrar su ro<\/strong><strong class=\"bajada\">stro<\/strong><\/p>\n<figure id=\"attachment_58100\" aria-describedby=\"caption-attachment-58100\" style=\"width: 800px\" class=\"wp-caption alignnone\"><img loading=\"lazy\" decoding=\"async\" data-attachment-id=\"58100\" data-permalink=\"https:\/\/www.grieta.org.mx\/index.php\/2021\/03\/30\/video-muestra-interrogatorio-a-militares-retenidos-tras-muerte-de-guatemalteco\/f800x450-132641_184087_5050\/\" data-orig-file=\"https:\/\/www.grieta.org.mx\/wp-content\/uploads\/2021\/04\/f800x450-132641_184087_5050.jpg\" data-orig-size=\"800,450\" data-comments-opened=\"0\" data-image-meta=\"{&quot;aperture&quot;:&quot;0&quot;,&quot;credit&quot;:&quot;&quot;,&quot;camera&quot;:&quot;&quot;,&quot;caption&quot;:&quot;&quot;,&quot;created_timestamp&quot;:&quot;0&quot;,&quot;copyright&quot;:&quot;&quot;,&quot;focal_length&quot;:&quot;0&quot;,&quot;iso&quot;:&quot;0&quot;,&quot;shutter_speed&quot;:&quot;0&quot;,&quot;title&quot;:&quot;&quot;,&quot;orientation&quot;:&quot;0&quot;}\" data-image-title=\"f800x450-132641_184087_5050\" data-image-description=\"\" data-image-caption=\"&lt;p&gt;Los militares fueron retenidos e interrogados por los civiles. Foto: Tomada de video&lt;\/p&gt;\n\" data-medium-file=\"https:\/\/www.grieta.org.mx\/wp-content\/uploads\/2021\/04\/f800x450-132641_184087_5050-300x169.jpg\" data-large-file=\"https:\/\/www.grieta.org.mx\/wp-content\/uploads\/2021\/04\/f800x450-132641_184087_5050.jpg\" class=\"wp-image-58100\" src=\"http:\/\/www.grieta.org.mx\/wp-content\/uploads\/2021\/04\/f800x450-132641_184087_5050-300x169.jpg\" alt=\"\" width=\"800\" height=\"450\" srcset=\"https:\/\/www.grieta.org.mx\/wp-content\/uploads\/2021\/04\/f800x450-132641_184087_5050-300x169.jpg 300w, https:\/\/www.grieta.org.mx\/wp-content\/uploads\/2021\/04\/f800x450-132641_184087_5050-768x432.jpg 768w, https:\/\/www.grieta.org.mx\/wp-content\/uploads\/2021\/04\/f800x450-132641_184087_5050.jpg 800w\" sizes=\"auto, (max-width: 800px) 100vw, 800px\" \/><figcaption id=\"caption-attachment-58100\" class=\"wp-caption-text\">Los militares fueron retenidos e interrogados por los civiles. Foto: Tomada de video<\/figcaption><\/figure>\n<p>Por la Redacci\u00f3n\/ PROCESO<\/p>\n<p>CIUDAD DE M\u00c9XICO (apro).\u2013 En un video de tres minutos y medio se puede ver a los 15 militares mexicanos que fueron retenidos el pasado lunes en la frontera de Chiapas tras la muerte a tiros de un ciudadano guatemalteco en un operativo de vigilancia.<\/p>\n<p>En la grabaci\u00f3n se escuchan los gritos de las personas que los retienen y se observa a los elementos del Ej\u00e9rcito Mexicano que son presionados a dar su nombre, su cargo y quitarse la gorra para que se vea su cara, para despu\u00e9s ser subidos a la unidad militar donde se transportaban.<\/p>\n<p>\u201c\u00bfPor qu\u00e9 te tiembla la voz?\u201d, se escucha que le gritan a uno de los militares que se\u00f1alan como el que dispar\u00f3.<\/p>\n<blockquote class=\"twitter-tweet\">\n<p dir=\"ltr\" lang=\"es\">Los militares retenidos en Chiapas tras la muerte a tiros de un ciudadano guatemalteco fueron obligados a dar su nombre, cargo y mostrar su rostro. <a href=\"https:\/\/t.co\/HgPfYXDfYK\">https:\/\/t.co\/HgPfYXDfYK<\/a> <a href=\"https:\/\/t.co\/StM6QUJ7ZK\">pic.twitter.com\/StM6QUJ7ZK<\/a><\/p>\n<p>\u2014 Proceso (@proceso) <a href=\"https:\/\/twitter.com\/proceso\/status\/1377045524667371524?ref_src=twsrc%5Etfw\">March 30, 2021<\/a><\/p><\/blockquote>\n<p><script async src=\"https:\/\/platform.twitter.com\/widgets.js\" charset=\"utf-8\"><\/script><br \/>\nDe acuerdo con los primeros informes, uno de los militares mexicanos dispar\u00f3 contra un veh\u00edculo en el que viajaban tres hombres de origen guatemalteco el lunes pasado en los l\u00edmites del estado de Chiapas con Guatemala, en el puesto de control militar que se ubica en Motozintla, Chiapas.<\/p>\n<p>Los soldados de la VII regi\u00f3n militar que manten\u00edan un puesto de vigilancia en un punto conocido como Bacatum, hab\u00edan hecho un alto a una camioneta que conduc\u00eda Elvis \u201cN\u201d, de 30 a\u00f1os de edad.<\/p>\n<p>Las primeras informaciones que se difundieron se\u00f1alaban que un hombre centroamericano apunt\u00f3 con un arma a los soldados, por lo que ellos le dispararon.<\/p>\n<p>Sin embargo, este martes el secretario de la Defensa Nacional, Luis Cresencio Sandoval Gonz\u00e1lez calific\u00f3 el hecho como \u201cuna acci\u00f3n err\u00f3nea del personal militar\u201d.<\/p>\n<p>En la conferencia matutina en Palacio Nacional, el general Sandoval Gonz\u00e1lez confirm\u00f3 que al menos 15 soldados fueron retenidos varias horas por unas 300 personas, entre ellos ciudadanos de origen guatemalteco, y liberaron a los militares esta madrugada tras un acuerdo de reparaci\u00f3n del da\u00f1o con familiares de la v\u00edctima y castigar penalmente al uniformado se\u00f1alado como responsable del crimen.<\/p>\n<p><a href=\"https:\/\/www.proceso.com.mx\/nacional\/2021\/3\/30\/video-muestra-interrogatorio-militares-retenidos-tras-muerte-de-guatemalteco-261054.html\" target=\"_blank\" rel=\"noopener\">https:\/\/www.proceso.com.mx\/nacional\/2021\/3\/30\/video-muestra-interrogatorio-militares-retenidos-tras-muerte-de-guatemalteco-261054.html<\/a><\/p>\n","protected":false},"excerpt":{"rendered":"<p>Los militares retenidos en Chiapas tras la muerte a tiros de un ciudadano guatemalteco fueron obligados a dar su nombre, cargo y mostrar su rostro Por la Redacci\u00f3n\/ PROCESO CIUDAD &hellip; <a href=\"https:\/\/www.grieta.org.mx\/index.php\/2021\/03\/30\/video-muestra-interrogatorio-a-militares-retenidos-tras-muerte-de-guatemalteco\/\" class=\"more-link\">Leer m\u00e1s<\/a><\/p>\n","protected":false},"author":2,"featured_media":58100,"comment_status":"closed","ping_status":"closed","sticky":false,"template":"","format":"standard","meta":{"ngg_post_thumbnail":0,"_jetpack_newsletter_access":"","_jetpack_dont_email_post_to_subs":false,"_jetpack_newsletter_tier_id":0,"_jetpack_memberships_contains_paywalled_content":false,"_jetpack_memberships_contains_paid_content":false,"footnotes":""},"categories":[80,86,83],"tags":[2779,3632,3861,158,1803,1618],"class_list":["post-58099","post","type-post","status-publish","format-standard","has-post-thumbnail","hentry","category-cintillo","category-migrantes","category-temas-nacionales","tag-alineacion-de-amlo-con-politica-antimigrante-de-eu","tag-ejecucion-extrajudicial","tag-guatemalteco","tag-migrantes","tag-sedena","tag-soldados","entry"],"jetpack_featured_media_url":"https:\/\/www.grieta.org.mx\/wp-content\/uploads\/2021\/04\/f800x450-132641_184087_5050.jpg","jetpack_sharing_enabled":true,"jetpack_shortlink":"https:\/\/wp.me\/p7ZJR4-f75","jetpack_likes_enabled":false,"jetpack-related-posts":[{"id":58185,"url":"https:\/\/www.grieta.org.mx\/index.php\/2021\/03\/31\/asesinato-de-guatemalteco-por-ejercito-no-es-hecho-aislado-denuncian\/","url_meta":{"origin":58099,"position":0},"title":"Asesinato de guatemalteco por ej\u00e9rcito no es hecho aislado, denuncian","author":"grieta","date":"31 marzo, 2021","format":false,"excerpt":"Nora Bucio\/MVS Noticias 30 marzo 2021 Colectivo #SeguridadSinGuerra cuestion\u00f3 si este es el Ej\u00e9rcito que el presidente L\u00f3pez Obrador asegura que respeta los derechos humanos. El asesinato del guatemalteco Elvin Mazariegos de 30 a\u00f1os a manos del Ej\u00e9rcito Mexicano en la frontera sur, no es un hecho aislado ni una\u2026","rel":"","context":"En &quot;CINTILLO&quot;","block_context":{"text":"CINTILLO","link":"https:\/\/www.grieta.org.mx\/index.php\/category\/cintillo\/"},"img":{"alt_text":"","src":"https:\/\/i0.wp.com\/www.grieta.org.mx\/wp-content\/uploads\/2021\/04\/0b667deb-asesinato.jpg?resize=350%2C200&ssl=1","width":350,"height":200,"srcset":"https:\/\/i0.wp.com\/www.grieta.org.mx\/wp-content\/uploads\/2021\/04\/0b667deb-asesinato.jpg?resize=350%2C200&ssl=1 1x, https:\/\/i0.wp.com\/www.grieta.org.mx\/wp-content\/uploads\/2021\/04\/0b667deb-asesinato.jpg?resize=525%2C300&ssl=1 1.5x, https:\/\/i0.wp.com\/www.grieta.org.mx\/wp-content\/uploads\/2021\/04\/0b667deb-asesinato.jpg?resize=700%2C400&ssl=1 2x"},"classes":[]},{"id":58084,"url":"https:\/\/www.grieta.org.mx\/index.php\/2021\/03\/31\/dispararon-sin-importarles-que-dejara-hijos-huerfanos-familia-de-guatemalteco-asesinado-por-militar\/","url_meta":{"origin":58099,"position":1},"title":"\u201cDispararon sin importarles que dejara hijos hu\u00e9rfanos\u201d: familia de guatemalteco asesinado por militar","author":"grieta","date":"31 marzo, 2021","format":false,"excerpt":"Elvin Mazariegos P\u00e9rez ten\u00eda tres hijos y trabajaba como camionero llevando mercanc\u00edas para vender en Tacan\u00e1, Guatemala Alberto Pradilla\/ANIMAL POL\u00cdTICO Elvin Mazariegos P\u00e9rez, de 31 a\u00f1os, fue asesinado mientras cubr\u00eda un trayecto que conoc\u00eda de memoria. Trabajaba como camionero y pasaba muchas jornadas realizando el camino entre Tacan\u00e1, departamento de\u2026","rel":"","context":"En &quot;Migrantes&quot;","block_context":{"text":"Migrantes","link":"https:\/\/www.grieta.org.mx\/index.php\/category\/temas-nacionales\/migrantes\/"},"img":{"alt_text":"","src":"https:\/\/i0.wp.com\/www.grieta.org.mx\/wp-content\/uploads\/2021\/04\/cuartoscuro_711023_digital.jpeg?resize=350%2C200&ssl=1","width":350,"height":200,"srcset":"https:\/\/i0.wp.com\/www.grieta.org.mx\/wp-content\/uploads\/2021\/04\/cuartoscuro_711023_digital.jpeg?resize=350%2C200&ssl=1 1x, https:\/\/i0.wp.com\/www.grieta.org.mx\/wp-content\/uploads\/2021\/04\/cuartoscuro_711023_digital.jpeg?resize=525%2C300&ssl=1 1.5x, https:\/\/i0.wp.com\/www.grieta.org.mx\/wp-content\/uploads\/2021\/04\/cuartoscuro_711023_digital.jpeg?resize=700%2C400&ssl=1 2x, https:\/\/i0.wp.com\/www.grieta.org.mx\/wp-content\/uploads\/2021\/04\/cuartoscuro_711023_digital.jpeg?resize=1050%2C600&ssl=1 3x, https:\/\/i0.wp.com\/www.grieta.org.mx\/wp-content\/uploads\/2021\/04\/cuartoscuro_711023_digital.jpeg?resize=1400%2C800&ssl=1 4x"},"classes":[]},{"id":20445,"url":"https:\/\/www.grieta.org.mx\/index.php\/2016\/08\/22\/ubican-casa-de-seguridad-con-90-migrantes-retenidos-en-puebla\/","url_meta":{"origin":58099,"position":2},"title":"Ubican casa de seguridad con 90 migrantes retenidos en Puebla","author":"grieta","date":"22 agosto, 2016","format":false,"excerpt":"La Polic\u00eda Municipal de Amozoc, a 18 kil\u00f3metros de la ciudad de Puebla, liber\u00f3 a 90 personas originarias de Honduras, Guatemala y El Salvador que estaban retenidas en una casa de seguridad controlada por traficantes de personas. El operativo sucedi\u00f3 despu\u00e9s de que dos mujeres j\u00f3venes, menores de edad, lograron\u2026","rel":"","context":"En &quot;CINTILLO&quot;","block_context":{"text":"CINTILLO","link":"https:\/\/www.grieta.org.mx\/index.php\/category\/cintillo\/"},"img":{"alt_text":"","src":"https:\/\/i0.wp.com\/www.grieta.org.mx\/wp-content\/uploads\/2016\/08\/diario-el-cambio-1.jpg?resize=350%2C200&ssl=1","width":350,"height":200,"srcset":"https:\/\/i0.wp.com\/www.grieta.org.mx\/wp-content\/uploads\/2016\/08\/diario-el-cambio-1.jpg?resize=350%2C200&ssl=1 1x, https:\/\/i0.wp.com\/www.grieta.org.mx\/wp-content\/uploads\/2016\/08\/diario-el-cambio-1.jpg?resize=525%2C300&ssl=1 1.5x, https:\/\/i0.wp.com\/www.grieta.org.mx\/wp-content\/uploads\/2016\/08\/diario-el-cambio-1.jpg?resize=700%2C400&ssl=1 2x"},"classes":[]},{"id":33130,"url":"https:\/\/www.grieta.org.mx\/index.php\/2019\/05\/04\/mexico-intensifica-operativos-para-retener-migrantes\/","url_meta":{"origin":58099,"position":3},"title":"M\u00e9xico intensifica operativos para retener migrantes","author":"grieta","date":"4 mayo, 2019","format":false,"excerpt":"Redacci\u00f3n \/ Proceso Digital -M\u00e1s de nueve mil hondure\u00f1os fueron retenidos enM\u00e9xicoentre enero y febrero. -M\u00e9xico detuvo m\u00e1s de 52 mil migrantes en los primeros cuatro meses del a\u00f1o. Esa crisis permanente ha desbordado a las autoridades migratorias en M\u00e9xico y Estados Unidos, donde los responsables migratorios se\u00f1alan estar abrumados\u2026","rel":"","context":"En &quot;CINTILLO&quot;","block_context":{"text":"CINTILLO","link":"https:\/\/www.grieta.org.mx\/index.php\/category\/cintillo\/"},"img":{"alt_text":"","src":"https:\/\/i0.wp.com\/www.grieta.org.mx\/wp-content\/uploads\/2019\/05\/ccaff40e4b03fc9b134cf76a47007671_L.jpg?resize=350%2C200&ssl=1","width":350,"height":200,"srcset":"https:\/\/i0.wp.com\/www.grieta.org.mx\/wp-content\/uploads\/2019\/05\/ccaff40e4b03fc9b134cf76a47007671_L.jpg?resize=350%2C200&ssl=1 1x, https:\/\/i0.wp.com\/www.grieta.org.mx\/wp-content\/uploads\/2019\/05\/ccaff40e4b03fc9b134cf76a47007671_L.jpg?resize=525%2C300&ssl=1 1.5x, https:\/\/i0.wp.com\/www.grieta.org.mx\/wp-content\/uploads\/2019\/05\/ccaff40e4b03fc9b134cf76a47007671_L.jpg?resize=700%2C400&ssl=1 2x"},"classes":[]},{"id":19620,"url":"https:\/\/www.grieta.org.mx\/index.php\/2016\/08\/10\/libera-inm-al-grupo-de-migrantes-detenidos-en-mexicali\/","url_meta":{"origin":58099,"position":4},"title":"Libera INM al grupo de migrantes detenidos en Mexicali","author":"grieta","date":"10 agosto, 2016","format":false,"excerpt":"Mexicali, 10 de agosto.- Los 50 migrantes africanos que fueron detenidos por 24 horas en las instalaciones del Instituto Nacional de Migraci\u00f3n (INM) de Mexicali, fueron liberados la ma\u00f1ana de este mi\u00e9rcoles y podr\u00edan arribar a Tijuana este mismo d\u00eda para pedir asilo pol\u00edtico al gobierno estadunidense en la garita\u2026","rel":"","context":"En &quot;CINTILLO&quot;","block_context":{"text":"CINTILLO","link":"https:\/\/www.grieta.org.mx\/index.php\/category\/cintillo\/"},"img":{"alt_text":"","src":"https:\/\/i0.wp.com\/www.grieta.org.mx\/wp-content\/uploads\/2018\/03\/14524434_1106112876131411_958039263622046936_o.jpg?resize=350%2C200&ssl=1","width":350,"height":200,"srcset":"https:\/\/i0.wp.com\/www.grieta.org.mx\/wp-content\/uploads\/2018\/03\/14524434_1106112876131411_958039263622046936_o.jpg?resize=350%2C200&ssl=1 1x, https:\/\/i0.wp.com\/www.grieta.org.mx\/wp-content\/uploads\/2018\/03\/14524434_1106112876131411_958039263622046936_o.jpg?resize=525%2C300&ssl=1 1.5x, https:\/\/i0.wp.com\/www.grieta.org.mx\/wp-content\/uploads\/2018\/03\/14524434_1106112876131411_958039263622046936_o.jpg?resize=700%2C400&ssl=1 2x"},"classes":[]},{"id":58205,"url":"https:\/\/www.grieta.org.mx\/index.php\/2021\/04\/02\/operativos-en-frontera-sur-son-para-reprimir-y-detener-a-migrantes-no-rescates-humanitarios-ong\/","url_meta":{"origin":58099,"position":5},"title":"Operativos en frontera sur son para reprimir y detener a migrantes, no rescates humanitarios: ONG","author":"grieta","date":"2 abril, 2021","format":false,"excerpt":"El Colectivo de Observaci\u00f3n y Monitoreo de Derechos Humanos en el Sureste Mexicano, conformado por 12 organizaciones, critic\u00f3 que la \u201cnarrativa de seguridad promovida\u201d y el \u201cfalso discurso de derechos humanos\u201d que emplea el gobierno federal desemboca en la criminalizaci\u00f3n La Redacci\u00f3n\/ PROCESO CIUDAD DE M\u00c9XICO (apro).- Los operativos contra\u2026","rel":"","context":"En &quot;CINTILLO&quot;","block_context":{"text":"CINTILLO","link":"https:\/\/www.grieta.org.mx\/index.php\/category\/cintillo\/"},"img":{"alt_text":"","src":"https:\/\/i0.wp.com\/www.grieta.org.mx\/wp-content\/uploads\/2021\/04\/f800x450-132498_183944_5050.jpg?resize=350%2C200&ssl=1","width":350,"height":200,"srcset":"https:\/\/i0.wp.com\/www.grieta.org.mx\/wp-content\/uploads\/2021\/04\/f800x450-132498_183944_5050.jpg?resize=350%2C200&ssl=1 1x, https:\/\/i0.wp.com\/www.grieta.org.mx\/wp-content\/uploads\/2021\/04\/f800x450-132498_183944_5050.jpg?resize=525%2C300&ssl=1 1.5x, https:\/\/i0.wp.com\/www.grieta.org.mx\/wp-content\/uploads\/2021\/04\/f800x450-132498_183944_5050.jpg?resize=700%2C400&ssl=1 2x"},"classes":[]}],"_links":{"self":[{"href":"https:\/\/www.grieta.org.mx\/index.php\/wp-json\/wp\/v2\/posts\/58099","targetHints":{"allow":["GET"]}}],"collection":[{"href":"https:\/\/www.grieta.org.mx\/index.php\/wp-json\/wp\/v2\/posts"}],"about":[{"href":"https:\/\/www.grieta.org.mx\/index.php\/wp-json\/wp\/v2\/types\/post"}],"author":[{"embeddable":true,"href":"https:\/\/www.grieta.org.mx\/index.php\/wp-json\/wp\/v2\/users\/2"}],"replies":[{"embeddable":true,"href":"https:\/\/www.grieta.org.mx\/index.php\/wp-json\/wp\/v2\/comments?post=58099"}],"version-history":[{"count":1,"href":"https:\/\/www.grieta.org.mx\/index.php\/wp-json\/wp\/v2\/posts\/58099\/revisions"}],"predecessor-version":[{"id":58102,"href":"https:\/\/www.grieta.org.mx\/index.php\/wp-json\/wp\/v2\/posts\/58099\/revisions\/58102"}],"wp:featuredmedia":[{"embeddable":true,"href":"https:\/\/www.grieta.org.mx\/index.php\/wp-json\/wp\/v2\/media\/58100"}],"wp:attachment":[{"href":"https:\/\/www.grieta.org.mx\/index.php\/wp-json\/wp\/v2\/media?parent=58099"}],"wp:term":[{"taxonomy":"category","embeddable":true,"href":"https:\/\/www.grieta.org.mx\/index.php\/wp-json\/wp\/v2\/categories?post=58099"},{"taxonomy":"post_tag","embeddable":true,"href":"https:\/\/www.grieta.org.mx\/index.php\/wp-json\/wp\/v2\/tags?post=58099"}],"curies":[{"name":"wp","href":"https:\/\/api.w.org\/{rel}","templated":true}]}}