{"id":58084,"date":"2021-03-31T10:31:02","date_gmt":"2021-03-31T16:31:02","guid":{"rendered":"http:\/\/www.grieta.org.mx\/?p=58084"},"modified":"2021-04-03T10:49:59","modified_gmt":"2021-04-03T16:49:59","slug":"dispararon-sin-importarles-que-dejara-hijos-huerfanos-familia-de-guatemalteco-asesinado-por-militar","status":"publish","type":"post","link":"https:\/\/www.grieta.org.mx\/index.php\/2021\/03\/31\/dispararon-sin-importarles-que-dejara-hijos-huerfanos-familia-de-guatemalteco-asesinado-por-militar\/","title":{"rendered":"\u201cDispararon sin importarles que dejara hijos hu\u00e9rfanos\u201d: familia de guatemalteco asesinado por militar"},"content":{"rendered":"<p><strong>Elvin Mazariegos P\u00e9rez ten\u00eda tres hijos y trabajaba como camionero llevando mercanc\u00edas para vender en Tacan\u00e1, Guatemala<\/strong><\/p>\n<figure id=\"attachment_58085\" aria-describedby=\"caption-attachment-58085\" style=\"width: 800px\" class=\"wp-caption alignnone\"><img loading=\"lazy\" decoding=\"async\" data-attachment-id=\"58085\" data-permalink=\"https:\/\/www.grieta.org.mx\/index.php\/2021\/03\/31\/dispararon-sin-importarles-que-dejara-hijos-huerfanos-familia-de-guatemalteco-asesinado-por-militar\/ciudad-hidalgo-suchiate-chiapas-03julio2019-seis-mil-quinientos-de-la-guardia-nacional-han-sido-desplegados-a-lo-largo-de-toda-el-area-de-la-frontera-sur-del-pais-los-elementos-integrados-por-po\/\" data-orig-file=\"https:\/\/www.grieta.org.mx\/wp-content\/uploads\/2021\/04\/cuartoscuro_711023_digital.jpeg\" data-orig-size=\"1920,1280\" data-comments-opened=\"0\" data-image-meta=\"{&quot;aperture&quot;:&quot;0&quot;,&quot;credit&quot;:&quot;Galo Ca\\u00f1as&quot;,&quot;camera&quot;:&quot;&quot;,&quot;caption&quot;:&quot;CIUDAD HIDALGO, SUCHIATE, CHIAPAS, 03JULIO2019.- Seis mil quinientos de la Guardia Nacional han sido desplegados a lo largo de toda el \\u00e1rea de la frontera sur del pa\\u00eds. Los elementos integrados por Polic\\u00eda Federal, Polic\\u00eda Naval y Militar realizan inspecciones en conjunto con integrantes del Instituto Nacional de Migraci\\u00f3n (INM) a las personas que desciende de las balsas que cruzan el r\\u00edo Suchiate. \\r\\nFOTO: GALO CA\\u00d1AS \/CUARTOSCURO.COM&quot;,&quot;created_timestamp&quot;:&quot;1562166297&quot;,&quot;copyright&quot;:&quot;Galo Ca\\u00f1as @Cuartoscuro&quot;,&quot;focal_length&quot;:&quot;0&quot;,&quot;iso&quot;:&quot;0&quot;,&quot;shutter_speed&quot;:&quot;0&quot;,&quot;title&quot;:&quot;CIUDAD HIDALGO, SUCHIATE, CHIAPAS, 03JULIO2019.- Seis mil quinientos de la Guardia Nacional han sido desplegados a lo largo de toda el \\u00e1rea de la frontera sur del pa\\u00eds. Los elementos integrados por Polic\\u00eda Federal, Polic\\u00eda Naval y Militar realizan inspecciones en conjunto con integrantes del Instituto Nacional de Migraci\\u00f3n (INM) a las personas que desciende de las balsas que cruzan el r\\u00edo Suchiate. \\r\\nFOTO: GALO CA\\u00d1AS \/CUARTOSCURO.COM&quot;,&quot;orientation&quot;:&quot;0&quot;}\" data-image-title=\"CIUDAD HIDALGO, SUCHIATE, CHIAPAS, 03JULIO2019.- Seis mil quinientos de la Guardia Nacional han sido desplegados a lo largo de toda el \u00e1rea de la frontera sur del pa\u00eds. Los elementos integrados por Polic\u00eda Federal, Polic\u00eda Naval y Militar realizan inspecciones en conjunto con integrantes del Instituto Nacional de Migraci\u00f3n (INM) a las personas que desciende de las balsas que cruzan el r\u00edo Suchiate. FOTO: GALO CA\u00d1AS \/CUARTOSCURO.COM\" data-image-description=\"\" data-image-caption=\"&lt;p&gt;Cuartoscuro Archivo&lt;\/p&gt;\n\" data-medium-file=\"https:\/\/www.grieta.org.mx\/wp-content\/uploads\/2021\/04\/cuartoscuro_711023_digital-300x200.jpeg\" data-large-file=\"https:\/\/www.grieta.org.mx\/wp-content\/uploads\/2021\/04\/cuartoscuro_711023_digital-1024x683.jpeg\" class=\"wp-image-58085\" src=\"http:\/\/www.grieta.org.mx\/wp-content\/uploads\/2021\/04\/cuartoscuro_711023_digital-300x200.jpeg\" alt=\"\" width=\"800\" height=\"533\" srcset=\"https:\/\/www.grieta.org.mx\/wp-content\/uploads\/2021\/04\/cuartoscuro_711023_digital-300x200.jpeg 300w, https:\/\/www.grieta.org.mx\/wp-content\/uploads\/2021\/04\/cuartoscuro_711023_digital-1024x683.jpeg 1024w, https:\/\/www.grieta.org.mx\/wp-content\/uploads\/2021\/04\/cuartoscuro_711023_digital-768x512.jpeg 768w, https:\/\/www.grieta.org.mx\/wp-content\/uploads\/2021\/04\/cuartoscuro_711023_digital-1536x1024.jpeg 1536w, https:\/\/www.grieta.org.mx\/wp-content\/uploads\/2021\/04\/cuartoscuro_711023_digital.jpeg 1920w\" sizes=\"auto, (max-width: 800px) 100vw, 800px\" \/><figcaption id=\"caption-attachment-58085\" class=\"wp-caption-text\">Cuartoscuro Archivo<\/figcaption><\/figure>\n<p>Alberto Pradilla\/ANIMAL POL\u00cdTICO<\/p>\n<p>Elvin Mazariegos P\u00e9rez, de 31 a\u00f1os, fue asesinado mientras cubr\u00eda un trayecto que conoc\u00eda de memoria. Trabajaba como camionero y pasaba muchas jornadas realizando el camino entre Tacan\u00e1, departamento de San Marcos, en Guatemala, y Motozintla, en Chiapas, M\u00e9xico. El lunes regresaba hacia su casa con su amigo Dylan y otra persona cuando, aproximadamente a las 13:00 horas, encontraron un ret\u00e9n del ej\u00e9rcito mexicano en Bacant\u00f3n, Mazapa, los \u00faltimos kil\u00f3metros de M\u00e9xico antes de llegar a la frontera. Al parecer, quisieron darse la vuelta, pero uno de los soldados dispar\u00f3 contra ellos, matando a Elvin, que viajaba en el asiento del copiloto.<\/p>\n<p>Una\u00a0<a id=\"reader.external-link.num-1\" href=\"https:\/\/www.animalpolitico.com\/2021\/03\/militar-mata-a-guatemalteco-en-frontera-sur-hubo-reaccion-erronea-sedena\/\" target=\"_blank\" rel=\"noopener noreferrer\">\u201creacci\u00f3n err\u00f3nea\u201d<\/a>\u00a0para Luis Crescencio Sandoval, secretario de la Defensa y una \u201cactuaci\u00f3n impropia\u201d para Olga Mazariegos P\u00e9rez, hermana de la v\u00edctima.<\/p>\n<p>\u201c\u00c9l estaba viniendo a la casa, porque ten\u00edamos una actividad y le est\u00e1bamos esperando. Nos llam\u00f3 unos minutos antes diciendo que llegaba, pero nunca lleg\u00f3\u201d, dice Olga, que no se explica lo ocurrido.<\/p>\n<p>\u201cLa verdad, no s\u00e9 qu\u00e9 pas\u00f3, porque nos dijo que no tra\u00eda nada ilegal en el carro\u201d, asegura. Entre las hip\u00f3tesis que baraja, la de evitar problemas. \u201cNosotros estamos acostumbrados a que los soldados pidan dinero para unas aguas, no saben lo que cuesta llevar el dinero a la casa\u201d, se queja.<\/p>\n<p>El fallecido estaba casado y\u00a0<strong>ten\u00eda tres hijos,<\/strong>\u00a0las dos primeras de 8 y 5 a\u00f1os, y el menor de 3. \u201c\u00c9l era el que se hac\u00eda cargo de la familia\u201d, explica Olga, mayor que Elvin, que era el tercero de sus seis hermanos.<\/p>\n<p>La zona en la que viv\u00eda Mazariegos P\u00e9rez y en la que fue asesinado es un lugar en el que M\u00e9xico y Guatemala se difuminan. No hay aduana migratoria y los vecinos de los municipios cercanos cruzan a un lado y otro sin problemas y, sobre todo, sin papeles. Por ejemplo, el 10% de la poblaci\u00f3n de Tacan\u00e1 vive de comerciar con los productos que compra en Motozintla, seg\u00fan explica Eulalio de Le\u00f3n, alcalde del municipio guatemalteco.<\/p>\n<p>Estos pasos ciegos tambi\u00e9n son utilizados para el tr\u00e1fico de migrantes irregulares o de mercanc\u00edas il\u00edcitas, que pueden ser tanto drogas como combustible. Son lugares que tambi\u00e9n dan pie a corrupciones como la que denuncia la guatemalteca. Una ayuda a la autoridad a cambio de que no haya una inspecci\u00f3n rigurosa. Seg\u00fan su hermana, la victima ya hab\u00eda sufrido en alguna ocasi\u00f3n tener que pagar estas mordidas. Aunque, en este caso, la camioneta iba de regreso a Guatemala.<\/p>\n<h2><strong>Operativo contra la migraci\u00f3n<\/strong><\/h2>\n<p>Que los militares del XV Regimiento de Caballer\u00eda Motorizada estuvieran desplegados en la zona no es casualidad. En las \u00faltimas semanas se incrementaron los operativos de Ej\u00e9rcito, Guardia Nacional e Instituto Nacional de Migraci\u00f3n (INM) en la frontera, despu\u00e9s de que el gobierno de Andr\u00e9s Manuel L\u00f3pez Obrador anunciara una ofensiva para impedir el paso de migrantes a petici\u00f3n del ejecutivo de Estados Unidos.<\/p>\n<p>En teor\u00eda, personas como Mazariegos P\u00e9rez deber\u00edan disponer de su tarjeta de visitante regional, que le permite acceder de Guatemala a Chiapas legalmente. Sin embargo, a lo largo de toda la frontera se cruza indistintamente sin esta documentaci\u00f3n, ya que las vidas de los municipios a ambos lados de la l\u00ednea est\u00e1n interconectadas.<\/p>\n<p>Lo que sabemos hasta ahora es que el piloto trat\u00f3 de dar la vuelta y que un militar mat\u00f3 a su acompa\u00f1ante. \u201cCuando los soldados se dieron cuenta trataron de auxiliar, estaban arrepentidos\u201d, dice Olga. Pero para entonces el da\u00f1o ya estaba hecho. Su hermano estaba muerto y decenas de lugare\u00f1os, mexicanos y guatemaltecos, hab\u00edan capturado a 15 soldados, sus veh\u00edculos y sus armas.<\/p>\n<p>La intervenci\u00f3n del ej\u00e9rcito guatemalteco y las negociaciones con los mexicanos permitieron la liberaci\u00f3n de los oficiales, que aparecen en algunos videos siendo filmados mientras dicen su nombre y graduaci\u00f3n. Al mismo tiempo, la Sedena estableci\u00f3 un cauce directo con la familia para hablar de reparaci\u00f3n. Seg\u00fan la hermana de la v\u00edctima ofrecieron dinero, aunque no quiso especificar cu\u00e1nto. Por el momento se hicieron cargo del traslado y del ata\u00fad. El resto habr\u00e1 que negociarlo.<\/p>\n<p>La familia busca que la Sedena pague una manutenci\u00f3n a los tres hijos de Elvin hasta que sean mayores de edad.<\/p>\n<p><strong>\u201cNo quisieron dar a conocer qu\u00e9 soldado hab\u00eda agredido y c\u00f3mo van a quedar los tramites\u201d,<\/strong>\u00a0explica Olga. Por eso las negociaciones no est\u00e1n cerradas. Est\u00e1 previsto que el jueves o el viernes, cuando Mazariegos P\u00e9rez ya haya sido enterrado, una delegaci\u00f3n de la familia acuda nuevamente a Motozintla para dialogar. Por el momento, la Fiscal\u00eda General del Estado (FGE) anunci\u00f3 que el soldado est\u00e1 detenido. Pero la familia de la v\u00edctima no termina de fiarse.<\/p>\n<h2><strong>Pagar para eludir responsabilidades<\/strong><\/h2>\n<p>Los convenios privados para evitar que otras autoridades intervengan en los casos en los que el Ej\u00e9rcito mata a civiles es una pr\u00e1ctica habitual para Sedena. De hecho<a id=\"reader.external-link.num-2\" href=\"https:\/\/www.animalpolitico.com\/2021\/01\/ejercito-victimas-operativos-negocia-ceav\/\" target=\"_blank\" rel=\"noopener noreferrer\">, Animal Pol\u00edtico document\u00f3 c\u00f3mo 187 v\u00edctimas recibieron cuantiosas indemnizaciones a cambio de confidencialidad y de que sus casos no fueran reportados, por ejemplo, a la Comisi\u00f3n Ejecutiva de Atenci\u00f3n a V\u00edctimas (CEAV<\/a>).<\/p>\n<p>Parece que este va a ser tambi\u00e9n el modo en el que el Ej\u00e9rcito trate de resolver el asesinato de un civil desarmado. En un primer momento, las versiones que circularon en la prensa local era que Mazariegos P\u00e9rez hab\u00eda empu\u00f1ado un arma. Era mentira, pero la reacci\u00f3n es habitual: primero, culpar a la v\u00edctima. \u201cAl principio no quisieron hacer nada. Ellos dec\u00edan que no hicieron caso. Por eso la gente se enfad\u00f3. Ahora reconocieron el error\u201d, explica.<\/p>\n<p>Parece l\u00f3gico preguntarse qu\u00e9 hubiese ocurrido si decenas de personas no hubiesen capturado a los soldados para exigir justicia. Qui\u00e9n sabe si se hubiese reconocido la responsabilidad sobre los hechos con tanta contundencia. Ellos aceptaron el error, que actuaron de manera impropia, que no es justo lo que hicieron. Dispararon sin importarles que dejaban una esposa viuda y tres ni\u00f1os hu\u00e9rfanos\u201d, se queja Olga.<\/p>\n<p>La noche fue de dolor en el caser\u00edo La Esperanza, donde fue velado Mazariegos P\u00e9rez. Su hermana lo recuerda como un hombre al que le gustaba el f\u00fatbol, salir a divertirse y compartir con su familia. El mi\u00e9rcoles a las 10 estaba previsto que se celebrase el entierro.<\/p>\n<p>Tras el luto llegar\u00e1 el tiempo de la justicia. El presidente, Andr\u00e9s Manuel L\u00f3pez Obrador, ha insistido durante toda la semana en que el Ej\u00e9rcito no viola los Derechos Humanos y que si hay alg\u00fan caso, se investiga y se juzga. La familia del guatemalteco asesinado en un ret\u00e9n ya sospecha que los militares tratan de cubrir al que apret\u00f3 el gatillo. \u201cY nosotros lo que queremos es justicia\u201d, reiteran.<\/p>\n<p><em>Con informaci\u00f3n de Gilberto Escobar<\/em><\/p>\n<p><a href=\"http:\/\/www.grieta.org.mx\/index.php\/2021\/04\/02\/mas-opacidad-sobre-la-masacre-de-camargo-inm-clasifica-por-5-anos-expedientes-de-agentes-destituidos\/\" target=\"_blank\" rel=\"noopener\">https:\/\/www.animalpolitico.com\/2021\/03\/dispararon-sin-importarles-que-dejara-hijos-huerfanos-familia-de-guatemalteco-asesinado-por-militar\/<\/a><\/p>\n","protected":false},"excerpt":{"rendered":"<p>Elvin Mazariegos P\u00e9rez ten\u00eda tres hijos y trabajaba como camionero llevando mercanc\u00edas para vender en Tacan\u00e1, Guatemala Alberto Pradilla\/ANIMAL POL\u00cdTICO Elvin Mazariegos P\u00e9rez, de 31 a\u00f1os, fue asesinado mientras cubr\u00eda &hellip; <a href=\"https:\/\/www.grieta.org.mx\/index.php\/2021\/03\/31\/dispararon-sin-importarles-que-dejara-hijos-huerfanos-familia-de-guatemalteco-asesinado-por-militar\/\" class=\"more-link\">Leer m\u00e1s<\/a><\/p>\n","protected":false},"author":2,"featured_media":58085,"comment_status":"closed","ping_status":"closed","sticky":false,"template":"","format":"standard","meta":{"ngg_post_thumbnail":0,"_jetpack_newsletter_access":"","_jetpack_dont_email_post_to_subs":false,"_jetpack_newsletter_tier_id":0,"_jetpack_memberships_contains_paywalled_content":false,"_jetpack_memberships_contains_paid_content":false,"footnotes":""},"categories":[86,2,83],"tags":[3318,2779,2694,3632,3479,158,1803,3471],"class_list":["post-58084","post","type-post","status-publish","format-standard","has-post-thumbnail","hentry","category-migrantes","category-noticias-nacionales","category-temas-nacionales","tag-abuso","tag-alineacion-de-amlo-con-politica-antimigrante-de-eu","tag-asesinato-de-migrantes","tag-ejecucion-extrajudicial","tag-ejercito","tag-migrantes","tag-sedena","tag-violacion-de-derechos-humanos","entry"],"jetpack_featured_media_url":"https:\/\/www.grieta.org.mx\/wp-content\/uploads\/2021\/04\/cuartoscuro_711023_digital.jpeg","jetpack_sharing_enabled":true,"jetpack_shortlink":"https:\/\/wp.me\/p7ZJR4-f6Q","jetpack_likes_enabled":false,"jetpack-related-posts":[{"id":58185,"url":"https:\/\/www.grieta.org.mx\/index.php\/2021\/03\/31\/asesinato-de-guatemalteco-por-ejercito-no-es-hecho-aislado-denuncian\/","url_meta":{"origin":58084,"position":0},"title":"Asesinato de guatemalteco por ej\u00e9rcito no es hecho aislado, denuncian","author":"grieta","date":"31 marzo, 2021","format":false,"excerpt":"Nora Bucio\/MVS Noticias 30 marzo 2021 Colectivo #SeguridadSinGuerra cuestion\u00f3 si este es el Ej\u00e9rcito que el presidente L\u00f3pez Obrador asegura que respeta los derechos humanos. El asesinato del guatemalteco Elvin Mazariegos de 30 a\u00f1os a manos del Ej\u00e9rcito Mexicano en la frontera sur, no es un hecho aislado ni una\u2026","rel":"","context":"En &quot;CINTILLO&quot;","block_context":{"text":"CINTILLO","link":"https:\/\/www.grieta.org.mx\/index.php\/category\/cintillo\/"},"img":{"alt_text":"","src":"https:\/\/i0.wp.com\/www.grieta.org.mx\/wp-content\/uploads\/2021\/04\/0b667deb-asesinato.jpg?resize=350%2C200&ssl=1","width":350,"height":200,"srcset":"https:\/\/i0.wp.com\/www.grieta.org.mx\/wp-content\/uploads\/2021\/04\/0b667deb-asesinato.jpg?resize=350%2C200&ssl=1 1x, https:\/\/i0.wp.com\/www.grieta.org.mx\/wp-content\/uploads\/2021\/04\/0b667deb-asesinato.jpg?resize=525%2C300&ssl=1 1.5x, https:\/\/i0.wp.com\/www.grieta.org.mx\/wp-content\/uploads\/2021\/04\/0b667deb-asesinato.jpg?resize=700%2C400&ssl=1 2x"},"classes":[]},{"id":57938,"url":"https:\/\/www.grieta.org.mx\/index.php\/2021\/03\/26\/se-amotinan-migrantes-en-albergue-en-chiapas\/","url_meta":{"origin":58084,"position":1},"title":"Se amotinan migrantes en albergue en Chiapas","author":"grieta","date":"26 marzo, 2021","format":false,"excerpt":"AGENCIA REFORMA\/ Z\u00d3CALO Ciudad de M\u00e9xico.- Un grupo de mujeres migrantes de Guatemala y Honduras, en compa\u00f1\u00eda de sus hijos, protestaron este viernes en el albergue La Mosca, en el Municipio de Chiapa de Corzo, Chiapas. Seg\u00fan medios locales, las centroamericanas exigen que el Instituto Nacional de Migraci\u00f3n (INM) resuelva\u2026","rel":"","context":"En &quot;Migrantes&quot;","block_context":{"text":"Migrantes","link":"https:\/\/www.grieta.org.mx\/index.php\/category\/temas-nacionales\/migrantes\/"},"img":{"alt_text":"","src":"https:\/\/i0.wp.com\/www.grieta.org.mx\/wp-content\/uploads\/2021\/03\/5000891.jpg?resize=350%2C200&ssl=1","width":350,"height":200,"srcset":"https:\/\/i0.wp.com\/www.grieta.org.mx\/wp-content\/uploads\/2021\/03\/5000891.jpg?resize=350%2C200&ssl=1 1x, https:\/\/i0.wp.com\/www.grieta.org.mx\/wp-content\/uploads\/2021\/03\/5000891.jpg?resize=525%2C300&ssl=1 1.5x, https:\/\/i0.wp.com\/www.grieta.org.mx\/wp-content\/uploads\/2021\/03\/5000891.jpg?resize=700%2C400&ssl=1 2x"},"classes":[]},{"id":32454,"url":"https:\/\/www.grieta.org.mx\/index.php\/2019\/04\/23\/por-saturacion-cierran-albergue-senda-de-vida-a-mas-migrantes-en-reynosa-tamaulipas\/","url_meta":{"origin":58084,"position":2},"title":"Por saturaci\u00f3n, cierran albergue Senda de Vida a m\u00e1s migrantes en Reynosa (Tamaulipas)","author":"grieta","date":"23 abril, 2019","format":false,"excerpt":"Viviana Cervantes \/ El Ma\u00f1ana Siguen llegando y les niegan acceso; les piden se vayan a Nuevo Laredo Reynosa, Tam.- Debido a la saturaci\u00f3n del albergue \"Senda de Vida\" los directivos han decidido no recibir a m\u00e1s migrantes. Llegan migrantes y les niegan el acceso por falta de espacio; les\u2026","rel":"","context":"En &quot;CINTILLO&quot;","block_context":{"text":"CINTILLO","link":"https:\/\/www.grieta.org.mx\/index.php\/category\/cintillo\/"},"img":{"alt_text":"","src":"https:\/\/i0.wp.com\/www.grieta.org.mx\/wp-content\/uploads\/2019\/04\/Por-saturaci%C3%B3n-cierran-albergue-Senda-de-Vida-a-m%C3%A1s-migrantes-en-Reynosa-tama-abr.jpg?resize=350%2C200&ssl=1","width":350,"height":200,"srcset":"https:\/\/i0.wp.com\/www.grieta.org.mx\/wp-content\/uploads\/2019\/04\/Por-saturaci%C3%B3n-cierran-albergue-Senda-de-Vida-a-m%C3%A1s-migrantes-en-Reynosa-tama-abr.jpg?resize=350%2C200&ssl=1 1x, https:\/\/i0.wp.com\/www.grieta.org.mx\/wp-content\/uploads\/2019\/04\/Por-saturaci%C3%B3n-cierran-albergue-Senda-de-Vida-a-m%C3%A1s-migrantes-en-Reynosa-tama-abr.jpg?resize=525%2C300&ssl=1 1.5x"},"classes":[]},{"id":41498,"url":"https:\/\/www.grieta.org.mx\/index.php\/2019\/11\/13\/heladas-la-otra-inclemencia-para-migrantes-en-tamaulipas\/","url_meta":{"origin":58084,"position":3},"title":"Heladas, la otra inclemencia para migrantes en Tamaulipas","author":"grieta","date":"13 noviembre, 2019","format":false,"excerpt":"Migrantes de Guatemala, Honduras, El Salvador, Cuba y \u00c1frica, soportan bajas temperaturas, en algunos lugares de hasta cero grados. Arnoldo Garc\u00eda\/La Silla Rota 13 noviembre 2019 CD. VICTORIA (La Silla Rota).- A Juan Manuel Santos, guatemaleco, le casta\u00f1ean los dientes. Tiembla por el frio que le traspasa la camiseta del\u2026","rel":"","context":"En &quot;CINTILLO&quot;","block_context":{"text":"CINTILLO","link":"https:\/\/www.grieta.org.mx\/index.php\/category\/cintillo\/"},"img":{"alt_text":"","src":"https:\/\/i0.wp.com\/www.grieta.org.mx\/wp-content\/uploads\/2019\/11\/mexicomigrantesfrentefrio-focus-0-0-983-557.jpg?resize=350%2C200&ssl=1","width":350,"height":200,"srcset":"https:\/\/i0.wp.com\/www.grieta.org.mx\/wp-content\/uploads\/2019\/11\/mexicomigrantesfrentefrio-focus-0-0-983-557.jpg?resize=350%2C200&ssl=1 1x, https:\/\/i0.wp.com\/www.grieta.org.mx\/wp-content\/uploads\/2019\/11\/mexicomigrantesfrentefrio-focus-0-0-983-557.jpg?resize=525%2C300&ssl=1 1.5x, https:\/\/i0.wp.com\/www.grieta.org.mx\/wp-content\/uploads\/2019\/11\/mexicomigrantesfrentefrio-focus-0-0-983-557.jpg?resize=700%2C400&ssl=1 2x"},"classes":[]},{"id":47539,"url":"https:\/\/www.grieta.org.mx\/index.php\/2020\/04\/08\/inm-abandona-a-480-migrantes-en-la-linea-fronteriza-de-mexico-con-guatemala\/","url_meta":{"origin":58084,"position":4},"title":"INM abandona a 480 migrantes en la l\u00ednea fronteriza de M\u00e9xico con Guatemala","author":"grieta","date":"8 abril, 2020","format":false,"excerpt":"Isa\u00edn Mandujano\/ PROCESO El traslado de migrantes se realiz\u00f3 en varios autobuses, Foto: Archivo TUXTLA GUTI\u00c9RREZ, Chis. (apro).- M\u00e1s de 480 migrantes de Honduras, Guatemala y El Salvador fueron abandonados por el Instituto Nacional de Migraci\u00f3n (INM) en la l\u00ednea fronteriza de M\u00e9xico con Guatemala, luego de que el gobierno\u2026","rel":"","context":"En &quot;CINTILLO&quot;","block_context":{"text":"CINTILLO","link":"https:\/\/www.grieta.org.mx\/index.php\/category\/cintillo\/"},"img":{"alt_text":"","src":"https:\/\/i0.wp.com\/www.grieta.org.mx\/wp-content\/uploads\/2020\/04\/mugra.jpeg?resize=350%2C200&ssl=1","width":350,"height":200,"srcset":"https:\/\/i0.wp.com\/www.grieta.org.mx\/wp-content\/uploads\/2020\/04\/mugra.jpeg?resize=350%2C200&ssl=1 1x, https:\/\/i0.wp.com\/www.grieta.org.mx\/wp-content\/uploads\/2020\/04\/mugra.jpeg?resize=525%2C300&ssl=1 1.5x, https:\/\/i0.wp.com\/www.grieta.org.mx\/wp-content\/uploads\/2020\/04\/mugra.jpeg?resize=700%2C400&ssl=1 2x"},"classes":[]},{"id":58205,"url":"https:\/\/www.grieta.org.mx\/index.php\/2021\/04\/02\/operativos-en-frontera-sur-son-para-reprimir-y-detener-a-migrantes-no-rescates-humanitarios-ong\/","url_meta":{"origin":58084,"position":5},"title":"Operativos en frontera sur son para reprimir y detener a migrantes, no rescates humanitarios: ONG","author":"grieta","date":"2 abril, 2021","format":false,"excerpt":"El Colectivo de Observaci\u00f3n y Monitoreo de Derechos Humanos en el Sureste Mexicano, conformado por 12 organizaciones, critic\u00f3 que la \u201cnarrativa de seguridad promovida\u201d y el \u201cfalso discurso de derechos humanos\u201d que emplea el gobierno federal desemboca en la criminalizaci\u00f3n La Redacci\u00f3n\/ PROCESO CIUDAD DE M\u00c9XICO (apro).- Los operativos contra\u2026","rel":"","context":"En &quot;CINTILLO&quot;","block_context":{"text":"CINTILLO","link":"https:\/\/www.grieta.org.mx\/index.php\/category\/cintillo\/"},"img":{"alt_text":"","src":"https:\/\/i0.wp.com\/www.grieta.org.mx\/wp-content\/uploads\/2021\/04\/f800x450-132498_183944_5050.jpg?resize=350%2C200&ssl=1","width":350,"height":200,"srcset":"https:\/\/i0.wp.com\/www.grieta.org.mx\/wp-content\/uploads\/2021\/04\/f800x450-132498_183944_5050.jpg?resize=350%2C200&ssl=1 1x, https:\/\/i0.wp.com\/www.grieta.org.mx\/wp-content\/uploads\/2021\/04\/f800x450-132498_183944_5050.jpg?resize=525%2C300&ssl=1 1.5x, https:\/\/i0.wp.com\/www.grieta.org.mx\/wp-content\/uploads\/2021\/04\/f800x450-132498_183944_5050.jpg?resize=700%2C400&ssl=1 2x"},"classes":[]}],"_links":{"self":[{"href":"https:\/\/www.grieta.org.mx\/index.php\/wp-json\/wp\/v2\/posts\/58084","targetHints":{"allow":["GET"]}}],"collection":[{"href":"https:\/\/www.grieta.org.mx\/index.php\/wp-json\/wp\/v2\/posts"}],"about":[{"href":"https:\/\/www.grieta.org.mx\/index.php\/wp-json\/wp\/v2\/types\/post"}],"author":[{"embeddable":true,"href":"https:\/\/www.grieta.org.mx\/index.php\/wp-json\/wp\/v2\/users\/2"}],"replies":[{"embeddable":true,"href":"https:\/\/www.grieta.org.mx\/index.php\/wp-json\/wp\/v2\/comments?post=58084"}],"version-history":[{"count":1,"href":"https:\/\/www.grieta.org.mx\/index.php\/wp-json\/wp\/v2\/posts\/58084\/revisions"}],"predecessor-version":[{"id":58091,"href":"https:\/\/www.grieta.org.mx\/index.php\/wp-json\/wp\/v2\/posts\/58084\/revisions\/58091"}],"wp:featuredmedia":[{"embeddable":true,"href":"https:\/\/www.grieta.org.mx\/index.php\/wp-json\/wp\/v2\/media\/58085"}],"wp:attachment":[{"href":"https:\/\/www.grieta.org.mx\/index.php\/wp-json\/wp\/v2\/media?parent=58084"}],"wp:term":[{"taxonomy":"category","embeddable":true,"href":"https:\/\/www.grieta.org.mx\/index.php\/wp-json\/wp\/v2\/categories?post=58084"},{"taxonomy":"post_tag","embeddable":true,"href":"https:\/\/www.grieta.org.mx\/index.php\/wp-json\/wp\/v2\/tags?post=58084"}],"curies":[{"name":"wp","href":"https:\/\/api.w.org\/{rel}","templated":true}]}}