{"id":58079,"date":"2021-03-24T10:12:05","date_gmt":"2021-03-24T16:12:05","guid":{"rendered":"https:\/\/www.grieta.org.mx\/?p=58079"},"modified":"2021-04-03T10:17:41","modified_gmt":"2021-04-03T16:17:41","slug":"cuando-no-es-posible-aprender-en-casa-ensenar-a-leer-escribir-y-sumar-en-los-cruceros-viales-queretaro","status":"publish","type":"post","link":"https:\/\/www.grieta.org.mx\/index.php\/2021\/03\/24\/cuando-no-es-posible-aprender-en-casa-ensenar-a-leer-escribir-y-sumar-en-los-cruceros-viales-queretaro\/","title":{"rendered":"Cuando no es posible Aprender en casa: ense\u00f1ar a leer, escribir y sumar en los cruceros viales (Quer\u00e9taro)"},"content":{"rendered":"<p>&nbsp;<\/p>\n<p><img loading=\"lazy\" decoding=\"async\" data-attachment-id=\"58081\" data-permalink=\"https:\/\/www.grieta.org.mx\/index.php\/2021\/03\/24\/cuando-no-es-posible-aprender-en-casa-ensenar-a-leer-escribir-y-sumar-en-los-cruceros-viales-queretaro\/sony-dsc-15\/\" data-orig-file=\"https:\/\/www.grieta.org.mx\/wp-content\/uploads\/2021\/04\/Cuando-no-es-posible-Aprender-en-casa-ensenar-a-leer-escribir-y-sumar-en-los-cruceros-viales-qro-abr.jpg\" data-orig-size=\"1280,776\" data-comments-opened=\"0\" data-image-meta=\"{&quot;aperture&quot;:&quot;5.6&quot;,&quot;credit&quot;:&quot;&quot;,&quot;camera&quot;:&quot;DSLR-A350&quot;,&quot;caption&quot;:&quot;SONY DSC&quot;,&quot;created_timestamp&quot;:&quot;1612888471&quot;,&quot;copyright&quot;:&quot;&quot;,&quot;focal_length&quot;:&quot;50&quot;,&quot;iso&quot;:&quot;100&quot;,&quot;shutter_speed&quot;:&quot;0.008&quot;,&quot;title&quot;:&quot;SONY DSC&quot;,&quot;orientation&quot;:&quot;0&quot;}\" data-image-title=\"SONY DSC\" data-image-description=\"\" data-image-caption=\"&lt;p&gt;SONY DSC&lt;\/p&gt;\n\" data-medium-file=\"https:\/\/www.grieta.org.mx\/wp-content\/uploads\/2021\/04\/Cuando-no-es-posible-Aprender-en-casa-ensenar-a-leer-escribir-y-sumar-en-los-cruceros-viales-qro-abr-300x182.jpg\" data-large-file=\"https:\/\/www.grieta.org.mx\/wp-content\/uploads\/2021\/04\/Cuando-no-es-posible-Aprender-en-casa-ensenar-a-leer-escribir-y-sumar-en-los-cruceros-viales-qro-abr-1024x621.jpg\" class=\" wp-image-58081\" src=\"http:\/\/www.grieta.org.mx\/wp-content\/uploads\/2021\/04\/Cuando-no-es-posible-Aprender-en-casa-ensenar-a-leer-escribir-y-sumar-en-los-cruceros-viales-qro-abr.jpg\" alt=\"\" width=\"648\" height=\"393\" srcset=\"https:\/\/www.grieta.org.mx\/wp-content\/uploads\/2021\/04\/Cuando-no-es-posible-Aprender-en-casa-ensenar-a-leer-escribir-y-sumar-en-los-cruceros-viales-qro-abr.jpg 1280w, https:\/\/www.grieta.org.mx\/wp-content\/uploads\/2021\/04\/Cuando-no-es-posible-Aprender-en-casa-ensenar-a-leer-escribir-y-sumar-en-los-cruceros-viales-qro-abr-300x182.jpg 300w, https:\/\/www.grieta.org.mx\/wp-content\/uploads\/2021\/04\/Cuando-no-es-posible-Aprender-en-casa-ensenar-a-leer-escribir-y-sumar-en-los-cruceros-viales-qro-abr-1024x621.jpg 1024w, https:\/\/www.grieta.org.mx\/wp-content\/uploads\/2021\/04\/Cuando-no-es-posible-Aprender-en-casa-ensenar-a-leer-escribir-y-sumar-en-los-cruceros-viales-qro-abr-768x466.jpg 768w\" sizes=\"auto, (max-width: 648px) 100vw, 648px\" \/><\/p>\n<p>Texto y fotos: Alejandro Ruiz<\/p>\n<p>Pie de P\u00e1gina<\/p>\n<p><strong>Mientras la deserci\u00f3n estudiantil crece por la pandemia, una maestra decidi\u00f3 dar clases en los cruceros a ni\u00f1os sin internet ni un televisor para aprender en casa. Casi un a\u00f1o despu\u00e9s, a su estrategia se han sumado decenas de voluntarios. Lo grave, destaca la docente, es que cada d\u00eda encuentran a m\u00e1s estudiantes en estas condiciones de precariedad<\/strong><\/p>\n<p>QUER\u00c9TARO.- El ruido de la retroexcavadora rompiendo el asfalto ensordece a los cl\u00e1xones y motores que circulan por la calle. La tierra levantada por el viento llena los parabrisas de polvo, mientras camiones y autos avanzan lentamente por la avenida Cimatario hacia el cruce con la carretera 57. El sem\u00e1foro est\u00e1 en rojo.<\/p>\n<p>Mientras el tiempo discurre entre el minuto y medio que tarda en llegar el \u201csiga\u201d, Roc\u00edo y su familia, quienes desde hace m\u00e1s de 7 a\u00f1os migraron de Santiago Mexquititl\u00e1n hacia la capital queretana, avanzan precavidos entre los autom\u00f3viles. Ofrecen mazapanes y bolsas de basura a los conductores, mientras que en el camell\u00f3n que delimita la vuelta continua. Sus hijos aguardan pacientes a que su mam\u00e1 termine la venta del d\u00eda.<\/p>\n<p>\u201cPrimero nos venimos mi esposo y yo\u201d, dice la mam\u00e1 de 29 a\u00f1os de edad, \u201cnos vinimos a buscar trabajo y a vender cosas aqu\u00ed en el crucero. Dej\u00e1bamos a los ni\u00f1os con mi mam\u00e1 en el pueblo, es hasta hace un a\u00f1o y medio que decidimos traerlos aqu\u00ed con nosotros\u201d.<\/p>\n<p>Antes de la pandemia, Roc\u00edo llevaba a sus hijos a una de las primarias del DIF ubicadas en el Centro Hist\u00f3rico de la capital queretana, lo cual le permit\u00eda poder realizar su trabajo como vendedora ambulante sin exponerlos a los riesgos que implica estar en las calles.<\/p>\n<p>Tras el confinamiento, para miles de familias, como la de Roc\u00edo que carece de acceso a internet o a la televisi\u00f3n, la educaci\u00f3n de sus hijos pende de un hilo.<\/p>\n<blockquote class=\"wp-block-quote\"><p>\u201cPara poder sacar algo para comer tenemos que estar aqu\u00ed en el crucero de 6 a 7 horas, y no puedo dejar a mis hijos solos todo ese momento. Me los traigo aqu\u00ed. Yo quiero que ellos contin\u00faen estudiando para que no est\u00e9n en una situaci\u00f3n como nosotros, pero no tenemos internet ni televisi\u00f3n, y en la escuela s\u00f3lo los reciben dos d\u00edas a la semana.\u00a0Tengo miedo de que se rezaguen o quieran dejar de estudiar\u201d.<\/p>\n<p><cite>Roc\u00edo, comerciante.<\/cite><\/p><\/blockquote>\n<p>Al crucero donde trabaja Roc\u00edo con sus hijos, lleg\u00f3 la maestra Jemima Pel\u00e1ez, para ense\u00f1arles lo que antes aprend\u00edan en el aula.<\/p>\n<h3>En el sem\u00e1foro, una alternativa<\/h3>\n<p>Jemima Pel\u00e1ez es maestra de educaci\u00f3n especial en el municipio de Jalpan de Serra, y aunque su labor se ha visto afectada por la pandemia ella sigue dando clases frente a un grupo de 30 ni\u00f1as y ni\u00f1os en la comunidad.<\/p>\n<p>\u201cTras la suspensi\u00f3n de las clases presenciales me tuve que regresar aqu\u00ed a la ciudad, y voy una vez al mes para Jalpan para atender a mis ni\u00f1os, yo me esfuerzo para que ellos no se rezaguen\u201d puntualiza.<\/p>\n<p>D\u00eda con d\u00eda, cuando Jemima sal\u00eda a correr por su colonia, se percat\u00f3 de que las y los ni\u00f1os que trabajaban en los sem\u00e1foros hab\u00edan incrementado y se preocup\u00f3 por su continuidad educativa.<\/p>\n<p>\u201cYo me pregunt\u00e9 \u00bfc\u00f3mo le est\u00e1n haciendo estos ni\u00f1os con las escuelas cerradas? Y la verdad es que como maestro tu vocaci\u00f3n es ense\u00f1ar, y al ver a tantos ni\u00f1os en esta situaci\u00f3n no pod\u00eda quedarme quieta\u201d, relata. \u201cDecid\u00ed salir con algunos materiales did\u00e1cticos y hablando con las mam\u00e1s de los ni\u00f1os les propuse darles clase ah\u00ed en el sem\u00e1foro, apoyarles con sus tareas y darle seguimiento a los contenidos de la SEP, y es as\u00ed como nace En el Sem\u00e1foro se aprende.\u201d<\/p>\n<p>La iniciativa de Jemima inici\u00f3 en un sem\u00e1foro a un costado de la carretera federal No.57, y ah\u00ed comenz\u00f3 a atender a un grupo de 5 ni\u00f1as y ni\u00f1os que acompa\u00f1aban a sus padres en la venta del d\u00eda, poco a poco la iniciativa fue expandi\u00e9ndose en diversos cruceros de la ciudad, hasta cubrir 28 puntos de la zona metropolitana.<\/p>\n<p>\u201cEl proyecto comenz\u00f3 a llamar la atenci\u00f3n de mucha gente, muchos medios de comunicaci\u00f3n se acercaron para entrevistarnos y aplaudir la iniciativa, yo estoy muy agradecida por eso, pues poco a poco una red de voluntarios se fueron sumando, nutri\u00f3logas, bi\u00f3logos, gente profesionista que vio las mismas necesidades que yo vi cuando en noviembre comenzamos a dar clases\u201d se\u00f1ala.<\/p>\n<p>A la par que una red de voluntarios se fue sumando al proyecto que abandera la maestra Jemima, donaciones de gente y empresas fueron llegando para que pudiera haber una continuidad en la iniciativa. Asimismo, las autoridades de la Unidad de Servicios para la Educaci\u00f3n B\u00e1sica en el Estado de Quer\u00e9taro (USEBEQ) se acercaron a la maestra para dotar de clave escolar a su proyecto y que pudiera certificar de grado a sus alumnos.<\/p>\n<p>Para Jemima esto represent\u00f3 un avance, pues varias personas la fueron contactando a trav\u00e9s de su p\u00e1gina de Facebook para que la iniciativa pudiera implementarse en otras comunidades de la entidad.<\/p>\n<blockquote class=\"wp-block-quote\"><p>\u201cActualmente tenemos tres centros educativos en Santiago Mexquititl\u00e1n, Vizarr\u00f3n y La Griega. Asimismo sumamos 76 voluntarios quienes a diario trabajamos con los grupos que ya se abrieron. Estoy muy contenta, pero a la vez muy preocupada, pues la necesidad de este proyecto refleja una problem\u00e1tica social: cada vez hay m\u00e1s ni\u00f1os en situaci\u00f3n de calle o trabajando en los sem\u00e1foros\u201d.<\/p><\/blockquote>\n<p>Para la docente de educaci\u00f3n especial, lejos de felicitar la iniciativa de su asociaci\u00f3n, lo que en verdad preocupa a quienes integran En El Sem\u00e1foro Se Aprende es la realidad educativa que atraviesan miles de ni\u00f1as y ni\u00f1os en el estado, pues la pandemia ha acrecentado la migraci\u00f3n de las comunidades campesinas hacia las ciudades, lo que ha orillado a que cad vez existan m\u00e1s familias habitando y trabajando en los cruces peatonales del estado.<\/p>\n<p>\u201cEstamos abiertos a que recibamos m\u00e1s voluntarios y donaciones, pero creo que la tarea que tenemos es combatir las condiciones estructurales que orillan a alguien a desplazarse, a estar tomando clases en un sem\u00e1foro, a trabajar cuando deber\u00edan de estar estudiando, es algo que me entristece mucho\u201d, agrega.<\/p>\n<p>Durante los primeros meses del 2021 la iniciativa de la maestra Jemima se vio pausada por la contingencia sanitaria, pues al estar la entidad en sem\u00e1foro rojo el equipo de En el Sem\u00e1foro se aprende decidi\u00f3 pausar actividades para evitar contagios entre las y los ni\u00f1os y el equipo de voluntarios.<\/p>\n<p>\u201cAhorita que regresamos contabilizamos a 110 ni\u00f1os que est\u00e1n recibiendo atenci\u00f3n, y pues ha incrementado, lo cual refleja que cada vez hay m\u00e1s gente que se enfrenta a estas condiciones\u201d, relata.<\/p>\n<blockquote class=\"wp-block-quote\"><p>\u201cNosotros vamos a seguir hasta donde podamos, ya estamos por obtener la acreditaci\u00f3n por parte de Conafe. Y cada vez nos llegan m\u00e1s donaciones y avisos de gente que quiere que repliquemos la iniciativa en sus comunidades, nos da gusto eso, que nos solidarizemos y avanzemos. Lo que me preocupa, recalco, es que esto sea una necesidad.\u201d<\/p><\/blockquote>\n<p>Como Jemima, cientos de maestros en la entidad han innovado en su labor con estrategias que permitan hacerle frente al rezago y deserci\u00f3n escolar en las poblaciones m\u00e1s vulnerables. Sin embargo, el acceso desigual a la educaci\u00f3n sigue siendo un tema pendiente en todo el pa\u00eds que la pandemia s\u00f3lo puso en relieve.<\/p>\n<figure class=\"wp-block-image size-large\"><img loading=\"lazy\" decoding=\"async\" data-attachment-id=\"60081\" data-permalink=\"https:\/\/www.grieta.org.mx\/index.php\/2021\/06\/21\/ostula-reactiva-la-defensa-legal-de-su-territorio-michoacan\/pdp_ostula_betoparedes06\/\" data-orig-file=\"https:\/\/www.grieta.org.mx\/wp-content\/uploads\/2021\/06\/pdp_ostula_betoparedes06.jpg\" data-orig-size=\"1280,853\" data-comments-opened=\"0\" data-image-meta=\"{&quot;aperture&quot;:&quot;0&quot;,&quot;credit&quot;:&quot;&quot;,&quot;camera&quot;:&quot;&quot;,&quot;caption&quot;:&quot;&quot;,&quot;created_timestamp&quot;:&quot;0&quot;,&quot;copyright&quot;:&quot;&quot;,&quot;focal_length&quot;:&quot;0&quot;,&quot;iso&quot;:&quot;0&quot;,&quot;shutter_speed&quot;:&quot;0&quot;,&quot;title&quot;:&quot;&quot;,&quot;orientation&quot;:&quot;0&quot;}\" data-image-title=\"pdp_ostula_betoparedes06\" data-image-description=\"\" data-image-caption=\"&lt;p&gt;Comuneras y comuneros de Ostula a las afueras del Tribunal Unitario Agrario no.38 tras una audiencia del juicio que sostienen contra supuestos peque\u00f1os propietarios.&lt;\/p&gt;\n\" data-medium-file=\"https:\/\/www.grieta.org.mx\/wp-content\/uploads\/2021\/06\/pdp_ostula_betoparedes06-300x200.jpg\" data-large-file=\"https:\/\/www.grieta.org.mx\/wp-content\/uploads\/2021\/06\/pdp_ostula_betoparedes06-1024x682.jpg\" class=\"wp-image-60081\" src=\"https:\/\/piedepagina.mx\/wp-content\/uploads\/2021\/03\/pdp_educacionentiemposdecovid_queretaro_alejandroruiz01-1-1200x688.jpg\" sizes=\"auto, (max-width: 1200px) 100vw, 1200px\" srcset=\"https:\/\/piedepagina.mx\/wp-content\/uploads\/2021\/03\/pdp_educacionentiemposdecovid_queretaro_alejandroruiz01-1-1200x688.jpg 1200w, https:\/\/piedepagina.mx\/wp-content\/uploads\/2021\/03\/pdp_educacionentiemposdecovid_queretaro_alejandroruiz01-1-500x287.jpg 500w, https:\/\/piedepagina.mx\/wp-content\/uploads\/2021\/03\/pdp_educacionentiemposdecovid_queretaro_alejandroruiz01-1-768x440.jpg 768w, https:\/\/piedepagina.mx\/wp-content\/uploads\/2021\/03\/pdp_educacionentiemposdecovid_queretaro_alejandroruiz01-1.jpg 1280w\" alt=\"\" width=\"1200\" height=\"688\" \/><\/figure>\n<h3>Los retos pedag\u00f3gicos durante la pandemia<\/h3>\n<p>De acuerdo con el informe <em><a href=\"https:\/\/www.coneval.org.mx\/Evaluacion\/IEPSM\/Paginas\/Politica_Social_COVID-19.aspx\"><strong>La pol\u00edtica social en el contexto de la pandemia por el virus SARS-CoV2 (covid-19) en M\u00e9xico<\/strong><\/a>, <\/em>publicado por el Coneval en mayo del 2020, el sistema Aprende en Casa profundiza la brecha en el acceso a la educaci\u00f3n para los 20.8 millones de hogares que carecen de conectividad a internet, lo cual representa el 59.7% de la poblaci\u00f3n en el pa\u00eds.<\/p>\n<p>Adem\u00e1s, al trasladar gran parte del proceso de ense\u00f1anza hacia el n\u00facleo familiar -y al no contemplar factores como la ocupaci\u00f3n, disponibilidad de tiempo, o el grado de escolaridad de los padres o tutores- no hay una garant\u00eda de que el aprendizaje en el nivel de educaci\u00f3n b\u00e1sica sea significativo para las nuevas generaciones que se encuentran dentro del sistema de educaci\u00f3n p\u00fablica.<\/p>\n<p>\u201cA nosotros se nos dificulta ayudarle a nuestros hijos con sus tareas\u201d se\u00f1ala Roc\u00edo \u201cy aunque en la escuela a la que asisten les dan una gu\u00eda mensual para que la llenen, la dejaban incompleta o mal hecha ya que hay cosas que nosotros no conocemos, o no tenemos el tiempo de ayudarle a nuestros hijos.\u201d<\/p>\n<figure class=\"wp-block-image size-large\"><img loading=\"lazy\" decoding=\"async\" data-attachment-id=\"60082\" data-permalink=\"https:\/\/www.grieta.org.mx\/index.php\/2021\/06\/21\/ostula-reactiva-la-defensa-legal-de-su-territorio-michoacan\/pdp_ostula_betoparedes00\/\" data-orig-file=\"https:\/\/www.grieta.org.mx\/wp-content\/uploads\/2021\/06\/pdp_ostula_betoparedes00.jpg\" data-orig-size=\"1280,853\" data-comments-opened=\"0\" data-image-meta=\"{&quot;aperture&quot;:&quot;0&quot;,&quot;credit&quot;:&quot;&quot;,&quot;camera&quot;:&quot;&quot;,&quot;caption&quot;:&quot;&quot;,&quot;created_timestamp&quot;:&quot;0&quot;,&quot;copyright&quot;:&quot;&quot;,&quot;focal_length&quot;:&quot;0&quot;,&quot;iso&quot;:&quot;0&quot;,&quot;shutter_speed&quot;:&quot;0&quot;,&quot;title&quot;:&quot;&quot;,&quot;orientation&quot;:&quot;0&quot;}\" data-image-title=\"pdp_ostula_betoparedes00\" data-image-description=\"\" data-image-caption=\"&lt;p&gt;Foto: Heriberto Paredes&lt;\/p&gt;\n\" data-medium-file=\"https:\/\/www.grieta.org.mx\/wp-content\/uploads\/2021\/06\/pdp_ostula_betoparedes00-300x200.jpg\" data-large-file=\"https:\/\/www.grieta.org.mx\/wp-content\/uploads\/2021\/06\/pdp_ostula_betoparedes00-1024x682.jpg\" class=\"wp-image-60082\" src=\"https:\/\/piedepagina.mx\/wp-content\/uploads\/2021\/03\/pdp_educacionentiemposdecovid_queretaro_alejandroruiz03-1-1200x701.jpg\" sizes=\"auto, (max-width: 1200px) 100vw, 1200px\" srcset=\"https:\/\/piedepagina.mx\/wp-content\/uploads\/2021\/03\/pdp_educacionentiemposdecovid_queretaro_alejandroruiz03-1-1200x701.jpg 1200w, https:\/\/piedepagina.mx\/wp-content\/uploads\/2021\/03\/pdp_educacionentiemposdecovid_queretaro_alejandroruiz03-1-500x292.jpg 500w, https:\/\/piedepagina.mx\/wp-content\/uploads\/2021\/03\/pdp_educacionentiemposdecovid_queretaro_alejandroruiz03-1-768x449.jpg 768w, https:\/\/piedepagina.mx\/wp-content\/uploads\/2021\/03\/pdp_educacionentiemposdecovid_queretaro_alejandroruiz03-1.jpg 1280w\" alt=\"\" width=\"1200\" height=\"701\" \/><\/figure>\n<h3>Rezago educativo y deserci\u00f3n escolar<\/h3>\n<p>De acuerdo con Estela Hern\u00e1ndez, doctora en pedagog\u00eda y docente frente a grupo en la comunidad de Santiago Mexquititl\u00e1n, la pandemia por covid-19 ha propiciado que se acreciente el rezago educativo en las comunidades ind\u00edgenas de la entidad, pues al no contemplar las particularidades socioecon\u00f3micas y ling\u00fc\u00edsticas en la implementaci\u00f3n de modelos educativos homog\u00e9neos se est\u00e1 excluyendo del acceso a la educaci\u00f3n a miles de ni\u00f1as y ni\u00f1os.<\/p>\n<p>\u201cCreo que hay que generar nuevos indicadores\u201d, se\u00f1ala, \u201cpues no podemos explicar las consecuencias de esta pandemia en la educaci\u00f3n solo con la deserci\u00f3n escolar, hay un rezago mayor al 90%, y eso no se refleja en que un ni\u00f1o deje de ir a la escuela, pues con el lastre que venimos arrastrando de la reforma educativa pe\u00f1ista algunos profesores pasan de grado a los alumnos sin medir realmente el aprendizaje que los ni\u00f1os est\u00e1n teniendo en la escuela\u201d.<\/p>\n<p>\u201cEntonces tenemos a ni\u00f1os\u201d, contin\u00faa, \u201cque ya en cuarto o quinto de primaria no saben leer, escribir o sumar. Por ejemplo una de las cartillas que dise\u00f1\u00f3 la USEBEQ contemplaba aspectos de trigonometr\u00eda avanzada, cuando los ni\u00f1os apenas y saben sumar, es realmente preocupante\u201d.<\/p>\n<p>Aunque la USEBEQ declar\u00f3 que a\u00fan no se tienen registros de la deserci\u00f3n escolar durante el ciclo 2019-2020, de acuerdo con informaci\u00f3n presentada por esta dependencia, en esta entidad, al t\u00e9rmino del ciclo escolar 2018-2019, se registr\u00f3 un \u00edndice de deserci\u00f3n escolar del -0.2% en educaci\u00f3n primaria, 4.6% en educaci\u00f3n secundaria y de 11.3% en nivel medio superior.<\/p>\n<p>Aunado a esto, durante el segundo semestre del 2020 la Secretar\u00eda de Educaci\u00f3n P\u00fablica (SEP) estim\u00f3 que durante esta pandemia ha habido una deserci\u00f3n escolar en el nivel b\u00e1sico del 10%, lo que se traduce en dos millones 525 mil 330 alumnos de preescolar, primaria y secundaria en todo el pa\u00eds.<\/p>\n<p>Tambi\u00e9n, de acuerdo con la Encuesta para la medici\u00f3n del impacto covid-19 en la educaci\u00f3n (ECOVID-ED) 2020, a nivel nacional, 5.2 millones de personas, de 3 a 29 a\u00f1os de edad, no se inscribieron al ciclo escolar 2020-2021 a causa de la pandemia o por falta de dinero.<\/p>\n<p>\u201cEsto es un problema grav\u00edsimo\u201d, puntualiz\u00f3 Estela Hern\u00e1ndez \u201cpues estamos viendo que muchos ni\u00f1os dejan la escuela al no comprender los contenidos que se est\u00e1n viendo en las clases y prefieren irse a trabajar a las f\u00e1bricas o a la ciudad\u201d.<\/p>\n<p>\u201cAdem\u00e1s\u201d, agrega, \u201clas autoridades educativas estatales y federales no han implementado alternativas reales para atender este problema ni en la ciudad ni en las comunidades ind\u00edgenas, pues cuando alg\u00fan profesor muestra iniciativa para atender a sus grupos, se les penaliza o despide injustificadamente, no hay un di\u00e1logo.\u201d<\/p>\n<p>De acuerdo con informaci\u00f3n solicitada a la USEBEQ, en Quer\u00e9taro se est\u00e1n implementando diversas estrategias que refuerzan los contenidos de \u201cAprende en Casa\u201d, las cuales hacen uso de las nuevas tecnolog\u00edas y medios de comunicaci\u00f3n, as\u00ed como la elaboraci\u00f3n de cartillas de trabajo que se hacen llegar a las comunidades a trav\u00e9s de las estructuras administrativas de los municipios y las autoridades escolares.<\/p>\n<p>Asimismo, aseguran, se han destinado estrategias de acompa\u00f1amiento para las y los estudiantes en situaci\u00f3n de vulnerabilidad como visitas domiciliarias, ajustes curriculares en los contenidos educativos dando primac\u00eda a los aprendizajes clave y priorizando a la evaluaci\u00f3n del alumno como un elemento formativo.<\/p>\n<p>Sin embargo, y pese a los esfuerzos institucionales y de colectivos pedag\u00f3gicos independientes por atender la educaci\u00f3n en tiempos de pandemia, diversas organizaciones y asociaciones de profesoras y profesores han optado por otras alternativas para atender a las y los alumnos en poblaci\u00f3n vulnerable.<\/p>\n<p><a href=\"https:\/\/piedepagina.mx\/cuando-no-es-posible-aprender-en-casa-ensenar-a-leer-escribir-y-sumar-en-los-cruceros-viales\/\" target=\"_blank\" rel=\"noopener\">https:\/\/piedepagina.mx\/cuando-no-es-posible-aprender-en-casa-ensenar-a-leer-escribir-y-sumar-en-los-cruceros-viales\/<\/a><\/p>\n","protected":false},"excerpt":{"rendered":"<p>&nbsp; Texto y fotos: Alejandro Ruiz Pie de P\u00e1gina Mientras la deserci\u00f3n estudiantil crece por la pandemia, una maestra decidi\u00f3 dar clases en los cruceros a ni\u00f1os sin internet ni &hellip; <a href=\"https:\/\/www.grieta.org.mx\/index.php\/2021\/03\/24\/cuando-no-es-posible-aprender-en-casa-ensenar-a-leer-escribir-y-sumar-en-los-cruceros-viales-queretaro\/\" class=\"more-link\">Leer m\u00e1s<\/a><\/p>\n","protected":false},"author":2,"featured_media":58081,"comment_status":"closed","ping_status":"closed","sticky":false,"template":"","format":"standard","meta":{"ngg_post_thumbnail":0,"_jetpack_newsletter_access":"","_jetpack_dont_email_post_to_subs":false,"_jetpack_newsletter_tier_id":0,"_jetpack_memberships_contains_paywalled_content":false,"_jetpack_memberships_contains_paid_content":false,"footnotes":""},"categories":[80,916,2903,1510,1827,1657,2480,2978,2,27,83],"tags":[3454,2841,3776],"class_list":["post-58079","post","type-post","status-publish","format-standard","has-post-thumbnail","hentry","category-cintillo","category-privatizacion-del-la-educacion-publica","category-crisis-de-la-educacion-publica-en-queretaro","category-explotacion-y-precariedad-laboral-en-queretaro","category-la-ninez-en-la-tormenta-capitalista","category-abusos-y-violencia-infantil-en-queretaro","category-lucha-y-resistencia-del-pueblo-de-queretaro","category-movilizaciones-y-protestas-de-habitantes-en-queretaro","category-noticias-nacionales","category-queretaro","category-temas-nacionales","tag-crisis-de-la-educacion-publica","tag-explotacion-y-precariedad-laboral","tag-la-ninez-en-la-tormenta-capitalista","entry"],"jetpack_featured_media_url":"https:\/\/www.grieta.org.mx\/wp-content\/uploads\/2021\/04\/Cuando-no-es-posible-Aprender-en-casa-ensenar-a-leer-escribir-y-sumar-en-los-cruceros-viales-qro-abr.jpg","jetpack_sharing_enabled":true,"jetpack_shortlink":"https:\/\/wp.me\/p7ZJR4-f6L","jetpack_likes_enabled":false,"jetpack-related-posts":[{"id":50815,"url":"https:\/\/www.grieta.org.mx\/index.php\/2020\/06\/09\/enfermeras-y-doctores-exigen-mejores-insumos-medicos-queretaro\/","url_meta":{"origin":58079,"position":0},"title":"Enfermeras y Doctores exigen mejores insumos m\u00e9dicos (Quer\u00e9taro)","author":"grieta","date":"9 junio, 2020","format":false,"excerpt":"Foto: www.facebook.com\/InboxPolitico Inbox Pol\u00edtico Este martes se llevaron acabo dos manifestaciones -en la capital del Estado de Quer\u00e9taro- ambas integradas por personal m\u00e9dico. En la primera, Enfermeras del Hospital de Especialidades del Ni\u00f1o y la Mujer, en Plaza de Armas, exigieron insumos de calidad para atender a pacientes Covid. En\u2026","rel":"","context":"En &quot;CINTILLO&quot;","block_context":{"text":"CINTILLO","link":"https:\/\/www.grieta.org.mx\/index.php\/category\/cintillo\/"},"img":{"alt_text":"","src":"https:\/\/i0.wp.com\/www.grieta.org.mx\/wp-content\/uploads\/2020\/06\/Enfermeras-y-Doctores-exigen-mejores-insumos-m%C3%A9dicos-qro-jun.jpg?resize=350%2C200&ssl=1","width":350,"height":200,"srcset":"https:\/\/i0.wp.com\/www.grieta.org.mx\/wp-content\/uploads\/2020\/06\/Enfermeras-y-Doctores-exigen-mejores-insumos-m%C3%A9dicos-qro-jun.jpg?resize=350%2C200&ssl=1 1x, https:\/\/i0.wp.com\/www.grieta.org.mx\/wp-content\/uploads\/2020\/06\/Enfermeras-y-Doctores-exigen-mejores-insumos-m%C3%A9dicos-qro-jun.jpg?resize=525%2C300&ssl=1 1.5x, https:\/\/i0.wp.com\/www.grieta.org.mx\/wp-content\/uploads\/2020\/06\/Enfermeras-y-Doctores-exigen-mejores-insumos-m%C3%A9dicos-qro-jun.jpg?resize=700%2C400&ssl=1 2x"},"classes":[]},{"id":43087,"url":"https:\/\/www.grieta.org.mx\/index.php\/2020\/01\/13\/exigen-atencion-de-usebeq-en-preescolar-de-san-juan-del-rio-queretaro\/","url_meta":{"origin":58079,"position":1},"title":"Exigen atenci\u00f3n de USEBEQ en preescolar de San Juan del R\u00edo (Quer\u00e9taro)","author":"grieta","date":"13 enero, 2020","format":false,"excerpt":"Cris Mesa Ram\u00edrez \/ Rotativo Padres de familia exigieron a la Unidad de Servicios para la Educaci\u00f3n B\u00e1sica en el Estado de Quer\u00e9taro (USEBEQ), atienda sus peticiones de seguridad. San Juan del R\u00edo, 13 Enero 2019.- Debido a los constantes robos ocurridos en el jard\u00edn de ni\u00f1os, Jos\u00e9 Nieto Dorantes,\u2026","rel":"","context":"En &quot;CINTILLO&quot;","block_context":{"text":"CINTILLO","link":"https:\/\/www.grieta.org.mx\/index.php\/category\/cintillo\/"},"img":{"alt_text":"","src":"https:\/\/i0.wp.com\/www.grieta.org.mx\/wp-content\/uploads\/2020\/01\/Exigen-atenci%C3%B3n-de-USEBEQ-en-preescolar-de-San-Juan-del-R%C3%ADo-qro-ene.jpeg?resize=350%2C200&ssl=1","width":350,"height":200,"srcset":"https:\/\/i0.wp.com\/www.grieta.org.mx\/wp-content\/uploads\/2020\/01\/Exigen-atenci%C3%B3n-de-USEBEQ-en-preescolar-de-San-Juan-del-R%C3%ADo-qro-ene.jpeg?resize=350%2C200&ssl=1 1x, https:\/\/i0.wp.com\/www.grieta.org.mx\/wp-content\/uploads\/2020\/01\/Exigen-atenci%C3%B3n-de-USEBEQ-en-preescolar-de-San-Juan-del-R%C3%ADo-qro-ene.jpeg?resize=525%2C300&ssl=1 1.5x"},"classes":[]},{"id":36830,"url":"https:\/\/www.grieta.org.mx\/index.php\/2019\/07\/22\/personal-de-cbtis-en-queretaro-denuncia-acoso-laboral-y-poca-transparencia-queretaro\/","url_meta":{"origin":58079,"position":2},"title":"Personal de CBTis en Quer\u00e9taro denuncia acoso laboral y poca transparencia (Quer\u00e9taro)","author":"grieta","date":"22 julio, 2019","format":false,"excerpt":"Redacci\u00f3n\/Notimex Personal de la Unidad de Educaci\u00f3n Media Superior Tecnol\u00f3gica, Industrial y de Servicios (Uemstis) en Quer\u00e9taro, denunci\u00f3 autoritarismo, discriminaci\u00f3n y acoso laboral por parte de autoridades, luego de que revelaron posibles actos contrarios a la pol\u00edtica federal de transparencia. Mar\u00eda Elena Razo Hern\u00e1ndez, maestra del Centro de Bachillerato Tecnol\u00f3gico,\u2026","rel":"","context":"En &quot;CINTILLO&quot;","block_context":{"text":"CINTILLO","link":"https:\/\/www.grieta.org.mx\/index.php\/category\/cintillo\/"},"img":{"alt_text":"","src":"https:\/\/i0.wp.com\/www.grieta.org.mx\/wp-content\/uploads\/2019\/07\/CBETIS-18-ACOSO.jpg?resize=350%2C200&ssl=1","width":350,"height":200,"srcset":"https:\/\/i0.wp.com\/www.grieta.org.mx\/wp-content\/uploads\/2019\/07\/CBETIS-18-ACOSO.jpg?resize=350%2C200&ssl=1 1x, https:\/\/i0.wp.com\/www.grieta.org.mx\/wp-content\/uploads\/2019\/07\/CBETIS-18-ACOSO.jpg?resize=525%2C300&ssl=1 1.5x, https:\/\/i0.wp.com\/www.grieta.org.mx\/wp-content\/uploads\/2019\/07\/CBETIS-18-ACOSO.jpg?resize=700%2C400&ssl=1 2x"},"classes":[]},{"id":49799,"url":"https:\/\/www.grieta.org.mx\/index.php\/2020\/05\/15\/maestras-de-cendi-se-manifiestan-por-falta-de-pago-en-el-dia-del-maestro-queretaro\/","url_meta":{"origin":58079,"position":3},"title":"Maestras de CENDI se manifiestan por falta de pago en el d\u00eda del maestro (Quer\u00e9taro)","author":"grieta","date":"15 mayo, 2020","format":false,"excerpt":"Foto: www.reqronexion.com Reqronexi\u00f3n Maestras del Centro de Desarrollo Infantil Tierra y Libertad \u201cGran Cu\u00e9\u201d se manifestaron afuera del Palacio de Gobierno para solicitar la intervenci\u00f3n del Gobernador Francisco Dom\u00ednguez en el pago de su sueldo, que desde enero del presente a\u00f1o no se ha realizado, las maestras se\u00f1alaron como responsable\u2026","rel":"","context":"En &quot;CINTILLO&quot;","block_context":{"text":"CINTILLO","link":"https:\/\/www.grieta.org.mx\/index.php\/category\/cintillo\/"},"img":{"alt_text":"","src":"https:\/\/i0.wp.com\/www.grieta.org.mx\/wp-content\/uploads\/2020\/05\/Maestras-de-CENDI-se-manifiestan-por-falta-de-pago-en-el-d%C3%ADa-del-maestro-qro-may.jpg?resize=350%2C200","width":350,"height":200},"classes":[]},{"id":41689,"url":"https:\/\/www.grieta.org.mx\/index.php\/2019\/11\/29\/detienen-trailer-con-120-migrantes-en-la-mexico-queretaro\/","url_meta":{"origin":58079,"position":4},"title":"Detienen tr\u00e1iler con 120 migrantes en la M\u00e9xico Quer\u00e9taro","author":"grieta","date":"29 noviembre, 2019","format":false,"excerpt":"Mart\u00edn Garc\u00eda Chavero \/ Rotativo Fueron 108 los asegurados y m\u00e1s de 10 lograron saltar de la caja y escaparon. San Juan del R\u00edo, 30 Noviembre 2019.- Elementos de la Polic\u00eda Federal interceptaron un tr\u00e1iler con caja cerrada y doble piso, donde viajaban alrededor de 120 migrantes de origen centroamericano,\u2026","rel":"","context":"En &quot;CINTILLO&quot;","block_context":{"text":"CINTILLO","link":"https:\/\/www.grieta.org.mx\/index.php\/category\/cintillo\/"},"img":{"alt_text":"","src":"https:\/\/i0.wp.com\/www.grieta.org.mx\/wp-content\/uploads\/2019\/11\/Detienen-tr%C3%A1iler-con-120-migrantes-en-la-M%C3%A9xico-Quer%C3%A9taro-nov.jpg?resize=350%2C200&ssl=1","width":350,"height":200,"srcset":"https:\/\/i0.wp.com\/www.grieta.org.mx\/wp-content\/uploads\/2019\/11\/Detienen-tr%C3%A1iler-con-120-migrantes-en-la-M%C3%A9xico-Quer%C3%A9taro-nov.jpg?resize=350%2C200&ssl=1 1x, https:\/\/i0.wp.com\/www.grieta.org.mx\/wp-content\/uploads\/2019\/11\/Detienen-tr%C3%A1iler-con-120-migrantes-en-la-M%C3%A9xico-Quer%C3%A9taro-nov.jpg?resize=525%2C300&ssl=1 1.5x, https:\/\/i0.wp.com\/www.grieta.org.mx\/wp-content\/uploads\/2019\/11\/Detienen-tr%C3%A1iler-con-120-migrantes-en-la-M%C3%A9xico-Quer%C3%A9taro-nov.jpg?resize=700%2C400&ssl=1 2x"},"classes":[]},{"id":47582,"url":"https:\/\/www.grieta.org.mx\/index.php\/2020\/04\/08\/pobladores-de-santiago-mexquititlan-denuncian-acoso-de-autoridades-municipales-y-llaman-a-la-solidariad-de-la-ciudadania-queretaro\/","url_meta":{"origin":58079,"position":5},"title":"POBLADORES DE SANTIAGO MEXQUITITL\u00c1N DENUNCIAN ACOSO DE AUTORIDADES MUNICIPALES Y LLAMAN A LA SOLIDARIAD DE LA CIUDADAN\u00cdA (Quer\u00e9taro)","author":"grieta","date":"8 abril, 2020","format":false,"excerpt":"Imagen tomada de: sanpanchotv.wordpress.com TV San Pancho Pese a la cuarentena declarada para mitigar la expansi\u00f3n del COVID-19, la comunidad de Santiago Mexquititl\u00e1n contin\u00faa organizando su Concejo comunitario, donde adem\u00e1s de construir mecanismos comunitarios para atender la seguridad, la educaci\u00f3n y el comercio, tambi\u00e9n apuestan a la salud comunitaria. En\u2026","rel":"","context":"En &quot;Abuso policiaco y tortura en Quer\u00e9taro&quot;","block_context":{"text":"Abuso policiaco y tortura en Quer\u00e9taro","link":"https:\/\/www.grieta.org.mx\/index.php\/category\/noticias-nacionales\/queretaro\/abuso-policiaco-y-tortura-en-queretaro\/"},"img":{"alt_text":"","src":"https:\/\/i0.wp.com\/www.grieta.org.mx\/wp-content\/uploads\/2020\/04\/POBLADORES-DE-SANTIAGO-MEXQUITITL%C3%81N-DENUNCIAN-ACOSO-DE-AUTORIDADES-MUNICIPALES-Y-LLAMAN-A-LA-SOLIDARIAD-DE-LA-CIUDADAN%C3%8DA-qro-abr.jpg?resize=350%2C200&ssl=1","width":350,"height":200,"srcset":"https:\/\/i0.wp.com\/www.grieta.org.mx\/wp-content\/uploads\/2020\/04\/POBLADORES-DE-SANTIAGO-MEXQUITITL%C3%81N-DENUNCIAN-ACOSO-DE-AUTORIDADES-MUNICIPALES-Y-LLAMAN-A-LA-SOLIDARIAD-DE-LA-CIUDADAN%C3%8DA-qro-abr.jpg?resize=350%2C200&ssl=1 1x, https:\/\/i0.wp.com\/www.grieta.org.mx\/wp-content\/uploads\/2020\/04\/POBLADORES-DE-SANTIAGO-MEXQUITITL%C3%81N-DENUNCIAN-ACOSO-DE-AUTORIDADES-MUNICIPALES-Y-LLAMAN-A-LA-SOLIDARIAD-DE-LA-CIUDADAN%C3%8DA-qro-abr.jpg?resize=525%2C300&ssl=1 1.5x, https:\/\/i0.wp.com\/www.grieta.org.mx\/wp-content\/uploads\/2020\/04\/POBLADORES-DE-SANTIAGO-MEXQUITITL%C3%81N-DENUNCIAN-ACOSO-DE-AUTORIDADES-MUNICIPALES-Y-LLAMAN-A-LA-SOLIDARIAD-DE-LA-CIUDADAN%C3%8DA-qro-abr.jpg?resize=700%2C400&ssl=1 2x"},"classes":[]}],"_links":{"self":[{"href":"https:\/\/www.grieta.org.mx\/index.php\/wp-json\/wp\/v2\/posts\/58079","targetHints":{"allow":["GET"]}}],"collection":[{"href":"https:\/\/www.grieta.org.mx\/index.php\/wp-json\/wp\/v2\/posts"}],"about":[{"href":"https:\/\/www.grieta.org.mx\/index.php\/wp-json\/wp\/v2\/types\/post"}],"author":[{"embeddable":true,"href":"https:\/\/www.grieta.org.mx\/index.php\/wp-json\/wp\/v2\/users\/2"}],"replies":[{"embeddable":true,"href":"https:\/\/www.grieta.org.mx\/index.php\/wp-json\/wp\/v2\/comments?post=58079"}],"version-history":[{"count":1,"href":"https:\/\/www.grieta.org.mx\/index.php\/wp-json\/wp\/v2\/posts\/58079\/revisions"}],"predecessor-version":[{"id":58082,"href":"https:\/\/www.grieta.org.mx\/index.php\/wp-json\/wp\/v2\/posts\/58079\/revisions\/58082"}],"wp:featuredmedia":[{"embeddable":true,"href":"https:\/\/www.grieta.org.mx\/index.php\/wp-json\/wp\/v2\/media\/58081"}],"wp:attachment":[{"href":"https:\/\/www.grieta.org.mx\/index.php\/wp-json\/wp\/v2\/media?parent=58079"}],"wp:term":[{"taxonomy":"category","embeddable":true,"href":"https:\/\/www.grieta.org.mx\/index.php\/wp-json\/wp\/v2\/categories?post=58079"},{"taxonomy":"post_tag","embeddable":true,"href":"https:\/\/www.grieta.org.mx\/index.php\/wp-json\/wp\/v2\/tags?post=58079"}],"curies":[{"name":"wp","href":"https:\/\/api.w.org\/{rel}","templated":true}]}}