{"id":58068,"date":"2021-03-31T13:30:28","date_gmt":"2021-03-31T19:30:28","guid":{"rendered":"http:\/\/www.grieta.org.mx\/?p=58068"},"modified":"2021-04-01T13:44:34","modified_gmt":"2021-04-01T19:44:34","slug":"estudiantes-respaldan-a-estefania-y-exigen-a-la-uady-espacios-sin-violencia-yucatan","status":"publish","type":"post","link":"https:\/\/www.grieta.org.mx\/index.php\/2021\/03\/31\/estudiantes-respaldan-a-estefania-y-exigen-a-la-uady-espacios-sin-violencia-yucatan\/","title":{"rendered":"Estudiantes respaldan a Estefan\u00eda y exigen a la UADY espacios sin violencia (Yucat\u00e1n)"},"content":{"rendered":"<p><img loading=\"lazy\" decoding=\"async\" data-attachment-id=\"58069\" data-permalink=\"https:\/\/www.grieta.org.mx\/index.php\/2021\/03\/31\/estudiantes-respaldan-a-estefania-y-exigen-a-la-uady-espacios-sin-violencia-yucatan\/uadynomecuida\/\" data-orig-file=\"https:\/\/www.grieta.org.mx\/wp-content\/uploads\/2021\/04\/UadyNoMeCuida-e1617305905366.png\" data-orig-size=\"800,530\" data-comments-opened=\"0\" data-image-meta=\"{&quot;aperture&quot;:&quot;0&quot;,&quot;credit&quot;:&quot;&quot;,&quot;camera&quot;:&quot;&quot;,&quot;caption&quot;:&quot;&quot;,&quot;created_timestamp&quot;:&quot;0&quot;,&quot;copyright&quot;:&quot;&quot;,&quot;focal_length&quot;:&quot;0&quot;,&quot;iso&quot;:&quot;0&quot;,&quot;shutter_speed&quot;:&quot;0&quot;,&quot;title&quot;:&quot;&quot;,&quot;orientation&quot;:&quot;0&quot;}\" data-image-title=\"UadyNoMeCuida\" data-image-description=\"\" data-image-caption=\"\" data-medium-file=\"https:\/\/www.grieta.org.mx\/wp-content\/uploads\/2021\/04\/UadyNoMeCuida-300x199.png\" data-large-file=\"https:\/\/www.grieta.org.mx\/wp-content\/uploads\/2021\/04\/UadyNoMeCuida-e1617305905366.png\" src=\"http:\/\/www.grieta.org.mx\/wp-content\/uploads\/2021\/04\/UadyNoMeCuida-e1617305905366.png\" alt=\"\" width=\"800\" height=\"530\" class=\"alignnone size-full wp-image-58069\" \/><\/p>\n<p>Claudia Arriaga \/ Haz Ruido<\/p>\n<blockquote><p>Al grito de \u201c\u00a1la UADY no me cuida, me cuidan mis amigas!\u201d, las j\u00f3venes protestaron en las puertas de la Facultad de Medicina tras darse a conocer el caso de abuso sexual.<\/p><\/blockquote>\n<p>M\u00e9rida, Yucat\u00e1n, 31 de marzo del 2021.-  Estudiantes de la Universidad Aut\u00f3noma de Yucat\u00e1n (UADY) protestaron a las puertas de la Facultad de Medicina en respaldo a la joven Estefan\u00eda Balam Campos, quien denunci\u00f3 que durante sus pr\u00e1cticas profesionales en el Centro de Rehabilitaci\u00f3n Arca de No\u00e9 fue v\u00edctima de abuso sexual.  Adem\u00e1s, exigieron a las autoridades acad\u00e9micas que tomen acciones que garanticen espacios seguros de cualquier violencia de g\u00e9nero contra las mujeres.<\/p>\n<p>Una de las estudiantes que acudi\u00f3 a apoyar a sus compa\u00f1eras enfatiz\u00f3 que buscan visibilizar la violencia que viven cuando estudian, la cual muchas veces no denuncian por verg\u00fcenza y miedo.<\/p>\n<p><img loading=\"lazy\" decoding=\"async\" data-attachment-id=\"58070\" data-permalink=\"https:\/\/www.grieta.org.mx\/index.php\/2021\/03\/31\/estudiantes-respaldan-a-estefania-y-exigen-a-la-uady-espacios-sin-violencia-yucatan\/uadynomecuida2\/\" data-orig-file=\"https:\/\/www.grieta.org.mx\/wp-content\/uploads\/2021\/04\/UadyNoMeCuida2.png\" data-orig-size=\"651,428\" data-comments-opened=\"0\" data-image-meta=\"{&quot;aperture&quot;:&quot;0&quot;,&quot;credit&quot;:&quot;&quot;,&quot;camera&quot;:&quot;&quot;,&quot;caption&quot;:&quot;&quot;,&quot;created_timestamp&quot;:&quot;0&quot;,&quot;copyright&quot;:&quot;&quot;,&quot;focal_length&quot;:&quot;0&quot;,&quot;iso&quot;:&quot;0&quot;,&quot;shutter_speed&quot;:&quot;0&quot;,&quot;title&quot;:&quot;&quot;,&quot;orientation&quot;:&quot;0&quot;}\" data-image-title=\"UadyNoMeCuida2\" data-image-description=\"\" data-image-caption=\"\" data-medium-file=\"https:\/\/www.grieta.org.mx\/wp-content\/uploads\/2021\/04\/UadyNoMeCuida2-300x197.png\" data-large-file=\"https:\/\/www.grieta.org.mx\/wp-content\/uploads\/2021\/04\/UadyNoMeCuida2.png\" src=\"http:\/\/www.grieta.org.mx\/wp-content\/uploads\/2021\/04\/UadyNoMeCuida2.png\" alt=\"\" width=\"651\" height=\"428\" class=\"alignnone size-full wp-image-58070\" srcset=\"https:\/\/www.grieta.org.mx\/wp-content\/uploads\/2021\/04\/UadyNoMeCuida2.png 651w, https:\/\/www.grieta.org.mx\/wp-content\/uploads\/2021\/04\/UadyNoMeCuida2-300x197.png 300w\" sizes=\"auto, (max-width: 651px) 100vw, 651px\" \/><\/p>\n<p> \u201cA toda la sociedad le pido que tenga empat\u00eda, porque el hecho de que ustedes o sus familias no vivan esto, no quiere decir que no exista. Lo estamos visibilizando porque nuestras compa\u00f1eras sienten que las van a rechazar y criticar como muchos de ustedes han hecho\u201d, explic\u00f3.<\/p>\n<p> Lament\u00f3 que para muchas personas estos temas no son relevantes y se burlan. \u201cQue piensen si es justo que por venir a estudiar y superarnos tenemos que pasar por todo esto, yo creo que no\u201d, abund\u00f3.<\/p>\n<p><img loading=\"lazy\" decoding=\"async\" data-attachment-id=\"58071\" data-permalink=\"https:\/\/www.grieta.org.mx\/index.php\/2021\/03\/31\/estudiantes-respaldan-a-estefania-y-exigen-a-la-uady-espacios-sin-violencia-yucatan\/uadynomecuida3\/\" data-orig-file=\"https:\/\/www.grieta.org.mx\/wp-content\/uploads\/2021\/04\/UadyNoMeCuida3.png\" data-orig-size=\"645,430\" data-comments-opened=\"0\" data-image-meta=\"{&quot;aperture&quot;:&quot;0&quot;,&quot;credit&quot;:&quot;&quot;,&quot;camera&quot;:&quot;&quot;,&quot;caption&quot;:&quot;&quot;,&quot;created_timestamp&quot;:&quot;0&quot;,&quot;copyright&quot;:&quot;&quot;,&quot;focal_length&quot;:&quot;0&quot;,&quot;iso&quot;:&quot;0&quot;,&quot;shutter_speed&quot;:&quot;0&quot;,&quot;title&quot;:&quot;&quot;,&quot;orientation&quot;:&quot;0&quot;}\" data-image-title=\"UadyNoMeCuida3\" data-image-description=\"\" data-image-caption=\"\" data-medium-file=\"https:\/\/www.grieta.org.mx\/wp-content\/uploads\/2021\/04\/UadyNoMeCuida3-300x200.png\" data-large-file=\"https:\/\/www.grieta.org.mx\/wp-content\/uploads\/2021\/04\/UadyNoMeCuida3.png\" src=\"http:\/\/www.grieta.org.mx\/wp-content\/uploads\/2021\/04\/UadyNoMeCuida3.png\" alt=\"\" width=\"645\" height=\"430\" class=\"alignnone size-full wp-image-58071\" srcset=\"https:\/\/www.grieta.org.mx\/wp-content\/uploads\/2021\/04\/UadyNoMeCuida3.png 645w, https:\/\/www.grieta.org.mx\/wp-content\/uploads\/2021\/04\/UadyNoMeCuida3-300x200.png 300w\" sizes=\"auto, (max-width: 645px) 100vw, 645px\" \/><\/p>\n<p>Al grito de \u201c\u00a1la UADY no me cuida, me cuidan mis amigas!\u201d, las j\u00f3venes instalaron un tenedero a la puerta de la Facultad. Adem\u00e1s, recordaron que la Universidad no solo ignora sus denuncias, sino que contribuye a revictimizarlas cuando en lugar de solucionar el problema, son ellas las que tiene que esconderse.<\/p>\n<p>\u201cNo es justo que mis sue\u00f1os se trunquen por alguien que me acosa, por un directivo, un secretario o una persona que simplemente me violenta. Exijo servicios sociales dignos de sentirnos seguras y no simplemente nos muevan de un lugar por el cual luchamos, en una instituci\u00f3n en la cual nosotras luchamos por mantener un promedio alto\u201d, coment\u00f3 otra estudiante.<\/p>\n<p>Sobre el caso de Estefan\u00eda Balam, la UADY inform\u00f3 que despu\u00e9s de hacerse p\u00fablico, termin\u00f3 la relaci\u00f3n con el Centro de Rehabilitaci\u00f3n Arca de No\u00e9 y que interpuso una denuncia ante la Fiscal\u00eda de Yucat\u00e1n.<\/p>\n<p>Sin embargo, la joven exhibi\u00f3 en redes sociales que el director de la Facultad de Medicina, Carlos Jos\u00e9 Castro Sansores, lejos de darle seguimiento al caso respondi\u00f3 que como era alumna egresada ya no era de su competencia. De nada sirvi\u00f3 que la joven pidiera ayuda hace dos a\u00f1os, cuando ocurrieron los hechos, pues la docente encargada de las pr\u00e1cticas profesionales, Mar\u00eda del Rosario Barradas Castillo, la ignor\u00f3.<\/p>\n<p><a href=\"https:\/\/www.hazruido.mx\/reportes\/estudiantes-respaldan-a-estefania-y-exigen-a-la-uady-espacios-sin-violencia\/\" rel=\"noopener\" target=\"_blank\">https:\/\/www.hazruido.mx\/reportes\/estudiantes-respaldan-a-estefania-y-exigen-a-la-uady-espacios-sin-violencia\/<\/a><\/p>\n","protected":false},"excerpt":{"rendered":"<p>Claudia Arriaga \/ Haz Ruido Al grito de \u201c\u00a1la UADY no me cuida, me cuidan mis amigas!\u201d, las j\u00f3venes protestaron en las puertas de la Facultad de Medicina tras darse &hellip; <a href=\"https:\/\/www.grieta.org.mx\/index.php\/2021\/03\/31\/estudiantes-respaldan-a-estefania-y-exigen-a-la-uady-espacios-sin-violencia-yucatan\/\" class=\"more-link\">Leer m\u00e1s<\/a><\/p>\n","protected":false},"author":2,"featured_media":58069,"comment_status":"closed","ping_status":"closed","sticky":false,"template":"","format":"standard","meta":{"ngg_post_thumbnail":0,"_jetpack_newsletter_access":"","_jetpack_dont_email_post_to_subs":false,"_jetpack_newsletter_tier_id":0,"_jetpack_memberships_contains_paywalled_content":false,"_jetpack_memberships_contains_paid_content":false,"footnotes":""},"categories":[80,3168,2,36],"tags":[3616,3225,3381,157],"class_list":["post-58068","post","type-post","status-publish","format-standard","has-post-thumbnail","hentry","category-cintillo","category-lucha-de-las-mujeres-en-yucatan","category-noticias-nacionales","category-yucatan","tag-acoso-contra-mujeres-estudiantes","tag-aumento-de-la-violencia-contra-las-mujeres","tag-estudiantes-medicina","tag-uady","entry"],"jetpack_featured_media_url":"https:\/\/www.grieta.org.mx\/wp-content\/uploads\/2021\/04\/UadyNoMeCuida-e1617305905366.png","jetpack_sharing_enabled":true,"jetpack_shortlink":"https:\/\/wp.me\/p7ZJR4-f6A","jetpack_likes_enabled":false,"jetpack-related-posts":[{"id":65881,"url":"https:\/\/www.grieta.org.mx\/index.php\/2022\/12\/06\/alumnas-de-la-prepa-2-de-la-uady-protestan-por-caso-de-violencia-sexual-yucatan\/","url_meta":{"origin":58068,"position":0},"title":"Alumnas de la Prepa 2 de la UADY protestan por caso de violencia sexual (Yucat\u00e1n)","author":"grieta","date":"6 diciembre, 2022","format":false,"excerpt":"Daniel Santiago \/ Por Esto! La tarde de hoy alumnos, familiares, amigos de Valeria quien fuese v\u00edctima de abuso sexual, realizaron una manifestaci\u00f3n a las afueras del edificio central de la Universidad Aut\u00f3noma de Yucat\u00e1n (UADY) ubicado en el centro de M\u00e9rida bloqueando la calle 60 y 57 con el\u2026","rel":"","context":"En &quot;CINTILLO&quot;","block_context":{"text":"CINTILLO","link":"https:\/\/www.grieta.org.mx\/index.php\/category\/cintillo\/"},"img":{"alt_text":"","src":"https:\/\/i0.wp.com\/www.grieta.org.mx\/wp-content\/uploads\/2022\/12\/uady-e1670419351387.jpg?resize=350%2C200&ssl=1","width":350,"height":200,"srcset":"https:\/\/i0.wp.com\/www.grieta.org.mx\/wp-content\/uploads\/2022\/12\/uady-e1670419351387.jpg?resize=350%2C200&ssl=1 1x, https:\/\/i0.wp.com\/www.grieta.org.mx\/wp-content\/uploads\/2022\/12\/uady-e1670419351387.jpg?resize=525%2C300&ssl=1 1.5x, https:\/\/i0.wp.com\/www.grieta.org.mx\/wp-content\/uploads\/2022\/12\/uady-e1670419351387.jpg?resize=700%2C400&ssl=1 2x"},"classes":[]},{"id":55696,"url":"https:\/\/www.grieta.org.mx\/index.php\/2020\/12\/10\/protestan-para-que-agresores-no-lleguen-al-consejo-de-la-uady\/","url_meta":{"origin":58068,"position":1},"title":"Protestan para que agresores no lleguen al Consejo de la UADY","author":"grieta","date":"10 diciembre, 2020","format":false,"excerpt":"Lilia Balam \/ Haz Ruido En plenas elecciones universitarias, exigen que no se permita que compitan como candidatos los estudiantes acusados de abuso, acoso sexual o de emplear lenguaje que incita al odio contra las mujeres. M\u00e9rida, Yucat\u00e1n, 10 de diciembre del 2020.-Estudiantes de diversas facultades de la Universidad Aut\u00f3noma\u2026","rel":"","context":"En &quot;CINTILLO&quot;","block_context":{"text":"CINTILLO","link":"https:\/\/www.grieta.org.mx\/index.php\/category\/cintillo\/"},"img":{"alt_text":"","src":"https:\/\/i0.wp.com\/www.grieta.org.mx\/wp-content\/uploads\/2020\/12\/84a5dbc8-3725-4bce-a4aa-7112a0f312f6-e1607710869646.jpg?resize=350%2C200&ssl=1","width":350,"height":200,"srcset":"https:\/\/i0.wp.com\/www.grieta.org.mx\/wp-content\/uploads\/2020\/12\/84a5dbc8-3725-4bce-a4aa-7112a0f312f6-e1607710869646.jpg?resize=350%2C200&ssl=1 1x, https:\/\/i0.wp.com\/www.grieta.org.mx\/wp-content\/uploads\/2020\/12\/84a5dbc8-3725-4bce-a4aa-7112a0f312f6-e1607710869646.jpg?resize=525%2C300&ssl=1 1.5x, https:\/\/i0.wp.com\/www.grieta.org.mx\/wp-content\/uploads\/2020\/12\/84a5dbc8-3725-4bce-a4aa-7112a0f312f6-e1607710869646.jpg?resize=700%2C400&ssl=1 2x"},"classes":[]},{"id":65917,"url":"https:\/\/www.grieta.org.mx\/index.php\/2022\/12\/12\/estudiantes-de-medicina-protestan-por-deficiente-plan-de-estudios-de-la-uady-yucatan\/","url_meta":{"origin":58068,"position":2},"title":"Estudiantes de Medicina protestan por deficiente plan de estudios de la UADY (Yucat\u00e1n)","author":"grieta","date":"12 diciembre, 2022","format":false,"excerpt":"Haz Ruido Los m\u00e9dicos en formaci\u00f3n acusaron a los profesores y directivos de tener poca empat\u00eda y cerraz\u00f3n a sus necesidades, pues incluso han presentado cuadros de ansiedad y depresi\u00f3n por la sobrecarga acad\u00e9mica. M\u00e9rida, Yucat\u00e1n, 12 de diciembre de 2022.-Estudiantes de la Facultad de Medicina de la Universidad Aut\u00f3noma\u2026","rel":"","context":"En &quot;CINTILLO&quot;","block_context":{"text":"CINTILLO","link":"https:\/\/www.grieta.org.mx\/index.php\/category\/cintillo\/"},"img":{"alt_text":"","src":"https:\/\/i0.wp.com\/www.grieta.org.mx\/wp-content\/uploads\/2022\/12\/UadyMedicina-e1671033757697.jpg?resize=350%2C200&ssl=1","width":350,"height":200,"srcset":"https:\/\/i0.wp.com\/www.grieta.org.mx\/wp-content\/uploads\/2022\/12\/UadyMedicina-e1671033757697.jpg?resize=350%2C200&ssl=1 1x, https:\/\/i0.wp.com\/www.grieta.org.mx\/wp-content\/uploads\/2022\/12\/UadyMedicina-e1671033757697.jpg?resize=525%2C300&ssl=1 1.5x, https:\/\/i0.wp.com\/www.grieta.org.mx\/wp-content\/uploads\/2022\/12\/UadyMedicina-e1671033757697.jpg?resize=700%2C400&ssl=1 2x"},"classes":[]},{"id":34517,"url":"https:\/\/www.grieta.org.mx\/index.php\/2019\/06\/10\/alumnos-de-la-uady-protestan-ante-caso-de-acoso-yucatan\/","url_meta":{"origin":58068,"position":3},"title":"Alumnos de la Uady protestan ante caso de acoso (Yucat\u00e1n)","author":"grieta","date":"10 junio, 2019","format":false,"excerpt":"Yucat\u00e1n a la Mano Tras la denuncia que realiz\u00f3 por medio de redes sociales una estudiante de la Preparatoria 1 de la Universidad Aut\u00f3noma de Yucat\u00e1n (Uady), en la cual acusaba a un profesor de haberla acosado, un grupo de j\u00f3venes realiza una marcha en apoyo a la alumna. Con\u2026","rel":"","context":"En &quot;CINTILLO&quot;","block_context":{"text":"CINTILLO","link":"https:\/\/www.grieta.org.mx\/index.php\/category\/cintillo\/"},"img":{"alt_text":"","src":"https:\/\/i0.wp.com\/www.grieta.org.mx\/wp-content\/uploads\/2019\/06\/UadyAcoso.png?resize=350%2C200&ssl=1","width":350,"height":200,"srcset":"https:\/\/i0.wp.com\/www.grieta.org.mx\/wp-content\/uploads\/2019\/06\/UadyAcoso.png?resize=350%2C200&ssl=1 1x, https:\/\/i0.wp.com\/www.grieta.org.mx\/wp-content\/uploads\/2019\/06\/UadyAcoso.png?resize=525%2C300&ssl=1 1.5x, https:\/\/i0.wp.com\/www.grieta.org.mx\/wp-content\/uploads\/2019\/06\/UadyAcoso.png?resize=700%2C400&ssl=1 2x, https:\/\/i0.wp.com\/www.grieta.org.mx\/wp-content\/uploads\/2019\/06\/UadyAcoso.png?resize=1050%2C600&ssl=1 3x"},"classes":[]},{"id":63391,"url":"https:\/\/www.grieta.org.mx\/index.php\/2022\/02\/16\/estudiantes-de-la-prepa-uno-protestan-contra-la-homofobia-de-la-uady-yucatan\/","url_meta":{"origin":58068,"position":4},"title":"Estudiantes de la Prepa Uno protestan contra la homofobia de la UADY (Yucat\u00e1n)","author":"grieta","date":"16 febrero, 2022","format":false,"excerpt":"Por Herbeth Escalante y fotograf\u00edas de Lorenzo Hern\u00e1ndez Las y los alumnos se manifestaron en la puerta de la escuela para exigir que se respete la diversidad sexual y cesen los actos de homofobia y transfobia por parte de los directivos y maestros. M\u00e9rida, Yucat\u00e1n, 16 de febrero de 2022.-\u2026","rel":"","context":"En &quot;CINTILLO&quot;","block_context":{"text":"CINTILLO","link":"https:\/\/www.grieta.org.mx\/index.php\/category\/cintillo\/"},"img":{"alt_text":"","src":"https:\/\/i0.wp.com\/www.grieta.org.mx\/wp-content\/uploads\/2022\/02\/UADYHomofobica-e1645116481699.png?resize=350%2C200&ssl=1","width":350,"height":200,"srcset":"https:\/\/i0.wp.com\/www.grieta.org.mx\/wp-content\/uploads\/2022\/02\/UADYHomofobica-e1645116481699.png?resize=350%2C200&ssl=1 1x, https:\/\/i0.wp.com\/www.grieta.org.mx\/wp-content\/uploads\/2022\/02\/UADYHomofobica-e1645116481699.png?resize=525%2C300&ssl=1 1.5x, https:\/\/i0.wp.com\/www.grieta.org.mx\/wp-content\/uploads\/2022\/02\/UADYHomofobica-e1645116481699.png?resize=700%2C400&ssl=1 2x"},"classes":[]},{"id":44456,"url":"https:\/\/www.grieta.org.mx\/index.php\/2020\/02\/17\/uady-sin-acoso-senala-nuevos-casos-de-acoso-a-estudiantes\/","url_meta":{"origin":58068,"position":5},"title":"&#8216;UADY sin acoso&#8217; se\u00f1ala nuevos casos de acoso a estudiantes","author":"grieta","date":"17 febrero, 2020","format":false,"excerpt":"La Verdad Uady sin acoso se\u00f1ala nuevos casos de acoso a estudiantes Como bien se sabe la Universidad Aut\u00f3noma de Yucat\u00e1n ha sufrido muchos se\u00f1alamientos por presuntos casos de acoso a estudiantes y esta ocasi\u00f3n no es la excepci\u00f3n. Este nuevo caso se supo gracias a que el portal \u2018UADY\u2026","rel":"","context":"En &quot;CINTILLO&quot;","block_context":{"text":"CINTILLO","link":"https:\/\/www.grieta.org.mx\/index.php\/category\/cintillo\/"},"img":{"alt_text":"","src":"https:\/\/i0.wp.com\/www.grieta.org.mx\/wp-content\/uploads\/2020\/02\/denuncia_abuso_en_uady_1.jpg_793492074.jpg?resize=350%2C200&ssl=1","width":350,"height":200,"srcset":"https:\/\/i0.wp.com\/www.grieta.org.mx\/wp-content\/uploads\/2020\/02\/denuncia_abuso_en_uady_1.jpg_793492074.jpg?resize=350%2C200&ssl=1 1x, https:\/\/i0.wp.com\/www.grieta.org.mx\/wp-content\/uploads\/2020\/02\/denuncia_abuso_en_uady_1.jpg_793492074.jpg?resize=525%2C300&ssl=1 1.5x, https:\/\/i0.wp.com\/www.grieta.org.mx\/wp-content\/uploads\/2020\/02\/denuncia_abuso_en_uady_1.jpg_793492074.jpg?resize=700%2C400&ssl=1 2x"},"classes":[]}],"_links":{"self":[{"href":"https:\/\/www.grieta.org.mx\/index.php\/wp-json\/wp\/v2\/posts\/58068","targetHints":{"allow":["GET"]}}],"collection":[{"href":"https:\/\/www.grieta.org.mx\/index.php\/wp-json\/wp\/v2\/posts"}],"about":[{"href":"https:\/\/www.grieta.org.mx\/index.php\/wp-json\/wp\/v2\/types\/post"}],"author":[{"embeddable":true,"href":"https:\/\/www.grieta.org.mx\/index.php\/wp-json\/wp\/v2\/users\/2"}],"replies":[{"embeddable":true,"href":"https:\/\/www.grieta.org.mx\/index.php\/wp-json\/wp\/v2\/comments?post=58068"}],"version-history":[{"count":1,"href":"https:\/\/www.grieta.org.mx\/index.php\/wp-json\/wp\/v2\/posts\/58068\/revisions"}],"predecessor-version":[{"id":58072,"href":"https:\/\/www.grieta.org.mx\/index.php\/wp-json\/wp\/v2\/posts\/58068\/revisions\/58072"}],"wp:featuredmedia":[{"embeddable":true,"href":"https:\/\/www.grieta.org.mx\/index.php\/wp-json\/wp\/v2\/media\/58069"}],"wp:attachment":[{"href":"https:\/\/www.grieta.org.mx\/index.php\/wp-json\/wp\/v2\/media?parent=58068"}],"wp:term":[{"taxonomy":"category","embeddable":true,"href":"https:\/\/www.grieta.org.mx\/index.php\/wp-json\/wp\/v2\/categories?post=58068"},{"taxonomy":"post_tag","embeddable":true,"href":"https:\/\/www.grieta.org.mx\/index.php\/wp-json\/wp\/v2\/tags?post=58068"}],"curies":[{"name":"wp","href":"https:\/\/api.w.org\/{rel}","templated":true}]}}