{"id":58062,"date":"2021-03-31T12:39:03","date_gmt":"2021-03-31T18:39:03","guid":{"rendered":"https:\/\/www.grieta.org.mx\/?p=58062"},"modified":"2021-04-01T12:42:41","modified_gmt":"2021-04-01T18:42:41","slug":"ser-trans-y-vivir-con-una-discapacidad-el-desafio-a-la-doble-exclusion-chihuahua","status":"publish","type":"post","link":"https:\/\/www.grieta.org.mx\/index.php\/2021\/03\/31\/ser-trans-y-vivir-con-una-discapacidad-el-desafio-a-la-doble-exclusion-chihuahua\/","title":{"rendered":"Ser Trans y vivir con una discapacidad, el desaf\u00edo a la doble exclusi\u00f3n (Chihuahua)"},"content":{"rendered":"<div id=\"post-feat-img\" class=\"left relative\"><img loading=\"lazy\" decoding=\"async\" class=\"attachment- size- wp-post-image\" src=\"https:\/\/laverdadjuarez.com\/wp-content\/uploads\/2021\/03\/1.jpg\" sizes=\"auto, (max-width: 1632px) 100vw, 1632px\" srcset=\"https:\/\/laverdadjuarez.com\/wp-content\/uploads\/2021\/03\/1.jpg 1632w, https:\/\/laverdadjuarez.com\/wp-content\/uploads\/2021\/03\/1-300x169.jpg 300w, https:\/\/laverdadjuarez.com\/wp-content\/uploads\/2021\/03\/1-1024x576.jpg 1024w, https:\/\/laverdadjuarez.com\/wp-content\/uploads\/2021\/03\/1-768x432.jpg 768w, https:\/\/laverdadjuarez.com\/wp-content\/uploads\/2021\/03\/1-1536x864.jpg 1536w\" alt=\"\" width=\"802\" height=\"451\" \/><\/p>\n<div class=\"post-feat-text\"><span class=\"feat-caption\">FOTOGRAF\u00cdA: Verdad Ju\u00e1rez<\/span><\/div>\n<\/div>\n<div id=\"content-area\" class=\"post-20059 post type-post status-publish format-standard has-post-thumbnail hentry category-derechos-humanos-2 category-juarez tag-discapacidad tag-portada tag-trans\">\n<div class=\"post-cont-out\">\n<div class=\"post-cont-in\">\n<div id=\"content-main\" class=\"left relative\">\n<section class=\"social-sharing-top\">\n<div class=\"social-comments comment-click-20059\"><\/div>\n<\/section>\n<p><strong><em>Hablar sobre sexualidad y diversidad sexual de las personas con discapacidad, cualquiera que esta sea, es un tab\u00fa dentro de la sociedad, que por su condici\u00f3n los infantiliza, les quitan derechos, los nulifica<\/em><\/strong><\/p>\n<p><strong>Karen Cano<\/strong>\u00a0\/\u00a0La Verdad<\/p>\n<p>Tras un virus que afect\u00f3 a sus o\u00eddos, Erick Eduardo M\u00e1rquez Altamirano, activista LGBT, perdi\u00f3 la capacidad de escuchar desde el 2015, situaci\u00f3n que \u00a0lo oblig\u00f3 a aprender el Lenguaje de Se\u00f1as Mexicanas.<\/p>\n<p>\u201cPens\u00e9 que ya no iba a escuchar nada, pero he podido recuperar poco a poco. Un o\u00eddo si lo perd\u00ed, pero del otro s\u00ed mejor\u00e9\u201d, relata al exponer c\u00f3mo esta discapacidad afecta a las personas cuya identidad no es heteronormativa, excluy\u00e9ndoles de diversos espacios ya no s\u00f3lo por su identidad de g\u00e9nero o preferencia sexual, sino tambi\u00e9n, por su incapacidad para poder comunicarse.<\/p>\n<p>\u201cAfortunadamente yo contaba con conocimiento y una gran red de apoyo, pero hay diversos estudios que indican que el 95 por ciento de las personas que nacieron sordas no saben leer ni escribir, entonces no cuentan con un canal de comunicaci\u00f3n\u201d, explica.<\/p>\n<p>Una condici\u00f3n que, asegura, impide que se cuente con una adecuada educaci\u00f3n sexual o que dif\u00edcilmente sean informados e informadas acerca de sus derechos y temas relacionados a la diversidad.<\/p>\n<p>Esto es reflexionado por Erick en el marco del D\u00eda de la Visibilidad Trans, fecha que conmemora la defensa de los derechos humanos de esta poblaci\u00f3n, as\u00ed como la necesidad de hacerlos visibles en la comunidad.<\/p>\n<p>El tambi\u00e9n docente y experto en educaci\u00f3n especial reconoce que hablar sobre la sexualidad de las personas con discapacidad, cualquiera que esta sea, es un tab\u00fa dentro de la sociedad, pues se tiende a infantilizar a las personas que poseen alguna, e incluso, se les minimiza en la mayor\u00eda de los casos, y se les considera incapaces de tomar decisiones.<\/p>\n<p>\u201cEn las familias con hijos con discapacidad se desarrolla un duelo, y la \u00fanica manera que han encontrado de sanarlo es por medio de las religiones, que los abrazan, y empiezan a nombrar a sus hijos como \u2018angelitos\u2019. Les empiezan a infantilizar y hasta les quitan derechos, los nulifican\u201d, expone.<\/p>\n<p>Adem\u00e1s, ambas vulnerabilidades, como son la discapacidad y el ser transexual o transg\u00e9nero, ya representan por s\u00ed mismas una raz\u00f3n de discriminaci\u00f3n en diversos espacios, lo que duplica las dificultades de estas personas al momento de querer obtener un trabajo, querer pertenecer a espacios acad\u00e9micos, o simplemente solicitar un servicio cualquier en instancias gubernamentales.<\/p>\n<p>\u201cEn el caso de las mujeres trans, sordas, ellas reciben una triple discriminaci\u00f3n, por ser trans, por ser sordas y por ser mujeres. Al final, todo recae en que no existe un canal de comunicaci\u00f3n; y si ya de por s\u00ed las cosas son dif\u00edciles para las personas trans oyentes, para alguien que ni siquiera puede defenderse es peor\u201d, indica.<\/p>\n<p>A ello a\u00f1ade que la ense\u00f1anza del Lenguaje de Se\u00f1as Mexicanas no es de f\u00e1cil acceso, que pr\u00e1cticamente ninguna instancia gubernamental cuenta con interpretes para poder atender a las personas que no escuchan y que la mayor\u00eda de las personas sordas ni siquiera culminaron la escuela por estas razones.<\/p>\n<p>Erick es desde el 2017 activista en pro de los derechos de las Personas Sordas y en 2018 fue nombrado Coordinador de la Sociedad Civil de Int\u00e9rpretes de Lengua de Se\u00f1as Mexicana, Paso del Norte, primera empresa dedicada en este rubro en la ciudad.<\/p>\n<p>Actualmente pertenece al colectivo Red Solidaria Trans, en el cual orienta a personas de la comunidad LGBT que son sordas, para que puedan acceder al ejercicio de sus derechos.<\/p>\n<p>Este mi\u00e9rcoles 31 de marzo, estar\u00e1 presente en el conversatorio \u201cDiversidad y visibilidad TTTrans\u201d que se realizar\u00e1 a trav\u00e9s de redes sociales a partir de las 6 de la tarde.<\/p>\n<p>El organizador de esta actividad es Daniel Garc\u00eda Salinas, fundador de la Red Solidaria Trans, y activista por los derechos de esta comunidad, y relata que en un principio este colectivo se ide\u00f3 espec\u00edficamente de los hombres trans, pues son quienes culturalmente tienden a no querer ser visibilizados.<\/p>\n<p>Sin embargo, a \u00e9l tambi\u00e9n se han unido mujeres trans, y en general la red se ha enriquecido por personas que aportan desde diversas aristas en defensa de sus derechos.<\/p>\n<p>\u201cAdem\u00e1s de visibilizar los problemas de violencia y discriminaci\u00f3n tambi\u00e9n es importante la visibilidad de los derechos ganados, de que las personas sepan que existen, por ejemplo, protocolos de atenci\u00f3n de salud, que la gente sepa que tiene derecho a exigir cosas porque as\u00ed lo dicta la ley\u201d, explica<\/p>\n<blockquote class=\"wp-embedded-content\" data-secret=\"gh78itrOGo\"><p><a href=\"https:\/\/laverdadjuarez.com\/index.php\/2021\/03\/31\/ser-trans-y-vivir-con-una-discapacidad-el-desafio-a-la-doble-exclusion\/\">Ser Trans y vivir con una discapacidad, el desaf\u00edo a la doble exclusi\u00f3n<\/a><\/p><\/blockquote>\n<p><iframe loading=\"lazy\" class=\"wp-embedded-content\" sandbox=\"allow-scripts\" security=\"restricted\" style=\"position: absolute; clip: rect(1px, 1px, 1px, 1px);\" title=\"&#8220;Ser Trans y vivir con una discapacidad, el desaf\u00edo a la doble exclusi\u00f3n&#8221; &#8212; La Verdad Ju\u00e1rez\" src=\"https:\/\/laverdadjuarez.com\/index.php\/2021\/03\/31\/ser-trans-y-vivir-con-una-discapacidad-el-desafio-a-la-doble-exclusion\/embed\/#?secret=gh78itrOGo\" data-secret=\"gh78itrOGo\" width=\"600\" height=\"338\" frameborder=\"0\" marginwidth=\"0\" marginheight=\"0\" scrolling=\"no\"><\/iframe><\/p>\n<\/div>\n<\/div>\n<\/div>\n<\/div>\n","protected":false},"excerpt":{"rendered":"<p>FOTOGRAF\u00cdA: Verdad Ju\u00e1rez Hablar sobre sexualidad y diversidad sexual de las personas con discapacidad, cualquiera que esta sea, es un tab\u00fa dentro de la sociedad, que por su condici\u00f3n los &hellip; <a href=\"https:\/\/www.grieta.org.mx\/index.php\/2021\/03\/31\/ser-trans-y-vivir-con-una-discapacidad-el-desafio-a-la-doble-exclusion-chihuahua\/\" class=\"more-link\">Leer m\u00e1s<\/a><\/p>\n","protected":false},"author":2,"featured_media":58063,"comment_status":"closed","ping_status":"closed","sticky":false,"template":"","format":"standard","meta":{"ngg_post_thumbnail":0,"_jetpack_newsletter_access":"","_jetpack_dont_email_post_to_subs":false,"_jetpack_newsletter_tier_id":0,"_jetpack_memberships_contains_paywalled_content":false,"_jetpack_memberships_contains_paid_content":false,"footnotes":""},"categories":[12,80,2655],"tags":[3046,3859],"class_list":["post-58062","post","type-post","status-publish","format-standard","has-post-thumbnail","hentry","category-chihuahua","category-cintillo","category-desplazados-por-violencia-en-chihuahua","tag-exclusion-mujeres-trans","tag-mujeres-tra","entry"],"jetpack_featured_media_url":"https:\/\/www.grieta.org.mx\/wp-content\/uploads\/2021\/04\/1-1024x576-1.jpg","jetpack_sharing_enabled":true,"jetpack_shortlink":"https:\/\/wp.me\/p7ZJR4-f6u","jetpack_likes_enabled":false,"jetpack-related-posts":[{"id":10990,"url":"https:\/\/www.grieta.org.mx\/index.php\/2016\/04\/25\/movilizacion-contra-la-violencia-hacia-las-mujeres-en-chihuahua\/","url_meta":{"origin":58062,"position":0},"title":"Movilizaci\u00f3n contra la violencia hacia las mujeres en Chihuahua","author":"grieta","date":"25 abril, 2016","format":false,"excerpt":"24\/04\/16. Marchan mujeres para acabar con la violencia de g\u00e9nero en ChihuahuaEl diario de chihuahua .24\/04\/16 Protestan contra violencia de g\u00e9nero en ChihuahuaProceso 24\/04\/16. Bajo el lema de ''Vivas nos queremos'' marchan mujeres por la zona centro de CJArrobajuarez","rel":"","context":"En &quot;Chihuahua&quot;","block_context":{"text":"Chihuahua","link":"https:\/\/www.grieta.org.mx\/index.php\/category\/noticias-nacionales\/chihuahua\/"},"img":{"alt_text":"","src":"https:\/\/i0.wp.com\/www.grieta.org.mx\/wp-content\/uploads\/2018\/03\/14524434_1106112876131411_958039263622046936_o.jpg?resize=350%2C200&ssl=1","width":350,"height":200,"srcset":"https:\/\/i0.wp.com\/www.grieta.org.mx\/wp-content\/uploads\/2018\/03\/14524434_1106112876131411_958039263622046936_o.jpg?resize=350%2C200&ssl=1 1x, https:\/\/i0.wp.com\/www.grieta.org.mx\/wp-content\/uploads\/2018\/03\/14524434_1106112876131411_958039263622046936_o.jpg?resize=525%2C300&ssl=1 1.5x, https:\/\/i0.wp.com\/www.grieta.org.mx\/wp-content\/uploads\/2018\/03\/14524434_1106112876131411_958039263622046936_o.jpg?resize=700%2C400&ssl=1 2x"},"classes":[]},{"id":4042,"url":"https:\/\/www.grieta.org.mx\/index.php\/2016\/09\/07\/feminicidios-en-chihuahua\/","url_meta":{"origin":58062,"position":1},"title":"Feminicidios en Chihuahua","author":"grieta","date":"7 septiembre, 2016","format":false,"excerpt":"01\/08\/16. A 18 a\u00f1os de la desaparici\u00f3n de joven en Cd. Ju\u00e1rez, madre realiza las investigaciones que corresponde a las autoridadesRevolucionTresPuntoCero 22\/07\/16. Chihuahua sigue siendo l\u00ecder en...feminicidiosLa Parada Digital 28\/04\/16. \u201cAy\u00fadenme, s\u00e1quenme de aqu\u00ed. Sigo viva, tengo miedo\u201d; militares los detienen y llevan 7 a\u00f1os desaparecidos Revoluci\u00f3nTresPuntoCero 11\/03\/16. Familiares de\u2026","rel":"","context":"En &quot;Chihuahua&quot;","block_context":{"text":"Chihuahua","link":"https:\/\/www.grieta.org.mx\/index.php\/category\/noticias-nacionales\/chihuahua\/"},"img":{"alt_text":"","src":"https:\/\/i0.wp.com\/www.grieta.org.mx\/wp-content\/uploads\/2018\/03\/14524434_1106112876131411_958039263622046936_o.jpg?resize=350%2C200&ssl=1","width":350,"height":200,"srcset":"https:\/\/i0.wp.com\/www.grieta.org.mx\/wp-content\/uploads\/2018\/03\/14524434_1106112876131411_958039263622046936_o.jpg?resize=350%2C200&ssl=1 1x, https:\/\/i0.wp.com\/www.grieta.org.mx\/wp-content\/uploads\/2018\/03\/14524434_1106112876131411_958039263622046936_o.jpg?resize=525%2C300&ssl=1 1.5x, https:\/\/i0.wp.com\/www.grieta.org.mx\/wp-content\/uploads\/2018\/03\/14524434_1106112876131411_958039263622046936_o.jpg?resize=700%2C400&ssl=1 2x"},"classes":[]},{"id":12080,"url":"https:\/\/www.grieta.org.mx\/index.php\/2016\/05\/09\/chihuahua-caravana-de-madres-de-desaparecidos-parte-a-cdmx\/","url_meta":{"origin":58062,"position":2},"title":"Chihuahua: caravana de madres de desaparecidos parte a CDMX","author":"grieta","date":"9 mayo, 2016","format":false,"excerpt":"La Jornada Rub\u00e9n Villalpando Madres de mujeres y hombres desaparecidos en el estado de Chihuahua partieron este d\u00eda en caravana a la ciudad de M\u00e9xico para manifestarse en contra de la indiferencia oficial en torno a estos casos y para expresar su decisi\u00f3n de proseguir en la luchar. Las madres\u2026","rel":"","context":"En &quot;chihuahua&quot;","block_context":{"text":"chihuahua","link":"https:\/\/www.grieta.org.mx\/index.php\/category\/chihuahua\/"},"img":{"alt_text":"","src":"https:\/\/i0.wp.com\/www.grieta.org.mx\/wp-content\/uploads\/2018\/03\/14524434_1106112876131411_958039263622046936_o.jpg?resize=350%2C200&ssl=1","width":350,"height":200,"srcset":"https:\/\/i0.wp.com\/www.grieta.org.mx\/wp-content\/uploads\/2018\/03\/14524434_1106112876131411_958039263622046936_o.jpg?resize=350%2C200&ssl=1 1x, https:\/\/i0.wp.com\/www.grieta.org.mx\/wp-content\/uploads\/2018\/03\/14524434_1106112876131411_958039263622046936_o.jpg?resize=525%2C300&ssl=1 1.5x, https:\/\/i0.wp.com\/www.grieta.org.mx\/wp-content\/uploads\/2018\/03\/14524434_1106112876131411_958039263622046936_o.jpg?resize=700%2C400&ssl=1 2x"},"classes":[]},{"id":427,"url":"https:\/\/www.grieta.org.mx\/index.php\/2016\/08\/31\/familiares-de-desaparecidos-exigen-justicia\/","url_meta":{"origin":58062,"position":3},"title":"Familiares de desaparecidos exigen justicia","author":"grieta","date":"31 agosto, 2016","format":false,"excerpt":"31\/08\/16. \u201c\u00a1Duarte, nos fallaste!\u201d, recriminan familiares de desaparecidos en ChihuahuaProceso 10\/05\/16. Lloran mujeres por sus hijos desaparecidosEl Diario 09\/15\/16. Chihuahua: caravana de madres de desaparecidos parte a CDMXLa jornada 14\/04\/16. Duarte encubre fosas a forenses argentinos, dicen familiasSin Embargo 13\/04\/16. Acusa AI intimidaci\u00f3n de autoridades de Chihuahua sobre familiares de\u2026","rel":"","context":"En &quot;Chihuahua&quot;","block_context":{"text":"Chihuahua","link":"https:\/\/www.grieta.org.mx\/index.php\/category\/noticias-nacionales\/chihuahua\/"},"img":{"alt_text":"","src":"https:\/\/i0.wp.com\/www.grieta.org.mx\/wp-content\/uploads\/2018\/03\/14524434_1106112876131411_958039263622046936_o.jpg?resize=350%2C200&ssl=1","width":350,"height":200,"srcset":"https:\/\/i0.wp.com\/www.grieta.org.mx\/wp-content\/uploads\/2018\/03\/14524434_1106112876131411_958039263622046936_o.jpg?resize=350%2C200&ssl=1 1x, https:\/\/i0.wp.com\/www.grieta.org.mx\/wp-content\/uploads\/2018\/03\/14524434_1106112876131411_958039263622046936_o.jpg?resize=525%2C300&ssl=1 1.5x, https:\/\/i0.wp.com\/www.grieta.org.mx\/wp-content\/uploads\/2018\/03\/14524434_1106112876131411_958039263622046936_o.jpg?resize=700%2C400&ssl=1 2x"},"classes":[]},{"id":33751,"url":"https:\/\/www.grieta.org.mx\/index.php\/2011\/09\/04\/128-ninas-desaparecidas-en-chihuahua-desde-2008\/","url_meta":{"origin":58062,"position":4},"title":"128 ni\u00f1as desaparecidas en Chihuahua desde 2008","author":"grieta","date":"4 septiembre, 2011","format":false,"excerpt":"Flor Goche\/ CONTRAL\u00cdNEA A partir del despliegue de la Operaci\u00f3n Conjunta Chihuahua, las desapariciones de mujeres y ni\u00f1as se incrementaron en 400 por ciento respecto de los \u00faltimos 14 a\u00f1os en esa entidad. En lo que va de 2011, ya suman 92 las mujeres desaparecidas, en su mayor\u00eda menores de\u2026","rel":"","context":"En &quot;Chihuahua&quot;","block_context":{"text":"Chihuahua","link":"https:\/\/www.grieta.org.mx\/index.php\/category\/noticias-nacionales\/chihuahua\/"},"img":{"alt_text":"","src":"https:\/\/i0.wp.com\/www.grieta.org.mx\/wp-content\/uploads\/2018\/03\/14524434_1106112876131411_958039263622046936_o.jpg?resize=350%2C200&ssl=1","width":350,"height":200,"srcset":"https:\/\/i0.wp.com\/www.grieta.org.mx\/wp-content\/uploads\/2018\/03\/14524434_1106112876131411_958039263622046936_o.jpg?resize=350%2C200&ssl=1 1x, https:\/\/i0.wp.com\/www.grieta.org.mx\/wp-content\/uploads\/2018\/03\/14524434_1106112876131411_958039263622046936_o.jpg?resize=525%2C300&ssl=1 1.5x, https:\/\/i0.wp.com\/www.grieta.org.mx\/wp-content\/uploads\/2018\/03\/14524434_1106112876131411_958039263622046936_o.jpg?resize=700%2C400&ssl=1 2x"},"classes":[]},{"id":38097,"url":"https:\/\/www.grieta.org.mx\/index.php\/2019\/08\/16\/galeria-glitter-rosa-la-marcha-feminista-en-ciudad-juarez-chihuahua\/","url_meta":{"origin":58062,"position":5},"title":"Galer\u00eda: Glitter Rosa, la marcha feminista en Ciudad Ju\u00e1rez (Chihuahua)","author":"grieta","date":"16 agosto, 2019","format":false,"excerpt":"Redacci\u00f3n; Fotograf\u00edas: Rey J. Jauregui\/ LA VERDAD DE JU\u00c1REZ Ciudad Ju\u00e1rez \u2013 Entre gritos de consignas contra \u201cactitudes machistas\u201d, haciendo pintas y lanzando brillantina rosa, decenas de mujeres marcharon en Ciudad Ju\u00e1rez para exigir un alto a la violencia de g\u00e9nero y en protesta por la revictimizaci\u00f3n de las autoridades\u2026","rel":"","context":"En &quot;Chihuahua&quot;","block_context":{"text":"Chihuahua","link":"https:\/\/www.grieta.org.mx\/index.php\/category\/noticias-nacionales\/chihuahua\/"},"img":{"alt_text":"","src":"https:\/\/i0.wp.com\/www.grieta.org.mx\/wp-content\/uploads\/2019\/08\/Foto-Galer%C3%ADa-Mujeres.jpg?resize=350%2C200&ssl=1","width":350,"height":200,"srcset":"https:\/\/i0.wp.com\/www.grieta.org.mx\/wp-content\/uploads\/2019\/08\/Foto-Galer%C3%ADa-Mujeres.jpg?resize=350%2C200&ssl=1 1x, https:\/\/i0.wp.com\/www.grieta.org.mx\/wp-content\/uploads\/2019\/08\/Foto-Galer%C3%ADa-Mujeres.jpg?resize=525%2C300&ssl=1 1.5x, https:\/\/i0.wp.com\/www.grieta.org.mx\/wp-content\/uploads\/2019\/08\/Foto-Galer%C3%ADa-Mujeres.jpg?resize=700%2C400&ssl=1 2x, https:\/\/i0.wp.com\/www.grieta.org.mx\/wp-content\/uploads\/2019\/08\/Foto-Galer%C3%ADa-Mujeres.jpg?resize=1050%2C600&ssl=1 3x, https:\/\/i0.wp.com\/www.grieta.org.mx\/wp-content\/uploads\/2019\/08\/Foto-Galer%C3%ADa-Mujeres.jpg?resize=1400%2C800&ssl=1 4x"},"classes":[]}],"_links":{"self":[{"href":"https:\/\/www.grieta.org.mx\/index.php\/wp-json\/wp\/v2\/posts\/58062","targetHints":{"allow":["GET"]}}],"collection":[{"href":"https:\/\/www.grieta.org.mx\/index.php\/wp-json\/wp\/v2\/posts"}],"about":[{"href":"https:\/\/www.grieta.org.mx\/index.php\/wp-json\/wp\/v2\/types\/post"}],"author":[{"embeddable":true,"href":"https:\/\/www.grieta.org.mx\/index.php\/wp-json\/wp\/v2\/users\/2"}],"replies":[{"embeddable":true,"href":"https:\/\/www.grieta.org.mx\/index.php\/wp-json\/wp\/v2\/comments?post=58062"}],"version-history":[{"count":1,"href":"https:\/\/www.grieta.org.mx\/index.php\/wp-json\/wp\/v2\/posts\/58062\/revisions"}],"predecessor-version":[{"id":58064,"href":"https:\/\/www.grieta.org.mx\/index.php\/wp-json\/wp\/v2\/posts\/58062\/revisions\/58064"}],"wp:featuredmedia":[{"embeddable":true,"href":"https:\/\/www.grieta.org.mx\/index.php\/wp-json\/wp\/v2\/media\/58063"}],"wp:attachment":[{"href":"https:\/\/www.grieta.org.mx\/index.php\/wp-json\/wp\/v2\/media?parent=58062"}],"wp:term":[{"taxonomy":"category","embeddable":true,"href":"https:\/\/www.grieta.org.mx\/index.php\/wp-json\/wp\/v2\/categories?post=58062"},{"taxonomy":"post_tag","embeddable":true,"href":"https:\/\/www.grieta.org.mx\/index.php\/wp-json\/wp\/v2\/tags?post=58062"}],"curies":[{"name":"wp","href":"https:\/\/api.w.org\/{rel}","templated":true}]}}