{"id":58058,"date":"2021-03-22T12:27:53","date_gmt":"2021-03-22T18:27:53","guid":{"rendered":"https:\/\/www.grieta.org.mx\/?p=58058"},"modified":"2021-04-01T12:31:53","modified_gmt":"2021-04-01T18:31:53","slug":"tres-meses-sin-pago-a-maestros-de-telebachilleratos-en-sonora","status":"publish","type":"post","link":"https:\/\/www.grieta.org.mx\/index.php\/2021\/03\/22\/tres-meses-sin-pago-a-maestros-de-telebachilleratos-en-sonora\/","title":{"rendered":"Tres meses sin pago a maestros de telebachilleratos en Sonora"},"content":{"rendered":"<div class=\"container pt-4\">\n<div class=\"row justify-content-center\">\n<div class=\"col-md-10 col-12 p-0\">\n<figure class=\"figure d-block mt-3\"><img loading=\"lazy\" decoding=\"async\" class=\"card-img-top d-block full wp-post-image\" src=\"https:\/\/piedepagina.mx\/wp-content\/uploads\/2021\/03\/telebachilleratos_tbcsonora-1.jpg\" sizes=\"auto, (max-width: 1280px) 100vw, 1280px\" srcset=\"https:\/\/piedepagina.mx\/wp-content\/uploads\/2021\/03\/telebachilleratos_tbcsonora-1.jpg 1280w, https:\/\/piedepagina.mx\/wp-content\/uploads\/2021\/03\/telebachilleratos_tbcsonora-1-400x300.jpg 400w, https:\/\/piedepagina.mx\/wp-content\/uploads\/2021\/03\/telebachilleratos_tbcsonora-1-1200x900.jpg 1200w, https:\/\/piedepagina.mx\/wp-content\/uploads\/2021\/03\/telebachilleratos_tbcsonora-1-768x576.jpg 768w\" alt=\"\" width=\"793\" height=\"595\" \/><\/figure>\n<\/div>\n<\/div>\n<\/div>\n<div class=\"container\">\n<div class=\"row justify-content-center\">\n<div class=\"col-lg-8 col-md-10 col-12 px-4 post\">\n<p><strong>Docentes de telebachilleratos en Sonora sobreviven de prestado, o \u201cfiado\u201d en las tiendas locales. Algunos venden comida o hacen trabajos de alba\u00f1iler\u00eda. El gobierno estatal les adeuda salarios desde diciembre de 2020<\/strong><\/p>\n<p>Texto: Reyna Hayde\u00e9 Ram\u00edrez<\/p>\n<p>Foto: TBC Sonora y Cortes\u00eda<\/p>\n<p>CIUDAD DE M\u00c9XICO.- Los Telebachilleratos comunitarios fueron creados para llevar educaci\u00f3n a las zonas m\u00e1s alejadas y marginadas de M\u00e9xico y siete a\u00f1os despu\u00e9s sus maestros viven una de sus peores crisis por la pandemia de covid-19.<\/p>\n<p>Retrasos de sueldo hasta tres meses, sin servicios de salud y la a\u00f1eja incertidumbre laboral, son algunos de los problemas que padecen para sobrevivir en la pandemia, pero tambi\u00e9n dificultades para dar sus clases virtuales en las comunidades ind\u00edgenas y rurales porque el acceso a internet es intermitente o nulo, lo que ha motivado deserci\u00f3n escolar y una ense\u00f1anza dif\u00edcil y aprendizaje deficiente.<\/p>\n<p>En Sonora, los maestros de Telebachillerato comunitario han tenido que buscar nuevas alternativas de empleo, adicionales a las que ya ten\u00edan, para sobrevivir en esta pandemia, porque el tendero ya no les f\u00eda y recurren a prestamistas.<\/p>\n<p>No\u00e9 Aguilar Pe\u00f1a es maestro y el \u00fanico que acept\u00f3 dar su nombre, porque la mayor\u00eda teme que al no tener una base les retiren el contrato por quejarse, como aseguran que ya pas\u00f3 con al menos un profesor.<\/p>\n<p>No\u00e9 pertenece a la etnia Pima y da clases a preparatorianos en su misma comunidad, en Maycoba, municipio de Y\u00e9cora, en la sierra de Sonora.<\/p>\n<p>Explica que en la entidad hay 34 telebachilleratos comunitarios, aunque sin instalaciones propias, y son 103 docentes que reciben un sueldo del que que aportan por partes iguales el gobierno federal y estatal. Reci\u00e9n el gobierno federal les pag\u00f3 un retroactivo de diciembre, pero hoy lo que les adeudan es la parte del estado de Sonora.<\/p>\n<p>\u201cSon 103 maestros que no reciben pago desde diciembre, en diciembre nos pagaron la mitad que es lo de la Federaci\u00f3n y no nos han pagado lo del Estado, ya vamos a marzo, enero, febrero y ni un peso\u201d, expone.<\/p>\n<p>La respuesta, dijo, es que est\u00e1n en espera del recurso estatal, pero no llega.<\/p>\n<p>Destac\u00f3 que desde hace siete a\u00f1os que inici\u00f3 este proyecto para llevar preparatoria a los j\u00f3venes en comunidades alejadas, el retraso de sueldo ha sido constante y hab\u00edan lidiado con eso, empleando en otros oficios o el comercio informal, pero ahora con la pandemia, y con el proceso electoral no han podido laborar en otras cosas y su salario lo retrasaron ya por tres meses.<\/p>\n<p>\u201cNunca nos han quedado a deber\u201d, aclara otro profesor, \u201clo que pasa es que siempre cuando bien nos va nos pagan cada 45 d\u00edas, pero ya ahorita son casi tres meses\u201d,<\/p>\n<p>Datos de la Secretar\u00eda de Educaci\u00f3n P\u00fablica indican que en M\u00e9xico hay 3 mil 303 Telebachilleratos comunitarios, con una matr\u00edcula de 148 mil 548 estudiantes, que son atendidos por 9 mil 704 docentes en todo el pa\u00eds. En Sonora son 103.<\/p>\n<p>Ya son considerados organismos descentralizados, con un control administrativo distinto.<\/p>\n<h3>\u201cTenemos prohibido enfermarnos\u201d<\/h3>\n<p>Los contratos son por honorarios, sin seguro m\u00e9dico, sin prestaciones, sin aguinaldo, sin ning\u00fan beneficio. Buscan que al menos los consideren como \u201cinterinos\u201d, una categor\u00eda de profesor que s\u00ed tiene seguridad social.<\/p>\n<p>\u201cTenemos prohibido enfermarnos, no tenemos seguridad social, a un compa\u00f1ero le dio covid-19 y de 30, 100 pesos, medio apoyamos. Ah\u00ed andamos buscando la manera de ayudar a los compa\u00f1eros que les da covid\u201d, lamenta la maestra.<\/p>\n<p>\u201c\u00bfY de qu\u00e9 sobrevivimos? Pidiendo prestado, sacando fiado en la tienda, en la comunidad, yo ayudo con tareas a los ni\u00f1os y lo que quieran dar las familias, ando viendo la manera de sacar un ingreso, porque no se puede estar sin algo seguro, leche pa\u00f1ales, servicios, luz, agua, renta, no nos creen los acreedores porque es algo inusual lo que nos pasa, trabajamos por honorarios. P\u00e1guenos a tiempos y nosotros nos arreglamos\u201d, extern\u00f3 desesperada otra maestra.<\/p>\n<p>Adem\u00e1s deben cuidarse de sus superiores, porque simplemente no les renuevan el contrato, por ello urgen al presidente Andr\u00e9s Manuel L\u00f3pez Obrador y a la gobernadora, Claudia Pavlovich, que les regularicen su situaci\u00f3n laboral.<\/p>\n<p>\u201cLa gobernadora nunca ha volteado a mirarnos, le voy a decir, se han hecho manifestaciones en Hermosillo, a\u00f1os atr\u00e1s por el mismo atraso de los pagos y no ha habido una respuesta. Siete a\u00f1os batallando con lo mismo\u201d, destaca No\u00e9.<\/p>\n<p>\u201cQueremos decirle al presidente que cu\u00e1ndo nos va a resolver nuestra situaci\u00f3n laboral, tenemos meses sin pago, ya tenemos siete a\u00f1os en la misma situaci\u00f3n en Sonora y yo creo que todo el pa\u00eds, sin servicios m\u00e9dicos, sin prestaciones, sin aguinaldo, los pagos retrasados\u201d; extern\u00f3 No\u00e9.<\/p>\n<p>El telebachillerato empez\u00f3 como un programa nacional, por convenio entre federaci\u00f3n y estados, pero a siete a\u00f1os, por Ley ya es considerado un subsistema, como el Cecytes y otras preparatorias, pero no tienen ninguna condici\u00f3n, ni laboral, ni de infraestructura, para laborar como tal.<\/p>\n<figure class=\"wp-block-image size-large\"><img loading=\"lazy\" decoding=\"async\" class=\"wp-image-59516\" src=\"https:\/\/piedepagina.mx\/wp-content\/uploads\/2021\/03\/telebachilleratos_cortesia-1-1200x900.jpg\" sizes=\"auto, (max-width: 1200px) 100vw, 1200px\" srcset=\"https:\/\/piedepagina.mx\/wp-content\/uploads\/2021\/03\/telebachilleratos_cortesia-1-1200x900.jpg 1200w, https:\/\/piedepagina.mx\/wp-content\/uploads\/2021\/03\/telebachilleratos_cortesia-1-400x300.jpg 400w, https:\/\/piedepagina.mx\/wp-content\/uploads\/2021\/03\/telebachilleratos_cortesia-1-768x576.jpg 768w, https:\/\/piedepagina.mx\/wp-content\/uploads\/2021\/03\/telebachilleratos_cortesia-1.jpg 1280w\" alt=\"\" width=\"799\" height=\"600\" \/><figcaption>Telebachillerato comunitario en la comunidad Pima de Maycoba en Y\u00e9cora, Sonora. Foto: Cortes\u00eda<\/figcaption><\/figure>\n<h3>Deserci\u00f3n escolar<\/h3>\n<p>Los maestros hasta hoy sobreviven de prestado, o \u201cfiado\u201d en las tiendas locales, vendiendo comida, de alba\u00f1iles, o de lo que sea, sobre todo los que tienen familia. Pero dar clases virtuales se ha convertido en su mayor dificultad.<\/p>\n<p>Sus grupos son en promedio de 20 personas, y en ellos un par de alumnos tienen computadora, pero el problema principal es que en la mayor\u00eda de las comunidades el Internet es deficiente o no hay, as\u00ed que las clases pr\u00e1cticamente las imparten por What\u00b4sapp, o casa por casa, de rancher\u00eda en rancher\u00eda.<\/p>\n<p>\u201cYa hemos tenido algunas bajas (deserci\u00f3n escolar), ahorita andamos haciendo visitas domiciliarias por los ranchos, porque\u00a0 no todos los alumnos viven en la cabecera municipal y tenemos que andar visitando casa por casa, para llevarles material impreso, ir a recogerlo, porque no todos tienen celular.<\/p>\n<p>\u201cY yo estoy cerca de las rancher\u00edas, pero hay compa\u00f1eros que tienen que ir en carro a esas comunidades y no tienen para sacar la gasolina, y si no nos pagan, \u00bfQu\u00e9 apoyo va a haber para la gasolina?\u201d, cuestion\u00f3 No\u00e9.<\/p>\n<p>\u201cUnos tres alumnos tendr\u00e1n computadora, los dem\u00e1s tienen celular, unos 15, y los dem\u00e1s, unos 8 tengo que visitarlos en su casa, porque no tienen Internet, tengo que llevarles material impreso.<\/p>\n<p><em>\u00bfY s\u00ed est\u00e1n aprendiendo?, se le pregunta.<\/em><\/p>\n<p>Despu\u00e9s de un breve silencio, responde que algunos s\u00ed se est\u00e1n aplicando a hacer y enviar sus tareas, por fotos en mensajer\u00eda o personalmente.<\/p>\n<p>Los maestros coinciden y aceptan que el aprendizaje es deficiente en esta pandemia y hay alumnos que al no tener las herramientas, simplemente avisan que mejor ir\u00e1n a trabajar al campo. Y se van.<\/p>\n<p>En la sierra, en el campo, cerca del mar, no hay Internet, y todo depende de que los alumnos tengan buena se\u00f1al, explican.<\/p>\n<p>\u201cAc\u00e1 no hay Internet convencional, se maneja por medio de WhatsApp, que tengan buena se\u00f1al, ellos env\u00edan en foto, hay veces que no cumplen al cien por ciento, si se torna dif\u00edcil, pero tratamos de hacerles llamadas, mensajes con otras personas.<\/p>\n<p>\u201cHay alumnos que mejor se ponen a trabajar y descuidan sus actividades acad\u00e9micas, \u2018Profe, no tengo saldo no tengo se\u00f1al\u2019 y se van a trabajar al campo, empiezan a desertar\u201d, lamenta una de las maestras.<\/p>\n<p>Ellos no tienen estad\u00edsticas, pero estiman que en poco m\u00e1s de un a\u00f1o de pandemia, en promedio la mitad de sus alumnos han dejado de estudiar, algunos incluso ya en el sexto semestre.<\/p>\n<p>\u201cTenemos menos alumnos, el 50 por ciento menos, pero ah\u00ed tratamos de mantenerlos, de que le echen ganas\u201d, a\u00f1ade.<\/p>\n<p>Dar clases a comunidades ind\u00edgenas, ejidales o en campos agr\u00edcolas, es una labor que muchos de ellos aman.<\/p>\n<p>\u201cEl contexto es muy diferente, conoces m\u00e1s a los alumnos, a los padres de familia, te enfocas m\u00e1s, sabemos de lo que padecen, sabemos del esfuerzo que ellos hacen, a m\u00ed me motiva a dar lo mejor de m\u00ed, yo amo mi trabajo, pero pues la otra cuesti\u00f3n es esa. No lo puedo hacer gratis, ahorita, a lo mejor si tuviera la solvencia\u201d, expresa una maestra de la etnia Mayo<\/p>\n<blockquote class=\"wp-embedded-content\" data-secret=\"8bJfgMqgZT\"><p><a href=\"https:\/\/piedepagina.mx\/tres-meses-sin-pago-a-maestros-de-telebachilleratos-en-sonora\/\">Tres meses sin pago a maestros de telebachilleratos en Sonora<\/a><\/p><\/blockquote>\n<p><iframe loading=\"lazy\" class=\"wp-embedded-content\" sandbox=\"allow-scripts\" security=\"restricted\" style=\"position: absolute; clip: rect(1px, 1px, 1px, 1px);\" title=\"\u00abTres meses sin pago a maestros de telebachilleratos en Sonora\u00bb \u2014 Pie de P\u00e1gina\" src=\"https:\/\/piedepagina.mx\/tres-meses-sin-pago-a-maestros-de-telebachilleratos-en-sonora\/embed\/#?secret=8bJfgMqgZT\" data-secret=\"8bJfgMqgZT\" width=\"600\" height=\"338\" frameborder=\"0\" marginwidth=\"0\" marginheight=\"0\" scrolling=\"no\"><\/iframe><\/p>\n<\/div>\n<\/div>\n<\/div>\n","protected":false},"excerpt":{"rendered":"<p>Docentes de telebachilleratos en Sonora sobreviven de prestado, o \u201cfiado\u201d en las tiendas locales. Algunos venden comida o hacen trabajos de alba\u00f1iler\u00eda. El gobierno estatal les adeuda salarios desde diciembre &hellip; <a href=\"https:\/\/www.grieta.org.mx\/index.php\/2021\/03\/22\/tres-meses-sin-pago-a-maestros-de-telebachilleratos-en-sonora\/\" class=\"more-link\">Leer m\u00e1s<\/a><\/p>\n","protected":false},"author":2,"featured_media":58059,"comment_status":"closed","ping_status":"closed","sticky":false,"template":"","format":"standard","meta":{"ngg_post_thumbnail":0,"_jetpack_newsletter_access":"","_jetpack_dont_email_post_to_subs":false,"_jetpack_newsletter_tier_id":0,"_jetpack_memberships_contains_paywalled_content":false,"_jetpack_memberships_contains_paid_content":false,"footnotes":""},"categories":[1575,31],"tags":[3454,2841],"class_list":["post-58058","post","type-post","status-publish","format-standard","has-post-thumbnail","hentry","category-conflictos-laborales-en-sonora","category-sonora","tag-crisis-de-la-educacion-publica","tag-explotacion-y-precariedad-laboral","entry"],"jetpack_featured_media_url":"https:\/\/www.grieta.org.mx\/wp-content\/uploads\/2021\/04\/telebachilleratos_tbcsonora-1-1200x900-1.jpg","jetpack_sharing_enabled":true,"jetpack_shortlink":"https:\/\/wp.me\/p7ZJR4-f6q","jetpack_likes_enabled":false,"jetpack-related-posts":[{"id":1438,"url":"https:\/\/www.grieta.org.mx\/index.php\/2016\/07\/27\/conflictos-laborales-en-chihuahua\/","url_meta":{"origin":58058,"position":0},"title":"Conflictos laborales en Telebachilleratos de Chihuahua","author":"grieta","date":"27 julio, 2016","format":false,"excerpt":"23\/07\/16. Les quedan a deber la prima vacacional, a profesores de TelebachilleratosLa cr\u00f3nica de Chihuahua 23\/07\/16. Protestar\u00e1n profesores de telebachilleratos por falta de pagos en ChihuahuaLa Opci\u00f3n","rel":"","context":"En &quot;Chihuahua&quot;","block_context":{"text":"Chihuahua","link":"https:\/\/www.grieta.org.mx\/index.php\/category\/noticias-nacionales\/chihuahua\/"},"img":{"alt_text":"","src":"https:\/\/i0.wp.com\/www.grieta.org.mx\/wp-content\/uploads\/2018\/03\/14524434_1106112876131411_958039263622046936_o.jpg?resize=350%2C200&ssl=1","width":350,"height":200,"srcset":"https:\/\/i0.wp.com\/www.grieta.org.mx\/wp-content\/uploads\/2018\/03\/14524434_1106112876131411_958039263622046936_o.jpg?resize=350%2C200&ssl=1 1x, https:\/\/i0.wp.com\/www.grieta.org.mx\/wp-content\/uploads\/2018\/03\/14524434_1106112876131411_958039263622046936_o.jpg?resize=525%2C300&ssl=1 1.5x, https:\/\/i0.wp.com\/www.grieta.org.mx\/wp-content\/uploads\/2018\/03\/14524434_1106112876131411_958039263622046936_o.jpg?resize=700%2C400&ssl=1 2x"},"classes":[]},{"id":17969,"url":"https:\/\/www.grieta.org.mx\/index.php\/2016\/07\/23\/protestaran-profesores-de-telebachilleratos-por-falta-de-pagos-en-chihuahua\/","url_meta":{"origin":58058,"position":1},"title":"Protestar\u00e1n profesores de telebachilleratos por falta de pagos en Chihuahua","author":"grieta","date":"23 julio, 2016","format":false,"excerpt":"La Opci\u00f3n Cientos de profesores de los Telebachilleratos del estado est\u00e1n exigiendo en estos momentos que la autoridad educativa les haga llegar el pago de su prima vacacional, dado que ellos deber\u00e1n regresar a laborar en la primera semana de agosto, y entonces esta prestaci\u00f3n ya no les servir\u00e1 para\u2026","rel":"","context":"En &quot;chihuahua&quot;","block_context":{"text":"chihuahua","link":"https:\/\/www.grieta.org.mx\/index.php\/category\/chihuahua\/"},"img":{"alt_text":"","src":"https:\/\/i0.wp.com\/www.grieta.org.mx\/wp-content\/uploads\/2018\/03\/14524434_1106112876131411_958039263622046936_o.jpg?resize=350%2C200&ssl=1","width":350,"height":200,"srcset":"https:\/\/i0.wp.com\/www.grieta.org.mx\/wp-content\/uploads\/2018\/03\/14524434_1106112876131411_958039263622046936_o.jpg?resize=350%2C200&ssl=1 1x, https:\/\/i0.wp.com\/www.grieta.org.mx\/wp-content\/uploads\/2018\/03\/14524434_1106112876131411_958039263622046936_o.jpg?resize=525%2C300&ssl=1 1.5x, https:\/\/i0.wp.com\/www.grieta.org.mx\/wp-content\/uploads\/2018\/03\/14524434_1106112876131411_958039263622046936_o.jpg?resize=700%2C400&ssl=1 2x"},"classes":[]},{"id":17982,"url":"https:\/\/www.grieta.org.mx\/index.php\/2016\/07\/23\/les-quedan-a-deber-la-prima-vacacional-a-profesores-de-telebachilleratos-en-chihuahua\/","url_meta":{"origin":58058,"position":2},"title":"Les quedan a deber la prima vacacional, a profesores de Telebachilleratos en Chihuahua","author":"grieta","date":"23 julio, 2016","format":false,"excerpt":"La Cr\u00f3nica de Chihuahua Cientos de profesores de los Telebachilleratos del estado est\u00e1n exigiendo en estos momentos que la autoridad educativa les haga llegar el pago de su prima vacacional, dado que ellos deber\u00e1n regresar a laborar en la primera semana de agosto, y entonces esta prestaci\u00f3n ya no les\u2026","rel":"","context":"En &quot;chihuahua&quot;","block_context":{"text":"chihuahua","link":"https:\/\/www.grieta.org.mx\/index.php\/category\/chihuahua\/"},"img":{"alt_text":"","src":"https:\/\/i0.wp.com\/www.grieta.org.mx\/wp-content\/uploads\/2018\/03\/14524434_1106112876131411_958039263622046936_o.jpg?resize=350%2C200&ssl=1","width":350,"height":200,"srcset":"https:\/\/i0.wp.com\/www.grieta.org.mx\/wp-content\/uploads\/2018\/03\/14524434_1106112876131411_958039263622046936_o.jpg?resize=350%2C200&ssl=1 1x, https:\/\/i0.wp.com\/www.grieta.org.mx\/wp-content\/uploads\/2018\/03\/14524434_1106112876131411_958039263622046936_o.jpg?resize=525%2C300&ssl=1 1.5x, https:\/\/i0.wp.com\/www.grieta.org.mx\/wp-content\/uploads\/2018\/03\/14524434_1106112876131411_958039263622046936_o.jpg?resize=700%2C400&ssl=1 2x"},"classes":[]},{"id":38181,"url":"https:\/\/www.grieta.org.mx\/index.php\/2019\/08\/23\/maestros-de-telebachilleratos-de-yucatan-demandan-reinstalacion-video\/","url_meta":{"origin":58058,"position":3},"title":"Maestros de Telebachilleratos de Yucat\u00e1n demandan reinstalaci\u00f3n (Video)","author":"grieta","date":"23 agosto, 2019","format":false,"excerpt":"Jes\u00fas Mej\u00eda\/LectorMx M\u00e9rida, Yucat\u00e1n.- Unos 30 profesores del Telebachillerato Comunitario del Estado de Yucat\u00e1n (TCEY) demandaron la reinstalaci\u00f3n de 150 docentes que fueron despedidos, seg\u00fan dijeron, sin causa justificada. Rub\u00ed Capistr\u00e1n Arroyo, representante del Frente \u00danico Nacional de Trabajadores del TCEY, declar\u00f3 que fueron notificados de la rescisi\u00f3n de sus\u2026","rel":"","context":"En &quot;CINTILLO&quot;","block_context":{"text":"CINTILLO","link":"https:\/\/www.grieta.org.mx\/index.php\/category\/cintillo\/"},"img":{"alt_text":"","src":"https:\/\/i0.wp.com\/www.grieta.org.mx\/wp-content\/uploads\/2019\/08\/IMG-20190823-WA0012-1280x640-e1566584870440.jpg?resize=350%2C200&ssl=1","width":350,"height":200,"srcset":"https:\/\/i0.wp.com\/www.grieta.org.mx\/wp-content\/uploads\/2019\/08\/IMG-20190823-WA0012-1280x640-e1566584870440.jpg?resize=350%2C200&ssl=1 1x, https:\/\/i0.wp.com\/www.grieta.org.mx\/wp-content\/uploads\/2019\/08\/IMG-20190823-WA0012-1280x640-e1566584870440.jpg?resize=525%2C300&ssl=1 1.5x, https:\/\/i0.wp.com\/www.grieta.org.mx\/wp-content\/uploads\/2019\/08\/IMG-20190823-WA0012-1280x640-e1566584870440.jpg?resize=700%2C400&ssl=1 2x"},"classes":[]},{"id":9067,"url":"https:\/\/www.grieta.org.mx\/index.php\/2016\/08\/22\/contaminacion-y-danos-a-la-salud-por-mineria-en-sonora\/","url_meta":{"origin":58058,"position":4},"title":"Contaminaci\u00f3n y da\u00f1os a la salud por miner\u00eda en Sonora","author":"Admin","date":"22 agosto, 2016","format":false,"excerpt":"Denuncian contaminaci\u00f3n del R\u00edo Sonora provocada por miner\u00eda 22\/08\/16. Contaminaci\u00f3n, despojo y negligencia: las acusaciones contra Grupo M\u00e9xico en Sonora Animal Pol\u00edtico 08\/08\/16. A 2 a\u00f1os del derrame contaminante en el R\u00edo Sonora, una 'mancha' que no se borra Expansi\u00f3n 01\/08\/16. A dos a\u00f1os de la contaminaci\u00f3n en R\u00edo Sonora:\u2026","rel":"","context":"En &quot;Miner\u00eda&quot;","block_context":{"text":"Miner\u00eda","link":"https:\/\/www.grieta.org.mx\/index.php\/category\/megaproyectos\/mineria\/"},"img":{"alt_text":"","src":"https:\/\/i0.wp.com\/www.grieta.org.mx\/wp-content\/uploads\/2018\/03\/14524434_1106112876131411_958039263622046936_o.jpg?resize=350%2C200&ssl=1","width":350,"height":200,"srcset":"https:\/\/i0.wp.com\/www.grieta.org.mx\/wp-content\/uploads\/2018\/03\/14524434_1106112876131411_958039263622046936_o.jpg?resize=350%2C200&ssl=1 1x, https:\/\/i0.wp.com\/www.grieta.org.mx\/wp-content\/uploads\/2018\/03\/14524434_1106112876131411_958039263622046936_o.jpg?resize=525%2C300&ssl=1 1.5x, https:\/\/i0.wp.com\/www.grieta.org.mx\/wp-content\/uploads\/2018\/03\/14524434_1106112876131411_958039263622046936_o.jpg?resize=700%2C400&ssl=1 2x"},"classes":[]},{"id":9078,"url":"https:\/\/www.grieta.org.mx\/index.php\/2016\/03\/30\/desaparecidos-en-sonora\/","url_meta":{"origin":58058,"position":5},"title":"Desaparecidos en Sonora","author":"Admin","date":"30 marzo, 2016","format":false,"excerpt":"Familiares de 11 jornaleros desaparecidos en Sonora piden se reactive la b\u00fasqueda de los j\u00f3venes 30\/03\/16. Sigue b\u00fasqueda de los 11 jornaleros desaparecidos de Choix L\u00ednea Directa 30\/10\/15. Toman muestras de ADN a familiares de 11 jornaleros desaparecidos en Sonora Proceso Persiste el silencio oficial sobre el ataque y desaparici\u00f3n\u2026","rel":"","context":"En &quot;Desaparecidos&quot;","block_context":{"text":"Desaparecidos","link":"https:\/\/www.grieta.org.mx\/index.php\/category\/temas-nacionales\/desaparecidos\/"},"img":{"alt_text":"","src":"https:\/\/i0.wp.com\/www.grieta.org.mx\/wp-content\/uploads\/2018\/03\/14524434_1106112876131411_958039263622046936_o.jpg?resize=350%2C200&ssl=1","width":350,"height":200,"srcset":"https:\/\/i0.wp.com\/www.grieta.org.mx\/wp-content\/uploads\/2018\/03\/14524434_1106112876131411_958039263622046936_o.jpg?resize=350%2C200&ssl=1 1x, https:\/\/i0.wp.com\/www.grieta.org.mx\/wp-content\/uploads\/2018\/03\/14524434_1106112876131411_958039263622046936_o.jpg?resize=525%2C300&ssl=1 1.5x, https:\/\/i0.wp.com\/www.grieta.org.mx\/wp-content\/uploads\/2018\/03\/14524434_1106112876131411_958039263622046936_o.jpg?resize=700%2C400&ssl=1 2x"},"classes":[]}],"_links":{"self":[{"href":"https:\/\/www.grieta.org.mx\/index.php\/wp-json\/wp\/v2\/posts\/58058","targetHints":{"allow":["GET"]}}],"collection":[{"href":"https:\/\/www.grieta.org.mx\/index.php\/wp-json\/wp\/v2\/posts"}],"about":[{"href":"https:\/\/www.grieta.org.mx\/index.php\/wp-json\/wp\/v2\/types\/post"}],"author":[{"embeddable":true,"href":"https:\/\/www.grieta.org.mx\/index.php\/wp-json\/wp\/v2\/users\/2"}],"replies":[{"embeddable":true,"href":"https:\/\/www.grieta.org.mx\/index.php\/wp-json\/wp\/v2\/comments?post=58058"}],"version-history":[{"count":1,"href":"https:\/\/www.grieta.org.mx\/index.php\/wp-json\/wp\/v2\/posts\/58058\/revisions"}],"predecessor-version":[{"id":58060,"href":"https:\/\/www.grieta.org.mx\/index.php\/wp-json\/wp\/v2\/posts\/58058\/revisions\/58060"}],"wp:featuredmedia":[{"embeddable":true,"href":"https:\/\/www.grieta.org.mx\/index.php\/wp-json\/wp\/v2\/media\/58059"}],"wp:attachment":[{"href":"https:\/\/www.grieta.org.mx\/index.php\/wp-json\/wp\/v2\/media?parent=58058"}],"wp:term":[{"taxonomy":"category","embeddable":true,"href":"https:\/\/www.grieta.org.mx\/index.php\/wp-json\/wp\/v2\/categories?post=58058"},{"taxonomy":"post_tag","embeddable":true,"href":"https:\/\/www.grieta.org.mx\/index.php\/wp-json\/wp\/v2\/tags?post=58058"}],"curies":[{"name":"wp","href":"https:\/\/api.w.org\/{rel}","templated":true}]}}