{"id":5805,"date":"2015-06-15T19:34:01","date_gmt":"2015-06-15T19:34:01","guid":{"rendered":"http:\/\/50.22.11.12\/~grietaor\/?p=5805"},"modified":"2016-04-25T02:23:12","modified_gmt":"2016-04-25T02:23:12","slug":"lluvias-provocan-escurrimiento-de-lixiviados-en-zapopan-danan-cultivos-y-ganado","status":"publish","type":"post","link":"https:\/\/www.grieta.org.mx\/index.php\/2015\/06\/15\/lluvias-provocan-escurrimiento-de-lixiviados-en-zapopan-danan-cultivos-y-ganado\/","title":{"rendered":"Lluvias provocan escurrimiento de lixiviados en Zapopan; da\u00f1an cultivos y ganado"},"content":{"rendered":"<p>An\u00edbal Vivar Galv\u00e1n<\/p>\n<p>Con las primeras lluvias fuertes que se presentaron en d\u00edas pasados, comenz\u00f3 el escurrimiento de lixiviados del tiradero privado ubicado en la zona de Picachos, en Zapopan, hacia las comunidades que se encuentran alrededor del r\u00edo Milpillas, por lo que los pobladores de esta zona comenzaron a notar el cambio de la tonalidad del agua y algunas afectaciones a los peces y al ganado, indic\u00f3 Jos\u00e9 Casillas, habitante de la comunidad de Ixcat\u00e1n e integrante de la Asamblea Regional de Afectados Ambientales.<\/p>\n<p>\u201cLos peces son los primeros que se mueren, con una sola corriente, con una sola vez que escurran agua de las lluvias sobre los basureros y que luego van a dar hasta el r\u00edo, los primero que la llevan son los peces y los dem\u00e1s habitantes del r\u00edo y tambi\u00e9n se afecta a los que siguen regando siembra en estos d\u00edas, porque ahorita que las lluvias no son tan constantes se riegan las huertas con el agua del r\u00edo y tambi\u00e9n se da\u00f1an los \u00e1rboles frutales\u201d, dijo.<\/p>\n<p>Agreg\u00f3 que otros que tambi\u00e9n se afectan son los animales silvestres y el ganado, el que no puede beber del agua, la que notoriamente cambia de color a un tono caf\u00e9 obscuro, \u201ccomo el de la coca\u201d, que es muy evidente pues com\u00fanmente el agua es zarca, pues los manantiales que lo alimentan tienen esta tonalidad.<\/p>\n<p>El primer poblado que comienza a presentar estas afectaciones es Milpillas, en donde hasta la fecha existe un balneario natural al que a\u00fan acude una cantidad importante de personas a sumergirse al agua.<\/p>\n<p>Lo que de acuerdo a los habitantes de esta zona ocurre es que tanto en el tiradero privado, que pertenece a la empresa Hasar\u00b4s, es que las celdas est\u00e1n tan llenas de lixiviados que cuando se presentan las primeras lluvias \u00e9stas no pueden retener el l\u00edquido, pues no han sido atendidas de forma adecuada. Lo mismo pasa con el tiradero de Copalitas, que tambi\u00e9n se encuentra en la zona, pero como ha estado cerrado desde hace varios a\u00f1os, pues ya estaba rebasado en su capacidad, actualmente no se tiene un control adecuado sobre \u00e9ste.<\/p>\n<p>Casillas indic\u00f3 adem\u00e1s que una pr\u00e1ctica com\u00fan de la empresa propietaria del tiradero es que durante la madrugada abren algunas compuertas para que los lixiviados escurran por la ladera, llegando a la corriente de los dos r\u00edos que, a su vez, alimentan el r\u00edo Santiago, conocido por los niveles tan elevados de contaminaci\u00f3n.<\/p>\n<p>El habitante de Ixcat\u00e1n record\u00f3 que aunque esta situaci\u00f3n ha sido denunciada a las autoridades de todos los niveles de gobierno sin que hasta la fecha ninguna tome el tema de forma seria, pues aunque en Hasar\u00b4s se han presentado incidentes graves, como un incendio que dur\u00f3 m\u00e1s de 36 horas ocurrido hace aproximadamente un mes, hasta el momento nadie clausur\u00f3 el espacio ni realiz\u00f3 ninguna inspecci\u00f3n.<\/p>\n<p>Tambi\u00e9n record\u00f3 que desde la Asamblea Regional de Afectados Ambientales se le han hecho varias peticiones a la autoridad, sobre todo algunas de sentido com\u00fan como la colocaci\u00f3n de letreros en los que se advierta a la gente que el agua puede estar contaminada, sin embargo y aunque se tuvo el compromiso del gobierno municipal y el estatal, estas acciones no se han realizado.<\/p>\n<p><a href=\"http:\/\/www.cronica.com.mx\/notas\/2015\/904110.html\" target=\"_blank\">http:\/\/www.cronica.com.mx\/notas\/2015\/904110.html<\/a><\/p>\n","protected":false},"excerpt":{"rendered":"<p>An\u00edbal Vivar Galv\u00e1n Con las primeras lluvias fuertes que se presentaron en d\u00edas pasados, comenz\u00f3 el escurrimiento de lixiviados del tiradero privado ubicado en la zona de Picachos, en Zapopan, &hellip; <a href=\"https:\/\/www.grieta.org.mx\/index.php\/2015\/06\/15\/lluvias-provocan-escurrimiento-de-lixiviados-en-zapopan-danan-cultivos-y-ganado\/\" class=\"more-link\">Leer m\u00e1s<\/a><\/p>\n","protected":false},"author":2,"featured_media":21928,"comment_status":"closed","ping_status":"open","sticky":false,"template":"","format":"standard","meta":{"ngg_post_thumbnail":0,"_jetpack_newsletter_access":"","_jetpack_dont_email_post_to_subs":false,"_jetpack_newsletter_tier_id":0,"_jetpack_memberships_contains_paywalled_content":false,"_jetpack_memberships_contains_paid_content":false,"footnotes":""},"categories":[80,230],"tags":[287,91,149],"class_list":["post-5805","post","type-post","status-publish","format-standard","has-post-thumbnail","hentry","category-cintillo","category-jalisco","tag-basurero-toxico","tag-contaminacion-ambiental","tag-salud","entry"],"jetpack_featured_media_url":"https:\/\/www.grieta.org.mx\/wp-content\/uploads\/2018\/03\/14524434_1106112876131411_958039263622046936_o.jpg","jetpack_sharing_enabled":true,"jetpack_shortlink":"https:\/\/wp.me\/p7ZJR4-1vD","jetpack_likes_enabled":false,"jetpack-related-posts":[{"id":5751,"url":"https:\/\/www.grieta.org.mx\/index.php\/2016\/09\/09\/contaminacion-y-danos-a-la-salud-por-desechos-urbanos-e-industriales-en-jalisco\/","url_meta":{"origin":5805,"position":0},"title":"Conflictos por contaminaci\u00f3n y da\u00f1os a la salud debido a desechos urbanos e industriales en Jalisco","author":"grieta","date":"9 septiembre, 2016","format":false,"excerpt":"Habitantes del Salto contra la contaminaci\u00f3n del Rio Santiago 09\/09\/16. El R\u00edo Santiago una cat\u00e1strofe ambientalSomos el Medio 07\/01\/15. R\u00edo entre metales pesados M\u00e1s por m\u00e1s Guadalajara\/Cr\u00f3nica de Sociales 08\/10\/15. Demandaremos a empresas por da\u00f1os al medio ambiente P\u00e1gina 24 Jalisco 02\/08\/15. M\u00e1s muertes cerca de r\u00edo contaminado Ntr Guadajara\u2026","rel":"","context":"En &quot;Jalisco&quot;","block_context":{"text":"Jalisco","link":"https:\/\/www.grieta.org.mx\/index.php\/category\/noticias-nacionales\/jalisco\/"},"img":{"alt_text":"","src":"https:\/\/i0.wp.com\/www.grieta.org.mx\/wp-content\/uploads\/2018\/03\/14524434_1106112876131411_958039263622046936_o.jpg?resize=350%2C200&ssl=1","width":350,"height":200,"srcset":"https:\/\/i0.wp.com\/www.grieta.org.mx\/wp-content\/uploads\/2018\/03\/14524434_1106112876131411_958039263622046936_o.jpg?resize=350%2C200&ssl=1 1x, https:\/\/i0.wp.com\/www.grieta.org.mx\/wp-content\/uploads\/2018\/03\/14524434_1106112876131411_958039263622046936_o.jpg?resize=525%2C300&ssl=1 1.5x, https:\/\/i0.wp.com\/www.grieta.org.mx\/wp-content\/uploads\/2018\/03\/14524434_1106112876131411_958039263622046936_o.jpg?resize=700%2C400&ssl=1 2x"},"classes":[]},{"id":11333,"url":"https:\/\/www.grieta.org.mx\/index.php\/2016\/03\/29\/la-contaminacion-de-minera-en-rio-de-cocula-causa-hasta-abortos-pobladores\/","url_meta":{"origin":5805,"position":1},"title":"La contaminaci\u00f3n de minera en r\u00edo de Cocula causa hasta abortos: pobladores","author":"grieta","date":"29 marzo, 2016","format":false,"excerpt":"Sin Embargo\/El Sur Alejandro Guerrero Los m\u00e9dicos de Cocula atribuyen las enfermedades en las v\u00edas respiratorias de los pobladores al uso de dinamita y qu\u00edmicos que emplea la minera canadiense Media Luna para la extracci\u00f3n de oro, provocando tambi\u00e9n da\u00f1os a mujeres embarazadas y muerte de ganado. La empresa entrega\u2026","rel":"","context":"En &quot;CINTILLO&quot;","block_context":{"text":"CINTILLO","link":"https:\/\/www.grieta.org.mx\/index.php\/category\/cintillo\/"},"img":{"alt_text":"","src":"https:\/\/i0.wp.com\/www.grieta.org.mx\/wp-content\/uploads\/2018\/03\/14524434_1106112876131411_958039263622046936_o.jpg?resize=350%2C200&ssl=1","width":350,"height":200,"srcset":"https:\/\/i0.wp.com\/www.grieta.org.mx\/wp-content\/uploads\/2018\/03\/14524434_1106112876131411_958039263622046936_o.jpg?resize=350%2C200&ssl=1 1x, https:\/\/i0.wp.com\/www.grieta.org.mx\/wp-content\/uploads\/2018\/03\/14524434_1106112876131411_958039263622046936_o.jpg?resize=525%2C300&ssl=1 1.5x, https:\/\/i0.wp.com\/www.grieta.org.mx\/wp-content\/uploads\/2018\/03\/14524434_1106112876131411_958039263622046936_o.jpg?resize=700%2C400&ssl=1 2x"},"classes":[]},{"id":5802,"url":"https:\/\/www.grieta.org.mx\/index.php\/2015\/08\/11\/la-maldicion-de-nuestros-vertederos\/","url_meta":{"origin":5805,"position":2},"title":"La maldici\u00f3n de nuestros vertederos","author":"grieta","date":"11 agosto, 2015","format":false,"excerpt":"Alejandra Guill\u00e9n La batalla contra la contaminaci\u00f3n de Picachos y Hasar\u2019s parece no tener fin; los pobladores ven cada a\u00f1o m\u00e1s escurrimientos de lixiviados, exigen clausura y urgen a que se obligue a la poblaci\u00f3n a separar residuos El 26 marzo de 2015, la directora de Ecolog\u00eda de Zapopan, Ang\u00e9lica\u2026","rel":"","context":"En &quot;CINTILLO&quot;","block_context":{"text":"CINTILLO","link":"https:\/\/www.grieta.org.mx\/index.php\/category\/cintillo\/"},"img":{"alt_text":"","src":"https:\/\/i0.wp.com\/www.grieta.org.mx\/wp-content\/uploads\/2018\/03\/14524434_1106112876131411_958039263622046936_o.jpg?resize=350%2C200&ssl=1","width":350,"height":200,"srcset":"https:\/\/i0.wp.com\/www.grieta.org.mx\/wp-content\/uploads\/2018\/03\/14524434_1106112876131411_958039263622046936_o.jpg?resize=350%2C200&ssl=1 1x, https:\/\/i0.wp.com\/www.grieta.org.mx\/wp-content\/uploads\/2018\/03\/14524434_1106112876131411_958039263622046936_o.jpg?resize=525%2C300&ssl=1 1.5x, https:\/\/i0.wp.com\/www.grieta.org.mx\/wp-content\/uploads\/2018\/03\/14524434_1106112876131411_958039263622046936_o.jpg?resize=700%2C400&ssl=1 2x"},"classes":[]},{"id":7152,"url":"https:\/\/www.grieta.org.mx\/index.php\/2015\/08\/18\/muerte-de-peces-en-tabasco-por-contaminantes-y-falta-de-oxigeno\/","url_meta":{"origin":5805,"position":3},"title":"Muerte de peces en Tabasco, por contaminantes y falta de ox\u00edgeno","author":"grieta","date":"18 agosto, 2015","format":false,"excerpt":"Redacci\u00f3n El Universal La muerte de m\u00e1s de una tonelada de peces en la Laguna de las Ilusiones, ubicada en Villahermosa, se debi\u00f3 a contaminantes y falta de ox\u00edgeno. De acuerdo con Germ\u00e1n L\u00f3pez Hidalgo, encargado de \u00c1reas Naturales Protegidas de la Secretar\u00eda de Energ\u00eda, Recursos Naturales y Protecci\u00f3n Ambiental\u2026","rel":"","context":"En &quot;CINTILLO&quot;","block_context":{"text":"CINTILLO","link":"https:\/\/www.grieta.org.mx\/index.php\/category\/cintillo\/"},"img":{"alt_text":"","src":"https:\/\/i0.wp.com\/www.grieta.org.mx\/wp-content\/uploads\/2018\/03\/14524434_1106112876131411_958039263622046936_o.jpg?resize=350%2C200&ssl=1","width":350,"height":200,"srcset":"https:\/\/i0.wp.com\/www.grieta.org.mx\/wp-content\/uploads\/2018\/03\/14524434_1106112876131411_958039263622046936_o.jpg?resize=350%2C200&ssl=1 1x, https:\/\/i0.wp.com\/www.grieta.org.mx\/wp-content\/uploads\/2018\/03\/14524434_1106112876131411_958039263622046936_o.jpg?resize=525%2C300&ssl=1 1.5x, https:\/\/i0.wp.com\/www.grieta.org.mx\/wp-content\/uploads\/2018\/03\/14524434_1106112876131411_958039263622046936_o.jpg?resize=700%2C400&ssl=1 2x"},"classes":[]},{"id":20077,"url":"https:\/\/www.grieta.org.mx\/index.php\/2016\/08\/20\/exigen-cierre-de-picachos-y-hasars\/","url_meta":{"origin":5805,"position":4},"title":"Exigen cierre de Picachos y Hasar\u2019s (Jalisco)","author":"grieta","date":"20 agosto, 2016","format":false,"excerpt":"Liliana Razo Por las constantes descargas del vertedero de Picachos y de la empresa Hasar\u2019s, y por las afectaciones a las tierras, animales y personas, comuneros entregaron ayer un pliego petitorio en el que exigen al gobierno de Zapopan el cierre de estos lugares. \u201cVamos a entregar el documento, un\u2026","rel":"","context":"En &quot;CINTILLO&quot;","block_context":{"text":"CINTILLO","link":"https:\/\/www.grieta.org.mx\/index.php\/category\/cintillo\/"},"img":{"alt_text":"","src":"https:\/\/i0.wp.com\/www.grieta.org.mx\/wp-content\/uploads\/2018\/03\/14524434_1106112876131411_958039263622046936_o.jpg?resize=350%2C200&ssl=1","width":350,"height":200,"srcset":"https:\/\/i0.wp.com\/www.grieta.org.mx\/wp-content\/uploads\/2018\/03\/14524434_1106112876131411_958039263622046936_o.jpg?resize=350%2C200&ssl=1 1x, https:\/\/i0.wp.com\/www.grieta.org.mx\/wp-content\/uploads\/2018\/03\/14524434_1106112876131411_958039263622046936_o.jpg?resize=525%2C300&ssl=1 1.5x, https:\/\/i0.wp.com\/www.grieta.org.mx\/wp-content\/uploads\/2018\/03\/14524434_1106112876131411_958039263622046936_o.jpg?resize=700%2C400&ssl=1 2x"},"classes":[]},{"id":40649,"url":"https:\/\/www.grieta.org.mx\/index.php\/2019\/10\/15\/piden-al-gobernador-que-sanee-seis-rios-de-zapopan-contaminados-por-basureros-granjas-y-fraccionamientos-jalisco\/","url_meta":{"origin":5805,"position":5},"title":"Piden al Gobernador que sanee seis r\u00edos de Zapopan, contaminados por basureros, granjas y fraccionamientos (Jalisco)","author":"grieta","date":"15 octubre, 2019","format":false,"excerpt":"Foto: Ignacio P\u00e9rez Vega En una carta enviada al mandatario jalisciense, los pueblos de la barranca hicieron un reporte detallado de las afectaciones que sufre cada uno de las seis cuencas y subcuencas referidas Zapopan, Jalisco. Los pueblos de la barranca del r\u00edo Santiago solicitaron ahora al gobernador Enrique Alfaro\u2026","rel":"","context":"En &quot;CINTILLO&quot;","block_context":{"text":"CINTILLO","link":"https:\/\/www.grieta.org.mx\/index.php\/category\/cintillo\/"},"img":{"alt_text":"","src":"https:\/\/i0.wp.com\/www.grieta.org.mx\/wp-content\/uploads\/2019\/10\/Pueblos-Ignacio-P%C3%A9rez-Vega-2.jpg?resize=350%2C200&ssl=1","width":350,"height":200,"srcset":"https:\/\/i0.wp.com\/www.grieta.org.mx\/wp-content\/uploads\/2019\/10\/Pueblos-Ignacio-P%C3%A9rez-Vega-2.jpg?resize=350%2C200&ssl=1 1x, https:\/\/i0.wp.com\/www.grieta.org.mx\/wp-content\/uploads\/2019\/10\/Pueblos-Ignacio-P%C3%A9rez-Vega-2.jpg?resize=525%2C300&ssl=1 1.5x, https:\/\/i0.wp.com\/www.grieta.org.mx\/wp-content\/uploads\/2019\/10\/Pueblos-Ignacio-P%C3%A9rez-Vega-2.jpg?resize=700%2C400&ssl=1 2x"},"classes":[]}],"_links":{"self":[{"href":"https:\/\/www.grieta.org.mx\/index.php\/wp-json\/wp\/v2\/posts\/5805","targetHints":{"allow":["GET"]}}],"collection":[{"href":"https:\/\/www.grieta.org.mx\/index.php\/wp-json\/wp\/v2\/posts"}],"about":[{"href":"https:\/\/www.grieta.org.mx\/index.php\/wp-json\/wp\/v2\/types\/post"}],"author":[{"embeddable":true,"href":"https:\/\/www.grieta.org.mx\/index.php\/wp-json\/wp\/v2\/users\/2"}],"replies":[{"embeddable":true,"href":"https:\/\/www.grieta.org.mx\/index.php\/wp-json\/wp\/v2\/comments?post=5805"}],"version-history":[{"count":1,"href":"https:\/\/www.grieta.org.mx\/index.php\/wp-json\/wp\/v2\/posts\/5805\/revisions"}],"predecessor-version":[{"id":10903,"href":"https:\/\/www.grieta.org.mx\/index.php\/wp-json\/wp\/v2\/posts\/5805\/revisions\/10903"}],"wp:featuredmedia":[{"embeddable":true,"href":"https:\/\/www.grieta.org.mx\/index.php\/wp-json\/wp\/v2\/media\/21928"}],"wp:attachment":[{"href":"https:\/\/www.grieta.org.mx\/index.php\/wp-json\/wp\/v2\/media?parent=5805"}],"wp:term":[{"taxonomy":"category","embeddable":true,"href":"https:\/\/www.grieta.org.mx\/index.php\/wp-json\/wp\/v2\/categories?post=5805"},{"taxonomy":"post_tag","embeddable":true,"href":"https:\/\/www.grieta.org.mx\/index.php\/wp-json\/wp\/v2\/tags?post=5805"}],"curies":[{"name":"wp","href":"https:\/\/api.w.org\/{rel}","templated":true}]}}