{"id":58044,"date":"2021-03-26T11:38:35","date_gmt":"2021-03-26T17:38:35","guid":{"rendered":"https:\/\/www.grieta.org.mx\/?p=58044"},"modified":"2021-03-30T11:43:08","modified_gmt":"2021-03-30T17:43:08","slug":"a-4-anos-del-crimen-de-miroslava-breach-el-camino-hacia-la-justicia-aun-no-termina","status":"publish","type":"post","link":"https:\/\/www.grieta.org.mx\/index.php\/2021\/03\/26\/a-4-anos-del-crimen-de-miroslava-breach-el-camino-hacia-la-justicia-aun-no-termina\/","title":{"rendered":"A 4 a\u00f1os del crimen de Miroslava Breach, el camino hacia la justicia a\u00fan no termina"},"content":{"rendered":"<p>Proceso\/Patricia Mayorga<\/p>\n<header id=\"main-header\" class=\"main-header tbl-explore-more-site-header fixed\">\n<div id=\"nav-desktop\" class=\"visible-md-block visible-lg-block \">\n<div class=\"container\"><\/div>\n<\/div>\n<\/header>\n<p><main id=\"main-content\" role=\"main\"><\/p>\n<div class=\"region-interna-1\">\n<div class=\"container\">\n<div class=\"row row-equal-flex\">\n<div class=\"col-md-8\">\n<article class=\"main-article\">\n<hgroup class=\"zona-titulo\">\n<h1 class=\"titular\"><strong class=\"bajada\" style=\"font-size: 16px;\">&#8220;El Larry&#8221;, autor intelectual del homicidio, fue condenado a 50 a\u00f1os de prisi\u00f3n en agosto pasado.<\/strong><\/h1>\n<\/hgroup>\n<div class=\"row\">\n<div class=\"col-md-11\">\n<div class=\"main-content-foto\">\n<div class=\"my-gallery main-gallery\" data-pswp-uid=\"1\">\n<figure>\n<div class=\"nfotos\"><\/div>\n<p><a href=\"https:\/\/www.proceso.com.mx\/u\/fotografias\/fotosnoticias\/2021\/3\/23\/132278.jpg\" data-size=\"1600x1068\"><img decoding=\"async\" class=\"img-responsive\" src=\"https:\/\/www.proceso.com.mx\/u\/fotografias\/m\/2021\/3\/23\/f800x450-132278_183724_5050.jpg\" alt=\"A 4 a\u00f1os del crimen de Miroslava Breach, el camino hacia la justicia a\u00fan no termina\" \/><\/a><figcaption class=\"epigrafe\">\u00a0Protesta en la FGR por el asesinato de la periodista Miroslava Breach. Foto: J. Ra\u00fal P\u00e9rez<\/figcaption><\/figure>\n<\/div>\n<\/div>\n<div class=\"fecha-y-seccion\">\n<div class=\"fecha\">CHIHUAHUA, Chih. (apro).-\u00a0 A cuatro a\u00f1os del homicidio de la periodista Miroslava Breach Velducea, su hermana y organizaciones civiles que acompa\u00f1an el caso exigieron la detenci\u00f3n de todos los involucrados de su crimen, mientras que la audiencia intermedia del proceso penal contra el exalcalde de Ch\u00ednipas, Hugo Amed Schultz Alcaraz, fue diferida a petici\u00f3n de la Fiscal\u00eda Especializada en Atenci\u00f3n de Delitos contra la Libertad de Expresi\u00f3n (Feadle).<\/div>\n<\/div>\n<\/div>\n<\/div>\n<\/article>\n<\/div>\n<\/div>\n<\/div>\n<\/div>\n<p><\/main>Rosa Mar\u00eda Breach Velducea, hermana de Miroslava, lament\u00f3 que en este pa\u00eds sigan apagando &#8220;la voz y la pluma de periodistas&#8221; y que la justicia este caso no ha alcanzado a todos los involucrados.<\/p>\n<p>&#8220;En este tiempo nos han demostrado lo peligroso que es levantar la voz y exigir justicia. Nuestra convicci\u00f3n y compromiso moral para Miroslava nos hace avanzar (&#8230;) Nuestro dolor ha aprendido a ser paciente, a no desesperar, porque hemos descubierto que no estamos solos, que son muchas las voces que se nos han sumado, porque lograr justicia para Miroslava es lograr justicia para cientos de periodistas que han sido ca\u00eddos en M\u00e9xico y otras partes del mundo. Para nosotros, como v\u00edctimas, tambi\u00e9n es esperanzador&#8221;, dijo en un video publicado en su perfil de Facebook.<\/p>\n<aside class=\"htmlinline\">\n<div id=\"div-gpt-ad-prc_interarticle(2)\" data-google-query-id=\"CNCh4dTH2O8CFcvDwAodQ-QNNQ\">\n<div id=\"google_ads_iframe_\/32968345\/prc_interarticle(2)_0__container__\"><\/div>\n<\/div>\n<\/aside>\n<p>Las organizaciones que acompa\u00f1an y\/o coadyuvan en el caso de Miroslava reconocieron que el camino a\u00fan no concluye, y que contin\u00faa otra etapa en la investigaci\u00f3n, con las l\u00edneas de narcopol\u00edtica y de la autor\u00eda intelectual de este homicidio.<\/p>\n<aside class=\"htmlinline\">\n<div id=\"div-gpt-ad-prc_interarticle(3)\" data-google-query-id=\"CPCjnNTH2O8CFRDywAodyyoFQA\">\n<div id=\"google_ads_iframe_\/32968345\/prc_interarticle(3)_0__container__\"><\/div>\n<\/div>\n<\/aside>\n<p>En ese sentido, Propuesta C\u00edvica, Reporteros sin Frontera y el Comit\u00e9 Internacional de Protecci\u00f3n a Periodistas (CPJ), exigieron a la Fiscal\u00eda General de la Rep\u00fablica (FGR) y a la Feadle, redoblar sus esfuerzos para que las dos \u00f3rdenes de aprehensi\u00f3n pendientes contra uno de los responsables en el asesinato y contra el posible autor intelectual, se ejecuten lo m\u00e1s pronto posible.<\/p>\n<p>Asimismo, pidieron en un comunicado, establecer y agotar todas las l\u00edneas de investigaci\u00f3n relativas a la narcopol\u00edtica en el estado de Chihuahua relacionadas con el asesinato de la periodista; brindar protecci\u00f3n a las v\u00edctimas indirectas y los testigos en el actual proceso penal contra Hugo Amed, y que la Feadle fortalezca sus elementos de prueba en el caso del exalcalde.<\/p>\n<p>Al Mecanismo Federal de Protecci\u00f3n para Personas Defensoras de Derechos Humanos y Periodistas de la Secretar\u00eda de Gobernaci\u00f3n le solicitaron agilizar sus procesos de atenci\u00f3n y seguir brindando las medidas de protecci\u00f3n necesarias y suficientes para garantizar la vida e integridad de las v\u00edctimas y de los testigos que ir\u00e1n a juicio oral, as\u00ed como de las personas que les acompa\u00f1an y representan legalmente.<\/p>\n<p>Destacaron que en 2020 lograron avances significativos que sientan un precedente importante para el combate contra la impunidad en los asesinatos de periodistas en uno de los pa\u00edses m\u00e1s mort\u00edferos para la prensa a nivel mundial.<\/p>\n<p>&#8220;Existen avances importantes en el caso, entre los que destacamos haber logrado que la investigaci\u00f3n haya sido asumida por la Fiscal\u00eda Especial para la Atenci\u00f3n de Delitos cometidos contra la Libertad de Expresi\u00f3n; haber logrado que la investigaci\u00f3n dejase de estar en manos de la Fiscal\u00eda General de Chihuahua, para pasar a la Fiscal\u00eda General de la Rep\u00fablica fue crucial para el caso y permiti\u00f3 extender las l\u00edneas de investigaci\u00f3n.<\/p>\n<p>\u201cLa identificaci\u00f3n de todos los autores materiales e intelectuales del crimen; el juicio oral en contra de Juan Carlos Moreno Ochoa, alias El Larry (&#8230;) la obtenci\u00f3n de una sentencia condenatoria de 50 a\u00f1os de prisi\u00f3n y la detenci\u00f3n de un ex funcionario p\u00fablico por su probable participaci\u00f3n y auxilio a los autores intelectuales y materiales del homicidio, adem\u00e1s de su vinculaci\u00f3n a proceso&#8221;.<\/p>\n<p>Agrega el comunicado que se trata de la primera sentencia condenatoria por homicidio cometido contra una mujer periodista, en la que una autoridad judicial federal reconoci\u00f3 que el crimen se cometi\u00f3 como consecuencia de su labor.<\/p>\n<p>El Juez federal Nelson Pedraza Sotelo estableci\u00f3 en su sentencia: \u201cSe comprob\u00f3 que Miroslava fue v\u00edctima de homicidio como consecuencia de sus investigaciones period\u00edsticas, logr\u00e1ndose identificar a un autor intelectual del crimen\u201d.<\/p>\n<p><a href=\"https:\/\/www.proceso.com.mx\/nacional\/2021\/3\/23\/anos-del-crimen-de-miroslava-breach-el-camino-hacia-la-justicia-aun-no-termina-260638.html\">https:\/\/www.proceso.com.mx\/nacional\/2021\/3\/23\/anos-del-crimen-de-miroslava-breach-el-camino-hacia-la-justicia-aun-no-termina-260638.html<\/a><\/p>\n","protected":false},"excerpt":{"rendered":"<p>Proceso\/Patricia Mayorga &#8220;El Larry&#8221;, autor intelectual del homicidio, fue condenado a 50 a\u00f1os de prisi\u00f3n en agosto pasado. \u00a0Protesta en la FGR por el asesinato de la periodista Miroslava Breach. &hellip; <a href=\"https:\/\/www.grieta.org.mx\/index.php\/2021\/03\/26\/a-4-anos-del-crimen-de-miroslava-breach-el-camino-hacia-la-justicia-aun-no-termina\/\" class=\"more-link\">Leer m\u00e1s<\/a><\/p>\n","protected":false},"author":2,"featured_media":21928,"comment_status":"closed","ping_status":"closed","sticky":false,"template":"","format":"standard","meta":{"ngg_post_thumbnail":0,"_jetpack_newsletter_access":"","_jetpack_dont_email_post_to_subs":false,"_jetpack_newsletter_tier_id":0,"_jetpack_memberships_contains_paywalled_content":false,"_jetpack_memberships_contains_paid_content":false,"footnotes":""},"categories":[12,80,1059],"tags":[1180,3717,3024],"class_list":["post-58044","post","type-post","status-publish","format-standard","has-post-thumbnail","hentry","category-chihuahua","category-cintillo","category-violencia-contra-periodistas-en-chihuahua","tag-asesinato-de-periodistas","tag-asesinatos-impunes","tag-aumento-de-la-violencia","entry"],"jetpack_featured_media_url":"https:\/\/www.grieta.org.mx\/wp-content\/uploads\/2018\/03\/14524434_1106112876131411_958039263622046936_o.jpg","jetpack_sharing_enabled":true,"jetpack_shortlink":"https:\/\/wp.me\/p7ZJR4-f6c","jetpack_likes_enabled":false,"jetpack-related-posts":[{"id":36206,"url":"https:\/\/www.grieta.org.mx\/index.php\/2018\/03\/21\/ambiente-adverso-para-periodistas-en-gobierno-de-corral-article-19-chihuahua\/","url_meta":{"origin":58044,"position":0},"title":"Ambiente adverso para periodistas en gobierno de Corral: Article 19 (Chihuahua)","author":"grieta","date":"21 marzo, 2018","format":false,"excerpt":"Red de Periodistas de Ju\u00e1rez En Chihuahua, el ambiente para los periodistas y defensores de la libertad de expresi\u00f3n es adverso debido a la violencia institucional que impera contra la prensa durante el gobierno de Javier Corral Jurado, de acuerdo con la organizaci\u00f3n ARTICLE 19. En su informe \u2018Democracia Simulada,\u2026","rel":"","context":"En &quot;Chihuahua&quot;","block_context":{"text":"Chihuahua","link":"https:\/\/www.grieta.org.mx\/index.php\/category\/noticias-nacionales\/chihuahua\/"},"img":{"alt_text":"","src":"https:\/\/i0.wp.com\/www.grieta.org.mx\/wp-content\/uploads\/2019\/07\/amordazada-libertad.jpg?resize=350%2C200&ssl=1","width":350,"height":200,"srcset":"https:\/\/i0.wp.com\/www.grieta.org.mx\/wp-content\/uploads\/2019\/07\/amordazada-libertad.jpg?resize=350%2C200&ssl=1 1x, https:\/\/i0.wp.com\/www.grieta.org.mx\/wp-content\/uploads\/2019\/07\/amordazada-libertad.jpg?resize=525%2C300&ssl=1 1.5x, https:\/\/i0.wp.com\/www.grieta.org.mx\/wp-content\/uploads\/2019\/07\/amordazada-libertad.jpg?resize=700%2C400&ssl=1 2x"},"classes":[]},{"id":31044,"url":"https:\/\/www.grieta.org.mx\/index.php\/2019\/03\/22\/a-2-anos-del-asesinato-de-miroslava-breach-no-hay-sentenciados-ni-justicia-chihuahua\/","url_meta":{"origin":58044,"position":1},"title":"A 2 a\u00f1os del asesinato de Miroslava Breach, no hay sentenciados ni justicia (Chihuahua)","author":"grieta","date":"22 marzo, 2019","format":false,"excerpt":"Activistas, comunicadores y familiares de la periodista exigieron justicia y demandaron a las autoridades la captura de todos los involucrados en el crimen, y en especial de los autores intelectuales. Redacci\u00f3n ANIMAL POL\u00cdTICO A dos a\u00f1os del asesinato de la periodista Miroslava Breach, no existe sentencia condenatoria contra ninguno de\u2026","rel":"","context":"En &quot;Chihuahua&quot;","block_context":{"text":"Chihuahua","link":"https:\/\/www.grieta.org.mx\/index.php\/category\/noticias-nacionales\/chihuahua\/"},"img":{"alt_text":"","src":"https:\/\/i0.wp.com\/www.grieta.org.mx\/wp-content\/uploads\/2019\/03\/Miroslava-2-a%C3%B1os.jpg?resize=350%2C200","width":350,"height":200,"srcset":"https:\/\/i0.wp.com\/www.grieta.org.mx\/wp-content\/uploads\/2019\/03\/Miroslava-2-a%C3%B1os.jpg?resize=350%2C200 1x, https:\/\/i0.wp.com\/www.grieta.org.mx\/wp-content\/uploads\/2019\/03\/Miroslava-2-a%C3%B1os.jpg?resize=525%2C300 1.5x"},"classes":[]},{"id":22858,"url":"https:\/\/www.grieta.org.mx\/index.php\/2017\/08\/23\/periodistas-de-chihuahua-exigen-se-capture-a-los-asesinos-de-miroslava-breach\/","url_meta":{"origin":58044,"position":2},"title":"Periodistas de Chihuahua exigen se capture a los asesinos de Miroslava Breach","author":"grieta","date":"23 agosto, 2017","format":false,"excerpt":"CHIHUAHUA, Chih. (apro).- Tras cinco meses de impunidad del asesinato de la corresponsal de\u00a0La Jornada, Miroslava Breach, un grupo de periodistas chihuahuenses se congreg\u00f3 en la \u201ccruz de clavos\u201d de la plaza Hidalgo, frente a Palacio de Gobierno. Acompa\u00f1ados por derechohumanistas, los comunicadores exigieron una vez m\u00e1s a los gobiernos\u2026","rel":"","context":"En &quot;Chihuahua&quot;","block_context":{"text":"Chihuahua","link":"https:\/\/www.grieta.org.mx\/index.php\/category\/noticias-nacionales\/chihuahua\/"},"img":{"alt_text":"","src":"https:\/\/i0.wp.com\/www.grieta.org.mx\/wp-content\/uploads\/2018\/05\/Periodistas.jpg?resize=350%2C200&ssl=1","width":350,"height":200,"srcset":"https:\/\/i0.wp.com\/www.grieta.org.mx\/wp-content\/uploads\/2018\/05\/Periodistas.jpg?resize=350%2C200&ssl=1 1x, https:\/\/i0.wp.com\/www.grieta.org.mx\/wp-content\/uploads\/2018\/05\/Periodistas.jpg?resize=525%2C300&ssl=1 1.5x, https:\/\/i0.wp.com\/www.grieta.org.mx\/wp-content\/uploads\/2018\/05\/Periodistas.jpg?resize=700%2C400&ssl=1 2x"},"classes":[]},{"id":22447,"url":"https:\/\/www.grieta.org.mx\/index.php\/2017\/04\/30\/el-estado-mexicano-de-tamaulipas-declarado-zona-silenciada-por-la-violencia-contra-periodistas\/","url_meta":{"origin":58044,"position":3},"title":"El estado mexicano de Tamaulipas, declarado zona silenciada por la violencia contra periodistas","author":"grieta","date":"30 abril, 2017","format":false,"excerpt":"Redacci\u00f3n\/Notim\u00e9rica CIUDAD DE M\u00c9XICO, 30 Abr. (Notim\u00e9rica) - La Comisi\u00f3n Internacional de Derechos Humanos (CIDH) ha reiterado la mala situaci\u00f3n en la que se encuentran los periodistas en M\u00e9xico, silenciados de forma violenta. Aunque la situaci\u00f3n es alarmante a nivel nacional, la CIDH ha puesto el foco en el estado\u2026","rel":"","context":"En &quot;CINTILLO&quot;","block_context":{"text":"CINTILLO","link":"https:\/\/www.grieta.org.mx\/index.php\/category\/cintillo\/"},"img":{"alt_text":"","src":"https:\/\/i0.wp.com\/www.grieta.org.mx\/wp-content\/uploads\/2018\/04\/t2.jpg?resize=350%2C200&ssl=1","width":350,"height":200,"srcset":"https:\/\/i0.wp.com\/www.grieta.org.mx\/wp-content\/uploads\/2018\/04\/t2.jpg?resize=350%2C200&ssl=1 1x, https:\/\/i0.wp.com\/www.grieta.org.mx\/wp-content\/uploads\/2018\/04\/t2.jpg?resize=525%2C300&ssl=1 1.5x"},"classes":[]},{"id":22868,"url":"https:\/\/www.grieta.org.mx\/index.php\/2017\/03\/24\/miroslava-breach-periodista-asesinada-que-difundio-la-oposicion-minera-en-chihuahua\/","url_meta":{"origin":58044,"position":4},"title":"Miroslava Breach, periodista asesinada que difundi\u00f3 la oposici\u00f3n minera en Chihuahua","author":"grieta","date":"24 marzo, 2017","format":false,"excerpt":"Miroslava Breach Velducea -mujer periodista de 54 a\u00f1os de edad, corresponsal de La Jornada- fue asesinada el jueves 23 de marzo. Cuando sal\u00eda de su domicilio ubicado en la ciudad de Chihuahua, sujetos a bordo de una camioneta la ultimaron con tiros de una arma de fuego, calibre 38. Una\u2026","rel":"","context":"En &quot;Chihuahua&quot;","block_context":{"text":"Chihuahua","link":"https:\/\/www.grieta.org.mx\/index.php\/category\/noticias-nacionales\/chihuahua\/"},"img":{"alt_text":"","src":"https:\/\/i0.wp.com\/www.grieta.org.mx\/wp-content\/uploads\/2018\/03\/14524434_1106112876131411_958039263622046936_o.jpg?resize=350%2C200&ssl=1","width":350,"height":200,"srcset":"https:\/\/i0.wp.com\/www.grieta.org.mx\/wp-content\/uploads\/2018\/03\/14524434_1106112876131411_958039263622046936_o.jpg?resize=350%2C200&ssl=1 1x, https:\/\/i0.wp.com\/www.grieta.org.mx\/wp-content\/uploads\/2018\/03\/14524434_1106112876131411_958039263622046936_o.jpg?resize=525%2C300&ssl=1 1.5x, https:\/\/i0.wp.com\/www.grieta.org.mx\/wp-content\/uploads\/2018\/03\/14524434_1106112876131411_958039263622046936_o.jpg?resize=700%2C400&ssl=1 2x"},"classes":[]},{"id":23060,"url":"https:\/\/www.grieta.org.mx\/index.php\/2017\/05\/16\/en-durango-y-coahuila-hubo-7-homicidios-de-periodistas\/","url_meta":{"origin":58044,"position":5},"title":"En Durango y Coahuila hubo 7 homicidios de periodistas","author":"grieta","date":"16 mayo, 2017","format":false,"excerpt":"Redacci\u00f3n\/El Siglo de Torre\u00f3n La Procuradur\u00eda General de la Rep\u00fablica inform\u00f3 que en un per\u00edodo de 7 a\u00f1os en Coahuila fueron registrados dos asesinatos a periodistas, mientras que en Durango sumaron 5, de los cuales 4 sucedieron en solo un a\u00f1o. De acuerdo a la Fiscal\u00eda Especial Para la Atenci\u00f3n\u2026","rel":"","context":"En &quot;CINTILLO&quot;","block_context":{"text":"CINTILLO","link":"https:\/\/www.grieta.org.mx\/index.php\/category\/cintillo\/"},"img":{"alt_text":"","src":"https:\/\/i0.wp.com\/www.grieta.org.mx\/wp-content\/uploads\/2018\/05\/p1.jpeg?resize=350%2C200&ssl=1","width":350,"height":200,"srcset":"https:\/\/i0.wp.com\/www.grieta.org.mx\/wp-content\/uploads\/2018\/05\/p1.jpeg?resize=350%2C200&ssl=1 1x, https:\/\/i0.wp.com\/www.grieta.org.mx\/wp-content\/uploads\/2018\/05\/p1.jpeg?resize=525%2C300&ssl=1 1.5x, https:\/\/i0.wp.com\/www.grieta.org.mx\/wp-content\/uploads\/2018\/05\/p1.jpeg?resize=700%2C400&ssl=1 2x, https:\/\/i0.wp.com\/www.grieta.org.mx\/wp-content\/uploads\/2018\/05\/p1.jpeg?resize=1050%2C600&ssl=1 3x"},"classes":[]}],"_links":{"self":[{"href":"https:\/\/www.grieta.org.mx\/index.php\/wp-json\/wp\/v2\/posts\/58044","targetHints":{"allow":["GET"]}}],"collection":[{"href":"https:\/\/www.grieta.org.mx\/index.php\/wp-json\/wp\/v2\/posts"}],"about":[{"href":"https:\/\/www.grieta.org.mx\/index.php\/wp-json\/wp\/v2\/types\/post"}],"author":[{"embeddable":true,"href":"https:\/\/www.grieta.org.mx\/index.php\/wp-json\/wp\/v2\/users\/2"}],"replies":[{"embeddable":true,"href":"https:\/\/www.grieta.org.mx\/index.php\/wp-json\/wp\/v2\/comments?post=58044"}],"version-history":[{"count":1,"href":"https:\/\/www.grieta.org.mx\/index.php\/wp-json\/wp\/v2\/posts\/58044\/revisions"}],"predecessor-version":[{"id":58045,"href":"https:\/\/www.grieta.org.mx\/index.php\/wp-json\/wp\/v2\/posts\/58044\/revisions\/58045"}],"wp:featuredmedia":[{"embeddable":true,"href":"https:\/\/www.grieta.org.mx\/index.php\/wp-json\/wp\/v2\/media\/21928"}],"wp:attachment":[{"href":"https:\/\/www.grieta.org.mx\/index.php\/wp-json\/wp\/v2\/media?parent=58044"}],"wp:term":[{"taxonomy":"category","embeddable":true,"href":"https:\/\/www.grieta.org.mx\/index.php\/wp-json\/wp\/v2\/categories?post=58044"},{"taxonomy":"post_tag","embeddable":true,"href":"https:\/\/www.grieta.org.mx\/index.php\/wp-json\/wp\/v2\/tags?post=58044"}],"curies":[{"name":"wp","href":"https:\/\/api.w.org\/{rel}","templated":true}]}}