{"id":58037,"date":"2021-03-28T22:39:17","date_gmt":"2021-03-29T04:39:17","guid":{"rendered":"https:\/\/www.grieta.org.mx\/?p=58037"},"modified":"2021-03-28T22:39:17","modified_gmt":"2021-03-29T04:39:17","slug":"siembran-arboles-en-memoria-de-activista-y-18-asesinados-en-veracruz","status":"publish","type":"post","link":"https:\/\/www.grieta.org.mx\/index.php\/2021\/03\/28\/siembran-arboles-en-memoria-de-activista-y-18-asesinados-en-veracruz\/","title":{"rendered":"Siembran \u00e1rboles en memoria de activista y 18 asesinados en Veracruz"},"content":{"rendered":"<figure id=\"attachment_58038\" aria-describedby=\"caption-attachment-58038\" style=\"width: 800px\" class=\"wp-caption aligncenter\"><a href=\"http:\/\/www.grieta.org.mx\/wp-content\/uploads\/2021\/03\/Screenshot_2021-03-28-Siembran-arboles-en-memoria-de-activista-y-18-asesinados-en-Veracruz-FOTOS.png\"><img loading=\"lazy\" decoding=\"async\" data-attachment-id=\"58038\" data-permalink=\"https:\/\/www.grieta.org.mx\/index.php\/2021\/03\/28\/siembran-arboles-en-memoria-de-activista-y-18-asesinados-en-veracruz\/screenshot_2021-03-28-siembran-arboles-en-memoria-de-activista-y-18-asesinados-en-veracruz-fotos\/\" data-orig-file=\"https:\/\/www.grieta.org.mx\/wp-content\/uploads\/2021\/03\/Screenshot_2021-03-28-Siembran-arboles-en-memoria-de-activista-y-18-asesinados-en-Veracruz-FOTOS.png\" data-orig-size=\"1156,651\" data-comments-opened=\"0\" data-image-meta=\"{&quot;aperture&quot;:&quot;0&quot;,&quot;credit&quot;:&quot;&quot;,&quot;camera&quot;:&quot;&quot;,&quot;caption&quot;:&quot;&quot;,&quot;created_timestamp&quot;:&quot;0&quot;,&quot;copyright&quot;:&quot;&quot;,&quot;focal_length&quot;:&quot;0&quot;,&quot;iso&quot;:&quot;0&quot;,&quot;shutter_speed&quot;:&quot;0&quot;,&quot;title&quot;:&quot;&quot;,&quot;orientation&quot;:&quot;0&quot;}\" data-image-title=\"Screenshot_2021-03-28 Siembran \u00e1rboles en memoria de activista y 18 asesinados en Veracruz FOTOS\" data-image-description=\"\" data-image-caption=\"\" data-medium-file=\"https:\/\/www.grieta.org.mx\/wp-content\/uploads\/2021\/03\/Screenshot_2021-03-28-Siembran-arboles-en-memoria-de-activista-y-18-asesinados-en-Veracruz-FOTOS-300x169.png\" data-large-file=\"https:\/\/www.grieta.org.mx\/wp-content\/uploads\/2021\/03\/Screenshot_2021-03-28-Siembran-arboles-en-memoria-de-activista-y-18-asesinados-en-Veracruz-FOTOS-1024x577.png\" class=\"wp-image-58038\" src=\"http:\/\/www.grieta.org.mx\/wp-content\/uploads\/2021\/03\/Screenshot_2021-03-28-Siembran-arboles-en-memoria-de-activista-y-18-asesinados-en-Veracruz-FOTOS.png\" alt=\"\" width=\"800\" height=\"451\" srcset=\"https:\/\/www.grieta.org.mx\/wp-content\/uploads\/2021\/03\/Screenshot_2021-03-28-Siembran-arboles-en-memoria-de-activista-y-18-asesinados-en-Veracruz-FOTOS.png 1156w, https:\/\/www.grieta.org.mx\/wp-content\/uploads\/2021\/03\/Screenshot_2021-03-28-Siembran-arboles-en-memoria-de-activista-y-18-asesinados-en-Veracruz-FOTOS-300x169.png 300w, https:\/\/www.grieta.org.mx\/wp-content\/uploads\/2021\/03\/Screenshot_2021-03-28-Siembran-arboles-en-memoria-de-activista-y-18-asesinados-en-Veracruz-FOTOS-1024x577.png 1024w, https:\/\/www.grieta.org.mx\/wp-content\/uploads\/2021\/03\/Screenshot_2021-03-28-Siembran-arboles-en-memoria-de-activista-y-18-asesinados-en-Veracruz-FOTOS-768x432.png 768w\" sizes=\"auto, (max-width: 800px) 100vw, 800px\" \/><\/a><figcaption id=\"caption-attachment-58038\" class=\"wp-caption-text\">Siembra de \u00e1rboles para recordar a las v\u00edctimas por cr\u00edmenes de odio en Veracruz. Foto: Especial<\/figcaption><\/figure>\n<p>&#8211; Es la cuarta jornada de reforestaci\u00f3n que se ha llevado a cabo en la ciudad de Xalapa por desapariciones y asesinatos<\/p>\n<p>Juan David Castilla Arcos \/ Heraldo de M\u00e9xico<\/p>\n<p>Integrantes de la Coalici\u00f3n Estatal de la Diversidad Sexual y de otras organizaciones plantaron 24 \u00e1rboles en el bosque Don Roberto, donde fueron colocadas las fotograf\u00edas de quienes han sido asesinados durante los \u00faltimos seis a\u00f1os, la mayor\u00eda de ellos, por cr\u00edmenes de odio por homofobia.<\/p>\n<p>Lo anterior, como parte del proyecto \u201cToda vida vale\u201d, mismo que contempla plantar \u00e1rboles en distintas \u00e1reas verdes por cada persona desaparecida o asesinada en la entidad, con el objetivo de exigir justicia y sensibilizar a la poblaci\u00f3n sobre la problem\u00e1tica.<\/p>\n<p>En el lugar destac\u00f3 la imagen del activista Abir\u00e1m Hern\u00e1ndez Fern\u00e1ndez, encontrado sin vida el 30 de marzo de 2019, en la ciudad de Xalapa. Tambi\u00e9n se observ\u00f3 la fotograf\u00eda de Alaska Contreras Ponce, una mujer transexual, exreyna de belleza, que fue torturada y asesinada el 26 de julio de 2018.<\/p>\n<p>El presidente de la Coalici\u00f3n Estatal de la Diversidad Sexual, Benjam\u00edn Callejas Hern\u00e1ndez, record\u00f3 que fueron 18 los miembros de la comunidad L\u00e9sbico, Gay, Bisexual y Transexual (LGBT) que murieron en la masacre en el centro nocturno \u201cMadame\u201d, el 16 de mayo de 2016, en Xalapa.<\/p>\n<p>Por tal motivo, sembr\u00f3 18 \u00e1rboles por cada una de las v\u00edctimas en dicho atentado por parte de un grupo armado que ingres\u00f3 aquella noche al <strong>establecimiento<\/strong> y abri\u00f3 fuego sin piedad contra los presentes.<\/p>\n<p>Las autoridades estatales hab\u00edan informado que solo cinco personas hab\u00edan muerto a causa de las graves heridas ocasionadas por balas de alto calibre; sin embargo, el l\u00edder de la <strong>diversidad sexual<\/strong> asegur\u00f3 que en el centro nocturno se encontraban 200 personas.<\/p>\n<p>\u201cLa parte oficial, cuando estaba el Luis \u00c1ngel Bravo Contreras, dec\u00edan que solo hab\u00edan fallecido cinco personas, pero en un establecimiento donde se dice que hab\u00eda 200 personas adentro, asistentes comentan que hubo 30 <strong>lesionados<\/strong> y 18 personas muertas\u201d.<\/p>\n<p>Record\u00f3 que el caso de Alaska Contreras contin\u00faa impune y, a tres a\u00f1os del homicidio, no hay avances en las investigaciones por parte de la <strong>Fiscal\u00eda General del Estado<\/strong> (FGE).<\/p>\n<p>\u201cTambi\u00e9n pondremos una placa de nuestra compa\u00f1era Alaska que no se ha esclarecido, ni hay avance, ni pruebas que desahoguen qu\u00e9 pas\u00f3 con la compa\u00f1era, a pesar de que el alto comisionado de la <strong>ONU<\/strong> en <strong>M\u00e9xico<\/strong> emiti\u00f3 un mandato al gobierno de Veracruz para que se esclareciera el caso. Vamos a poner una placa en memoria a nuestro amigo activista Abir\u00e1m Hern\u00e1ndez, que acompa\u00f1aba a las familias v\u00edctimas de <strong>desaparici\u00f3n forzada<\/strong>\u201d, remat\u00f3.<\/p>\n<p>Cabe mencionar que el bosque Don Roberto se encuentra a un costado del fraccionamiento <strong>Las Fuentes<\/strong>, en la zona del bulevar Rafael Gu\u00edzar y Valencia, mejor conocido como Arco Sur.<\/p>\n<p><img loading=\"lazy\" decoding=\"async\" src=\"https:\/\/heraldodemexico.com.mx\/u\/fotografias\/m\/2021\/3\/28\/f768x400-346210_390113_5050.jpg\" alt=\"\" width=\"768\" height=\"400\"><\/p>\n<h2>Hasta ahora se han sembrado 50 \u00e1rboles<\/h2>\n<p><strong>Alma Cecilia Carmona Ortega<\/strong> es fundadora del proyecto social \u201cToda vida vale\u201d. Una joven que ha participado en la siembra de m\u00e1s de 50 \u00e1rboles, en memoria de personas desaparecidas y asesinadas, en la capital de Veracruz.<\/p>\n<p>Este domingo 28 de marzo se llev\u00f3 a cabo la cuarta jornada de <strong>reforestaci\u00f3n<\/strong>. En esta ocasi\u00f3n, fue en el parque Don Roberto, ubicado a un costado del fraccionamiento <strong>Las Fuentes<\/strong>, en la zona del bulevar Rafael Gu\u00edzar y Valencia, mejor conocido como Arco Sur.<\/p>\n<p>La activista mencion\u00f3 que en pr\u00f3ximos d\u00edas se dialogar\u00e1 con autoridades del municipio de <strong>La Antigua<\/strong>, para replicar dichas acciones en alg\u00fan parque o \u00e1rea verde de <strong>ciudad Cardel<\/strong>.<\/p>\n<p>A esta iniciativa se sumar\u00e1n tres colectivos de familiares de desaparecidos, entre ellos el <strong>Colectivo Solecito<\/strong> del Puerto de Veracruz y otros de <strong>Cempoala<\/strong> y Cardel.<\/p>\n<p>\u201cVamos a hablar con el alcalde de <strong>La Antigua<\/strong> para que se nos indiquen los lugares donde vamos a estar reforestando all\u00e1, con tres colectivos, que es el Solecito, son tres: de Cempoala, puerto de Veracruz y Cardel\u201d.<\/p>\n<p>Record\u00f3 que ya han sido plantados \u00e1rboles en el bosque de la antigua <strong>Estaci\u00f3n Ferrocarrilera<\/strong>, as\u00ed como tambi\u00e9n, dos \u00e1reas del cerro de <strong>Macuilt\u00e9petl<\/strong> y en el bosque Don Roberto.<\/p>\n<p>\u201cAhorita estamos en el bloque de Don Roberto con el <strong>colectivo LGBTI<\/strong>, por los cr\u00edmenes de odio. Es la cuarta jornada de reforestaci\u00f3n en memoria de los desaparecidos y asesinados, llevamos como 50 arbolitos sembrados\u201d.<\/p>\n<p>Adem\u00e1s, mencion\u00f3 que se busca replicar la iniciativa en otros municipios y en otros estados de la <strong>Rep\u00fablica Mexicana<\/strong>, para que cesen las desapariciones forzadas y los asesinatos.<\/p>\n<p>\u201cNuestra meta es dejar de plantar por personas desaparecidas o <strong>v\u00edctimas<\/strong> de la violencia; sin embargo, lo que sea necesario reforestar, no hay l\u00edmite, tenemos visi\u00f3n de hacerlo a nivel nacional y tenemos que continuar con los trabajos. Adem\u00e1s, desapariciones hay todos los d\u00edas, todos los d\u00edas hay muertos, homicidios,<strong> feminicidios<\/strong>, cr\u00edmenes de odio y es indispensable visibilizar esta situaci\u00f3n\u201d, concluy\u00f3.<\/p>\n<p><img loading=\"lazy\" decoding=\"async\" src=\"https:\/\/heraldodemexico.com.mx\/u\/fotografias\/m\/2021\/3\/28\/f768x400-346208_390111_5050.jpg\" alt=\"\" width=\"768\" height=\"400\"><a href=\"https:\/\/heraldodemexico.com.mx\/nacional\/2021\/3\/28\/siembran-arboles-en-memoria-de-activista-18-asesinados-en-veracruz-fotos-276486.ht\" rel=\"noopener\" target=\"_blank\">https:\/\/heraldodemexico.com.mx\/nacional\/2021\/3\/28\/siembran-arboles-en-memoria-de-activista-18-asesinados-en-veracruz-fotos-276486.ht<\/a>ml<\/p>\n","protected":false},"excerpt":{"rendered":"<p>&#8211; Es la cuarta jornada de reforestaci\u00f3n que se ha llevado a cabo en la ciudad de Xalapa por desapariciones y asesinatos Juan David Castilla Arcos \/ Heraldo de M\u00e9xico &hellip; <a href=\"https:\/\/www.grieta.org.mx\/index.php\/2021\/03\/28\/siembran-arboles-en-memoria-de-activista-y-18-asesinados-en-veracruz\/\" class=\"more-link\">Leer m\u00e1s<\/a><\/p>\n","protected":false},"author":1,"featured_media":58038,"comment_status":"closed","ping_status":"closed","sticky":false,"template":"","format":"standard","meta":{"ngg_post_thumbnail":0,"_jetpack_newsletter_access":"","_jetpack_dont_email_post_to_subs":false,"_jetpack_newsletter_tier_id":0,"_jetpack_memberships_contains_paywalled_content":false,"_jetpack_memberships_contains_paid_content":false,"footnotes":""},"categories":[2502,80,87,1012,3648,2,83,35],"tags":[121,1226],"class_list":["post-58037","post","type-post","status-publish","format-standard","has-post-thumbnail","hentry","category-asesinato-de-activistas-en-veracruz","category-cintillo","category-desaparecidos","category-desaparecidos-en-veracruz","category-movilizacion-de-la-comunidad-lgbttti-en-veracruz","category-noticias-nacionales","category-temas-nacionales","category-veracruz","tag-desaparecidos","tag-violencia-contra-la-comunidad-lgbttti","entry"],"jetpack_featured_media_url":"https:\/\/www.grieta.org.mx\/wp-content\/uploads\/2021\/03\/Screenshot_2021-03-28-Siembran-arboles-en-memoria-de-activista-y-18-asesinados-en-Veracruz-FOTOS.png","jetpack_sharing_enabled":true,"jetpack_shortlink":"https:\/\/wp.me\/p7ZJR4-f65","jetpack_likes_enabled":false,"jetpack-related-posts":[{"id":8525,"url":"https:\/\/www.grieta.org.mx\/index.php\/2015\/07\/03\/movilizaciones-por-ayotzinapa-en-veracruz\/","url_meta":{"origin":58037,"position":0},"title":"Movilizaciones por Ayotzinapa en Veracruz","author":"Admin","date":"3 julio, 2015","format":false,"excerpt":"03\/07\/15. Visita comitiva de los padres de los 43 Desaparecidos y 3 Asesinados Sierras de Veracruz y Oaxaca Zapateando 29\/06\/15. Familiares de desaparecidos unen su lucha con organizaciones ind\u00edgenas del sur de Veracruz Zapateando","rel":"","context":"En &quot;Desaparecidos&quot;","block_context":{"text":"Desaparecidos","link":"https:\/\/www.grieta.org.mx\/index.php\/category\/temas-nacionales\/desaparecidos\/"},"img":{"alt_text":"","src":"https:\/\/i0.wp.com\/www.grieta.org.mx\/wp-content\/uploads\/2018\/03\/14524434_1106112876131411_958039263622046936_o.jpg?resize=350%2C200&ssl=1","width":350,"height":200,"srcset":"https:\/\/i0.wp.com\/www.grieta.org.mx\/wp-content\/uploads\/2018\/03\/14524434_1106112876131411_958039263622046936_o.jpg?resize=350%2C200&ssl=1 1x, https:\/\/i0.wp.com\/www.grieta.org.mx\/wp-content\/uploads\/2018\/03\/14524434_1106112876131411_958039263622046936_o.jpg?resize=525%2C300&ssl=1 1.5x, https:\/\/i0.wp.com\/www.grieta.org.mx\/wp-content\/uploads\/2018\/03\/14524434_1106112876131411_958039263622046936_o.jpg?resize=700%2C400&ssl=1 2x"},"classes":[]},{"id":7376,"url":"https:\/\/www.grieta.org.mx\/index.php\/2016\/03\/24\/jornaleros-explotados-de-veracruz\/","url_meta":{"origin":58037,"position":1},"title":"Jornaleros explotados de Veracruz","author":"Admin","date":"24 marzo, 2016","format":false,"excerpt":"24\/03\/16. Zongolica, el que m\u00e1s expulsa mano de obra a Canad\u00e1 El Sol de C\u00f3rdoba 24\/09\/15. En Veracruz, marcha por desaparecidos, golpeados y asesinados en sexenio de Duarte Columna Tamaulipas","rel":"","context":"En &quot;Jornaleros&quot;","block_context":{"text":"Jornaleros","link":"https:\/\/www.grieta.org.mx\/index.php\/category\/temas-nacionales\/jornaleros\/"},"img":{"alt_text":"","src":"https:\/\/i0.wp.com\/www.grieta.org.mx\/wp-content\/uploads\/2018\/03\/14524434_1106112876131411_958039263622046936_o.jpg?resize=350%2C200&ssl=1","width":350,"height":200,"srcset":"https:\/\/i0.wp.com\/www.grieta.org.mx\/wp-content\/uploads\/2018\/03\/14524434_1106112876131411_958039263622046936_o.jpg?resize=350%2C200&ssl=1 1x, https:\/\/i0.wp.com\/www.grieta.org.mx\/wp-content\/uploads\/2018\/03\/14524434_1106112876131411_958039263622046936_o.jpg?resize=525%2C300&ssl=1 1.5x, https:\/\/i0.wp.com\/www.grieta.org.mx\/wp-content\/uploads\/2018\/03\/14524434_1106112876131411_958039263622046936_o.jpg?resize=700%2C400&ssl=1 2x"},"classes":[]},{"id":53329,"url":"https:\/\/www.grieta.org.mx\/index.php\/2020\/08\/30\/mas-activistas-se-suman-a-la-huelga-de-hambre-por-crimenes-de-odio-en-veracruz\/","url_meta":{"origin":58037,"position":2},"title":"M\u00e1s activistas se suman a la huelga de hambre por cr\u00edmenes de odio en Veracruz","author":"grieta","date":"30 agosto, 2020","format":false,"excerpt":"Jos\u00e9 Mart\u00edn \/ Vanguardia de Veracruz Xalapa, Ver.- Por lo menos seis integrantes de la comunidad L\u00e9sbico, Gay, Bisexual, Travesti, Transexual, Transg\u00e9nero e Intersexual (LGBTTTI) mantienen una huelga de hambre como protesta ante el incremento de cr\u00edmenes de odio, y crueldad con la que se ataca a las mujeres trans.\u2026","rel":"","context":"En &quot;CINTILLO&quot;","block_context":{"text":"CINTILLO","link":"https:\/\/www.grieta.org.mx\/index.php\/category\/cintillo\/"},"img":{"alt_text":"","src":"https:\/\/i0.wp.com\/www.grieta.org.mx\/wp-content\/uploads\/2020\/09\/mas2.jpg?resize=350%2C200&ssl=1","width":350,"height":200,"srcset":"https:\/\/i0.wp.com\/www.grieta.org.mx\/wp-content\/uploads\/2020\/09\/mas2.jpg?resize=350%2C200&ssl=1 1x, https:\/\/i0.wp.com\/www.grieta.org.mx\/wp-content\/uploads\/2020\/09\/mas2.jpg?resize=525%2C300&ssl=1 1.5x, https:\/\/i0.wp.com\/www.grieta.org.mx\/wp-content\/uploads\/2020\/09\/mas2.jpg?resize=700%2C400&ssl=1 2x, https:\/\/i0.wp.com\/www.grieta.org.mx\/wp-content\/uploads\/2020\/09\/mas2.jpg?resize=1050%2C600&ssl=1 3x"},"classes":[]},{"id":53473,"url":"https:\/\/www.grieta.org.mx\/index.php\/2020\/08\/28\/integrantes-de-la-comunidad-lgbt-protestan-por-asesinato-de-transgenero-en-veracruz\/","url_meta":{"origin":58037,"position":3},"title":"Integrantes de la comunidad LGBT protestan por asesinato de transg\u00e9nero en Veracruz","author":"grieta","date":"28 agosto, 2020","format":false,"excerpt":"No\u00e9 Zavaleta \/ Proceso XALAPA, Ver. (apro).- Activistas LGTB y amigos de Brandy Carolina Melchor protestaron este viernes en la explanada de la Fiscal\u00eda General del estado (FGE) para exigir justicia por el asesinato de la mujer transg\u00e9nero y su madre, Mar\u00eda Luisa Huerta, el pasado mi\u00e9rcoles 26. Brandy, de\u2026","rel":"","context":"En &quot;CINTILLO&quot;","block_context":{"text":"CINTILLO","link":"https:\/\/www.grieta.org.mx\/index.php\/category\/cintillo\/"},"img":{"alt_text":"","src":"https:\/\/i0.wp.com\/www.grieta.org.mx\/wp-content\/uploads\/2020\/09\/asesinato-transexual-protesta-870x522-1.jpg?resize=350%2C200&ssl=1","width":350,"height":200,"srcset":"https:\/\/i0.wp.com\/www.grieta.org.mx\/wp-content\/uploads\/2020\/09\/asesinato-transexual-protesta-870x522-1.jpg?resize=350%2C200&ssl=1 1x, https:\/\/i0.wp.com\/www.grieta.org.mx\/wp-content\/uploads\/2020\/09\/asesinato-transexual-protesta-870x522-1.jpg?resize=525%2C300&ssl=1 1.5x, https:\/\/i0.wp.com\/www.grieta.org.mx\/wp-content\/uploads\/2020\/09\/asesinato-transexual-protesta-870x522-1.jpg?resize=700%2C400&ssl=1 2x"},"classes":[]},{"id":45648,"url":"https:\/\/www.grieta.org.mx\/index.php\/2020\/02\/26\/familias-de-desaparecidos-denuncian-campos-de-exterminio-en-veracruz\/","url_meta":{"origin":58037,"position":4},"title":"Familias de desaparecidos denuncian campos de exterminio en Veracruz","author":"Admin","date":"26 febrero, 2020","format":false,"excerpt":"Eliana Gilet \/ Sputnik News La quinta Brigada Nacional de B\u00fasqueda de personas desaparecidas en M\u00e9xico trabaj\u00f3 durante 15 d\u00edas en la zona norte del estado de Veracruz, particularmente afectado por la reiterada comisi\u00f3n de este delito de lesa humanidad, es decir, que no prescribe y que siempre puede ser\u2026","rel":"","context":"En &quot;CINTILLO&quot;","block_context":{"text":"CINTILLO","link":"https:\/\/www.grieta.org.mx\/index.php\/category\/cintillo\/"},"img":{"alt_text":"","src":"https:\/\/i0.wp.com\/www.grieta.org.mx\/wp-content\/uploads\/2020\/03\/Screenshot_2020-03-06-Familias-de-desaparecidos-denuncian-campos-de-exterminio-en-Veracruz.png?resize=350%2C200&ssl=1","width":350,"height":200,"srcset":"https:\/\/i0.wp.com\/www.grieta.org.mx\/wp-content\/uploads\/2020\/03\/Screenshot_2020-03-06-Familias-de-desaparecidos-denuncian-campos-de-exterminio-en-Veracruz.png?resize=350%2C200&ssl=1 1x, https:\/\/i0.wp.com\/www.grieta.org.mx\/wp-content\/uploads\/2020\/03\/Screenshot_2020-03-06-Familias-de-desaparecidos-denuncian-campos-de-exterminio-en-Veracruz.png?resize=525%2C300&ssl=1 1.5x, https:\/\/i0.wp.com\/www.grieta.org.mx\/wp-content\/uploads\/2020\/03\/Screenshot_2020-03-06-Familias-de-desaparecidos-denuncian-campos-de-exterminio-en-Veracruz.png?resize=700%2C400&ssl=1 2x, https:\/\/i0.wp.com\/www.grieta.org.mx\/wp-content\/uploads\/2020\/03\/Screenshot_2020-03-06-Familias-de-desaparecidos-denuncian-campos-de-exterminio-en-Veracruz.png?resize=1050%2C600&ssl=1 3x"},"classes":[]},{"id":25692,"url":"https:\/\/www.grieta.org.mx\/index.php\/2018\/08\/05\/lucha-por-los-desaparecidos-en-orizaba-cordoba-veracruz\/","url_meta":{"origin":58037,"position":5},"title":"Lucha por los desaparecidos en Orizaba &#8211; C\u00f3rdoba, Veracruz","author":"grieta","date":"5 agosto, 2018","format":false,"excerpt":"CENCOS \/ Redacci\u00f3n","rel":"","context":"En &quot;CINTILLO&quot;","block_context":{"text":"CINTILLO","link":"https:\/\/www.grieta.org.mx\/index.php\/category\/cintillo\/"},"img":{"alt_text":"","src":"https:\/\/i0.wp.com\/www.grieta.org.mx\/wp-content\/uploads\/2018\/08\/WhatsApp-Image-2016-10-12-at-16.26.19.jpeg?resize=350%2C200&ssl=1","width":350,"height":200,"srcset":"https:\/\/i0.wp.com\/www.grieta.org.mx\/wp-content\/uploads\/2018\/08\/WhatsApp-Image-2016-10-12-at-16.26.19.jpeg?resize=350%2C200&ssl=1 1x, https:\/\/i0.wp.com\/www.grieta.org.mx\/wp-content\/uploads\/2018\/08\/WhatsApp-Image-2016-10-12-at-16.26.19.jpeg?resize=525%2C300&ssl=1 1.5x, https:\/\/i0.wp.com\/www.grieta.org.mx\/wp-content\/uploads\/2018\/08\/WhatsApp-Image-2016-10-12-at-16.26.19.jpeg?resize=700%2C400&ssl=1 2x, https:\/\/i0.wp.com\/www.grieta.org.mx\/wp-content\/uploads\/2018\/08\/WhatsApp-Image-2016-10-12-at-16.26.19.jpeg?resize=1050%2C600&ssl=1 3x"},"classes":[]}],"_links":{"self":[{"href":"https:\/\/www.grieta.org.mx\/index.php\/wp-json\/wp\/v2\/posts\/58037","targetHints":{"allow":["GET"]}}],"collection":[{"href":"https:\/\/www.grieta.org.mx\/index.php\/wp-json\/wp\/v2\/posts"}],"about":[{"href":"https:\/\/www.grieta.org.mx\/index.php\/wp-json\/wp\/v2\/types\/post"}],"author":[{"embeddable":true,"href":"https:\/\/www.grieta.org.mx\/index.php\/wp-json\/wp\/v2\/users\/1"}],"replies":[{"embeddable":true,"href":"https:\/\/www.grieta.org.mx\/index.php\/wp-json\/wp\/v2\/comments?post=58037"}],"version-history":[{"count":1,"href":"https:\/\/www.grieta.org.mx\/index.php\/wp-json\/wp\/v2\/posts\/58037\/revisions"}],"predecessor-version":[{"id":58039,"href":"https:\/\/www.grieta.org.mx\/index.php\/wp-json\/wp\/v2\/posts\/58037\/revisions\/58039"}],"wp:featuredmedia":[{"embeddable":true,"href":"https:\/\/www.grieta.org.mx\/index.php\/wp-json\/wp\/v2\/media\/58038"}],"wp:attachment":[{"href":"https:\/\/www.grieta.org.mx\/index.php\/wp-json\/wp\/v2\/media?parent=58037"}],"wp:term":[{"taxonomy":"category","embeddable":true,"href":"https:\/\/www.grieta.org.mx\/index.php\/wp-json\/wp\/v2\/categories?post=58037"},{"taxonomy":"post_tag","embeddable":true,"href":"https:\/\/www.grieta.org.mx\/index.php\/wp-json\/wp\/v2\/tags?post=58037"}],"curies":[{"name":"wp","href":"https:\/\/api.w.org\/{rel}","templated":true}]}}