{"id":58027,"date":"2021-03-26T19:31:21","date_gmt":"2021-03-27T01:31:21","guid":{"rendered":"https:\/\/www.grieta.org.mx\/?p=58027"},"modified":"2021-03-28T19:48:45","modified_gmt":"2021-03-29T01:48:45","slug":"desaparecer-en-nayarit-un-retrato-de-wen-a-traves-de-sus-amigas-nayarit","status":"publish","type":"post","link":"https:\/\/www.grieta.org.mx\/index.php\/2021\/03\/26\/desaparecer-en-nayarit-un-retrato-de-wen-a-traves-de-sus-amigas-nayarit\/","title":{"rendered":"Desaparecer en Nayarit. Un retrato de Wen a trav\u00e9s de sus amigas"},"content":{"rendered":"<p><img loading=\"lazy\" decoding=\"async\" data-attachment-id=\"58028\" data-permalink=\"https:\/\/www.grieta.org.mx\/index.php\/2021\/03\/26\/desaparecer-en-nayarit-un-retrato-de-wen-a-traves-de-sus-amigas-nayarit\/wendy_sanchez-2\/\" data-orig-file=\"https:\/\/www.grieta.org.mx\/wp-content\/uploads\/2021\/03\/wendy_sanchez-2.jpg\" data-orig-size=\"850,531\" data-comments-opened=\"0\" data-image-meta=\"{&quot;aperture&quot;:&quot;8&quot;,&quot;credit&quot;:&quot;&quot;,&quot;camera&quot;:&quot;Canon EOS REBEL T5&quot;,&quot;caption&quot;:&quot;&quot;,&quot;created_timestamp&quot;:&quot;1615552434&quot;,&quot;copyright&quot;:&quot;&quot;,&quot;focal_length&quot;:&quot;18&quot;,&quot;iso&quot;:&quot;200&quot;,&quot;shutter_speed&quot;:&quot;0.003125&quot;,&quot;title&quot;:&quot;&quot;,&quot;orientation&quot;:&quot;1&quot;}\" data-image-title=\"wendy_sanchez-2\" data-image-description=\"\" data-image-caption=\"\" data-medium-file=\"https:\/\/www.grieta.org.mx\/wp-content\/uploads\/2021\/03\/wendy_sanchez-2-300x187.jpg\" data-large-file=\"https:\/\/www.grieta.org.mx\/wp-content\/uploads\/2021\/03\/wendy_sanchez-2.jpg\" class=\" wp-image-58028 aligncenter\" src=\"http:\/\/www.grieta.org.mx\/wp-content\/uploads\/2021\/03\/wendy_sanchez-2.jpg\" alt=\"\" width=\"800\" height=\"500\" srcset=\"https:\/\/www.grieta.org.mx\/wp-content\/uploads\/2021\/03\/wendy_sanchez-2.jpg 850w, https:\/\/www.grieta.org.mx\/wp-content\/uploads\/2021\/03\/wendy_sanchez-2-300x187.jpg 300w, https:\/\/www.grieta.org.mx\/wp-content\/uploads\/2021\/03\/wendy_sanchez-2-768x480.jpg 768w\" sizes=\"auto, (max-width: 800px) 100vw, 800px\" \/><\/p>\n<p>Foto: Tercero D\u00edaz<\/p>\n<p><strong>Wendy, o Wen, como la llaman sus amigas, sali\u00f3 el pasado 9 de enero desde San Pancho, Nayarit, con rumbo a su ciudad natal, Guadalajara. Desapareci\u00f3 en el camino. Esto ocurre en una entidad caracterizada por desapariciones forzadas y una mancomuni\u00f3n entre autoridades y crimen organizado.<\/strong><\/p>\n<p>Tercero D\u00edaz \/ Pie de P\u00e1gina<\/p>\n<p>SAN FRANCISCO, NAYARIT.- Seg\u00fan informaci\u00f3n oficial del gobierno federal, los casos de desaparici\u00f3n aument\u00f3 13 por ciento en el pa\u00eds, en julio de 2020 a enero de 2021 se pas\u00f3 de 73 mil 218 a 82 mil 825, esto pese a la suposici\u00f3n que la pandemia disminuir\u00eda la actividad criminal. El incremento en este delito se da a partir del sexenio del ex presidente Felipe Calder\u00f3n y su llamada \u201cguerra contra el narco\u201d.<\/p>\n<p>Las autoridades no adquieren herramientas de b\u00fasqueda e investigaci\u00f3n, mientras que los delincuentes se van especializando m\u00e1s en sus estrategias. Esto nos deja desamparados y cada vez son m\u00e1s las comunidades alcanzadas por esta problem\u00e1tica, como lo ha sido San Francisco, Nayarit, mejor conocido como San Pancho.<\/p>\n<p>Han pasado m\u00e1s de tres meses,\u00a0 desde la desaparici\u00f3n de Wendy S\u00e1nchez, o Wen, como se le conoce en su c\u00edrculo m\u00e1s cercano previo al 9 de enero del 2021, d\u00eda en que tom\u00f3 la camioneta de su pareja, una jeep cherokee modelo 2015, en la que viajar\u00eda de San Pancho, Nayarit rumbo a Guadalajara, Jalisco, para visitar a su familia y acudir a una sesi\u00f3n de meditaci\u00f3n que era muy importante para ella. Jam\u00e1s lleg\u00f3 a su destino.<\/p>\n<p><strong>San Pancho: para\u00edso rodeado de infierno<\/strong><\/p>\n<p>Recorriendo caminos y veredas, cerros y viajando de pueblo en pueblo, familiares y amistades de Wen, contin\u00faan la b\u00fasqueda acompa\u00f1ados por \u201cGuerreras en busca de nuestros tesoros\u201d un colectivo de madres de desaparecidos de Nayarit.<\/p>\n<p>Los cerros selv\u00e1ticos rodean San Pancho, aqu\u00ed todos van y vienen sobre patinetas y disfrutan el aire fresco en d\u00edas soleados. En la playa\u00a0<em>surfers<\/em>\u00a0montando las olas, los porros pasan de boca en boca al igual que el mate y las cervezas. Los habitantes asisten religiosamente cada d\u00eda a observar el\u00a0<em>sunset<\/em>\u00a0(atardecer), donde el cielo se pinta de hermosos colores y el sol en el horizonte se hunde en las profundidades del mar, algunos le aplauden a la estrella y poco a poco se retiran conforme entra la noche. Nadie sabe si aqu\u00ed el tiempo no existe,\u00a0 si pasa lento, o si pasa demasiado r\u00e1pido, aqu\u00ed la vida es diferente, aseguran sus habitantes.<\/p>\n<p>Autoridades gubernamentales le han llamado la \u201cCapital Cultural de Nayarit\u201d al aparente para\u00edso. San Pancho tiene rasgos caracter\u00edsticos de un pueblo, es peque\u00f1o as\u00ed que se puede recorrer todo en 15 minutos caminando. La gente se conoce y se saludan por la calle, todos saben a qu\u00e9 se dedica cada quien, y si tienes un problema con alguien, la magia de este lugar te hace trabajarlo y trascenderlo, ya que ver\u00e1s a esa persona todos los d\u00edas en las calles. Mujeres y hombres de todo el mundo conviven en todo momento, debido a que este sitio es habitado por grandes comunidades de argentinos, espa\u00f1oles, estadounidenses, canadienses, ingleses, italianos, mexicanos de otros estados y los nativos de esta regi\u00f3n, entre otros.<\/p>\n<p>Este estado de la Rep\u00fablica Mexicana ha sido ignorado por las autoridades federales, durante muchos sexenios, comenzando por el campesinado junto con todo sector productivo de la zona.<\/p>\n<p><strong>El diablo, el origen de la violencia<\/strong><\/p>\n<p>Asimismo, graves cr\u00edmenes contra los derechos humanos se han cometido a cientos de nayaritas; como los ocurridos durante el periodo del fiscal general del Estado Edgar Veytia, alias \u201cla Bestia\u201d o \u201cel Diablo\u201d,\u00a0 que a cargo de todos los agentes estatales, fungi\u00f3 como l\u00edder del brazo armado del c\u00e1rtel de los Beltr\u00e1n Leyva. Tortur\u00f3, asesin\u00f3, desapareci\u00f3 personas para adue\u00f1arse de sus propiedades, adem\u00e1s de encargarse de la distribuci\u00f3n de drogas durante los a\u00f1os 2013 a 2017, seg\u00fan el Tribunal de Distrito de los Estados Unidos para el Distrito Este de Nueva York. Fue arrestado por cargos de tr\u00e1fico de drogas en la frontera M\u00e9xico-Estados Unidos el 27 de marzo de 2017 y fue condenado a 20 a\u00f1os de prisi\u00f3n.<\/p>\n<p>A la fecha, ning\u00fan gobierno se ha encargado de realizar una investigaci\u00f3n y limpia de los agentes que trabajaban para \u201cla Bestia\u201d o \u201cel diablo\u201d, como se le conoc\u00eda a Veytia, y que al d\u00eda contin\u00faan en servicio dentro de la agencia de seguridad.<\/p>\n<p>Pese a que Nayarit, como cualquier lugar en M\u00e9xico, tiene una fuerte presencia del crimen organizado, La zona donde se ubica San Pancho estaba exenta de desapariciones y otros delitos atroces propios del narco-Estado. La desaparici\u00f3n de Wendy es\u00a0 tan at\u00edpica por muchos motivos y eso ha complicado la investigaci\u00f3n.<\/p>\n<p>Del 9 de enero fecha de su desaparici\u00f3n, a la fecha, han ocurrido otros dos casos, el de \u00d3scar Joshua Arregu\u00edn Hern\u00e1ndez, un adolescente de 1 5 a\u00f1os, y tambi\u00e9n habitante de San Pancho, y Francisco X.<\/p>\n<p><strong>San Pancho, una comunidad de mujeres<\/strong><\/p>\n<p>Wen tiene 33 a\u00f1os, es artista, y ten\u00eda una tienda de arte sobre la avenida Tercer Mundo en San Pancho, sitio donde ten\u00eda tiempo residiendo. Sali\u00f3 la ma\u00f1ana del 9 de enero de San Pancho en direcci\u00f3n a Guadalajara de donde es originaria, y jam\u00e1s lleg\u00f3 a la caseta de Compostela. M\u00e1s all\u00e1 de datos generales, la desaparici\u00f3n de Wen ha trastocado a la comunidad, seg\u00fan algunos habitantes y amigas de Wen, este sitio ya no se siente igual.<\/p>\n<p>Las calles est\u00e1n vac\u00edas de noche, se vuelve un pueblo fantasma. Las mujeres, quienes tienen un papel muy importante en este pueblo, hablan entre ellas sobre Wen, lo triste y doloroso que les resulta, y lo inseguras que les hace sentir este acontecimiento.<\/p>\n<p>\u201cEs un pueblo de mujeres, desde donde lo vivo siendo mam\u00e1 soltera. Me mud\u00e9 aqu\u00ed porque hab\u00eda otras mam\u00e1s solteras que me iban apoyar. Sab\u00eda que ten\u00edan la misma historia que yo y que no me iban a juzgar, aqu\u00ed no hab\u00eda esa competencia entre nosotras, de donde yo soy hay un estigma muy fuerte al ser mam\u00e1 y no contar con un esposo.<\/p>\n<p>Adem\u00e1s, la mayor\u00eda de mujeres que llegan a San Pancho son muy fuertes, muy fuertes en creatividad, en forma de ser y tal vez es porque han criado a sus hijos solas y no han aceptado malos tratos, quiz\u00e1 por eso hemos decidido estar solas. Al haber tantas mujeres en san pancho con estas caracter\u00edsticas, se crea una red de contenci\u00f3n invisible, y entonces las mujeres que no son mam\u00e1s solteras pero que est\u00e1n buscando eso comienzan a venir para ac\u00e1, o vienen de visita y se dan cuenta de esto y se quedan\u201d, comenta Mariana, amiga cercana de Wen.<\/p>\n<p>Todas las mujeres cercanas a Wen sab\u00edan de su inter\u00e9s por ser madre, incluso el nombre de su tienda de arte era Marea, ya que aseguran que si ten\u00eda una ni\u00f1a quer\u00eda llamarle Marea, en caso de tener ni\u00f1o se llamar\u00eda Cosmos. Resultan entendible los motivos de ella para quedarse en este para\u00edso natural, se sent\u00eda en el h\u00e1bitat que necesitaba.<\/p>\n<p>\u201cMe cautiv\u00f3 su energ\u00eda. Wen es una mujer muy inteligente, una mujer que se ve que ha pasado por todo, que no ha tenido una vida f\u00e1cil, y a pesar de eso, tiene una energ\u00eda hiper positiva, pero no una positividad absurda, sino que su energ\u00eda positiva es una decisi\u00f3n que ha tomado de forma consciente. Y\u2026 es un motor de mover cosas\u201d, menciona Laura, artesana y amiga de Wen.<\/p>\n<p>Por su parte Gizeh, otra de sus amigas, corrobora lo activa que es Wen y su entusiasmo por trabajar en colaboraci\u00f3n con los dem\u00e1s, \u201cella busca una vida tranquila, sin ajetreo citadino donde pueda enfocarse en su quehacer art\u00edstico. Me cont\u00f3 que su intenci\u00f3n de vivir ac\u00e1 es activar el potencial de San Pancho respecto a ser un lugar donde se encuentran personas que manejan m\u00faltiples disciplinas, ella quiere ser un puente entre creadores y consumidores\u201d.<\/p>\n<p>\u201cWen hac\u00eda muchas cosas para la comunidad pero a la vez no era de tantos amigos, y su trabajo era invisible\u201d, menciona Ana Laura sobre el inter\u00e9s de Wen en apoyar a la comunidad sin buscar protagonismo ni reconocimiento.<\/p>\n<p>Un d\u00eda mientras Wen y Gizeh miraban el atardecer<em>\u00a0<\/em>en la playa de San Pancho, se carcajeaban de las personas que le aplauden al sol. \u201c\u2019\u00bfPor qu\u00e9 le aplauden al sol?\u2019, nos pregunt\u00e1bamos las dos, a ella le parec\u00eda gracioso, porque dec\u00eda que el sol se mete todos los d\u00edas y no lo hace para nosotras, para hacernos un\u00a0<em>show\u00a0<\/em>a nosotros los humanos, fue un atardecer muy divertido\u201d.<\/p>\n<p>Seg\u00fan Laura, la vida es un acto de amor para su amiga desaparecida. Siempre da lo mejor de s\u00ed, amorosa y atenta con quienes se le acercan pero jam\u00e1s pretendiendo poseer a nadie. \u201cWen de verdad intenta hacer las cosas bien con todos, y no desde la inseguridad, sino desde el amor, as\u00ed es como act\u00faa ella. Jam\u00e1s la he visto hacerse la v\u00edctima, jam\u00e1s de los jamaces\u201d, agrega.<\/p>\n<p>\u201cEs muy chistosa, alegre y responsable con ella misma, siempre se cuestiona c\u00f3mo mejorar lo que su pasado le hab\u00eda ense\u00f1ado. Wen viene\u00a0 de un pasado bastante doloroso, la homofobia entre otras cosas le lastimaron demasiado. Ella no carga con su pasado ni con las personas que la hirieron, lo tiene resuelto y trascendido. Por eso ella busca no repetir patrones de conducta lastimen a otros. Es una persona que realmente tiene tiempo haciendo un trabajo interior de forma muy comprometida y responsable\u201d, comenta Tamara, otra amiga de Wen originaria de Ciudad de M\u00e9xico, que se mud\u00f3 a la playa hace unos meses.<\/p>\n<p>El tiempo pasa y a\u00fan no se ha localizado a Wen, su familia y amigos han realizado pintas de murales con su rostro en Ciudad de M\u00e9xico y Nayarit. Tambi\u00e9n han emprendido una fuerte campa\u00f1a en redes sociales y volanteo de la ficha de desaparici\u00f3n de ella en casi todos los pueblos cercanos a San Pancho. Sayulita, Lo de Marcos, Las Varas, Alta Vista, Capomo, La Pe\u00f1ita y Guayabitos son solo algunos de los sitios donde han acudido a dejar carteles y lonas con la finalidad de que alguna persona que tenga informaci\u00f3n sobre su paradero, se comunique de manera segura y an\u00f3nima para lograr\u00a0 encontrarla. Se hace hincapi\u00e9 en que no se busca culpables, ni justicia, nada, solo encontrar a Wen est\u00e9 donde est\u00e9.<\/p>\n<p>\u201cSiento que ahora hay mucha desconfianza entre todos, ansiedad y\u00a0 miedo. Antes mis amigas y yo camin\u00e1bamos en las noches solas, ya no. Esto fue una cachetada, un recordatorio de que hasta en este lugar existen\u00a0 estos casos\u201d, menciona Tamara mientras se recuesta sobre su cama con expresi\u00f3n de tristeza. \u201cElla es la persona con la que siempre acudo cuando quiero materializar algo que me parece imposible\u201d, agrega Tamara.<\/p>\n<p>Ana Laura, originaria del Estado de M\u00e9xico y residente actual de San Pancho, conoci\u00f3 a Wen hace 10 meses. Cuenta que hicieron clic de inmediato porque Wen es una persona que sabe fluir en espacios desconocidos.<\/p>\n<p>\u201c\u00cdbamos en el coche y mis otras dos amigas y yo est\u00e1bamos cantando en vez de hablar, cada que ten\u00edamos que decirnos algo, en vez de hablar, cant\u00e1bamos, jug\u00e1bamos. En un inicio Wen no paraba de re\u00edrse y dec\u00eda: \u2018\u00bfpor qu\u00e9 est\u00e1n cantando todo que les pasa?\u2019. Se re\u00eda mucho y a los dos segundos ella ya estaba cantando en vez de hablar, le entr\u00f3 al juego y fue s\u00faper chistoso y bonito todas dijos\u00a0<em>aaayyy\u00f1\u00f1\u00f1\u00f1<\/em>\u00a0es de las nuestras. Es s\u00faper carism\u00e1tica\u201d.<\/p>\n<p>En San Pancho coexisten muchos mundos que se entrelazan, uno de ellos son los c\u00edrculos de mujeres, cada uno tiene sus propias din\u00e1micas, pero todos van enfocados a trabajar con ellas mismas, a sanar, a la m\u00edstica y la espiritualidad. Wen forma parte de uno de los c\u00edrculos, donde conoci\u00f3 a la mayor\u00eda de sus amigas m\u00e1s cercanas en esta comunidad.<\/p>\n<p>Mariana, integrante del C\u00edrculo al que Wen asiste, confiesa que se sinti\u00f3 muy sorprendida al ver la desenvoltura de Wen en su primer d\u00eda de estos encuentros al que por cierto lleg\u00f3 sola, perdi\u00e9ndose entre las monta\u00f1as y camino. \u201cDesde el primer d\u00eda lleg\u00f3 sonriendo, alegre\u2026 lleg\u00f3 y ya estaba integrada. Desde ese primer d\u00eda, Wen tom\u00f3 la palabra frente al fuego y dijo algo como: \u2018morras, no las conozco, pero me siento muy bien de estar entre ustedes, esta soy yo\u2019\u2026\u201d.<\/p>\n<p>\u201cAl d\u00eda siguiente cuando sal\u00ed al r\u00edo ah\u00ed estaban las chicas, y mir\u00e9 a Wen en traje de ba\u00f1o, adentro del r\u00edo, en su primera visita aqu\u00ed con nosotras. O sea hay morras que no se atreven a meterse al r\u00edo y a tomar la palabra, yo dur\u00e9 un mes en hablar en un c\u00edrculo, y ah\u00ed estaba ella, siendo ella, fluyendo, confiando, alegre. Ella supo reconocer que esto era lo que estaba buscando y era lo que necesitaba\u201d, agrega.<\/p>\n<p>\u201cCreo que cuando est\u00e1s en esta b\u00fasqueda personal y en este camino de vida que sea congruente\u00a0 lo que sientes con lo que crees, y de ah\u00ed salir a lo profesional a las relaciones y todo, el camino puede ser muy solitario, casi nadie entiende el por qu\u00e9 esa profundidad del todo. Wen necesitaba sentir ese apoyo, tener un espacio donde no tuviera que pensar, no tuviera que responder al siguiente proyecto y ser valiente. Para Wen es muy importante hacer las cosas bien desde el coraz\u00f3n\u201d.<\/p>\n<p>Por otro lado, Wen puede resultar un desastre hermoso, comenta Belegui, quien conoci\u00f3 a Wendy en un trabajo de hace a\u00f1os en Guadalajara. \u201cRealmente me ca\u00eda muy mal. Ella vino a complicarlo todo, yo soy muy ordenada, soy muy estructurada, siempre me cuadran las cuentas adem\u00e1s soy buena en eso de la administraci\u00f3n y contabilidad. Con Wendy diario peleaba porque nunca respond\u00eda lo que ten\u00eda que responder, a diario le sal\u00edan mal las cuentas, hac\u00eda los env\u00edos\u00a0 a otro lado, si una persona pidi\u00f3 tres piezas y otra seis, las mandaba al de las tres las seis y al de las seis las tres\u201d.<\/p>\n<p>\u201cSiempre eran risas o cosas, diario batallaba con ella pero me la pasaba s\u00faper chido porque yo soy s\u00faper controladora y quiero todo a tiempo, y Wendy es lo contrario a m\u00ed\u201d, agrega Belegui respecto aquella \u00e9poca, y asegura que no tardaron mucho tiempo en hacerse muy unidas y encari\u00f1arse la una con la otra.<\/p>\n<p>\u201cMental y emocionalmente, Wendy se encontraba en una etapa de grandes cambios y cierres. Ella se encontraba en un proceso de meditaci\u00f3n llevaba a\u00f1os, para eso viaj\u00f3 ese 9 de enero,\u00a0 iba cerrar ese ciclo en Guadalajara.\u00a0 La quiero un mont\u00f3n, la extra\u00f1o todos los d\u00edas. Me hace much\u00edsima falta\u201d, concluye Belegui.<\/p>\n<p>Ha habido informaci\u00f3n de personas de todas partes, muchos \u201cvidentes\u201d se han acercado al hermano Baruc S\u00e1nchez mediante redes sociales asegurando tener visiones localizando a Wen mediante pr\u00e1cticas esot\u00e9ricas. Esta informaci\u00f3n no ha sido suficiente para encontrarla ya que cada fuente es muy contrastante. Sin embargo, la familia no ignora estos mensajes ya que creen en la posibilidad de que por ese medio alguien que haya escuchado o visto algo, intente hacer llegar el paradero de Wen, de forma an\u00f3nima.<\/p>\n<p>Por su parte la Fiscal\u00eda General del Estado de Nayarit ha tenido un desempe\u00f1o at\u00edpico como el mismo caso; han puesto toda su disposici\u00f3n y recursos, interrogando a muchas personas de la comunidad y asistido a acciones de b\u00fasqueda en campo y en algunas zonas por donde se cree pueda encontrarse la camioneta y que eso lleve a m\u00e1s pistas para localizar a Wen.<\/p>\n<p>Mientras tanto, sus amigas en San Pancho comparten su tristeza, sin perder las esperanzas de volver a verla pronto, sana y salva. \u201cVivimos en un lugar precioso, pero este lugar era a\u00fan m\u00e1s precioso con Wen, y no poderlo compartir como antes con ella, pesa. No est\u00e1 aqu\u00ed, no puede verlo ahora\u201d, concluye Ana Laura.<\/p>\n<p><a href=\"https:\/\/piedepagina.mx\/desaparecer-en-nayarit-un-retrato-de-wen-a-traves-de-sus-amigas\/\">https:\/\/piedepagina.mx\/desaparecer-en-nayarit-un-retrato-de-wen-a-traves-de-sus-amigas\/<\/a><\/p>\n","protected":false},"excerpt":{"rendered":"<p>Foto: Tercero D\u00edaz Wendy, o Wen, como la llaman sus amigas, sali\u00f3 el pasado 9 de enero desde San Pancho, Nayarit, con rumbo a su ciudad natal, Guadalajara. Desapareci\u00f3 en &hellip; <a href=\"https:\/\/www.grieta.org.mx\/index.php\/2021\/03\/26\/desaparecer-en-nayarit-un-retrato-de-wen-a-traves-de-sus-amigas-nayarit\/\" class=\"more-link\">Leer m\u00e1s<\/a><\/p>\n","protected":false},"author":2,"featured_media":58028,"comment_status":"closed","ping_status":"closed","sticky":false,"template":"","format":"standard","meta":{"ngg_post_thumbnail":0,"_jetpack_newsletter_access":"","_jetpack_dont_email_post_to_subs":false,"_jetpack_newsletter_tier_id":0,"_jetpack_memberships_contains_paywalled_content":false,"_jetpack_memberships_contains_paid_content":false,"footnotes":""},"categories":[80,87,2267,23,2,83],"tags":[3018,631,121,2351,1668],"class_list":["post-58027","post","type-post","status-publish","format-standard","has-post-thumbnail","hentry","category-cintillo","category-desaparecidos","category-desaparecidos-en-nayarit","category-nayarit","category-noticias-nacionales","category-temas-nacionales","tag-colectivos-de-busqueda-de-desaparecidos","tag-desaparecidas","tag-desaparecidos","tag-desaparicion-de-mujeres","tag-familiares-de-desaparecidos","entry"],"jetpack_featured_media_url":"https:\/\/www.grieta.org.mx\/wp-content\/uploads\/2021\/03\/wendy_sanchez-2.jpg","jetpack_sharing_enabled":true,"jetpack_shortlink":"https:\/\/wp.me\/p7ZJR4-f5V","jetpack_likes_enabled":false,"jetpack-related-posts":[{"id":59349,"url":"https:\/\/www.grieta.org.mx\/index.php\/2021\/05\/08\/con-marcha-exigen-a-autoridades-avances-en-la-investigacion-por-desaparicion-de-wendy-nayarit\/","url_meta":{"origin":58027,"position":0},"title":"Con marcha exigen a autoridades avances en la investigaci\u00f3n por desaparici\u00f3n de Wendy (Nayarit)","author":"grieta","date":"8 mayo, 2021","format":false,"excerpt":"Foto: Crys Ben\u00edtez Crys Ben\u00edtez\/ El Occidental TEPIC, Nayarit (OEM-Informex).-Este s\u00e1bado por la tarde se llev\u00f3 a cabo una marcha desde la avenida Las Palmas hasta el Centro de Justicia para la Mujer, ubicada en Bucer\u00edas, municipio de Bah\u00eda de Banderas con el objetivo de exigir a las autoridades resultados\u2026","rel":"","context":"En &quot;CINTILLO&quot;","block_context":{"text":"CINTILLO","link":"https:\/\/www.grieta.org.mx\/index.php\/category\/cintillo\/"},"img":{"alt_text":"","src":"https:\/\/i0.wp.com\/www.grieta.org.mx\/wp-content\/uploads\/2021\/05\/Marcha-por-Wendy-e1620592686420.jpg?resize=350%2C200&ssl=1","width":350,"height":200,"srcset":"https:\/\/i0.wp.com\/www.grieta.org.mx\/wp-content\/uploads\/2021\/05\/Marcha-por-Wendy-e1620592686420.jpg?resize=350%2C200&ssl=1 1x, https:\/\/i0.wp.com\/www.grieta.org.mx\/wp-content\/uploads\/2021\/05\/Marcha-por-Wendy-e1620592686420.jpg?resize=525%2C300&ssl=1 1.5x, https:\/\/i0.wp.com\/www.grieta.org.mx\/wp-content\/uploads\/2021\/05\/Marcha-por-Wendy-e1620592686420.jpg?resize=700%2C400&ssl=1 2x"},"classes":[]},{"id":70119,"url":"https:\/\/www.grieta.org.mx\/index.php\/2024\/10\/08\/misteriosa-desaparicion-de-lona-de-desaparecidos-en-tondoroque-involucrado-el-xii-ayuntamiento-nayarit\/","url_meta":{"origin":58027,"position":1},"title":"Misteriosa desaparici\u00f3n de lona de desaparecidos en Tondoroque: \u00bfInvolucrado el XII Ayuntamiento? (Nayarit)","author":"grieta","date":"8 octubre, 2024","format":false,"excerpt":"Imagen: Tribuna de la Bah\u00eda Isrrael Torres \/ Tribuna de la Bah\u00eda La desaparici\u00f3n de la mega lona que madres buscadoras colocaron el pasado 24 de septiembre en el puente peatonal de Tondoroque ha causado incertidumbre.\u00a0La lona fue retirada sin explicaci\u00f3n la ma\u00f1ana del 3 de octubre, y las dudas\u2026","rel":"","context":"En &quot;CINTILLO&quot;","block_context":{"text":"CINTILLO","link":"https:\/\/www.grieta.org.mx\/index.php\/category\/cintillo\/"},"img":{"alt_text":"","src":"https:\/\/i0.wp.com\/www.grieta.org.mx\/wp-content\/uploads\/2024\/10\/cruce-peatonal-tondoroque-905x613-1.jpeg?resize=350%2C200&ssl=1","width":350,"height":200,"srcset":"https:\/\/i0.wp.com\/www.grieta.org.mx\/wp-content\/uploads\/2024\/10\/cruce-peatonal-tondoroque-905x613-1.jpeg?resize=350%2C200&ssl=1 1x, https:\/\/i0.wp.com\/www.grieta.org.mx\/wp-content\/uploads\/2024\/10\/cruce-peatonal-tondoroque-905x613-1.jpeg?resize=525%2C300&ssl=1 1.5x, https:\/\/i0.wp.com\/www.grieta.org.mx\/wp-content\/uploads\/2024\/10\/cruce-peatonal-tondoroque-905x613-1.jpeg?resize=700%2C400&ssl=1 2x"},"classes":[]},{"id":42178,"url":"https:\/\/www.grieta.org.mx\/index.php\/2019\/12\/12\/no-aparecen-17-jovenes-nayarit\/","url_meta":{"origin":58027,"position":2},"title":"No aparecen 17 j\u00f3venes (Nayarit)","author":"grieta","date":"12 diciembre, 2019","format":false,"excerpt":"Est\u00e1n desaparecidos desde hace varios meses y sus familiares piden a las autoridades correspondientes que tomen en cuenta sus demandas y den claridad a las investigaciones Foto: Realidades de Nayarit V\u00edctor Trejo Olmos \/ Realidades de Nayarit Bah\u00eda de Banderas, Nayarit.\u00a0Jueves 12 de diciembre del 2019.- Hay al menos 17\u2026","rel":"","context":"En &quot;CINTILLO&quot;","block_context":{"text":"CINTILLO","link":"https:\/\/www.grieta.org.mx\/index.php\/category\/cintillo\/"},"img":{"alt_text":"","src":"https:\/\/i0.wp.com\/www.grieta.org.mx\/wp-content\/uploads\/2019\/12\/NO-HAY-JUSTICIA-1068x801.jpg?resize=350%2C200&ssl=1","width":350,"height":200,"srcset":"https:\/\/i0.wp.com\/www.grieta.org.mx\/wp-content\/uploads\/2019\/12\/NO-HAY-JUSTICIA-1068x801.jpg?resize=350%2C200&ssl=1 1x, https:\/\/i0.wp.com\/www.grieta.org.mx\/wp-content\/uploads\/2019\/12\/NO-HAY-JUSTICIA-1068x801.jpg?resize=525%2C300&ssl=1 1.5x, https:\/\/i0.wp.com\/www.grieta.org.mx\/wp-content\/uploads\/2019\/12\/NO-HAY-JUSTICIA-1068x801.jpg?resize=700%2C400&ssl=1 2x, https:\/\/i0.wp.com\/www.grieta.org.mx\/wp-content\/uploads\/2019\/12\/NO-HAY-JUSTICIA-1068x801.jpg?resize=1050%2C600&ssl=1 3x"},"classes":[]},{"id":53921,"url":"https:\/\/www.grieta.org.mx\/index.php\/2020\/10\/01\/crecen-los-levantones-nayarit\/","url_meta":{"origin":58027,"position":3},"title":"Crecen los \u201clevantones\u201d (Nayarit)","author":"grieta","date":"1 octubre, 2020","format":false,"excerpt":"Foto: Realidades de Nayarit Colectivos de familiares de desaparecidos se\u00f1alan que en el gobierno de Antonio Echevarr\u00eda Garc\u00eda sigue habiendo muchos \u201clevantones\u201d y no hay avances de parte de la Fiscal\u00eda de Nayarit a cargo de Petronilo D\u00edaz Ponce, para la localizaci\u00f3n de los desaparecidos Ver\u00f3nica Ram\u00edrez \/ Realidades de\u2026","rel":"","context":"En &quot;CINTILLO&quot;","block_context":{"text":"CINTILLO","link":"https:\/\/www.grieta.org.mx\/index.php\/category\/cintillo\/"},"img":{"alt_text":"","src":"https:\/\/i0.wp.com\/www.grieta.org.mx\/wp-content\/uploads\/2020\/10\/marcha-3.jpg?resize=350%2C200&ssl=1","width":350,"height":200,"srcset":"https:\/\/i0.wp.com\/www.grieta.org.mx\/wp-content\/uploads\/2020\/10\/marcha-3.jpg?resize=350%2C200&ssl=1 1x, https:\/\/i0.wp.com\/www.grieta.org.mx\/wp-content\/uploads\/2020\/10\/marcha-3.jpg?resize=525%2C300&ssl=1 1.5x, https:\/\/i0.wp.com\/www.grieta.org.mx\/wp-content\/uploads\/2020\/10\/marcha-3.jpg?resize=700%2C400&ssl=1 2x"},"classes":[]},{"id":72277,"url":"https:\/\/www.grieta.org.mx\/index.php\/2025\/08\/21\/desaparecen-a-los-desaparecidos-nayarit-registra-doble-desaparicion-de-cuerpos\/","url_meta":{"origin":58027,"position":4},"title":"Desaparecen a los desaparecidos, Nayarit registra doble desaparici\u00f3n de cuerpos","author":"grieta","date":"21 agosto, 2025","format":false,"excerpt":"Imagen:\u00a0 Tomada de Pagina de Facebook, Colectivo Familias Unidas por Nayarit Alberto Cardona\/ Meganoticias Mx En M\u00e9xico, el Registro Nacional de Personas Desaparecidas y No Localizadas (RNPDNO) precisa m\u00e1s de 125 mil personas desaparecidas hasta la fecha, seg\u00fan datos de la Secretar\u00eda de Gobernaci\u00f3n, la mayor\u00eda de estas desapariciones, al\u2026","rel":"","context":"En &quot;CINTILLO&quot;","block_context":{"text":"CINTILLO","link":"https:\/\/www.grieta.org.mx\/index.php\/category\/cintillo\/"},"img":{"alt_text":"","src":"https:\/\/i0.wp.com\/www.grieta.org.mx\/wp-content\/uploads\/2025\/08\/482253949_1068616391976670_6560847312181179540_n.jpg?resize=350%2C200&ssl=1","width":350,"height":200,"srcset":"https:\/\/i0.wp.com\/www.grieta.org.mx\/wp-content\/uploads\/2025\/08\/482253949_1068616391976670_6560847312181179540_n.jpg?resize=350%2C200&ssl=1 1x, https:\/\/i0.wp.com\/www.grieta.org.mx\/wp-content\/uploads\/2025\/08\/482253949_1068616391976670_6560847312181179540_n.jpg?resize=525%2C300&ssl=1 1.5x, https:\/\/i0.wp.com\/www.grieta.org.mx\/wp-content\/uploads\/2025\/08\/482253949_1068616391976670_6560847312181179540_n.jpg?resize=700%2C400&ssl=1 2x, https:\/\/i0.wp.com\/www.grieta.org.mx\/wp-content\/uploads\/2025\/08\/482253949_1068616391976670_6560847312181179540_n.jpg?resize=1050%2C600&ssl=1 3x, https:\/\/i0.wp.com\/www.grieta.org.mx\/wp-content\/uploads\/2025\/08\/482253949_1068616391976670_6560847312181179540_n.jpg?resize=1400%2C800&ssl=1 4x"},"classes":[]},{"id":56398,"url":"https:\/\/www.grieta.org.mx\/index.php\/2021\/01\/16\/encuentran-nueva-fosa-clandestina-nayarit\/","url_meta":{"origin":58027,"position":5},"title":"Encuentran nueva fosa clandestina (Nayarit)","author":"grieta","date":"16 enero, 2021","format":false,"excerpt":"Foto: Realidades de Nayarit Fue localizada en la comunidad de San Luis de Lozada Mildra Ben\u00edtez Robledo Tepic, Nayarit.- S\u00e1bado 16 de enero del 2021.- El colectivo Familias Unidas por Nayarit, este viernes confirma a trav\u00e9s de su cuenta oficial de Facebook el hallazgo de una nueva fosa clandestina en\u2026","rel":"","context":"En &quot;CINTILLO&quot;","block_context":{"text":"CINTILLO","link":"https:\/\/www.grieta.org.mx\/index.php\/category\/cintillo\/"},"img":{"alt_text":"","src":"https:\/\/i0.wp.com\/www.grieta.org.mx\/wp-content\/uploads\/2021\/01\/fosa-1-696x522-1.jpg?resize=350%2C200&ssl=1","width":350,"height":200,"srcset":"https:\/\/i0.wp.com\/www.grieta.org.mx\/wp-content\/uploads\/2021\/01\/fosa-1-696x522-1.jpg?resize=350%2C200&ssl=1 1x, https:\/\/i0.wp.com\/www.grieta.org.mx\/wp-content\/uploads\/2021\/01\/fosa-1-696x522-1.jpg?resize=525%2C300&ssl=1 1.5x"},"classes":[]}],"_links":{"self":[{"href":"https:\/\/www.grieta.org.mx\/index.php\/wp-json\/wp\/v2\/posts\/58027","targetHints":{"allow":["GET"]}}],"collection":[{"href":"https:\/\/www.grieta.org.mx\/index.php\/wp-json\/wp\/v2\/posts"}],"about":[{"href":"https:\/\/www.grieta.org.mx\/index.php\/wp-json\/wp\/v2\/types\/post"}],"author":[{"embeddable":true,"href":"https:\/\/www.grieta.org.mx\/index.php\/wp-json\/wp\/v2\/users\/2"}],"replies":[{"embeddable":true,"href":"https:\/\/www.grieta.org.mx\/index.php\/wp-json\/wp\/v2\/comments?post=58027"}],"version-history":[{"count":1,"href":"https:\/\/www.grieta.org.mx\/index.php\/wp-json\/wp\/v2\/posts\/58027\/revisions"}],"predecessor-version":[{"id":58030,"href":"https:\/\/www.grieta.org.mx\/index.php\/wp-json\/wp\/v2\/posts\/58027\/revisions\/58030"}],"wp:featuredmedia":[{"embeddable":true,"href":"https:\/\/www.grieta.org.mx\/index.php\/wp-json\/wp\/v2\/media\/58028"}],"wp:attachment":[{"href":"https:\/\/www.grieta.org.mx\/index.php\/wp-json\/wp\/v2\/media?parent=58027"}],"wp:term":[{"taxonomy":"category","embeddable":true,"href":"https:\/\/www.grieta.org.mx\/index.php\/wp-json\/wp\/v2\/categories?post=58027"},{"taxonomy":"post_tag","embeddable":true,"href":"https:\/\/www.grieta.org.mx\/index.php\/wp-json\/wp\/v2\/tags?post=58027"}],"curies":[{"name":"wp","href":"https:\/\/api.w.org\/{rel}","templated":true}]}}