{"id":58023,"date":"2021-03-27T19:16:28","date_gmt":"2021-03-28T01:16:28","guid":{"rendered":"https:\/\/www.grieta.org.mx\/?p=58023"},"modified":"2021-03-28T19:25:05","modified_gmt":"2021-03-29T01:25:05","slug":"acusan-victimas-funcionarios-ligados-a-desapariciones-forzadas-nayarit","status":"publish","type":"post","link":"https:\/\/www.grieta.org.mx\/index.php\/2021\/03\/27\/acusan-victimas-funcionarios-ligados-a-desapariciones-forzadas-nayarit\/","title":{"rendered":"Acusan v\u00edctimas: Funcionarios ligados a desapariciones forzadas (Nayarit)"},"content":{"rendered":"<p><img loading=\"lazy\" decoding=\"async\" data-attachment-id=\"58025\" data-permalink=\"https:\/\/www.grieta.org.mx\/index.php\/2021\/03\/27\/acusan-victimas-funcionarios-ligados-a-desapariciones-forzadas-nayarit\/fiscalia-de-nayarit\/\" data-orig-file=\"https:\/\/www.grieta.org.mx\/wp-content\/uploads\/2021\/03\/FISCALIA-DE-NAYARIT.jpg\" data-orig-size=\"1024,640\" data-comments-opened=\"0\" data-image-meta=\"{&quot;aperture&quot;:&quot;0&quot;,&quot;credit&quot;:&quot;&quot;,&quot;camera&quot;:&quot;&quot;,&quot;caption&quot;:&quot;&quot;,&quot;created_timestamp&quot;:&quot;0&quot;,&quot;copyright&quot;:&quot;&quot;,&quot;focal_length&quot;:&quot;0&quot;,&quot;iso&quot;:&quot;0&quot;,&quot;shutter_speed&quot;:&quot;0&quot;,&quot;title&quot;:&quot;&quot;,&quot;orientation&quot;:&quot;0&quot;}\" data-image-title=\"FISCALIA-DE-NAYARIT\" data-image-description=\"\" data-image-caption=\"\" data-medium-file=\"https:\/\/www.grieta.org.mx\/wp-content\/uploads\/2021\/03\/FISCALIA-DE-NAYARIT-300x188.jpg\" data-large-file=\"https:\/\/www.grieta.org.mx\/wp-content\/uploads\/2021\/03\/FISCALIA-DE-NAYARIT.jpg\" class=\" wp-image-58025 aligncenter\" src=\"http:\/\/www.grieta.org.mx\/wp-content\/uploads\/2021\/03\/FISCALIA-DE-NAYARIT.jpg\" alt=\"\" width=\"800\" height=\"500\" srcset=\"https:\/\/www.grieta.org.mx\/wp-content\/uploads\/2021\/03\/FISCALIA-DE-NAYARIT.jpg 1024w, https:\/\/www.grieta.org.mx\/wp-content\/uploads\/2021\/03\/FISCALIA-DE-NAYARIT-300x188.jpg 300w, https:\/\/www.grieta.org.mx\/wp-content\/uploads\/2021\/03\/FISCALIA-DE-NAYARIT-768x480.jpg 768w\" sizes=\"auto, (max-width: 800px) 100vw, 800px\" \/><\/p>\n<p>Foto: Realidades de Nayarit<\/p>\n<p><strong>Revelan algunos de los nombres de los funcionarios de la actual administraci\u00f3n panista de Antonio Echevarr\u00eda Garc\u00eda, presuntamente involucrados en la desaparici\u00f3n de sus hijos<\/strong><\/p>\n<p>Agencias \/ Realidades de Nayarit<\/p>\n<p>M\u00e9xico.- S\u00e1bado 27 de marzo del 2021. (Agencias). El pasado 8 de marzo del 2021, la revista Proceso public\u00f3 un extenso reportaje sobre lo que acontece en Nayarit en materia de desapariciones forzadas y la falta de justicia.<\/p>\n<p>Se se\u00f1ala que a pesar de que el Comit\u00e9 contra las Desapariciones Forzadas de las Naciones Unidas (CED) emiti\u00f3 hace casi siete meses acciones urgentes para que el Estado mexicano busque e investigue 39 casos de desaparici\u00f3n forzada en Nayarit, ocurridos entre abril de 2012 y mayo de 2020, los afectados dudan que se haga justicia.<\/p>\n<p>Su pesimismo se basa en que en la Fiscal\u00eda General de Nayarit (FGN) a\u00fan permanece personal que tendr\u00eda v\u00ednculos en las desapariciones forzadas, que sucedieron bajo el mando del exfiscal Edgar Veytia, quien purga en Estados Unidos una condena de 20 a\u00f1os por narcotr\u00e1fico.<\/p>\n<p>Menciona el reportaje que las v\u00edctimas se\u00f1alan a Jos\u00e9 Manuel Delgadillo Cruz, quien se desempe\u00f1\u00f3 como director general de Investigaci\u00f3n Ministerial, y ahora es subdirector de Investigaci\u00f3n Ministerial y Enlace Operativo en Materia de Derechos Humanos.<\/p>\n<p>En la lista entregada por los afectados, tambi\u00e9n aparece la exministerio p\u00fablico, Yayori Denisse Villasana Monroy, actual fiscal de Desaparecidos.<\/p>\n<p>Los otros se\u00f1alados son los ministerios p\u00fablicos Francisco Rodr\u00edguez, Vladimir Brito, Karenya Luna; los comandantes Alfonso Hern\u00e1ndez, Omar Tirado y Francisco Ansaldo, as\u00ed como el exdirector del Penal Venustiano Carranza, actual secretario de Seguridad y Protecci\u00f3n Ciudadana, Jorge Benito Rodr\u00edguez.<\/p>\n<p><strong>Impunidad<\/strong><\/p>\n<p>Margarita Acosta busca desde hace casi tres a\u00f1os a su hijo, Jes\u00fas Mar\u00edn Acosta \u201cChuy\u201d, quien desapareci\u00f3 el 26 de junio de 2018, cuando unos sujetos ingresaron hasta su habitaci\u00f3n, para llev\u00e1rselo contra su voluntad. Su caso, es uno de los 39 por los que el Comit\u00e9 CED emiti\u00f3 la resoluci\u00f3n al Estado mexicano.<\/p>\n<p>Dos d\u00edas antes de que se lo llevaran, \u201cChuy\u201d, que en ese tiempo ten\u00eda 19 a\u00f1os y era campesino, hab\u00eda sido severamente golpeado. Se comunic\u00f3 con su pareja, quien fue por \u00e9l en un taxi y lo llev\u00f3 a la comunidad 6 de enero, donde se ubica la casa de Do\u00f1a Mago -como le dicen de cari\u00f1o- para que convaleciera.<\/p>\n<p>El d\u00eda 26, Do\u00f1a Mago sali\u00f3, y cuando regres\u00f3 sus hijas le explicaron que Armando Contreras Torres alias \u201cEl Camar\u00f3n\u201d junto con varios hombres, que llegaron a bordo de dos veh\u00edculos, se llevaron a \u201cChuy\u201d. La se\u00f1ora esperaba que le llamara.<\/p>\n<p>A los tres d\u00edas de la desaparici\u00f3n, \u201cEl Camar\u00f3n\u201d se comunic\u00f3 con ella para advertirle que no interpusiera ninguna denuncia, si no se \u201cla iban a ver con \u00e9l\u201d. El 1 de julio, Do\u00f1a Mago acudi\u00f3 a la FGN donde al principio se resistieron a levantar la querella, que qued\u00f3 con el n\u00famero 984\/18.<\/p>\n<p>Al poco tiempo, \u201cEl Camar\u00f3n\u201d fue detenido por la desaparici\u00f3n de otra persona, y cuando se enter\u00f3, Do\u00f1a Mago acudi\u00f3 a la FGN para preguntar si ya hab\u00eda relevado d\u00f3nde estaba \u201cChuy\u201d. Le dijeron que no.<\/p>\n<p>Unos d\u00edas despu\u00e9s regres\u00f3 a la dependencia, donde la atendieron Yayori Villasana y Francisco Borrego. La funcionaria le pidi\u00f3 que se desistiera de iniciar \u201c\u2019juicio contra El Camar\u00f3n porque iba a andar vuelta y vuelta, y no tiene dinero para andar gastando\u2019\u201d. Adem\u00e1s, Villasana le inform\u00f3 que \u201cEl Camar\u00f3n\u201d ya hab\u00eda sido condenado a 12 a\u00f1os por la desaparici\u00f3n de otra persona \u201cy que no fuera tan mala\u201d.<\/p>\n<p>Do\u00f1a Mago respondi\u00f3 que \u201cno le hace que me quede sin tragar o me venga caminando, quiero justicia para mi hijo\u201d.<\/p>\n<p>Yayori Villasana insisti\u00f3 y le record\u00f3 que su hijo consum\u00eda drogas. \u201cIndependientemente de eso, nadie tiene derecho de privar de la libertad a nadie\u201d, respondi\u00f3.<\/p>\n<p>A ra\u00edz de dicha solicitud de la funcionaria, Do\u00f1a Mago present\u00f3 una queja en la Comisi\u00f3n Estatal de Derechos Humanos de Nayarit contra Yayori y Borrego.<\/p>\n<p>La se\u00f1ora record\u00f3 que una semana antes de la desaparici\u00f3n de su hijo, \u00e9ste le revel\u00f3 que \u201cEl Camar\u00f3n\u201d le ofreci\u00f3 que se dedicara a distribuir droga, pero no quiso. Considera que eso provoc\u00f3 que lo golpeara y desapareciera.<\/p>\n<p>La afectada no desisti\u00f3 en exigir justicia. Sin embargo, cada vez que acude a la FGN, no encuentra la carpeta de investigaci\u00f3n, tampoco le avisan de las audiencias contra \u201cEl Camar\u00f3n\u201d. \u201cLa Fiscal\u00eda no sirve para nada\u201d se\u00f1al\u00f3.<\/p>\n<p>Ante la inactividad de la autoridad, se uni\u00f3 a los colectivos para buscar restos de desaparecidos. En la colonia Moderna, donde hallaron tres fosas clandestinas con restos calcinados se percat\u00f3 que la autoridad no busca meticulosamente.<\/p>\n<p>Cuando se retir\u00f3 la autoridad, Do\u00f1a Mago y una compa\u00f1era hallaron \u201chuesitos\u201d, dientes, anillos, entre las cenizas. Una antrop\u00f3loga las rega\u00f1\u00f3 por tocar los indicios. \u201cLa compa\u00f1era le respondi\u00f3 \u2018ustedes no buscan bien, que tal que si ah\u00ed est\u00e1 mi hijo o el de ella, a nosotras no nos da asco, ya estamos acostumbradas al olor a muerte\u2019\u201d, relata la se\u00f1ora. La funcionaria call\u00f3, recibi\u00f3 lo recolectado por ellas, y les asegur\u00f3 que dar\u00edan con los responsables. \u201cYo le dije, en mi caso ah\u00ed est\u00e1 el culpable y qu\u00e9 le han sacado, ya no me dijo nada\u201d, record\u00f3 Do\u00f1a Mago, quien seguir\u00e1 pidiendo justicia y no parar\u00e1 hasta encontrar a \u201cChuy\u201d.<\/p>\n<p><strong>Interviene organizaci\u00f3n<\/strong><\/p>\n<p>La organizaci\u00f3n IDEHAS Litigio Estrat\u00e9gico en Derechos Humanos, A.C junto con cuatro colectivos de personas desaparecidas, Familias Unidas por Nayarit, Por Nuestros Corazones, Renacer por Amor a Ellos y En B\u00fasqueda de Verdad y Justicia denunciaron ante el Comit\u00e9 CED \u201cque no existe la voluntad pol\u00edtica\u201d de la FGN de \u201cesclarecer los hechos y de detener a los responsables materiales e intelectuales, entre otros aspectos, por la presencia en dicha instituci\u00f3n de varios funcionarios que participaron en los actos y quienes contin\u00faan en los cargos\u201d.<\/p>\n<p>En la resoluci\u00f3n de 24 de agosto de 2020, el Comit\u00e9 CED emiti\u00f3 39 acciones urgentes para los casos de las personas desaparecidas presentados, y dict\u00f3 una serie de medidas al Estado mexicano, entre otras, establecer una estrategia integral para la b\u00fasqueda exhaustiva de las 39 personas desaparecidas.<\/p>\n<p>Cristina Lozano, de IDEHAS, detall\u00f3 que la mayor\u00eda de los desaparecidos son j\u00f3venes que fueron sacados de sus domicilios por presuntos polic\u00edas investigadores; en camionetas blancas o negras, sin placas. El mayor n\u00famero de desapariciones ocurri\u00f3 el 22 de junio de 2017, con 22 casos. \u00a0Los familiares de los desaparecidos identificaron a algunos como polic\u00edas de la FGN.<\/p>\n<p>La integrante de IDEHAS mencion\u00f3 que ya existe una orden de aprehensi\u00f3n en contra de uno de los polic\u00edas de la FGN, pero no se ha cumplimentado. \u201cHay una impunidad bien marcada como esta colusi\u00f3n entre la Fiscal\u00eda de Nayarit, y los grandes mandos; claro, sabemos que est\u00e1 la presencia del crimen organizado\u201d, lamenta.<\/p>\n<p>IDEHAS estima que existen desde 2017 a la fecha mil desaparecidos, aunque no tienen una cifra exacta puesto que muchos afectados no denuncian, y si lo hacen, la carpeta de investigaci\u00f3n se abre como secuestro, pero no existe un rescate de por medio, o como no localizado.<\/p>\n<p>Las familias de desaparecidos son revictimizadas cuando acuden a la FGN, puesto que el ministerio p\u00fablico le pide que busque bien; en caso de ser mujeres, menciona que se fueron con el novio. Cuando por fin se abre la investigaci\u00f3n solo les da un bolet\u00edn de b\u00fasqueda, no avanza la investigaci\u00f3n, y ni siquiera les dan copia de la carpeta.<\/p>\n<p>Respecto a la resoluci\u00f3n del Comit\u00e9 CED, Cristina Lozano inform\u00f3 que el Estado mexicano solicit\u00f3 una pr\u00f3rroga, y apenas est\u00e1 entregando informes. Dentro de las acciones urgentes, \u201cya entregaron restos a las familias y han avanzado las investigaciones, toda vez que a final de noviembre la FGR (Fiscal\u00eda General de la Rep\u00fablica) atrajo 22 carpetas de investigaci\u00f3n\u201d tras la manifestaci\u00f3n de los afectados, record\u00f3.<\/p>\n<p>Sin embargo, para acallar la voz de los colectivos, dos de sus integrantes fueron detenidos y a uno m\u00e1s le incendiaron su local.<\/p>\n<p>As\u00ed concluye el reportaje, y hasta la fecha as\u00ed como lo relatan todo contin\u00faa igual.<\/p>\n<p>Hay que recordar que hace unos meses Elementos de la Fiscal\u00eda General de la Rep\u00fablica llegaron a la Fiscal\u00eda de Nayarit e intempestivamente se llevaron varios expedientes, pero a\u00fan no ha habido resultados de esas investigaciones.<\/p>\n<p><a href=\"http:\/\/realidadessperiodico.com\/76093\/\">http:\/\/realidadessperiodico.com\/76093\/<\/a><\/p>\n","protected":false},"excerpt":{"rendered":"<p>Foto: Realidades de Nayarit Revelan algunos de los nombres de los funcionarios de la actual administraci\u00f3n panista de Antonio Echevarr\u00eda Garc\u00eda, presuntamente involucrados en la desaparici\u00f3n de sus hijos Agencias &hellip; <a href=\"https:\/\/www.grieta.org.mx\/index.php\/2021\/03\/27\/acusan-victimas-funcionarios-ligados-a-desapariciones-forzadas-nayarit\/\" class=\"more-link\">Leer m\u00e1s<\/a><\/p>\n","protected":false},"author":2,"featured_media":58025,"comment_status":"closed","ping_status":"closed","sticky":false,"template":"","format":"standard","meta":{"ngg_post_thumbnail":0,"_jetpack_newsletter_access":"","_jetpack_dont_email_post_to_subs":false,"_jetpack_newsletter_tier_id":0,"_jetpack_memberships_contains_paywalled_content":false,"_jetpack_memberships_contains_paid_content":false,"footnotes":""},"categories":[80,87,2267,23,2,83],"tags":[3018,121,1668,3660,2305],"class_list":["post-58023","post","type-post","status-publish","format-standard","has-post-thumbnail","hentry","category-cintillo","category-desaparecidos","category-desaparecidos-en-nayarit","category-nayarit","category-noticias-nacionales","category-temas-nacionales","tag-colectivos-de-busqueda-de-desaparecidos","tag-desaparecidos","tag-familiares-de-desaparecidos","tag-fiscalia","tag-funcionarios-responsables-de-desapariciones","entry"],"jetpack_featured_media_url":"https:\/\/www.grieta.org.mx\/wp-content\/uploads\/2021\/03\/FISCALIA-DE-NAYARIT.jpg","jetpack_sharing_enabled":true,"jetpack_shortlink":"https:\/\/wp.me\/p7ZJR4-f5R","jetpack_likes_enabled":false,"jetpack-related-posts":[{"id":55494,"url":"https:\/\/www.grieta.org.mx\/index.php\/2020\/11\/26\/gobernador-y-fiscal-de-nayarit-ignoran-las-multiples-desapariciones-forzadas-en-la-entidad\/","url_meta":{"origin":58023,"position":0},"title":"Gobernador y fiscal de Nayarit ignoran las m\u00faltiples desapariciones forzadas en la entidad","author":"grieta","date":"26 noviembre, 2020","format":false,"excerpt":"Foto: Realidades de Nayarit Ante la pasividad c\u00f3mplice del gobernador, Antonio Echevarr\u00eda Garc\u00eda y su Fiscal, Petronilo D\u00edaz Ponce, para atender los m\u00faltiples y escandalosos casos de desapariciones forzadas a manos de la polic\u00eda estatal, la Comisi\u00f3n de la Defensa de los Derechos Humanos, les lanza varias recomendaciones orden\u00e1ndoles investigar\u2026","rel":"","context":"En &quot;CINTILLO&quot;","block_context":{"text":"CINTILLO","link":"https:\/\/www.grieta.org.mx\/index.php\/category\/cintillo\/"},"img":{"alt_text":"","src":"https:\/\/i0.wp.com\/www.grieta.org.mx\/wp-content\/uploads\/2020\/11\/desa-2-696x392-1.jpg?resize=350%2C200&ssl=1","width":350,"height":200,"srcset":"https:\/\/i0.wp.com\/www.grieta.org.mx\/wp-content\/uploads\/2020\/11\/desa-2-696x392-1.jpg?resize=350%2C200&ssl=1 1x, https:\/\/i0.wp.com\/www.grieta.org.mx\/wp-content\/uploads\/2020\/11\/desa-2-696x392-1.jpg?resize=525%2C300&ssl=1 1.5x"},"classes":[]},{"id":67676,"url":"https:\/\/www.grieta.org.mx\/index.php\/2023\/08\/30\/nayarit-colectivo-de-familias-de-desaparecidos-reclaman-la-falta-de-operativos-de-busquedas\/","url_meta":{"origin":58023,"position":1},"title":"Nayarit: Colectivo de familias de desaparecidos reclaman la falta de operativos de b\u00fasquedas","author":"grieta","date":"30 agosto, 2023","format":false,"excerpt":"imagen: El Occidental Crys Benitez \/ El Occidental Tepic, Nayarit (OEM- Informex).- En el marco del\u00a0\"D\u00eda Internacional de las V\u00edctimas de Desapariciones Forzadas\", el cual se instituy\u00f3 el 21 de diciembre de 2010 por la Asamblea General de Naciones Unidas, los integrantes de la asociaci\u00f3n denominada, \"B\u00fasqueda de Desaparecidos Nayarit\",\u2026","rel":"","context":"En &quot;CINTILLO&quot;","block_context":{"text":"CINTILLO","link":"https:\/\/www.grieta.org.mx\/index.php\/category\/cintillo\/"},"img":{"alt_text":"","src":"https:\/\/i0.wp.com\/www.grieta.org.mx\/wp-content\/uploads\/2023\/09\/Colectivo-de-busqueda-de-personas-desaparecidas-en-Nayarit.jpg?resize=350%2C200&ssl=1","width":350,"height":200,"srcset":"https:\/\/i0.wp.com\/www.grieta.org.mx\/wp-content\/uploads\/2023\/09\/Colectivo-de-busqueda-de-personas-desaparecidas-en-Nayarit.jpg?resize=350%2C200&ssl=1 1x, https:\/\/i0.wp.com\/www.grieta.org.mx\/wp-content\/uploads\/2023\/09\/Colectivo-de-busqueda-de-personas-desaparecidas-en-Nayarit.jpg?resize=525%2C300&ssl=1 1.5x, https:\/\/i0.wp.com\/www.grieta.org.mx\/wp-content\/uploads\/2023\/09\/Colectivo-de-busqueda-de-personas-desaparecidas-en-Nayarit.jpg?resize=700%2C400&ssl=1 2x"},"classes":[]},{"id":71803,"url":"https:\/\/www.grieta.org.mx\/index.php\/2025\/06\/04\/desaparecen-20-personas-en-bahia-en-lo-que-va-de-2025-14-siguen-sin-ser-localizadas-nayarit\/","url_meta":{"origin":58023,"position":2},"title":"Desaparecen 20 personas en Bah\u00eda en lo que va de 2025; 14 siguen sin ser localizadas (Nayarit)","author":"grieta","date":"4 junio, 2025","format":false,"excerpt":"Imagen: Especial Isrrael Torres \/ Tribuna de la Bah\u00eda En lo que va del a\u00f1o 2025, 20 personas han sido reportadas como desaparecidas en Bah\u00eda de Banderas, seg\u00fan datos del Registro Nacional de Personas Desaparecidas y No Localizadas del Gobierno Federal. De ellas, solo seis han sido localizadas, mientras que\u2026","rel":"","context":"En &quot;CINTILLO&quot;","block_context":{"text":"CINTILLO","link":"https:\/\/www.grieta.org.mx\/index.php\/category\/cintillo\/"},"img":{"alt_text":"","src":"https:\/\/i0.wp.com\/www.grieta.org.mx\/wp-content\/uploads\/2025\/06\/personas-desaparecidas-1024x695-1.jpg?resize=350%2C200&ssl=1","width":350,"height":200,"srcset":"https:\/\/i0.wp.com\/www.grieta.org.mx\/wp-content\/uploads\/2025\/06\/personas-desaparecidas-1024x695-1.jpg?resize=350%2C200&ssl=1 1x, https:\/\/i0.wp.com\/www.grieta.org.mx\/wp-content\/uploads\/2025\/06\/personas-desaparecidas-1024x695-1.jpg?resize=525%2C300&ssl=1 1.5x, https:\/\/i0.wp.com\/www.grieta.org.mx\/wp-content\/uploads\/2025\/06\/personas-desaparecidas-1024x695-1.jpg?resize=700%2C400&ssl=1 2x"},"classes":[]},{"id":53006,"url":"https:\/\/www.grieta.org.mx\/index.php\/2020\/09\/01\/verdad-y-justicia-desaparecidas-en-nayarit\/","url_meta":{"origin":58023,"position":3},"title":"Verdad y Justicia desaparecidas en Nayarit","author":"grieta","date":"1 septiembre, 2020","format":false,"excerpt":"Foto: Realidades de Nayarit \u201cDesde el inicio del gobierno de Antonio Echevarr\u00eda, las desapariciones no solamente continuaron, sino que aumentaron. Las instituciones p\u00fablicas, en particular la Fiscal\u00eda Estatal, siguen coludidas y corruptas\u201d, se\u00f1alan Colectivos de familiares de personas desaparecidas en Nayarit Ver\u00f3nica Ram\u00edrez \/ Realidades de Nayarit Tepic, Nayarit.- Martes\u2026","rel":"","context":"En &quot;CINTILLO&quot;","block_context":{"text":"CINTILLO","link":"https:\/\/www.grieta.org.mx\/index.php\/category\/cintillo\/"},"img":{"alt_text":"","src":"https:\/\/i0.wp.com\/www.grieta.org.mx\/wp-content\/uploads\/2020\/09\/desaparecidos-03.jpg?resize=350%2C200&ssl=1","width":350,"height":200,"srcset":"https:\/\/i0.wp.com\/www.grieta.org.mx\/wp-content\/uploads\/2020\/09\/desaparecidos-03.jpg?resize=350%2C200&ssl=1 1x, https:\/\/i0.wp.com\/www.grieta.org.mx\/wp-content\/uploads\/2020\/09\/desaparecidos-03.jpg?resize=525%2C300&ssl=1 1.5x, https:\/\/i0.wp.com\/www.grieta.org.mx\/wp-content\/uploads\/2020\/09\/desaparecidos-03.jpg?resize=700%2C400&ssl=1 2x"},"classes":[]},{"id":52865,"url":"https:\/\/www.grieta.org.mx\/index.php\/2020\/08\/25\/denuncian-ante-la-onu-encubrimiento-y-pasividad-de-la-fiscalia-en-la-busqueda-de-desaparecidos-en-nayarit\/","url_meta":{"origin":58023,"position":4},"title":"Denuncian ante la ONU encubrimiento y pasividad de la Fiscal\u00eda en la b\u00fasqueda de desaparecidos en Nayarit","author":"grieta","date":"25 agosto, 2020","format":false,"excerpt":"Foto: Cuartoscuro Crys Benitez \/ El Occidental TEPIC, Nayarit (OEM-Informex).- Debido a la falta de acciones por parte de la Fiscal\u00eda General del Estado, para investigar los casos de desapariciones forzadas que se presentaron principalmente durante el mando del ex fiscal Edgar Veytia, quien presuntamente sosten\u00eda v\u00ednculos con el crimen\u2026","rel":"","context":"En &quot;CINTILLO&quot;","block_context":{"text":"CINTILLO","link":"https:\/\/www.grieta.org.mx\/index.php\/category\/cintillo\/"},"img":{"alt_text":"","src":"https:\/\/i0.wp.com\/www.grieta.org.mx\/wp-content\/uploads\/2020\/08\/Desaparecidos.jpeg?resize=350%2C200&ssl=1","width":350,"height":200,"srcset":"https:\/\/i0.wp.com\/www.grieta.org.mx\/wp-content\/uploads\/2020\/08\/Desaparecidos.jpeg?resize=350%2C200&ssl=1 1x, https:\/\/i0.wp.com\/www.grieta.org.mx\/wp-content\/uploads\/2020\/08\/Desaparecidos.jpeg?resize=525%2C300&ssl=1 1.5x, https:\/\/i0.wp.com\/www.grieta.org.mx\/wp-content\/uploads\/2020\/08\/Desaparecidos.jpeg?resize=700%2C400&ssl=1 2x"},"classes":[]},{"id":62572,"url":"https:\/\/www.grieta.org.mx\/index.php\/2021\/10\/28\/colectivos-de-familias-de-personas-desaparecidas-en-nayarit-piden-reunion-con-comite-de-la-onu-ced\/","url_meta":{"origin":58023,"position":5},"title":"Colectivos de familias de personas desaparecidas en Nayarit piden reuni\u00f3n con Comit\u00e9 de la ONU (CED)","author":"grieta","date":"28 octubre, 2021","format":false,"excerpt":"Foto: El Sol de Nayarit Redacci\u00f3n \/ El Sol de Nayarit Los colectivos de familias de personas desaparecidas en el estado de Nayarit, \"Familias Unidas por Nayarit (COFAUNNAY)\", \"En Busca de Verdad y Justicia\", \"Por Nuestros Corazones\" y \"Renacer por Amor a Ellos\", acompa\u00f1ados por\u00a0la\u00a0Federaci\u00f3n Internacional de Derechos Humanos\u00a0(FIDH)\u00a0y por\u00a0IDHEAS\u2026","rel":"","context":"En &quot;CINTILLO&quot;","block_context":{"text":"CINTILLO","link":"https:\/\/www.grieta.org.mx\/index.php\/category\/cintillo\/"},"img":{"alt_text":"","src":"https:\/\/i0.wp.com\/www.grieta.org.mx\/wp-content\/uploads\/2021\/11\/temp_nota_01_80776_17_20211028175548_117captura_de_pantalla_2021-10-28_a_la_s__11.55.31_a.m.jpg?resize=350%2C200&ssl=1","width":350,"height":200,"srcset":"https:\/\/i0.wp.com\/www.grieta.org.mx\/wp-content\/uploads\/2021\/11\/temp_nota_01_80776_17_20211028175548_117captura_de_pantalla_2021-10-28_a_la_s__11.55.31_a.m.jpg?resize=350%2C200&ssl=1 1x, https:\/\/i0.wp.com\/www.grieta.org.mx\/wp-content\/uploads\/2021\/11\/temp_nota_01_80776_17_20211028175548_117captura_de_pantalla_2021-10-28_a_la_s__11.55.31_a.m.jpg?resize=525%2C300&ssl=1 1.5x"},"classes":[]}],"_links":{"self":[{"href":"https:\/\/www.grieta.org.mx\/index.php\/wp-json\/wp\/v2\/posts\/58023","targetHints":{"allow":["GET"]}}],"collection":[{"href":"https:\/\/www.grieta.org.mx\/index.php\/wp-json\/wp\/v2\/posts"}],"about":[{"href":"https:\/\/www.grieta.org.mx\/index.php\/wp-json\/wp\/v2\/types\/post"}],"author":[{"embeddable":true,"href":"https:\/\/www.grieta.org.mx\/index.php\/wp-json\/wp\/v2\/users\/2"}],"replies":[{"embeddable":true,"href":"https:\/\/www.grieta.org.mx\/index.php\/wp-json\/wp\/v2\/comments?post=58023"}],"version-history":[{"count":1,"href":"https:\/\/www.grieta.org.mx\/index.php\/wp-json\/wp\/v2\/posts\/58023\/revisions"}],"predecessor-version":[{"id":58026,"href":"https:\/\/www.grieta.org.mx\/index.php\/wp-json\/wp\/v2\/posts\/58023\/revisions\/58026"}],"wp:featuredmedia":[{"embeddable":true,"href":"https:\/\/www.grieta.org.mx\/index.php\/wp-json\/wp\/v2\/media\/58025"}],"wp:attachment":[{"href":"https:\/\/www.grieta.org.mx\/index.php\/wp-json\/wp\/v2\/media?parent=58023"}],"wp:term":[{"taxonomy":"category","embeddable":true,"href":"https:\/\/www.grieta.org.mx\/index.php\/wp-json\/wp\/v2\/categories?post=58023"},{"taxonomy":"post_tag","embeddable":true,"href":"https:\/\/www.grieta.org.mx\/index.php\/wp-json\/wp\/v2\/tags?post=58023"}],"curies":[{"name":"wp","href":"https:\/\/api.w.org\/{rel}","templated":true}]}}