{"id":58017,"date":"2021-03-28T19:13:20","date_gmt":"2021-03-29T01:13:20","guid":{"rendered":"http:\/\/www.grieta.org.mx\/?p=58017"},"modified":"2021-03-28T19:13:20","modified_gmt":"2021-03-29T01:13:20","slug":"en-tulum-la-policia-no-cuida-asesina-protestan-por-asesinato-de-mujer","status":"publish","type":"post","link":"https:\/\/www.grieta.org.mx\/index.php\/2021\/03\/28\/en-tulum-la-policia-no-cuida-asesina-protestan-por-asesinato-de-mujer\/","title":{"rendered":"\u2018En Tulum, la polic\u00eda no cuida, asesina\u2019: protestan por asesinato de mujer"},"content":{"rendered":"<p><img loading=\"lazy\" decoding=\"async\" data-attachment-id=\"58020\" data-permalink=\"https:\/\/www.grieta.org.mx\/index.php\/2021\/03\/28\/en-tulum-la-policia-no-cuida-asesina-protestan-por-asesinato-de-mujer\/marchatulumbrutalidadpoliciaca\/\" data-orig-file=\"https:\/\/www.grieta.org.mx\/wp-content\/uploads\/2021\/03\/MarchaTulumBrutalidadPoliciaca.png\" data-orig-size=\"636,310\" data-comments-opened=\"0\" data-image-meta=\"{&quot;aperture&quot;:&quot;0&quot;,&quot;credit&quot;:&quot;&quot;,&quot;camera&quot;:&quot;&quot;,&quot;caption&quot;:&quot;&quot;,&quot;created_timestamp&quot;:&quot;0&quot;,&quot;copyright&quot;:&quot;&quot;,&quot;focal_length&quot;:&quot;0&quot;,&quot;iso&quot;:&quot;0&quot;,&quot;shutter_speed&quot;:&quot;0&quot;,&quot;title&quot;:&quot;&quot;,&quot;orientation&quot;:&quot;0&quot;}\" data-image-title=\"MarchaTulumBrutalidadPoliciaca\" data-image-description=\"\" data-image-caption=\"\" data-medium-file=\"https:\/\/www.grieta.org.mx\/wp-content\/uploads\/2021\/03\/MarchaTulumBrutalidadPoliciaca-300x146.png\" data-large-file=\"https:\/\/www.grieta.org.mx\/wp-content\/uploads\/2021\/03\/MarchaTulumBrutalidadPoliciaca.png\" src=\"http:\/\/www.grieta.org.mx\/wp-content\/uploads\/2021\/03\/MarchaTulumBrutalidadPoliciaca.png\" alt=\"\" width=\"636\" height=\"310\" class=\"alignnone size-full wp-image-58020\" srcset=\"https:\/\/www.grieta.org.mx\/wp-content\/uploads\/2021\/03\/MarchaTulumBrutalidadPoliciaca.png 636w, https:\/\/www.grieta.org.mx\/wp-content\/uploads\/2021\/03\/MarchaTulumBrutalidadPoliciaca-300x146.png 300w\" sizes=\"auto, (max-width: 636px) 100vw, 636px\" \/><\/p>\n<p>Reporte Indigo<\/p>\n<blockquote><p>En Tulum, \u201cla polic\u00eda no nos cuida, te asesina\u201d, se pudo leer en algunas de las pancartas que cargaban los manifestantes<\/p><\/blockquote>\n<p>Activistas marcharon este domingo, en protesta por la muerte de una mujer, quien perdi\u00f3 la vida el s\u00e1bado, tras sometida por polic\u00edas municipales de Tulum; exigieron justicia y renuncia de directivos de la corporaci\u00f3n.<\/p>\n<p>En Tulum, \u201cla polic\u00eda no nos cuida, te asesina\u201d, se pudo leer en algunas de las pancartas que cargaban los manifestantes.<\/p>\n<p>Entrevistado, durante la marcha, Rafael Barajas del Observatorio Ciudadano de Tulum se\u00f1ala que tienen documentados m\u00e1s de 500 casos de abuso policiaco desde 2018 a la fecha y a pesar de que se le advirti\u00f3 al gobierno municipal no actuaron por lo que hoy este asesinato es una consecuencia l\u00f3gica.<\/p>\n<p>Al llegar a las instalaciones de la corporaci\u00f3n, algunos enardecidos ciudadanos, arremetieron contra el inmueble, destrozando vidrios de la puerta.<\/p>\n<p>El alcalde de Tulum, V\u00edctor Mas Tah, asegur\u00f3 que bajo el esquema de cero tolerancia y mano dura en contra de pr\u00e1cticas indebidas, se procedi\u00f3 a separar del cargo a los elementos involucrados durante lo acontecido el d\u00eda 27 de marzo, donde una mujer perdiera la vida durante la atenci\u00f3n a un reporte por alteraci\u00f3n del orden p\u00fablico cerca de las 19:00 horas en la colonia Tumben Ka.<\/p>\n<p>Por su parte, la Fiscal\u00eda General del Estado realiza las diligencias correspondientes para esclarecer los hechos y deslindar responsabilidad de acuerdo a lo que determine la carpeta de investigaci\u00f3n respectiva y con base en los resultados obtenidos por el m\u00e9dico forense sobre las causas del deceso.<\/p>\n<p>Por privaci\u00f3n de la vida, abre Derechos Humanos de Quintana Roo, queja de oficio en contra de agentes de seguridad p\u00fablica municipal de Tulum, el expediente de queja qued\u00f3 radicada bajo el n\u00famero VA\/TUL\/014\/03\/2021 por violaciones al derecho humano a la vida y los que resulten, con la finalidad de investigar posibles actos u omisiones por parte de personas servidoras p\u00fablicas de la Direcci\u00f3n General de Seguridad P\u00fablica y Tr\u00e1nsito de Tulum, que por su naturaleza pudieran resultar de gravedad y constituir violaciones a derechos humanos.<\/p>\n<p>Por medio de un comunicado, el gobierno de Tulum indic\u00f3 que los polic\u00edas involucrados no tendr\u00e1n asignaci\u00f3n de servicio alguna ni podr\u00e1n tener contacto con la ciudadan\u00eda en tanto se esclarezca la investigaci\u00f3n en curso.<\/p>\n<p>De acuerdo con informaci\u00f3n, los polic\u00edas de la patrulla 9276 abordaron a la mujer en la Avenida La Selva y procedieron a someterla con violencia innecesaria, al parecer porque se encontraba en estado de ebriedad, alterando el orden p\u00fablico.<\/p>\n<p>En videos y fotograf\u00edas que circulan en redes sociales, la mujer fue tirada al suelo por 4 polic\u00edas -3 hombres y una mujer-, se observa que uno de ellos le oprime el cuello con la rodilla y el suelo; aunque la mujer grit\u00f3 solicitando ayuda, nadie de los testigos hizo algo al respecto.<\/p>\n<p>Se presume que la v\u00edctima muri\u00f3 por asfixia, aunque ser\u00e1 la autopsia la que determine la causa real del fallecimiento.<\/p>\n<p><a href=\"https:\/\/www.reporteindigo.com\/reporte\/en-tulum-la-policia-no-cuida-asesina-protestan-por-asesinato-de-mujer\/\" target=\"_blank\" rel=\"noopener\">https:\/\/www.reporteindigo.com\/reporte\/en-tulum-la-policia-no-cuida-asesina-protestan-por-asesinato-de-mujer\/<\/a><\/p>\n","protected":false},"excerpt":{"rendered":"<p>Reporte Indigo En Tulum, \u201cla polic\u00eda no nos cuida, te asesina\u201d, se pudo leer en algunas de las pancartas que cargaban los manifestantes Activistas marcharon este domingo, en protesta por &hellip; <a href=\"https:\/\/www.grieta.org.mx\/index.php\/2021\/03\/28\/en-tulum-la-policia-no-cuida-asesina-protestan-por-asesinato-de-mujer\/\" class=\"more-link\">Leer m\u00e1s<\/a><\/p>\n","protected":false},"author":2,"featured_media":58020,"comment_status":"closed","ping_status":"closed","sticky":false,"template":"","format":"standard","meta":{"ngg_post_thumbnail":0,"_jetpack_newsletter_access":"","_jetpack_dont_email_post_to_subs":false,"_jetpack_newsletter_tier_id":0,"_jetpack_memberships_contains_paywalled_content":false,"_jetpack_memberships_contains_paid_content":false,"footnotes":""},"categories":[2809,80,3169,2,28],"tags":[3486,3459,736],"class_list":["post-58017","post","type-post","status-publish","format-standard","has-post-thumbnail","hentry","category-abuso-policiaco-en-quintana-roo","category-cintillo","category-lucha-de-las-mujeres-en-quintana-roo","category-noticias-nacionales","category-quintana-roo","tag-brutalidad-policiaca","tag-protestas-contra-brutalidad-policiaca","tag-tulum","entry"],"jetpack_featured_media_url":"https:\/\/www.grieta.org.mx\/wp-content\/uploads\/2021\/03\/MarchaTulumBrutalidadPoliciaca.png","jetpack_sharing_enabled":true,"jetpack_shortlink":"https:\/\/wp.me\/p7ZJR4-f5L","jetpack_likes_enabled":false,"jetpack-related-posts":[{"id":58218,"url":"https:\/\/www.grieta.org.mx\/index.php\/2021\/04\/08\/abusos-policiacos-la-norma-en-tulum-a-diez-dias-del-caso-victoria-difunden-nuevo-video-de-brutalidad-policiaca-al-detener-a-un-joven-al-cual-someten-y-golpean-ya-esposado\/","url_meta":{"origin":58017,"position":0},"title":"Abusos policiacos, la norma en Tulum: A diez d\u00edas del caso Victoria, difunden nuevo video de brutalidad policiaca al detener a un joven al cual someten y golpean ya esposado","author":"grieta","date":"8 abril, 2021","format":false,"excerpt":"Noticaribe TULUM, MX.- Apenas han pasado unos diez d\u00edas desde que polic\u00edas de Tulum mataron a una mujer salvadore\u00f1a al detenerla por alterar el orden p\u00fablico en la avenida La Selva de este municipio, en un claro caso de exceso de fuerza que se volvi\u00f3 viral y tuvo alcances internacionales\u2026","rel":"","context":"En &quot;Abuso policiaco en Quintana Roo&quot;","block_context":{"text":"Abuso policiaco en Quintana Roo","link":"https:\/\/www.grieta.org.mx\/index.php\/category\/noticias-nacionales\/quintana-roo\/abuso-policiaco-en-quintana-roo\/"},"img":{"alt_text":"","src":"https:\/\/i0.wp.com\/www.grieta.org.mx\/wp-content\/uploads\/2021\/04\/TulumAbusoPoliciac.png?resize=350%2C200&ssl=1","width":350,"height":200,"srcset":"https:\/\/i0.wp.com\/www.grieta.org.mx\/wp-content\/uploads\/2021\/04\/TulumAbusoPoliciac.png?resize=350%2C200&ssl=1 1x, https:\/\/i0.wp.com\/www.grieta.org.mx\/wp-content\/uploads\/2021\/04\/TulumAbusoPoliciac.png?resize=525%2C300&ssl=1 1.5x"},"classes":[]},{"id":57996,"url":"https:\/\/www.grieta.org.mx\/index.php\/2021\/03\/28\/matan-policias-de-tulum-a-una-mujer-escandalo-por-un-claro-caso-de-brutalidad-policiaca-de-agentes-municipales\/","url_meta":{"origin":58017,"position":1},"title":"Matan polic\u00edas de Tulum a una mujer: Esc\u00e1ndalo por un claro caso de brutalidad policiaca de agentes municipales","author":"grieta","date":"28 marzo, 2021","format":false,"excerpt":"Noticaribe De acuerdo con fotograf\u00edas y videos en poder de Noticaribe, la mujer fue sometida y tirada al suelo por cuatro polic\u00edas que usaron fuerza excesiva contra ella, lo que lo provoc\u00f3 la muerte, presumiblemente por asfixia, aunque ser\u00e1 la autopsia la que determine la causa real del fallecimiento. TULUM,\u2026","rel":"","context":"En &quot;Abuso policiaco en Quintana Roo&quot;","block_context":{"text":"Abuso policiaco en Quintana Roo","link":"https:\/\/www.grieta.org.mx\/index.php\/category\/noticias-nacionales\/quintana-roo\/abuso-policiaco-en-quintana-roo\/"},"img":{"alt_text":"","src":"https:\/\/i0.wp.com\/www.grieta.org.mx\/wp-content\/uploads\/2021\/03\/BrutalidadPoliciacaTulum-e1616977162100.png?resize=350%2C200&ssl=1","width":350,"height":200,"srcset":"https:\/\/i0.wp.com\/www.grieta.org.mx\/wp-content\/uploads\/2021\/03\/BrutalidadPoliciacaTulum-e1616977162100.png?resize=350%2C200&ssl=1 1x, https:\/\/i0.wp.com\/www.grieta.org.mx\/wp-content\/uploads\/2021\/03\/BrutalidadPoliciacaTulum-e1616977162100.png?resize=525%2C300&ssl=1 1.5x, https:\/\/i0.wp.com\/www.grieta.org.mx\/wp-content\/uploads\/2021\/03\/BrutalidadPoliciacaTulum-e1616977162100.png?resize=700%2C400&ssl=1 2x"},"classes":[]},{"id":68742,"url":"https:\/\/www.grieta.org.mx\/index.php\/2024\/03\/08\/colectivos-de-mujeres-marchan-en-playa-del-carmen-y-tulum-quintana-roo\/","url_meta":{"origin":58017,"position":2},"title":"Colectivos de mujeres marchan en Playa del Carmen y Tulum (Quintana Roo)","author":"grieta","date":"8 marzo, 2024","format":false,"excerpt":"Ra\u00fal Gamboa\/Quadrat\u00edn Quintana Roo SOLIDARIDAD, QRoo, 8 de marzo de 2024.- Cientos de mujeres marcharon este viernes para celebrar y reclamar sus derechos en el D\u00eda Internacional de la Mujer. En Tulum, el colectivo march\u00f3 por la avenida principal de la ciudad mientras coreaban frases como \u201c\u00a1Ni una m\u00e1s, ni\u2026","rel":"","context":"En &quot;CINTILLO&quot;","block_context":{"text":"CINTILLO","link":"https:\/\/www.grieta.org.mx\/index.php\/category\/cintillo\/"},"img":{"alt_text":"","src":"https:\/\/i0.wp.com\/www.grieta.org.mx\/wp-content\/uploads\/2024\/04\/MujeresTulum-e1712177947596.jpg?resize=350%2C200&ssl=1","width":350,"height":200,"srcset":"https:\/\/i0.wp.com\/www.grieta.org.mx\/wp-content\/uploads\/2024\/04\/MujeresTulum-e1712177947596.jpg?resize=350%2C200&ssl=1 1x, https:\/\/i0.wp.com\/www.grieta.org.mx\/wp-content\/uploads\/2024\/04\/MujeresTulum-e1712177947596.jpg?resize=525%2C300&ssl=1 1.5x, https:\/\/i0.wp.com\/www.grieta.org.mx\/wp-content\/uploads\/2024\/04\/MujeresTulum-e1712177947596.jpg?resize=700%2C400&ssl=1 2x"},"classes":[]},{"id":57223,"url":"https:\/\/www.grieta.org.mx\/index.php\/2021\/02\/24\/policia-de-tulum-detiene-a-pareja-gay-extranjera-por-besarse-en-publico\/","url_meta":{"origin":58017,"position":3},"title":"Polic\u00eda de Tulum detiene a pareja gay extranjera por besarse en p\u00fablico","author":"grieta","date":"24 febrero, 2021","format":false,"excerpt":"Proceso CIUDAD DE M\u00c9XICO (apro). \u2013 La polic\u00eda municipal de Tulum, Quintana Roo, detuvo a una pareja gay con el argumento de que \u201cno pueden besarse en p\u00fablico porque hay ni\u00f1os presentes\u201d. Los presentes protestaron e hicieron viral un video donde se ve c\u00f3mo se llevan detenida a la pareja.\u2026","rel":"","context":"En &quot;Abuso policiaco en Quintana Roo&quot;","block_context":{"text":"Abuso policiaco en Quintana Roo","link":"https:\/\/www.grieta.org.mx\/index.php\/category\/noticias-nacionales\/quintana-roo\/abuso-policiaco-en-quintana-roo\/"},"img":{"alt_text":"","src":"https:\/\/i0.wp.com\/www.grieta.org.mx\/wp-content\/uploads\/2021\/02\/PoliciaTulum.png?resize=350%2C200&ssl=1","width":350,"height":200,"srcset":"https:\/\/i0.wp.com\/www.grieta.org.mx\/wp-content\/uploads\/2021\/02\/PoliciaTulum.png?resize=350%2C200&ssl=1 1x, https:\/\/i0.wp.com\/www.grieta.org.mx\/wp-content\/uploads\/2021\/02\/PoliciaTulum.png?resize=525%2C300&ssl=1 1.5x"},"classes":[]},{"id":58173,"url":"https:\/\/www.grieta.org.mx\/index.php\/2021\/04\/04\/allanan-y-roban-articulos-de-la-vivienda-de-francisco-canul-el-periodista-que-difundio-primero-el-caso-de-victoria-la-mujer-asesinada-por-policias-en-tulum-quintana-roo\/","url_meta":{"origin":58017,"position":4},"title":"Allanan y roban art\u00edculos de la vivienda de Francisco Canul, el periodista que difundi\u00f3 primero el caso de Victoria, la mujer asesinada por polic\u00edas en Tulum (Quintana Roo)","author":"grieta","date":"4 abril, 2021","format":false,"excerpt":"Noticaribe TULUM, MX.- La vivienda de Francisco Canul, el periodista que la semana pasada fue el primero en difundir la noticia de Victoria, la mujer salvadore\u00f1a asesinada por polic\u00edas municipales, fue allanada y revuelta. Varios de sus art\u00edculos personales, incluyendo equipo de c\u00f3mputo, televisiones y dinero, fue robado, aprovechando que\u2026","rel":"","context":"En &quot;CINTILLO&quot;","block_context":{"text":"CINTILLO","link":"https:\/\/www.grieta.org.mx\/index.php\/category\/cintillo\/"},"img":{"alt_text":"","src":"https:\/\/i0.wp.com\/www.grieta.org.mx\/wp-content\/uploads\/2021\/04\/AllananViviendaPeriodistaTulum.png?resize=350%2C200&ssl=1","width":350,"height":200},"classes":[]},{"id":64626,"url":"https:\/\/www.grieta.org.mx\/index.php\/2022\/07\/27\/desalojo-violento-en-tulum-este-es-el-recuento-de-los-hechos-quintana-roo\/","url_meta":{"origin":58017,"position":5},"title":"Desalojo violento en Tulum: Este es el recuento de los hechos (Quintana Roo)","author":"grieta","date":"27 julio, 2022","format":false,"excerpt":"Yolanda Aldana \/ Por Esto! Con profundo malestar y miedo, los vecinos de la colonia irregular 2 de Octubre en Tulum, se unieron para apoyar a dos familias, quienes acusan a la Polic\u00eda Municipal y Estatal del derrumbe de sus viviendas, excesivo uso de la fuerza y abuso policiaco, se\u00f1al\u00e1ndolos\u2026","rel":"","context":"En &quot;Abuso policiaco en Quintana Roo&quot;","block_context":{"text":"Abuso policiaco en Quintana Roo","link":"https:\/\/www.grieta.org.mx\/index.php\/category\/noticias-nacionales\/quintana-roo\/abuso-policiaco-en-quintana-roo\/"},"img":{"alt_text":"","src":"https:\/\/i0.wp.com\/www.grieta.org.mx\/wp-content\/uploads\/2022\/07\/DesalojoTulum-e1659031163224.png?resize=350%2C200&ssl=1","width":350,"height":200,"srcset":"https:\/\/i0.wp.com\/www.grieta.org.mx\/wp-content\/uploads\/2022\/07\/DesalojoTulum-e1659031163224.png?resize=350%2C200&ssl=1 1x, https:\/\/i0.wp.com\/www.grieta.org.mx\/wp-content\/uploads\/2022\/07\/DesalojoTulum-e1659031163224.png?resize=525%2C300&ssl=1 1.5x, https:\/\/i0.wp.com\/www.grieta.org.mx\/wp-content\/uploads\/2022\/07\/DesalojoTulum-e1659031163224.png?resize=700%2C400&ssl=1 2x"},"classes":[]}],"_links":{"self":[{"href":"https:\/\/www.grieta.org.mx\/index.php\/wp-json\/wp\/v2\/posts\/58017","targetHints":{"allow":["GET"]}}],"collection":[{"href":"https:\/\/www.grieta.org.mx\/index.php\/wp-json\/wp\/v2\/posts"}],"about":[{"href":"https:\/\/www.grieta.org.mx\/index.php\/wp-json\/wp\/v2\/types\/post"}],"author":[{"embeddable":true,"href":"https:\/\/www.grieta.org.mx\/index.php\/wp-json\/wp\/v2\/users\/2"}],"replies":[{"embeddable":true,"href":"https:\/\/www.grieta.org.mx\/index.php\/wp-json\/wp\/v2\/comments?post=58017"}],"version-history":[{"count":1,"href":"https:\/\/www.grieta.org.mx\/index.php\/wp-json\/wp\/v2\/posts\/58017\/revisions"}],"predecessor-version":[{"id":58022,"href":"https:\/\/www.grieta.org.mx\/index.php\/wp-json\/wp\/v2\/posts\/58017\/revisions\/58022"}],"wp:featuredmedia":[{"embeddable":true,"href":"https:\/\/www.grieta.org.mx\/index.php\/wp-json\/wp\/v2\/media\/58020"}],"wp:attachment":[{"href":"https:\/\/www.grieta.org.mx\/index.php\/wp-json\/wp\/v2\/media?parent=58017"}],"wp:term":[{"taxonomy":"category","embeddable":true,"href":"https:\/\/www.grieta.org.mx\/index.php\/wp-json\/wp\/v2\/categories?post=58017"},{"taxonomy":"post_tag","embeddable":true,"href":"https:\/\/www.grieta.org.mx\/index.php\/wp-json\/wp\/v2\/tags?post=58017"}],"curies":[{"name":"wp","href":"https:\/\/api.w.org\/{rel}","templated":true}]}}