{"id":58008,"date":"2021-03-21T18:45:38","date_gmt":"2021-03-22T00:45:38","guid":{"rendered":"https:\/\/www.grieta.org.mx\/?p=58008"},"modified":"2021-03-28T18:59:35","modified_gmt":"2021-03-29T00:59:35","slug":"diversificaran-jubilados-lucha-para-lograr-pago-de-pensiones-en-salarios-minimos-colima","status":"publish","type":"post","link":"https:\/\/www.grieta.org.mx\/index.php\/2021\/03\/21\/diversificaran-jubilados-lucha-para-lograr-pago-de-pensiones-en-salarios-minimos-colima\/","title":{"rendered":"Diversificar\u00e1n jubilados lucha para lograr pago de pensiones en salarios m\u00ednimos (Colima)"},"content":{"rendered":"<p><img loading=\"lazy\" decoding=\"async\" data-attachment-id=\"58016\" data-permalink=\"https:\/\/www.grieta.org.mx\/index.php\/2021\/03\/21\/diversificaran-jubilados-lucha-para-lograr-pago-de-pensiones-en-salarios-minimos-colima\/f5088d5dde577f88e4bdaa66cf87c364\/\" data-orig-file=\"https:\/\/www.grieta.org.mx\/wp-content\/uploads\/2021\/03\/f5088d5dde577f88e4bdaa66cf87c364.jpg\" data-orig-size=\"1280,960\" data-comments-opened=\"0\" data-image-meta=\"{&quot;aperture&quot;:&quot;0&quot;,&quot;credit&quot;:&quot;&quot;,&quot;camera&quot;:&quot;&quot;,&quot;caption&quot;:&quot;&quot;,&quot;created_timestamp&quot;:&quot;0&quot;,&quot;copyright&quot;:&quot;&quot;,&quot;focal_length&quot;:&quot;0&quot;,&quot;iso&quot;:&quot;0&quot;,&quot;shutter_speed&quot;:&quot;0&quot;,&quot;title&quot;:&quot;&quot;,&quot;orientation&quot;:&quot;0&quot;}\" data-image-title=\"f5088d5dde577f88e4bdaa66cf87c364\" data-image-description=\"\" data-image-caption=\"\" data-medium-file=\"https:\/\/www.grieta.org.mx\/wp-content\/uploads\/2021\/03\/f5088d5dde577f88e4bdaa66cf87c364-300x225.jpg\" data-large-file=\"https:\/\/www.grieta.org.mx\/wp-content\/uploads\/2021\/03\/f5088d5dde577f88e4bdaa66cf87c364-1024x768.jpg\" class=\"wp-image-58016 aligncenter\" src=\"http:\/\/www.grieta.org.mx\/wp-content\/uploads\/2021\/03\/f5088d5dde577f88e4bdaa66cf87c364.jpg\" alt=\"\" width=\"800\" height=\"600\" srcset=\"https:\/\/www.grieta.org.mx\/wp-content\/uploads\/2021\/03\/f5088d5dde577f88e4bdaa66cf87c364.jpg 1280w, https:\/\/www.grieta.org.mx\/wp-content\/uploads\/2021\/03\/f5088d5dde577f88e4bdaa66cf87c364-300x225.jpg 300w, https:\/\/www.grieta.org.mx\/wp-content\/uploads\/2021\/03\/f5088d5dde577f88e4bdaa66cf87c364-1024x768.jpg 1024w, https:\/\/www.grieta.org.mx\/wp-content\/uploads\/2021\/03\/f5088d5dde577f88e4bdaa66cf87c364-768x576.jpg 768w\" sizes=\"auto, (max-width: 800px) 100vw, 800px\" \/><\/p>\n<p>Foto: El Comentario<\/p>\n<p>Carlos A. Arevalos \/ El Comentario<\/p>\n<p>Las diversas\u00a0<strong>organizaciones de pensionados y jubilados<\/strong>\u00a0empiezan a agruparse para hacer \u201cfuerza com\u00fan\u201d en contra de la resoluci\u00f3n de la\u00a0<strong>Suprema Corte de Justicia de la Naci\u00f3n<\/strong>\u00a0para que el pago de sus<strong>\u00a0pensiones<\/strong>\u00a0sea en\u00a0<strong>Unidades de Medida y Actualizaci\u00f3n<\/strong>\u00a0(UMA\u2019s) en lugar del\u00a0<strong>salario m\u00ednimo general.<\/strong><\/p>\n<p>En una entrevista,\u00a0<strong>\u00c1ngel Sol\u00eds Rinc\u00f3n<\/strong>, dirigente del<strong>\u00a0Grupo Independiente de Jubilados y Pensionados del ISSSTE<\/strong>, resalt\u00f3 la respuesta que se tuvo en la\u00a0<strong>caravana vehicular de protesta<\/strong>\u00a0que organizaron en la ciudad de\u00a0<strong>Colima,<\/strong>\u00a0con la participaci\u00f3n de 4 agrupaciones a nivel estatal, como parte de una movilizaci\u00f3n nacional.<\/p>\n<p>Indic\u00f3 que el\u00a0<strong>Grupo Independiente<\/strong>\u00a0fue fundado en 2018 y entre sus acciones resaltan la movilizaci\u00f3n que se realiz\u00f3 hace un a\u00f1o en el\u00a0<strong>Complejo Administrativo<\/strong>\u00a0de la ciudad de\u00a0<strong>Colima<\/strong>, para solicitar apoyo a autoridades estatales y que la pensi\u00f3n sea pagada en salarios m\u00ednimos y revertir lo que se implement\u00f3 en 2016, de que el pago sea en\u00a0<strong>UMA\u2019s.<\/strong><\/p>\n<p>Dijo que a nivel nacional \u201cestamos conectados con asociaciones del\u00a0<strong>Estado de M\u00e9xico<\/strong>\u00a0y ya se hizo la petici\u00f3n al presidente<strong>\u00a0L\u00f3pez Obrador,<\/strong>\u00a0quien pidi\u00f3 tiempo para tratar de resolver esta situaci\u00f3n\u201d.<\/p>\n<p>Record\u00f3 que la cotizaci\u00f3n de los pensionados y jubilados fue en salarios m\u00ednimos, por lo que con las\u00a0<strong>UMA\u2019s<\/strong>\u00a0se ven afectados.<\/p>\n<p>Al respecto, mencion\u00f3 que una\u00a0<strong>UMA<\/strong>\u00a0actualmente equivale a 89 pesos con 72 centavos, mientras que el salario m\u00ednimo es de 141 pesos con 70 centavos.<\/p>\n<p>\u201cHay una gran diferencia, porque quienes nos jubilamos con el tope salarial ahora estamos dejamos de ganar m\u00e1s de 15 mil pesos menos al mes, lo que ha afectado la econom\u00eda de todos los jubilados y pensionados\u201d, asegur\u00f3.<\/p>\n<p>Dijo que la invitaci\u00f3n sigue abierta para que m\u00e1s organizaciones de pensionados y jubilados se unan a esta lucha.<\/p>\n<p><a href=\"https:\/\/elcomentario.ucol.mx\/diversificaran-jubilados-lucha-para-lograr-pago-de-pensiones-en-salarios-minimos\/\">https:\/\/elcomentario.ucol.mx\/diversificaran-jubilados-lucha-para-lograr-pago-de-pensiones-en-salarios-minimos\/<\/a><\/p>\n","protected":false},"excerpt":{"rendered":"<p>Foto: El Comentario Carlos A. Arevalos \/ El Comentario Las diversas\u00a0organizaciones de pensionados y jubilados\u00a0empiezan a agruparse para hacer \u201cfuerza com\u00fan\u201d en contra de la resoluci\u00f3n de la\u00a0Suprema Corte de &hellip; <a href=\"https:\/\/www.grieta.org.mx\/index.php\/2021\/03\/21\/diversificaran-jubilados-lucha-para-lograr-pago-de-pensiones-en-salarios-minimos-colima\/\" class=\"more-link\">Leer m\u00e1s<\/a><\/p>\n","protected":false},"author":2,"featured_media":58016,"comment_status":"closed","ping_status":"closed","sticky":false,"template":"","format":"standard","meta":{"ngg_post_thumbnail":0,"_jetpack_newsletter_access":"","_jetpack_dont_email_post_to_subs":false,"_jetpack_newsletter_tier_id":0,"_jetpack_memberships_contains_paywalled_content":false,"_jetpack_memberships_contains_paid_content":false,"footnotes":""},"categories":[80,13,910,2192,2,83],"tags":[105,2841,1290,2580,3792,3642],"class_list":["post-58008","post","type-post","status-publish","format-standard","has-post-thumbnail","hentry","category-cintillo","category-colima","category-explotacion-y-precariedad-laboral","category-explotacion-y-precariedad-laboral-en-colima","category-noticias-nacionales","category-temas-nacionales","tag-derechos-laborales","tag-explotacion-y-precariedad-laboral","tag-precariedad-laboral","tag-precarizacion-laboral","tag-protestas-de-jubilados-y-pensionados","tag-sistema-de-pensiones","entry"],"jetpack_featured_media_url":"https:\/\/www.grieta.org.mx\/wp-content\/uploads\/2021\/03\/f5088d5dde577f88e4bdaa66cf87c364.jpg","jetpack_sharing_enabled":true,"jetpack_shortlink":"https:\/\/wp.me\/p7ZJR4-f5C","jetpack_likes_enabled":false,"jetpack-related-posts":[{"id":62406,"url":"https:\/\/www.grieta.org.mx\/index.php\/2021\/10\/15\/pensionados-y-jubilados-embargan-y-quieren-rematar-casa-de-gobierno-colima\/","url_meta":{"origin":58008,"position":0},"title":"Pensionados y jubilados embargan y quieren rematar Casa de Gobierno (Colima)","author":"grieta","date":"15 octubre, 2021","format":false,"excerpt":"Foto: El Comentario Carlos A. Ar\u00e9valo \/ El Comentario Un grupo de jubilados y pensionados de confianza del Gobierno del estado, de manera simb\u00f3lica embargaron la Casa de Gobierno, ubicada en la ciudad de Colima, para rematar el inmueble y con ese recurso se les pague sus quincenas atrasadas. La\u2026","rel":"","context":"En &quot;CINTILLO&quot;","block_context":{"text":"CINTILLO","link":"https:\/\/www.grieta.org.mx\/index.php\/category\/cintillo\/"},"img":{"alt_text":"","src":"https:\/\/i0.wp.com\/www.grieta.org.mx\/wp-content\/uploads\/2021\/10\/37057b1468d8a49389439a93ab2be3c1.jpeg?resize=350%2C200&ssl=1","width":350,"height":200,"srcset":"https:\/\/i0.wp.com\/www.grieta.org.mx\/wp-content\/uploads\/2021\/10\/37057b1468d8a49389439a93ab2be3c1.jpeg?resize=350%2C200&ssl=1 1x, https:\/\/i0.wp.com\/www.grieta.org.mx\/wp-content\/uploads\/2021\/10\/37057b1468d8a49389439a93ab2be3c1.jpeg?resize=525%2C300&ssl=1 1.5x, https:\/\/i0.wp.com\/www.grieta.org.mx\/wp-content\/uploads\/2021\/10\/37057b1468d8a49389439a93ab2be3c1.jpeg?resize=700%2C400&ssl=1 2x"},"classes":[]},{"id":57709,"url":"https:\/\/www.grieta.org.mx\/index.php\/2021\/03\/09\/terminaran-protestas-de-jubilados-cuando-pensiones-se-paguen-en-salarios-minimos-colima\/","url_meta":{"origin":58008,"position":1},"title":"Terminar\u00e1n protestas de jubilados cuando pensiones se paguen en salarios m\u00ednimos (Colima)","author":"grieta","date":"9 marzo, 2021","format":false,"excerpt":"Foto: El Comentario Francis Bravo \/ El Comentario Las\u00a0manifestaciones de jubilados\u00a0y pensionados en contra de que se les pague bajo la tabulaci\u00f3n en\u00a0UMA\u2019s, terminar\u00e1n cuando el presidente de la Rep\u00fablica,\u00a0Andr\u00e9s Manuel L\u00f3pez Obrador, ofrezca una\u00a0respuesta positiva, asegur\u00f3 el dirigente del Grupo Independiente de Jubilados y Pensionados del ISSSTE en Colima,\u00a0\u00c1ngel\u2026","rel":"","context":"En &quot;CINTILLO&quot;","block_context":{"text":"CINTILLO","link":"https:\/\/www.grieta.org.mx\/index.php\/category\/cintillo\/"},"img":{"alt_text":"","src":"https:\/\/i0.wp.com\/www.grieta.org.mx\/wp-content\/uploads\/2021\/03\/39c63ddb96a31b9610cd976b896ad4f0.jpg?resize=350%2C200&ssl=1","width":350,"height":200,"srcset":"https:\/\/i0.wp.com\/www.grieta.org.mx\/wp-content\/uploads\/2021\/03\/39c63ddb96a31b9610cd976b896ad4f0.jpg?resize=350%2C200&ssl=1 1x, https:\/\/i0.wp.com\/www.grieta.org.mx\/wp-content\/uploads\/2021\/03\/39c63ddb96a31b9610cd976b896ad4f0.jpg?resize=525%2C300&ssl=1 1.5x, https:\/\/i0.wp.com\/www.grieta.org.mx\/wp-content\/uploads\/2021\/03\/39c63ddb96a31b9610cd976b896ad4f0.jpg?resize=700%2C400&ssl=1 2x"},"classes":[]},{"id":63283,"url":"https:\/\/www.grieta.org.mx\/index.php\/2022\/02\/03\/afectados-desde-hace-tres-anos-5-mil-jubilados-y-pensionados-del-issste-por-impago-de-retroactivo-salarial-colima\/","url_meta":{"origin":58008,"position":2},"title":"Afectados desde hace tres a\u00f1os 5 mil jubilados y pensionados del ISSSTE por impago de retroactivo salarial (Colima)","author":"grieta","date":"3 febrero, 2022","format":false,"excerpt":"Foto: El Comentario Francis Bravo \/ El Comentario El presidente de la Asociaci\u00f3n de Jubilados y Adultos Mayores,\u00a0Manuel Godina Velasco, denunci\u00f3 que desde hace tres a\u00f1os, a alrededor de 5 mil\u00a0jubilados\u00a0y\u00a0pensionados\u00a0del\u00a0ISSSTE\u00a0en Colima, se les est\u00e1 afectando al no entregarles el\u00a0retroactivo\u00a0del\u00a0incremento salarial, el cual representa este a\u00f1o casi 2 mil pesos.\u2026","rel":"","context":"En &quot;CINTILLO&quot;","block_context":{"text":"CINTILLO","link":"https:\/\/www.grieta.org.mx\/index.php\/category\/cintillo\/"},"img":{"alt_text":"","src":"https:\/\/i0.wp.com\/www.grieta.org.mx\/wp-content\/uploads\/2022\/02\/ad1feba6468a84a41854dcfb6ccabec2.jpg?resize=350%2C200&ssl=1","width":350,"height":200,"srcset":"https:\/\/i0.wp.com\/www.grieta.org.mx\/wp-content\/uploads\/2022\/02\/ad1feba6468a84a41854dcfb6ccabec2.jpg?resize=350%2C200&ssl=1 1x, https:\/\/i0.wp.com\/www.grieta.org.mx\/wp-content\/uploads\/2022\/02\/ad1feba6468a84a41854dcfb6ccabec2.jpg?resize=525%2C300&ssl=1 1.5x, https:\/\/i0.wp.com\/www.grieta.org.mx\/wp-content\/uploads\/2022\/02\/ad1feba6468a84a41854dcfb6ccabec2.jpg?resize=700%2C400&ssl=1 2x"},"classes":[]},{"id":57846,"url":"https:\/\/www.grieta.org.mx\/index.php\/2021\/03\/17\/se-manifiestan-maestros-jubilados-colima\/","url_meta":{"origin":58008,"position":3},"title":"Se manifiestan maestros jubilados (Colima)","author":"grieta","date":"17 marzo, 2021","format":false,"excerpt":"Foto: Especial Jes\u00fas Lozoya Baeza \/ El Noticiero Un numeroso grupo de maestros pensionados se manifestaron la tarde de ayer en el puerto de Manzanillo para pedirle al presidente de M\u00e9xico, Andr\u00e9s Manuel L\u00f3pez Obrador, que los salarios y pensiones de este sector se paguen en salarios m\u00ednimos y no\u2026","rel":"","context":"En &quot;CINTILLO&quot;","block_context":{"text":"CINTILLO","link":"https:\/\/www.grieta.org.mx\/index.php\/category\/cintillo\/"},"img":{"alt_text":"","src":"https:\/\/i0.wp.com\/www.grieta.org.mx\/wp-content\/uploads\/2021\/03\/Sin-titulo.png?resize=350%2C200&ssl=1","width":350,"height":200,"srcset":"https:\/\/i0.wp.com\/www.grieta.org.mx\/wp-content\/uploads\/2021\/03\/Sin-titulo.png?resize=350%2C200&ssl=1 1x, https:\/\/i0.wp.com\/www.grieta.org.mx\/wp-content\/uploads\/2021\/03\/Sin-titulo.png?resize=525%2C300&ssl=1 1.5x, https:\/\/i0.wp.com\/www.grieta.org.mx\/wp-content\/uploads\/2021\/03\/Sin-titulo.png?resize=700%2C400&ssl=1 2x"},"classes":[]},{"id":57333,"url":"https:\/\/www.grieta.org.mx\/index.php\/2021\/03\/05\/continuaran-las-protestas-de-jubilados-por-pagos-de-pensiones-con-umas-colima\/","url_meta":{"origin":58008,"position":4},"title":"Continuar\u00e1n las protestas de jubilados por pagos de pensiones con UMA\u2019s (Colima)","author":"grieta","date":"5 marzo, 2021","format":false,"excerpt":"Foto: El Comentario Francis Bravo \/ El Comentario Durante una protesta por la determinaci\u00f3n de la Suprema Corte de Justicia de la Nacional (SCJN) para que las pensiones a trabajadores jubilados se paguen en UMA\u2019s (Unidad de Medida y Actualizaci\u00f3n), el 9 de marzo se realizar\u00e1 otra marcha a la\u2026","rel":"","context":"En &quot;CINTILLO&quot;","block_context":{"text":"CINTILLO","link":"https:\/\/www.grieta.org.mx\/index.php\/category\/cintillo\/"},"img":{"alt_text":"","src":"https:\/\/i0.wp.com\/www.grieta.org.mx\/wp-content\/uploads\/2021\/03\/5fa9db2e335ef69a4eeb9fe7974d61f4.jpg?resize=350%2C200&ssl=1","width":350,"height":200,"srcset":"https:\/\/i0.wp.com\/www.grieta.org.mx\/wp-content\/uploads\/2021\/03\/5fa9db2e335ef69a4eeb9fe7974d61f4.jpg?resize=350%2C200&ssl=1 1x, https:\/\/i0.wp.com\/www.grieta.org.mx\/wp-content\/uploads\/2021\/03\/5fa9db2e335ef69a4eeb9fe7974d61f4.jpg?resize=525%2C300&ssl=1 1.5x, https:\/\/i0.wp.com\/www.grieta.org.mx\/wp-content\/uploads\/2021\/03\/5fa9db2e335ef69a4eeb9fe7974d61f4.jpg?resize=700%2C400&ssl=1 2x"},"classes":[]},{"id":70505,"url":"https:\/\/www.grieta.org.mx\/index.php\/2024\/11\/19\/jubilados-del-issemym-exigen-el-pago-de-sus-pensiones-estado-de-mexico\/","url_meta":{"origin":58008,"position":5},"title":"Jubilados del ISSEMyM exigen el pago de sus pensiones (Estado de M\u00e9xico)","author":"grieta","date":"19 noviembre, 2024","format":false,"excerpt":"Ximena Garc\u00eda \/ El Sol de Toluca Fotos: Rams\u00e9s Mercado \u00a0 Acusan que son 7 mil los que viven de pr\u00e9stamos y apoyos mientras esperan Pensionados y pensionistas del ISSEMyM bloquearon avenida Lerdo para exigir el pago de sus pensiones, pues lamentan que viven de pr\u00e9stamos y caridad pese a\u2026","rel":"","context":"En &quot;CINTILLO&quot;","block_context":{"text":"CINTILLO","link":"https:\/\/www.grieta.org.mx\/index.php\/category\/cintillo\/"},"img":{"alt_text":"","src":"https:\/\/i0.wp.com\/www.grieta.org.mx\/wp-content\/uploads\/2024\/11\/pensionados-ISSEMyM-1-3.jpg?resize=350%2C200&ssl=1","width":350,"height":200,"srcset":"https:\/\/i0.wp.com\/www.grieta.org.mx\/wp-content\/uploads\/2024\/11\/pensionados-ISSEMyM-1-3.jpg?resize=350%2C200&ssl=1 1x, https:\/\/i0.wp.com\/www.grieta.org.mx\/wp-content\/uploads\/2024\/11\/pensionados-ISSEMyM-1-3.jpg?resize=525%2C300&ssl=1 1.5x, https:\/\/i0.wp.com\/www.grieta.org.mx\/wp-content\/uploads\/2024\/11\/pensionados-ISSEMyM-1-3.jpg?resize=700%2C400&ssl=1 2x"},"classes":[]}],"_links":{"self":[{"href":"https:\/\/www.grieta.org.mx\/index.php\/wp-json\/wp\/v2\/posts\/58008","targetHints":{"allow":["GET"]}}],"collection":[{"href":"https:\/\/www.grieta.org.mx\/index.php\/wp-json\/wp\/v2\/posts"}],"about":[{"href":"https:\/\/www.grieta.org.mx\/index.php\/wp-json\/wp\/v2\/types\/post"}],"author":[{"embeddable":true,"href":"https:\/\/www.grieta.org.mx\/index.php\/wp-json\/wp\/v2\/users\/2"}],"replies":[{"embeddable":true,"href":"https:\/\/www.grieta.org.mx\/index.php\/wp-json\/wp\/v2\/comments?post=58008"}],"version-history":[{"count":1,"href":"https:\/\/www.grieta.org.mx\/index.php\/wp-json\/wp\/v2\/posts\/58008\/revisions"}],"predecessor-version":[{"id":58018,"href":"https:\/\/www.grieta.org.mx\/index.php\/wp-json\/wp\/v2\/posts\/58008\/revisions\/58018"}],"wp:featuredmedia":[{"embeddable":true,"href":"https:\/\/www.grieta.org.mx\/index.php\/wp-json\/wp\/v2\/media\/58016"}],"wp:attachment":[{"href":"https:\/\/www.grieta.org.mx\/index.php\/wp-json\/wp\/v2\/media?parent=58008"}],"wp:term":[{"taxonomy":"category","embeddable":true,"href":"https:\/\/www.grieta.org.mx\/index.php\/wp-json\/wp\/v2\/categories?post=58008"},{"taxonomy":"post_tag","embeddable":true,"href":"https:\/\/www.grieta.org.mx\/index.php\/wp-json\/wp\/v2\/tags?post=58008"}],"curies":[{"name":"wp","href":"https:\/\/api.w.org\/{rel}","templated":true}]}}