{"id":57987,"date":"2021-03-21T17:30:33","date_gmt":"2021-03-21T23:30:33","guid":{"rendered":"https:\/\/www.grieta.org.mx\/?p=57987"},"modified":"2021-03-28T17:47:55","modified_gmt":"2021-03-28T23:47:55","slug":"por-inseguridad-personal-medico-abandona-centro-de-salud-en-san-andres-cohamiata-jalisco","status":"publish","type":"post","link":"https:\/\/www.grieta.org.mx\/index.php\/2021\/03\/21\/por-inseguridad-personal-medico-abandona-centro-de-salud-en-san-andres-cohamiata-jalisco\/","title":{"rendered":"Por inseguridad personal m\u00e9dico abandona Centro de Salud en San Andr\u00e9s Cohamiata (Jalisco)"},"content":{"rendered":"<p><img loading=\"lazy\" decoding=\"async\" data-attachment-id=\"57988\" data-permalink=\"https:\/\/www.grieta.org.mx\/index.php\/2021\/03\/21\/por-inseguridad-personal-medico-abandona-centro-de-salud-en-san-andres-cohamiata-jalisco\/whatsapp-image-2021-03-21-at-13-31-04-696x330\/\" data-orig-file=\"https:\/\/www.grieta.org.mx\/wp-content\/uploads\/2021\/03\/WhatsApp-Image-2021-03-21-at-13.31.04-696x330-1.jpeg\" data-orig-size=\"696,330\" data-comments-opened=\"0\" data-image-meta=\"{&quot;aperture&quot;:&quot;0&quot;,&quot;credit&quot;:&quot;&quot;,&quot;camera&quot;:&quot;&quot;,&quot;caption&quot;:&quot;&quot;,&quot;created_timestamp&quot;:&quot;0&quot;,&quot;copyright&quot;:&quot;&quot;,&quot;focal_length&quot;:&quot;0&quot;,&quot;iso&quot;:&quot;0&quot;,&quot;shutter_speed&quot;:&quot;0&quot;,&quot;title&quot;:&quot;&quot;,&quot;orientation&quot;:&quot;0&quot;}\" data-image-title=\"WhatsApp-Image-2021-03-21-at-13.31.04-696&amp;#215;330\" data-image-description=\"\" data-image-caption=\"\" data-medium-file=\"https:\/\/www.grieta.org.mx\/wp-content\/uploads\/2021\/03\/WhatsApp-Image-2021-03-21-at-13.31.04-696x330-1-300x142.jpeg\" data-large-file=\"https:\/\/www.grieta.org.mx\/wp-content\/uploads\/2021\/03\/WhatsApp-Image-2021-03-21-at-13.31.04-696x330-1.jpeg\" class=\"alignnone wp-image-57988 aligncenter\" src=\"http:\/\/www.grieta.org.mx\/wp-content\/uploads\/2021\/03\/WhatsApp-Image-2021-03-21-at-13.31.04-696x330-1.jpeg\" alt=\"\" width=\"800\" height=\"379\" srcset=\"https:\/\/www.grieta.org.mx\/wp-content\/uploads\/2021\/03\/WhatsApp-Image-2021-03-21-at-13.31.04-696x330-1.jpeg 696w, https:\/\/www.grieta.org.mx\/wp-content\/uploads\/2021\/03\/WhatsApp-Image-2021-03-21-at-13.31.04-696x330-1-300x142.jpeg 300w\" sizes=\"auto, (max-width: 800px) 100vw, 800px\" \/><\/p>\n<p>Foto: Cortes\u00eda<\/p>\n<p>En la comunidad de San Andr\u00e9s Cohamiata, una de las tres que conforman la regi\u00f3n wix\u00e1rika, existen 21 localidades, las cuales se quedaron sin la atenci\u00f3n m\u00e9dica del centro de salud y de las casas de salud, por lo que no pueden atenderse ni situaciones de urgencia, ni casos de Covid-19<\/p>\n<p>Ignacio P\u00e9rez Vega \/ UDGTV<\/p>\n<p><strong>Guadalajara, Jalisco.<\/strong><\/p>\n<p>Los actos violentos protagonizados por diversos grupos de la delincuencia organizada en la regi\u00f3n Norte de Jalisco, generaron que personal m\u00e9dico del Centro de Salud de la comunidad wixarika de San Andr\u00e9s Cohamiata, municipio de Mezquitic, abandonara las instalaciones de atenci\u00f3n a los enfermos.<\/p>\n<p><strong>La Comisi\u00f3n Estatal de Derechos Humanos Jalisco (CEDHJ) confirm\u00f3 que las balaceras recientes, una de ellas ocurrida en El Mezquital,<\/strong>\u00a0en los l\u00edmites de Jalisco, Durango y Zacatecas, gener\u00f3 temor entre el personal de salud. En ese enfrentamiento hubo dos personas fallecidas y 10 lesionados.<\/p>\n<p>En la comunidad de San Andr\u00e9s Cohamiata, una de las tres que conforman la regi\u00f3n wix\u00e1rika,<strong>\u00a0existen 21 localidades, las cuales se quedaron sin la atenci\u00f3n m\u00e9dica del centro de salud y de las casas de salud,<\/strong>\u00a0por lo que no pueden atenderse ni situaciones de urgencia, ni casos de Covid-19. Adem\u00e1s, los servicios p\u00fablicos que se prestaban de una forma regular, se han dejado de dar.<\/p>\n<p>El organismo defensor de las garant\u00edas individuales a\u00f1adi\u00f3 que la presencia de seguridad p\u00fablica de los tres niveles de gobierno es nula,\u00a0<em>\u201cya que no hacen rondines, ni mantienen presencia en el lugar\u201d.<\/em><\/p>\n<p>La comunidad de San Andr\u00e9s Cohamiata tambi\u00e9n expres\u00f3 a la CEDHJ su preocupaci\u00f3n por la posible cancelaci\u00f3n de programas sociales federales, as\u00ed como de no resultar beneficiados con programas sociales estatales, debido a que la falta de seguridad ha provocado que las y los servidores p\u00fablicos responsables de ello en la regi\u00f3n, no acudan a realizar la entrega de los beneficios o a recabar la documentaci\u00f3n y a practicar los correspondientes estudios econ\u00f3micos-sociales.<\/p>\n<p>La CEDHJ hizo un llamado a las diversas secretar\u00edas del gobierno de Jalisco y a las autoridades involucradas, para que, en el \u00e1mbito de sus competencias, coordinen esfuerzos y atiendan las demandas sociales, de seguridad y de salud en la comunidad milenaria.<\/p>\n<p><a href=\"https:\/\/udgtv.com\/noticias\/inseguridad-personal-medico-abandona-centro-salud-san-andres-cohamiata\/\">https:\/\/udgtv.com\/noticias\/inseguridad-personal-medico-abandona-centro-salud-san-andres-cohamiata\/<\/a><\/p>\n","protected":false},"excerpt":{"rendered":"<p>Foto: Cortes\u00eda En la comunidad de San Andr\u00e9s Cohamiata, una de las tres que conforman la regi\u00f3n wix\u00e1rika, existen 21 localidades, las cuales se quedaron sin la atenci\u00f3n m\u00e9dica del &hellip; <a href=\"https:\/\/www.grieta.org.mx\/index.php\/2021\/03\/21\/por-inseguridad-personal-medico-abandona-centro-de-salud-en-san-andres-cohamiata-jalisco\/\" class=\"more-link\">Leer m\u00e1s<\/a><\/p>\n","protected":false},"author":2,"featured_media":57988,"comment_status":"closed","ping_status":"closed","sticky":false,"template":"","format":"standard","meta":{"ngg_post_thumbnail":0,"_jetpack_newsletter_access":"","_jetpack_dont_email_post_to_subs":false,"_jetpack_newsletter_tier_id":0,"_jetpack_memberships_contains_paywalled_content":false,"_jetpack_memberships_contains_paid_content":false,"footnotes":""},"categories":[80,918,2535,1771,20,2,83],"tags":[3024,3133,2820,1133,3815,3816,1833],"class_list":["post-57987","post","type-post","status-publish","format-standard","has-post-thumbnail","hentry","category-cintillo","category-privatizacion-del-sector-salud","category-crisis-del-sector-salud-en-jalisco","category-incremento-de-la-violencia-en-jalisco","category-jalisco","category-noticias-nacionales","category-temas-nacionales","tag-aumento-de-la-violencia","tag-crisis-del-sector-salud","tag-falta-de-medicos","tag-incremento-en-la-violencia","tag-protestas-por-falta-de-medicos","tag-protestas-por-falta-de-servicios-medicos","tag-violencia-contra-pueblos-indigenas","entry"],"jetpack_featured_media_url":"https:\/\/www.grieta.org.mx\/wp-content\/uploads\/2021\/03\/WhatsApp-Image-2021-03-21-at-13.31.04-696x330-1.jpeg","jetpack_sharing_enabled":true,"jetpack_shortlink":"https:\/\/wp.me\/p7ZJR4-f5h","jetpack_likes_enabled":false,"jetpack-related-posts":[{"id":56793,"url":"https:\/\/www.grieta.org.mx\/index.php\/2021\/02\/01\/habitantes-de-el-colorado-denuncian-falta-de-servicios-medicos\/","url_meta":{"origin":57987,"position":0},"title":"Habitantes de El Colorado denuncian falta de servicios m\u00e9dicos (Jalisco)","author":"grieta","date":"1 febrero, 2021","format":false,"excerpt":"Foto: Tribuna de la Bah\u00eda Alberto Garc\u00eda \/ Tribuna de la Bah\u00eda La semana pasada, las autoridades municipales y de salud estatal realizaron un evento en el rancho el Colorado, Jalisco para nombrarlo comunidad saludable, casi de inmediato los vecinos de la comunidad renegaron de ese hecho considerando que se\u2026","rel":"","context":"En &quot;CINTILLO&quot;","block_context":{"text":"CINTILLO","link":"https:\/\/www.grieta.org.mx\/index.php\/category\/cintillo\/"},"img":{"alt_text":"","src":"https:\/\/i0.wp.com\/www.grieta.org.mx\/wp-content\/uploads\/2021\/02\/2Semka3XQfM1Pw3xEGZNpr5RbyJgCHMRC7o0gCqt-portada.jpg?resize=350%2C200&ssl=1","width":350,"height":200,"srcset":"https:\/\/i0.wp.com\/www.grieta.org.mx\/wp-content\/uploads\/2021\/02\/2Semka3XQfM1Pw3xEGZNpr5RbyJgCHMRC7o0gCqt-portada.jpg?resize=350%2C200&ssl=1 1x, https:\/\/i0.wp.com\/www.grieta.org.mx\/wp-content\/uploads\/2021\/02\/2Semka3XQfM1Pw3xEGZNpr5RbyJgCHMRC7o0gCqt-portada.jpg?resize=525%2C300&ssl=1 1.5x, https:\/\/i0.wp.com\/www.grieta.org.mx\/wp-content\/uploads\/2021\/02\/2Semka3XQfM1Pw3xEGZNpr5RbyJgCHMRC7o0gCqt-portada.jpg?resize=700%2C400&ssl=1 2x"},"classes":[]},{"id":58832,"url":"https:\/\/www.grieta.org.mx\/index.php\/2021\/04\/13\/movimiento-del-sector-salud-no-vacunado-en-jalisco-exige-al-gobierno-federal-vacunacion-al-100\/","url_meta":{"origin":57987,"position":1},"title":"Movimiento del Sector Salud no Vacunado en Jalisco exige al Gobierno federal vacunaci\u00f3n al 100%","author":"grieta","date":"13 abril, 2021","format":false,"excerpt":"Foto: Ignacio\u00a0 P\u00e9rez Vega Ignacio P\u00e9rez Vega \/ UDGTV En Jalisco a\u00fan resta por aplicar la vacuna anticovid a\u00a060% del personal de salud del sistema p\u00fablico.\u00a0En hospitales y cl\u00ednicas particulares, o quienes trabajan en consultorios de farmacias, no se ha vacunado a nadie ni en Jalisco ni en M\u00e9xico. Por\u2026","rel":"","context":"En &quot;COVID-19 en Jalisco&quot;","block_context":{"text":"COVID-19 en Jalisco","link":"https:\/\/www.grieta.org.mx\/index.php\/category\/noticias-nacionales\/jalisco\/covid-19-en-jalisco\/"},"img":{"alt_text":"","src":"https:\/\/i0.wp.com\/www.grieta.org.mx\/wp-content\/uploads\/2021\/04\/Personal-de-salud-Ignacio-Perez-Vega-1-696x392-1.jpeg?resize=350%2C200&ssl=1","width":350,"height":200,"srcset":"https:\/\/i0.wp.com\/www.grieta.org.mx\/wp-content\/uploads\/2021\/04\/Personal-de-salud-Ignacio-Perez-Vega-1-696x392-1.jpeg?resize=350%2C200&ssl=1 1x, https:\/\/i0.wp.com\/www.grieta.org.mx\/wp-content\/uploads\/2021\/04\/Personal-de-salud-Ignacio-Perez-Vega-1-696x392-1.jpeg?resize=525%2C300&ssl=1 1.5x"},"classes":[]},{"id":48416,"url":"https:\/\/www.grieta.org.mx\/index.php\/2020\/04\/27\/personal-de-vigilancia-del-imss-agrede-e-impide-ingreso-de-medicos-en-taxis-seguros-jalisco\/","url_meta":{"origin":57987,"position":2},"title":"Personal de vigilancia del IMSS agrede e impide ingreso de m\u00e9dicos en taxis seguros (Jalisco)","author":"grieta","date":"27 abril, 2020","format":false,"excerpt":"Foto: Francisco Rodr\u00edguez V\u00edctor Ch\u00e1vez \/ El Occidental Personal de seguridad privada contratado por el IMSS evit\u00f3 la entrada de taxis C\u00f3digo Rojo, que trasladan de manera segura a personal m\u00e9dico, y agredieron verbalmente a los profesionales de la medicina. Los hechos ocurrieron el viernes pasado, han trascendido hasta ahora,\u2026","rel":"","context":"En &quot;CINTILLO&quot;","block_context":{"text":"CINTILLO","link":"https:\/\/www.grieta.org.mx\/index.php\/category\/cintillo\/"},"img":{"alt_text":"","src":"https:\/\/i0.wp.com\/www.grieta.org.mx\/wp-content\/uploads\/2020\/05\/IMSS-Jalisco.jpg?resize=350%2C200&ssl=1","width":350,"height":200,"srcset":"https:\/\/i0.wp.com\/www.grieta.org.mx\/wp-content\/uploads\/2020\/05\/IMSS-Jalisco.jpg?resize=350%2C200&ssl=1 1x, https:\/\/i0.wp.com\/www.grieta.org.mx\/wp-content\/uploads\/2020\/05\/IMSS-Jalisco.jpg?resize=525%2C300&ssl=1 1.5x, https:\/\/i0.wp.com\/www.grieta.org.mx\/wp-content\/uploads\/2020\/05\/IMSS-Jalisco.jpg?resize=700%2C400&ssl=1 2x"},"classes":[]},{"id":46913,"url":"https:\/\/www.grieta.org.mx\/index.php\/2020\/03\/26\/personal-medico-sin-capacitacion-ni-insumos-ante-pandemia-encuesta-jalisco\/","url_meta":{"origin":57987,"position":3},"title":"Personal m\u00e9dico, sin capacitaci\u00f3n ni insumos ante pandemia: encuesta (Jalisco)","author":"grieta","date":"26 marzo, 2020","format":false,"excerpt":"Foto: Archivo El 67% de los profesionales sanitarios en Jalisco no recibi\u00f3 la preparaci\u00f3n necesaria Redacci\u00f3n \/ El Informador En una encuesta realizada por la Asamblea Nacional de M\u00e9dicos Residentes (ANMR) a 413 profesionales sanitarios que atienden directamente a los casos probables de COVID-19, se dio a conocer que\u00a067% del\u2026","rel":"","context":"En &quot;CINTILLO&quot;","block_context":{"text":"CINTILLO","link":"https:\/\/www.grieta.org.mx\/index.php\/category\/cintillo\/"},"img":{"alt_text":"","src":"https:\/\/i0.wp.com\/www.grieta.org.mx\/wp-content\/uploads\/2020\/03\/26-1.jpg?resize=350%2C200&ssl=1","width":350,"height":200,"srcset":"https:\/\/i0.wp.com\/www.grieta.org.mx\/wp-content\/uploads\/2020\/03\/26-1.jpg?resize=350%2C200&ssl=1 1x, https:\/\/i0.wp.com\/www.grieta.org.mx\/wp-content\/uploads\/2020\/03\/26-1.jpg?resize=525%2C300&ssl=1 1.5x, https:\/\/i0.wp.com\/www.grieta.org.mx\/wp-content\/uploads\/2020\/03\/26-1.jpg?resize=700%2C400&ssl=1 2x"},"classes":[]},{"id":47932,"url":"https:\/\/www.grieta.org.mx\/index.php\/2020\/04\/15\/no-responde-la-universidad-autonoma-de-guadalajara-medicos-pasantes-jalisco\/","url_meta":{"origin":57987,"position":4},"title":"No responde la Universidad Aut\u00f3noma de Guadalajara: M\u00e9dicos pasantes (Jalisco)","author":"grieta","date":"15 abril, 2020","format":false,"excerpt":"Foto: Ilustratia tomada de www.uag.mx\/#services Los alumnos con preocupaci\u00f3n expresan que necesario ser atendidos para que puedan terminar su registro para el examen nacional de residencias m\u00e9dicas (Enarm) Rosario Bare\u00f1o \/ El Occidental A pesar de la reuni\u00f3n que sostuvieron autoridades de la Cruz Roja con m\u00e9dicos pasantes de la\u2026","rel":"","context":"En &quot;CINTILLO&quot;","block_context":{"text":"CINTILLO","link":"https:\/\/www.grieta.org.mx\/index.php\/category\/cintillo\/"},"img":{"alt_text":"","src":"https:\/\/i0.wp.com\/www.grieta.org.mx\/wp-content\/uploads\/2020\/04\/UAG-Hospital-Angel-Leano-atendera-Coronavirus-2-.jpg?resize=350%2C200&ssl=1","width":350,"height":200,"srcset":"https:\/\/i0.wp.com\/www.grieta.org.mx\/wp-content\/uploads\/2020\/04\/UAG-Hospital-Angel-Leano-atendera-Coronavirus-2-.jpg?resize=350%2C200&ssl=1 1x, https:\/\/i0.wp.com\/www.grieta.org.mx\/wp-content\/uploads\/2020\/04\/UAG-Hospital-Angel-Leano-atendera-Coronavirus-2-.jpg?resize=525%2C300&ssl=1 1.5x, https:\/\/i0.wp.com\/www.grieta.org.mx\/wp-content\/uploads\/2020\/04\/UAG-Hospital-Angel-Leano-atendera-Coronavirus-2-.jpg?resize=700%2C400&ssl=1 2x, https:\/\/i0.wp.com\/www.grieta.org.mx\/wp-content\/uploads\/2020\/04\/UAG-Hospital-Angel-Leano-atendera-Coronavirus-2-.jpg?resize=1050%2C600&ssl=1 3x, https:\/\/i0.wp.com\/www.grieta.org.mx\/wp-content\/uploads\/2020\/04\/UAG-Hospital-Angel-Leano-atendera-Coronavirus-2-.jpg?resize=1400%2C800&ssl=1 4x"},"classes":[]},{"id":43178,"url":"https:\/\/www.grieta.org.mx\/index.php\/2020\/01\/14\/trabajadores-del-opd-servicios-de-salud-jalisco-realizaron-paros-ante-falta-de-pagos-jalisco\/","url_meta":{"origin":57987,"position":5},"title":"Trabajadores del OPD, Servicios de Salud Jalisco realizaron paros ante falta de pagos (Jalisco)","author":"grieta","date":"14 enero, 2020","format":false,"excerpt":"Fotograf\u00eda: Isalura L\u00f3pez Villalobos Los trabajadores realizaron paros escalonados en oficinas centrales, hospitales, institutos y centros de salud este lunes ante la segunda dispersi\u00f3n de aguinaldo 2019 Isaura L\u00f3pez Villaobos \/ UDGTV Guadalajara, Jalisco.\u00a0Sin afectar el \u00e1rea de urgencias, trabajadores del Organismo P\u00fablico Descentralizado, Servicios de Salud Jalisco\u00a0realizaron paros escalonados\u2026","rel":"","context":"En &quot;CINTILLO&quot;","block_context":{"text":"CINTILLO","link":"https:\/\/www.grieta.org.mx\/index.php\/category\/cintillo\/"},"img":{"alt_text":"","src":"https:\/\/i0.wp.com\/www.grieta.org.mx\/wp-content\/uploads\/2020\/01\/Manifestaci%C3%B3n-OPD-Salud-Isaura-L%C3%B3pez-Villalobos-696x392.jpg?resize=350%2C200&ssl=1","width":350,"height":200,"srcset":"https:\/\/i0.wp.com\/www.grieta.org.mx\/wp-content\/uploads\/2020\/01\/Manifestaci%C3%B3n-OPD-Salud-Isaura-L%C3%B3pez-Villalobos-696x392.jpg?resize=350%2C200&ssl=1 1x, https:\/\/i0.wp.com\/www.grieta.org.mx\/wp-content\/uploads\/2020\/01\/Manifestaci%C3%B3n-OPD-Salud-Isaura-L%C3%B3pez-Villalobos-696x392.jpg?resize=525%2C300&ssl=1 1.5x"},"classes":[]}],"_links":{"self":[{"href":"https:\/\/www.grieta.org.mx\/index.php\/wp-json\/wp\/v2\/posts\/57987","targetHints":{"allow":["GET"]}}],"collection":[{"href":"https:\/\/www.grieta.org.mx\/index.php\/wp-json\/wp\/v2\/posts"}],"about":[{"href":"https:\/\/www.grieta.org.mx\/index.php\/wp-json\/wp\/v2\/types\/post"}],"author":[{"embeddable":true,"href":"https:\/\/www.grieta.org.mx\/index.php\/wp-json\/wp\/v2\/users\/2"}],"replies":[{"embeddable":true,"href":"https:\/\/www.grieta.org.mx\/index.php\/wp-json\/wp\/v2\/comments?post=57987"}],"version-history":[{"count":1,"href":"https:\/\/www.grieta.org.mx\/index.php\/wp-json\/wp\/v2\/posts\/57987\/revisions"}],"predecessor-version":[{"id":57990,"href":"https:\/\/www.grieta.org.mx\/index.php\/wp-json\/wp\/v2\/posts\/57987\/revisions\/57990"}],"wp:featuredmedia":[{"embeddable":true,"href":"https:\/\/www.grieta.org.mx\/index.php\/wp-json\/wp\/v2\/media\/57988"}],"wp:attachment":[{"href":"https:\/\/www.grieta.org.mx\/index.php\/wp-json\/wp\/v2\/media?parent=57987"}],"wp:term":[{"taxonomy":"category","embeddable":true,"href":"https:\/\/www.grieta.org.mx\/index.php\/wp-json\/wp\/v2\/categories?post=57987"},{"taxonomy":"post_tag","embeddable":true,"href":"https:\/\/www.grieta.org.mx\/index.php\/wp-json\/wp\/v2\/tags?post=57987"}],"curies":[{"name":"wp","href":"https:\/\/api.w.org\/{rel}","templated":true}]}}