{"id":57976,"date":"2021-03-24T15:57:24","date_gmt":"2021-03-24T21:57:24","guid":{"rendered":"https:\/\/www.grieta.org.mx\/?p=57976"},"modified":"2021-03-28T16:10:21","modified_gmt":"2021-03-28T22:10:21","slug":"tercer-dia-de-huelga-de-hambre-de-colectivos-de-personas-transexuales-estado-de-mexico","status":"publish","type":"post","link":"https:\/\/www.grieta.org.mx\/index.php\/2021\/03\/24\/tercer-dia-de-huelga-de-hambre-de-colectivos-de-personas-transexuales-estado-de-mexico\/","title":{"rendered":"Tercer d\u00eda de huelga de hambre de colectivos de personas transexuales (Estado de M\u00e9xico"},"content":{"rendered":"<p><img loading=\"lazy\" decoding=\"async\" data-attachment-id=\"57978\" data-permalink=\"https:\/\/www.grieta.org.mx\/index.php\/2021\/03\/24\/tercer-dia-de-huelga-de-hambre-de-colectivos-de-personas-transexuales-estado-de-mexico\/tercer-dia-de-huelga-de-hambre-de-colectivos-de-personas-transexuales-edomex-mzo\/\" data-orig-file=\"https:\/\/www.grieta.org.mx\/wp-content\/uploads\/2021\/03\/Tercer-dia-de-huelga-de-hambre-de-colectivos-de-personas-transexuales-edomex-mzo.jpg\" data-orig-size=\"768,479\" data-comments-opened=\"0\" data-image-meta=\"{&quot;aperture&quot;:&quot;0&quot;,&quot;credit&quot;:&quot;&quot;,&quot;camera&quot;:&quot;&quot;,&quot;caption&quot;:&quot;&quot;,&quot;created_timestamp&quot;:&quot;0&quot;,&quot;copyright&quot;:&quot;&quot;,&quot;focal_length&quot;:&quot;0&quot;,&quot;iso&quot;:&quot;0&quot;,&quot;shutter_speed&quot;:&quot;0&quot;,&quot;title&quot;:&quot;&quot;,&quot;orientation&quot;:&quot;0&quot;}\" data-image-title=\"Tercer d\u00eda de huelga de hambre de colectivos de personas transexuales edomex mzo\" data-image-description=\"\" data-image-caption=\"\" data-medium-file=\"https:\/\/www.grieta.org.mx\/wp-content\/uploads\/2021\/03\/Tercer-dia-de-huelga-de-hambre-de-colectivos-de-personas-transexuales-edomex-mzo-300x187.jpg\" data-large-file=\"https:\/\/www.grieta.org.mx\/wp-content\/uploads\/2021\/03\/Tercer-dia-de-huelga-de-hambre-de-colectivos-de-personas-transexuales-edomex-mzo.jpg\" class=\"alignnone  wp-image-57978\" src=\"http:\/\/www.grieta.org.mx\/wp-content\/uploads\/2021\/03\/Tercer-dia-de-huelga-de-hambre-de-colectivos-de-personas-transexuales-edomex-mzo.jpg\" alt=\"\" width=\"648\" height=\"404\" srcset=\"https:\/\/www.grieta.org.mx\/wp-content\/uploads\/2021\/03\/Tercer-dia-de-huelga-de-hambre-de-colectivos-de-personas-transexuales-edomex-mzo.jpg 768w, https:\/\/www.grieta.org.mx\/wp-content\/uploads\/2021\/03\/Tercer-dia-de-huelga-de-hambre-de-colectivos-de-personas-transexuales-edomex-mzo-300x187.jpg 300w\" sizes=\"auto, (max-width: 648px) 100vw, 648px\" \/><\/p>\n<h6>Fotos: Luis Camacho | El Sol de Toluca<\/h6>\n<p>Adriana Garc\u00eda | El Sol de Toluca<\/p>\n<h3 class=\"subtitle\">Piden que la Ley de Identidad Sexogen\u00e9rica se turne al pleno de la C\u00e1mara de Diputados local<\/h3>\n<p>Este mi\u00e9rcoles se cumpli\u00f3 el tercer d\u00eda consecutivo de la<b> huelga de hambre que iniciaron colectivos de personas transexuales<\/b> en el per\u00edmetro de la Legislatura Mexiquense.<\/p>\n<p>El campamento se instal\u00f3 para exigir a los diputados locales la aprobaci\u00f3n de la<b> Ley de Identidad Sexogen\u00e9rica<\/b> en el Estado de M\u00e9xico.<\/p>\n<p>Esto porque se aprob\u00f3 en comisiones en diciembre del a\u00f1o pasado, sin embargo, no se ha turnado para la votaci\u00f3n en el pleno de la C\u00e1mara de Diputados local.<\/p>\n<p>En ese sentido, desde el pasado lunes 23 de marzo del a\u00f1o en curso, integrantes de la comunidad transg\u00e9nero se han plantado en la parte trasera del recinto legislativo.<\/p>\n<p>A fin de recordarles a los legisladores mexiquenses que es un tema pendiente en su agenda de iniciativa.<\/p>\n<p>Seg\u00fan lo aprobado en Comisiones el 11 de diciembre de 2020, dicha iniciativa permitir\u00e1 que las personas transg\u00e9nero puedan cambiar su acta de nacimiento primigenia y rectificar su actual identidad de g\u00e9nero.<\/p>\n<p>Una de las caracter\u00edsticas de esa ley, seg\u00fan lo expuesto ese d\u00eda en comisiones, es que el proceso jur\u00eddico los interesados lo efectuar\u00e1n en total secrec\u00eda y privacidad.<\/p>\n<p>En ese sentido, y de acuerdo a lo aprobado por mayor\u00eda en comisiones legislativas, se tendr\u00e1 que modificar y adicionar art\u00edculos el C\u00f3digo Civil del Estado de M\u00e9xico.<\/p>\n<p>La citada Ley fue impulsada por el grupo parlamentario de Morena, en particular la diputada Liliana Gollas y el PRD.<\/p>\n<p>Los colectivos han colocado tiendas de campa\u00f1a y sus banderas representativas del movimiento en la v\u00eda Mariano Rivapalacio para pedir dialogar con los representantes populares.<\/p>\n<p>De esta forma el Estado de M\u00e9xico se sume a las 11 entidades del pa\u00eds en donde ya existe una ley.<\/p>\n<p>Actualmente dicha legislaci\u00f3n est\u00e1 vigente en Sonora, Jalisco, Ciudad de M\u00e9xico, Quintana Roo, Colima y Coahuila, entre otros.<\/p>\n<p>Este mi\u00e9rcoles, el per\u00edmetro que forman las calles Rivapalacio, Lerdo e Independencia, en pleno coraz\u00f3n de la capital del estado, estaban cerradas a la circulaci\u00f3n vial.<\/p>\n<p><a href=\"https:\/\/www.elsoldetoluca.com.mx\/local\/tercer-dia-de-huelga-de-hambre-de-colectivos-de-personas-transexuales-6517716.html\" target=\"_blank\" rel=\"noopener\">https:\/\/www.elsoldetoluca.com.mx\/local\/tercer-dia-de-huelga-de-hambre-de-colectivos-de-personas-transexuales-6517716.html<\/a><\/p>\n","protected":false},"excerpt":{"rendered":"<p>Fotos: Luis Camacho | El Sol de Toluca Adriana Garc\u00eda | El Sol de Toluca Piden que la Ley de Identidad Sexogen\u00e9rica se turne al pleno de la C\u00e1mara de &hellip; <a href=\"https:\/\/www.grieta.org.mx\/index.php\/2021\/03\/24\/tercer-dia-de-huelga-de-hambre-de-colectivos-de-personas-transexuales-estado-de-mexico\/\" class=\"more-link\">Leer m\u00e1s<\/a><\/p>\n","protected":false},"author":2,"featured_media":57978,"comment_status":"closed","ping_status":"closed","sticky":false,"template":"","format":"standard","meta":{"ngg_post_thumbnail":0,"_jetpack_newsletter_access":"","_jetpack_dont_email_post_to_subs":false,"_jetpack_newsletter_tier_id":0,"_jetpack_memberships_contains_paywalled_content":false,"_jetpack_memberships_contains_paid_content":false,"footnotes":""},"categories":[80,16,3035,2,1567],"tags":[408],"class_list":["post-57976","post","type-post","status-publish","format-standard","has-post-thumbnail","hentry","category-cintillo","category-estado-de-mexico","category-movilizaciones-y-protestas-de-habitantes-en-el-estado-de-mexico","category-noticias-nacionales","category-violencia-contra-la-comunidad-lgbttti-en-el-estado-de-mexico","tag-derechos-comunidad-lgbttti","entry"],"jetpack_featured_media_url":"https:\/\/www.grieta.org.mx\/wp-content\/uploads\/2021\/03\/Tercer-dia-de-huelga-de-hambre-de-colectivos-de-personas-transexuales-edomex-mzo.jpg","jetpack_sharing_enabled":true,"jetpack_shortlink":"https:\/\/wp.me\/p7ZJR4-f56","jetpack_likes_enabled":false,"jetpack-related-posts":[{"id":56470,"url":"https:\/\/www.grieta.org.mx\/index.php\/2021\/01\/25\/mujeres-trans-temen-no-ser-consideradas-en-aplicacion-de-vacuna-contra-covid-19\/","url_meta":{"origin":57976,"position":0},"title":"Mujeres trans temen no ser consideradas en aplicaci\u00f3n de vacuna contra Covid-19","author":"grieta","date":"25 enero, 2021","format":false,"excerpt":"Foto: Luis Rodr\u00edguez Filiberto Ramos \/ El Sol de Toluca La mayor\u00eda carece de identidad debido a la falta de una ley sexo gen\u00e9rica en el Edomex Los colectivos de mujeres transexuales que habitan en el Valle de Toluca, temen que debido a su condici\u00f3n jur\u00eddica, no tengan acceso oportuno\u2026","rel":"","context":"En &quot;CINTILLO&quot;","block_context":{"text":"CINTILLO","link":"https:\/\/www.grieta.org.mx\/index.php\/category\/cintillo\/"},"img":{"alt_text":"","src":"https:\/\/i0.wp.com\/www.grieta.org.mx\/wp-content\/uploads\/2021\/01\/Mujeres-trans-temen-no-ser-consideradas-en-aplicacion-de-vacuna-contra-Covid-19-edomex-ene.jpg?resize=350%2C200&ssl=1","width":350,"height":200,"srcset":"https:\/\/i0.wp.com\/www.grieta.org.mx\/wp-content\/uploads\/2021\/01\/Mujeres-trans-temen-no-ser-consideradas-en-aplicacion-de-vacuna-contra-Covid-19-edomex-ene.jpg?resize=350%2C200&ssl=1 1x, https:\/\/i0.wp.com\/www.grieta.org.mx\/wp-content\/uploads\/2021\/01\/Mujeres-trans-temen-no-ser-consideradas-en-aplicacion-de-vacuna-contra-Covid-19-edomex-ene.jpg?resize=525%2C300&ssl=1 1.5x, https:\/\/i0.wp.com\/www.grieta.org.mx\/wp-content\/uploads\/2021\/01\/Mujeres-trans-temen-no-ser-consideradas-en-aplicacion-de-vacuna-contra-Covid-19-edomex-ene.jpg?resize=700%2C400&ssl=1 2x"},"classes":[]},{"id":47556,"url":"https:\/\/www.grieta.org.mx\/index.php\/2020\/04\/09\/comunidad-transexual-y-transgenero-instala-comedor-comunitario-en-toluca-estado-de-mexico\/","url_meta":{"origin":57976,"position":1},"title":"Comunidad transexual y transg\u00e9nero instala comedor comunitario en Toluca (Estado de M\u00e9xico)","author":"grieta","date":"9 abril, 2020","format":false,"excerpt":"Imagen tomada de: revistacambio.com.mx Las integrantes comentaron que el servicio ser\u00e1 puesto a disposici\u00f3n de quienes necesiten de una comida corrida a bajo costo; el paquete de frijoles, arroz, agua de sabor y guisado, costar\u00e1 entre 25 y 30 pesos. Integrantes de los tres colectivos de trabajadoras sexuales transg\u00e9nero y\u2026","rel":"","context":"En &quot;CINTILLO&quot;","block_context":{"text":"CINTILLO","link":"https:\/\/www.grieta.org.mx\/index.php\/category\/cintillo\/"},"img":{"alt_text":"","src":"https:\/\/i0.wp.com\/www.grieta.org.mx\/wp-content\/uploads\/2020\/04\/Comunidad-transexual-y-transg%C3%A9nero-instala-comedor-comunitario-en-Toluca-edomex-abr.jpg?resize=350%2C200","width":350,"height":200},"classes":[]},{"id":60791,"url":"https:\/\/www.grieta.org.mx\/index.php\/2021\/07\/21\/aline-la-victima-mortal-de-un-crimen-de-odio-estado-de-mexico\/","url_meta":{"origin":57976,"position":2},"title":"Aline: la v\u00edctima mortal de un crimen de odio (Estado de M\u00e9xico)","author":"grieta","date":"21 julio, 2021","format":false,"excerpt":"Texto y fotos: Rams\u00e9s Mercado Viceversa Noticias Mexicaltzingo, M\u00e9xico; 21 de julio de 2021 Entre banderas del arcoiris, s\u00edmbolos de lucha e igualdad social del orgullo homosexual y de la diversidad de las lesbianas, bisexuales y transexuales; familia y amigas de la comunidad LGBTTTIQ+ del Valle de Toluca, despidieron a\u2026","rel":"","context":"En &quot;Asesinatos de activistas en el Estado de M\u00e9xico&quot;","block_context":{"text":"Asesinatos de activistas en el Estado de M\u00e9xico","link":"https:\/\/www.grieta.org.mx\/index.php\/category\/noticias-nacionales\/estado-de-mexico\/asesinatos-de-activistas-en-el-estado-de-mexico\/"},"img":{"alt_text":"","src":"https:\/\/i0.wp.com\/www.grieta.org.mx\/wp-content\/uploads\/2021\/07\/Aline-la-victima-mortal-de-un-crimen-de-odio-edomex-jul.jpeg?resize=350%2C200&ssl=1","width":350,"height":200,"srcset":"https:\/\/i0.wp.com\/www.grieta.org.mx\/wp-content\/uploads\/2021\/07\/Aline-la-victima-mortal-de-un-crimen-de-odio-edomex-jul.jpeg?resize=350%2C200&ssl=1 1x, https:\/\/i0.wp.com\/www.grieta.org.mx\/wp-content\/uploads\/2021\/07\/Aline-la-victima-mortal-de-un-crimen-de-odio-edomex-jul.jpeg?resize=525%2C300&ssl=1 1.5x, https:\/\/i0.wp.com\/www.grieta.org.mx\/wp-content\/uploads\/2021\/07\/Aline-la-victima-mortal-de-un-crimen-de-odio-edomex-jul.jpeg?resize=700%2C400&ssl=1 2x"},"classes":[]},{"id":53329,"url":"https:\/\/www.grieta.org.mx\/index.php\/2020\/08\/30\/mas-activistas-se-suman-a-la-huelga-de-hambre-por-crimenes-de-odio-en-veracruz\/","url_meta":{"origin":57976,"position":3},"title":"M\u00e1s activistas se suman a la huelga de hambre por cr\u00edmenes de odio en Veracruz","author":"grieta","date":"30 agosto, 2020","format":false,"excerpt":"Jos\u00e9 Mart\u00edn \/ Vanguardia de Veracruz Xalapa, Ver.- Por lo menos seis integrantes de la comunidad L\u00e9sbico, Gay, Bisexual, Travesti, Transexual, Transg\u00e9nero e Intersexual (LGBTTTI) mantienen una huelga de hambre como protesta ante el incremento de cr\u00edmenes de odio, y crueldad con la que se ataca a las mujeres trans.\u2026","rel":"","context":"En &quot;CINTILLO&quot;","block_context":{"text":"CINTILLO","link":"https:\/\/www.grieta.org.mx\/index.php\/category\/cintillo\/"},"img":{"alt_text":"","src":"https:\/\/i0.wp.com\/www.grieta.org.mx\/wp-content\/uploads\/2020\/09\/mas2.jpg?resize=350%2C200&ssl=1","width":350,"height":200,"srcset":"https:\/\/i0.wp.com\/www.grieta.org.mx\/wp-content\/uploads\/2020\/09\/mas2.jpg?resize=350%2C200&ssl=1 1x, https:\/\/i0.wp.com\/www.grieta.org.mx\/wp-content\/uploads\/2020\/09\/mas2.jpg?resize=525%2C300&ssl=1 1.5x, https:\/\/i0.wp.com\/www.grieta.org.mx\/wp-content\/uploads\/2020\/09\/mas2.jpg?resize=700%2C400&ssl=1 2x, https:\/\/i0.wp.com\/www.grieta.org.mx\/wp-content\/uploads\/2020\/09\/mas2.jpg?resize=1050%2C600&ssl=1 3x"},"classes":[]},{"id":68948,"url":"https:\/\/www.grieta.org.mx\/index.php\/2024\/05\/17\/comunidad-lgbt-marcha-en-toluca-piden-respeto-y-reconocimiento-de-sus-derechos-edo-mex\/","url_meta":{"origin":57976,"position":4},"title":"Comunidad LGBT+ marcha en Toluca, piden respeto y reconocimiento de sus derechos (Edo Mex)","author":"grieta","date":"17 mayo, 2024","format":false,"excerpt":"Elizabeth Rios \/ El Sol de Toluca Fotos: Luis Camacho \/ El Sol de Toluca Los manifestantes solicitaron al Congreso Local pagar su deuda hist\u00f3rica con la diversidad sexual por lo que exigieron la aprobaci\u00f3n de iniciativas que actualmente se encuentran \"congeladas\" La comunidad LGBT+ tom\u00f3 el primer cuadro de\u2026","rel":"","context":"En &quot;CINTILLO&quot;","block_context":{"text":"CINTILLO","link":"https:\/\/www.grieta.org.mx\/index.php\/category\/cintillo\/"},"img":{"alt_text":"","src":"https:\/\/i0.wp.com\/www.grieta.org.mx\/wp-content\/uploads\/2024\/05\/Comunidad-LGBT-marcha-en-Toluca-piden-respeto-y-reconocimiento-de-sus-derechos.jpg?resize=350%2C200&ssl=1","width":350,"height":200,"srcset":"https:\/\/i0.wp.com\/www.grieta.org.mx\/wp-content\/uploads\/2024\/05\/Comunidad-LGBT-marcha-en-Toluca-piden-respeto-y-reconocimiento-de-sus-derechos.jpg?resize=350%2C200&ssl=1 1x, https:\/\/i0.wp.com\/www.grieta.org.mx\/wp-content\/uploads\/2024\/05\/Comunidad-LGBT-marcha-en-Toluca-piden-respeto-y-reconocimiento-de-sus-derechos.jpg?resize=525%2C300&ssl=1 1.5x, https:\/\/i0.wp.com\/www.grieta.org.mx\/wp-content\/uploads\/2024\/05\/Comunidad-LGBT-marcha-en-Toluca-piden-respeto-y-reconocimiento-de-sus-derechos.jpg?resize=700%2C400&ssl=1 2x"},"classes":[]},{"id":45189,"url":"https:\/\/www.grieta.org.mx\/index.php\/2020\/02\/25\/colectivos-contra-tarifazo-exigen-eliminacion-de-denuncias-tras-hechos-del-13-de-febrero-estado-de-mexico\/","url_meta":{"origin":57976,"position":5},"title":"Colectivos contra &#8220;tarifazo&#8221; exigen eliminaci\u00f3n de denuncias tras hechos del 13 de febrero (Estado de M\u00e9xico)","author":"grieta","date":"25 febrero, 2020","format":false,"excerpt":"} Foto: Luis Camacho \/ El Sol de Toluca Filiberto Ramos \/ El Sol de Toluca El exhorto fue entregado por escrito a la representaci\u00f3n jur\u00eddica del Poder Legislativo y firmado por diversos colectivos en contra del alza en la tarifa Colectivos en contra del aumento a la tarifa del\u2026","rel":"","context":"En &quot;CINTILLO&quot;","block_context":{"text":"CINTILLO","link":"https:\/\/www.grieta.org.mx\/index.php\/category\/cintillo\/"},"img":{"alt_text":"","src":"https:\/\/i0.wp.com\/www.grieta.org.mx\/wp-content\/uploads\/2020\/02\/Colectivos-contra-tarifazo-exigen-eliminaci%C3%B3n-de-denuncias-tras-hechos-del-13-de-febrero-edomex-feb.jpg?resize=350%2C200&ssl=1","width":350,"height":200,"srcset":"https:\/\/i0.wp.com\/www.grieta.org.mx\/wp-content\/uploads\/2020\/02\/Colectivos-contra-tarifazo-exigen-eliminaci%C3%B3n-de-denuncias-tras-hechos-del-13-de-febrero-edomex-feb.jpg?resize=350%2C200&ssl=1 1x, https:\/\/i0.wp.com\/www.grieta.org.mx\/wp-content\/uploads\/2020\/02\/Colectivos-contra-tarifazo-exigen-eliminaci%C3%B3n-de-denuncias-tras-hechos-del-13-de-febrero-edomex-feb.jpg?resize=525%2C300&ssl=1 1.5x, https:\/\/i0.wp.com\/www.grieta.org.mx\/wp-content\/uploads\/2020\/02\/Colectivos-contra-tarifazo-exigen-eliminaci%C3%B3n-de-denuncias-tras-hechos-del-13-de-febrero-edomex-feb.jpg?resize=700%2C400&ssl=1 2x"},"classes":[]}],"_links":{"self":[{"href":"https:\/\/www.grieta.org.mx\/index.php\/wp-json\/wp\/v2\/posts\/57976","targetHints":{"allow":["GET"]}}],"collection":[{"href":"https:\/\/www.grieta.org.mx\/index.php\/wp-json\/wp\/v2\/posts"}],"about":[{"href":"https:\/\/www.grieta.org.mx\/index.php\/wp-json\/wp\/v2\/types\/post"}],"author":[{"embeddable":true,"href":"https:\/\/www.grieta.org.mx\/index.php\/wp-json\/wp\/v2\/users\/2"}],"replies":[{"embeddable":true,"href":"https:\/\/www.grieta.org.mx\/index.php\/wp-json\/wp\/v2\/comments?post=57976"}],"version-history":[{"count":1,"href":"https:\/\/www.grieta.org.mx\/index.php\/wp-json\/wp\/v2\/posts\/57976\/revisions"}],"predecessor-version":[{"id":57980,"href":"https:\/\/www.grieta.org.mx\/index.php\/wp-json\/wp\/v2\/posts\/57976\/revisions\/57980"}],"wp:featuredmedia":[{"embeddable":true,"href":"https:\/\/www.grieta.org.mx\/index.php\/wp-json\/wp\/v2\/media\/57978"}],"wp:attachment":[{"href":"https:\/\/www.grieta.org.mx\/index.php\/wp-json\/wp\/v2\/media?parent=57976"}],"wp:term":[{"taxonomy":"category","embeddable":true,"href":"https:\/\/www.grieta.org.mx\/index.php\/wp-json\/wp\/v2\/categories?post=57976"},{"taxonomy":"post_tag","embeddable":true,"href":"https:\/\/www.grieta.org.mx\/index.php\/wp-json\/wp\/v2\/tags?post=57976"}],"curies":[{"name":"wp","href":"https:\/\/api.w.org\/{rel}","templated":true}]}}