{"id":57970,"date":"2021-03-23T15:37:27","date_gmt":"2021-03-23T21:37:27","guid":{"rendered":"https:\/\/www.grieta.org.mx\/?p=57970"},"modified":"2021-03-28T15:44:26","modified_gmt":"2021-03-28T21:44:26","slug":"dejan-fuera-a-cientos-de-estudiantes-de-fes-cuautitlan-para-evitar-saturacion-de-grupos-en-linea-estado-de-mexico","status":"publish","type":"post","link":"https:\/\/www.grieta.org.mx\/index.php\/2021\/03\/23\/dejan-fuera-a-cientos-de-estudiantes-de-fes-cuautitlan-para-evitar-saturacion-de-grupos-en-linea-estado-de-mexico\/","title":{"rendered":"Dejan fuera a cientos de estudiantes de FES Cuautitl\u00e1n para evitar \u201csaturaci\u00f3n\u201d de grupos en l\u00ednea (Estado de M\u00e9xico)"},"content":{"rendered":"<p><img loading=\"lazy\" decoding=\"async\" data-attachment-id=\"57971\" data-permalink=\"https:\/\/www.grieta.org.mx\/index.php\/2021\/03\/23\/dejan-fuera-a-cientos-de-estudiantes-de-fes-cuautitlan-para-evitar-saturacion-de-grupos-en-linea-estado-de-mexico\/dejan-fuera-a-cientos-de-estudiantes-de-fes-cuautitlan-para-evitar-saturacion-de-grupos-en-linea-edomex-mzo\/\" data-orig-file=\"https:\/\/www.grieta.org.mx\/wp-content\/uploads\/2021\/03\/Dejan-fuera-a-cientos-de-estudiantes-de-FES-Cuautitlan-para-evitar-saturacion-de-grupos-en-linea-edomex-mzo.jpeg\" data-orig-size=\"960,500\" data-comments-opened=\"0\" data-image-meta=\"{&quot;aperture&quot;:&quot;0&quot;,&quot;credit&quot;:&quot;&quot;,&quot;camera&quot;:&quot;&quot;,&quot;caption&quot;:&quot;&quot;,&quot;created_timestamp&quot;:&quot;0&quot;,&quot;copyright&quot;:&quot;&quot;,&quot;focal_length&quot;:&quot;0&quot;,&quot;iso&quot;:&quot;0&quot;,&quot;shutter_speed&quot;:&quot;0&quot;,&quot;title&quot;:&quot;&quot;,&quot;orientation&quot;:&quot;0&quot;}\" data-image-title=\"Dejan fuera a cientos de estudiantes de FES Cuautitl\u00e1n para evitar \u201csaturaci\u00f3n\u201d de grupos en l\u00ednea edomex mzo\" data-image-description=\"\" data-image-caption=\"\" data-medium-file=\"https:\/\/www.grieta.org.mx\/wp-content\/uploads\/2021\/03\/Dejan-fuera-a-cientos-de-estudiantes-de-FES-Cuautitlan-para-evitar-saturacion-de-grupos-en-linea-edomex-mzo-300x156.jpeg\" data-large-file=\"https:\/\/www.grieta.org.mx\/wp-content\/uploads\/2021\/03\/Dejan-fuera-a-cientos-de-estudiantes-de-FES-Cuautitlan-para-evitar-saturacion-de-grupos-en-linea-edomex-mzo.jpeg\" class=\"alignnone  wp-image-57971\" src=\"http:\/\/www.grieta.org.mx\/wp-content\/uploads\/2021\/03\/Dejan-fuera-a-cientos-de-estudiantes-de-FES-Cuautitlan-para-evitar-saturacion-de-grupos-en-linea-edomex-mzo.jpeg\" alt=\"\" width=\"649\" height=\"338\" srcset=\"https:\/\/www.grieta.org.mx\/wp-content\/uploads\/2021\/03\/Dejan-fuera-a-cientos-de-estudiantes-de-FES-Cuautitlan-para-evitar-saturacion-de-grupos-en-linea-edomex-mzo.jpeg 960w, https:\/\/www.grieta.org.mx\/wp-content\/uploads\/2021\/03\/Dejan-fuera-a-cientos-de-estudiantes-de-FES-Cuautitlan-para-evitar-saturacion-de-grupos-en-linea-edomex-mzo-300x156.jpeg 300w, https:\/\/www.grieta.org.mx\/wp-content\/uploads\/2021\/03\/Dejan-fuera-a-cientos-de-estudiantes-de-FES-Cuautitlan-para-evitar-saturacion-de-grupos-en-linea-edomex-mzo-768x400.jpeg 768w\" sizes=\"auto, (max-width: 649px) 100vw, 649px\" \/><\/p>\n<h6>Imagen tomada de: ADNoticias<\/h6>\n<p><span class=\"post_author_name\">Mercedes Mart\u00ednez\u00a0\/ AD Noticias<\/span><\/p>\n<blockquote><p>A m\u00e1s de tres semanas de haber iniciado clases en l\u00ednea, m\u00e1s de 200 estudiantes de diferentes semestres y licenciaturas se han quedado fuera ante la negativa de aprobar su inscripci\u00f3n<\/p><\/blockquote>\n<p>La Facultad de Estudios Superior FES\u2013Cuautitl\u00e1n se uni\u00f3 este martes al paro de labores realizado por diversas sedes de la Universidad Nacional Aut\u00f3noma de M\u00e9xico (UNAM) para protestar contra la negativa de inscripci\u00f3n que se ha dado a m\u00e1s de 200 estudiantes y para respaldar las demandas de los profesores de la Facultad de Ciencias a quienes no se les ha pagado.<\/p>\n<p>A m\u00e1s de tres semanas de haber iniciado clases en l\u00ednea, m\u00e1s de 200 estudiantes de diferentes semestres y licenciaturas se han quedado fuera ante la negativa de aprobar su inscripci\u00f3n, acusaron estudiantes de la FES-Cuautitl\u00e1n.<\/p>\n<p>La Facultad ubicada en el municipio de Cuautitl\u00e1n Izcalli se mantendr\u00e1 sin actividades ordinarias hasta el \u00faltimo minuto del pr\u00f3ximo viernes 26 de marzo en espera de una respuesta de las autoridades universitarias, por lo que la acci\u00f3n podr\u00eda prolongarse en caso de que no se atiendan las demandas.<\/p>\n<figure class=\"wp-block-image size-large\"><img loading=\"lazy\" decoding=\"async\" class=\"wp-image-234892\" src=\"https:\/\/adnoticias.mx\/wp-content\/uploads\/2021\/03\/WhatsApp-Image-2021-03-23-at-18.59.52-724x1024.jpeg\" sizes=\"auto, (max-width: 724px) 100vw, 724px\" srcset=\"https:\/\/adnoticias.mx\/wp-content\/uploads\/2021\/03\/WhatsApp-Image-2021-03-23-at-18.59.52-724x1024.jpeg 724w, https:\/\/adnoticias.mx\/wp-content\/uploads\/2021\/03\/WhatsApp-Image-2021-03-23-at-18.59.52-212x300.jpeg 212w, https:\/\/adnoticias.mx\/wp-content\/uploads\/2021\/03\/WhatsApp-Image-2021-03-23-at-18.59.52-768x1087.jpeg 768w, https:\/\/adnoticias.mx\/wp-content\/uploads\/2021\/03\/WhatsApp-Image-2021-03-23-at-18.59.52-370x523.jpeg 370w, https:\/\/adnoticias.mx\/wp-content\/uploads\/2021\/03\/WhatsApp-Image-2021-03-23-at-18.59.52-1010x1429.jpeg 1010w, https:\/\/adnoticias.mx\/wp-content\/uploads\/2021\/03\/WhatsApp-Image-2021-03-23-at-18.59.52-470x665.jpeg 470w, https:\/\/adnoticias.mx\/wp-content\/uploads\/2021\/03\/WhatsApp-Image-2021-03-23-at-18.59.52.jpeg 1080w\" alt=\"\" width=\"639\" height=\"904\" \/><\/figure>\n<p>Mario Mendoza, estudiante de posgrado y miembro del Comit\u00e9 Ejecutivo del Consejo Estudiantil de la FES Cuautitl\u00e1n, explic\u00f3 a este medio que con el paro se busca respaldar las demandas de los profesores de la Facultad de Ciencias, pero tambi\u00e9n se trata de dar a conocer su propio pliego petitorio relacionado a las problem\u00e1ticas espec\u00edficas que tienen lugar en esta sede universitaria.<\/p>\n<p>Mendoza dijo que el Consejo Estudiantil ha insistido desde hace semanas sobre esta problem\u00e1tica, pero las autoridades no dieron una respuesta, por lo que se tom\u00f3 la opci\u00f3n de convocar al paro de actividades.<\/p>\n<p>El estudiante se\u00f1al\u00f3 que no est\u00e1n de acuerdo con el rechazo a las inscripciones de cientos de estudiantes \u201cporque significa dejarlos sin la posibilidad de que sigan estudiando\u201d, lo que agrava el rezago y la deserci\u00f3n escolar en la UNAM.<\/p>\n<p>Los afectados, -que pertenecen a diferentes semestres y licenciaturas, en su mayor\u00eda a Medicina y Veterinaria- \u201cno pudieron inscribirse porque hay una comisi\u00f3n que decide cu\u00e1ntos grupos se abren por semestre\u201d.<\/p>\n<figure class=\"wp-block-image size-large\"><img decoding=\"async\" class=\"wp-image-234893\" src=\"https:\/\/adnoticias.mx\/wp-content\/uploads\/2021\/03\/WhatsApp-Image-2021-03-23-at-18.59.52-1-793x1024.jpeg\" sizes=\"(max-width: 793px) 100vw, 793px\" srcset=\"https:\/\/adnoticias.mx\/wp-content\/uploads\/2021\/03\/WhatsApp-Image-2021-03-23-at-18.59.52-1-793x1024.jpeg 793w, https:\/\/adnoticias.mx\/wp-content\/uploads\/2021\/03\/WhatsApp-Image-2021-03-23-at-18.59.52-1-232x300.jpeg 232w, https:\/\/adnoticias.mx\/wp-content\/uploads\/2021\/03\/WhatsApp-Image-2021-03-23-at-18.59.52-1-768x992.jpeg 768w, https:\/\/adnoticias.mx\/wp-content\/uploads\/2021\/03\/WhatsApp-Image-2021-03-23-at-18.59.52-1-370x478.jpeg 370w, https:\/\/adnoticias.mx\/wp-content\/uploads\/2021\/03\/WhatsApp-Image-2021-03-23-at-18.59.52-1-470x607.jpeg 470w, https:\/\/adnoticias.mx\/wp-content\/uploads\/2021\/03\/WhatsApp-Image-2021-03-23-at-18.59.52-1.jpeg 991w\" alt=\"\" \/><\/figure>\n<p>Esta comisi\u00f3n decide \u201cque la saturaci\u00f3n de un grupo es un n\u00famero determinado\u2026 y a los que dejan fuera no les dan una alternativa\u201d, reproch\u00f3 Mendoza. Y record\u00f3 que no existe justificaci\u00f3n para dejar fuera a los alumnos, ya que \u201clas clases son en l\u00ednea, y no hay ninguna excusa\u201d.<\/p>\n<p>\u201cAdem\u00e1s los criterios para determinar la saturaci\u00f3n no es clara, pues hay grupos donde deciden dejar hasta 60 y hay otros donde son 25. Los criterios son a voluntad de estas personas que deciden arbitrariamente cu\u00e1ntos grupos abrir y cu\u00e1ntos no\u201d.<\/p>\n<p>Mendoza aclar\u00f3 que si bien la deserci\u00f3n no nueva para la UNAM con la pandemia se agrav\u00f3.<\/p>\n<h4>FES-Cuautitl\u00e1n, con mayor deserci\u00f3n universitaria<\/h4>\n<p>La FES Cuautitl\u00e1n junto con la Facultad de Ciencias Pol\u00edticas, registra el mayor n\u00famero de estudiantes que se han dado de baja. \u201cLos estudiantes est\u00e1n desertando, no logran continuar con sus estudios, y la UNAM hace muy poco, no es suficiente\u201d.<\/p>\n<p>En septiembre de 2020, la Secretar\u00eda General (<a href=\"https:\/\/www.gaceta.unam.mx\/aumenta-el-riesgo-de-desercion-en-licenciatura-y-posgrado\">https:\/\/www.gaceta.unam.mx\/aumenta-el-riesgo-de-desercion-en-licenciatura-y-posgrado<\/a>\/) estim\u00f3 que 72 mil j\u00f3venes podr\u00edan dejar sus estudios, lo que representa el 20% del total de su matricula.<\/p>\n<p>De esta cantidad, 700 pertenecen a la FES Cuautitl\u00e1n, cifra que equivale dos generaciones completas de una sola carrera, consider\u00f3 Mendoza.<\/p>\n<p>A nivel nacional, el Programa de las Naciones Unidas para el Desarrollo estim\u00f3 que, m\u00e1s de medio mill\u00f3n de alumnos de licenciatura y posgrado podr\u00edan abandonar sus estudios; es decir, casi 600 mil j\u00f3venes de pregrado, y otros 40 mil de posgrado podr\u00edan dejar las universidades, cifras equivalentes a 15 por ciento de todos los alumnos del sistema universitario.<\/p>\n<p>Si bien, la falta de recursos econ\u00f3micos y de acceso a internet son las causas principales para la deserci\u00f3n escolar, en la FES Cuautitl\u00e1n se incluye la problem\u00e1tica de criterios por parte de las autoridades correspondientes para proporcionar los lugares, seg\u00fan lo denunciado por el consejero estudiantil.<\/p>\n<h4>\u00bfQu\u00e9 proponen?<\/h4>\n<p>El estudiante de posgrado dijo que existen mecanismos que se aplican en algunas facultades, pero no en todas.<\/p>\n<p>El Consejo estudiantil propone que se apliquen los cursos sabatinos para todas las universidades de la UNAM. De forma que se genere una oportunidad de para aprobar las materias a las que neg\u00f3 la inscripci\u00f3n. Tambi\u00e9n, que se pongan en marcha los cursos intersemestrales, y cursos de preparaci\u00f3n para extraordinarios.<\/p>\n<p>\u201cSon cursos que no generan un mayor problema para aplicarlos, es una cuesti\u00f3n de voluntad pol\u00edtica, donde el director (de la FES Cuautitl\u00e1n) Jorge Alfredo Cu\u00e9llar Ordaz no quiere. Eso ayudar\u00eda bastante, tener opciones para evitar la deserci\u00f3n y el rezago\u201d.<\/p>\n<h4>Anuncio oficial del paro de actividades<\/h4>\n<p>Este martes, autoridades de la FES Cuautitl\u00e1n informaron de manera oficial que la Facultad entrar\u00eda a paro de actividades desde las 7:00 horas del 23 de marzo hasta las 23:59 horas del 26 del mismo mes en el caso de Campo Cuatro; mientras que Campo Uno prolongar\u00e1 la acci\u00f3n hasta las 22:00 horas del 6 de abril.<\/p>\n<p>El Consejo de Representantes Estudiantiles aclar\u00f3 que las fechas podr\u00edan cambiar dependiendo de la respuesta al pliego petitorio\u201d.<\/p>\n<p><a href=\"https:\/\/adnoticias.mx\/dejan-fuera-a-cientos-de-estudiantes-de-fes-cuautitlan-para-evitar-saturacion-de-grupos-en-linea\/\" target=\"_blank\" rel=\"noopener\">https:\/\/adnoticias.mx\/dejan-fuera-a-cientos-de-estudiantes-de-fes-cuautitlan-para-evitar-saturacion-de-grupos-en-linea\/<\/a><\/p>\n","protected":false},"excerpt":{"rendered":"<p>Imagen tomada de: ADNoticias Mercedes Mart\u00ednez\u00a0\/ AD Noticias A m\u00e1s de tres semanas de haber iniciado clases en l\u00ednea, m\u00e1s de 200 estudiantes de diferentes semestres y licenciaturas se han &hellip; <a href=\"https:\/\/www.grieta.org.mx\/index.php\/2021\/03\/23\/dejan-fuera-a-cientos-de-estudiantes-de-fes-cuautitlan-para-evitar-saturacion-de-grupos-en-linea-estado-de-mexico\/\" class=\"more-link\">Leer m\u00e1s<\/a><\/p>\n","protected":false},"author":2,"featured_media":57971,"comment_status":"closed","ping_status":"closed","sticky":false,"template":"","format":"standard","meta":{"ngg_post_thumbnail":0,"_jetpack_newsletter_access":"","_jetpack_dont_email_post_to_subs":false,"_jetpack_newsletter_tier_id":0,"_jetpack_memberships_contains_paywalled_content":false,"_jetpack_memberships_contains_paid_content":false,"footnotes":""},"categories":[80,916,2900,16,3297,2,83],"tags":[3454],"class_list":["post-57970","post","type-post","status-publish","format-standard","has-post-thumbnail","hentry","category-cintillo","category-privatizacion-del-la-educacion-publica","category-crisis-en-el-sistema-educativo-en-el-estado-de-mexico","category-estado-de-mexico","category-movilizaciones-y-protestas-de-estudiantes-en-el-estado-de-mexico","category-noticias-nacionales","category-temas-nacionales","tag-crisis-de-la-educacion-publica","entry"],"jetpack_featured_media_url":"https:\/\/www.grieta.org.mx\/wp-content\/uploads\/2021\/03\/Dejan-fuera-a-cientos-de-estudiantes-de-FES-Cuautitlan-para-evitar-saturacion-de-grupos-en-linea-edomex-mzo.jpeg","jetpack_sharing_enabled":true,"jetpack_shortlink":"https:\/\/wp.me\/p7ZJR4-f50","jetpack_likes_enabled":false,"jetpack-related-posts":[{"id":40775,"url":"https:\/\/www.grieta.org.mx\/index.php\/2019\/10\/30\/se-han-presentado-77-denuncias-por-acoso-en-la-fes-cuautitlan-estado-de-mexico\/","url_meta":{"origin":57970,"position":0},"title":"SE HAN PRESENTADO 77 DENUNCIAS POR ACOSO EN LA FES CUAUTITL\u00c1N (Estado de M\u00e9xico)","author":"grieta","date":"30 octubre, 2019","format":false,"excerpt":"Reporte \u00cdndigo En la FES Cuautitl\u00e1n, alumnas ha presentado 77 denuncias por acoso sexual; los responsables han recibido amonestaciones, expulsi\u00f3n o rescisi\u00f3n Las denuncias por acoso sexual por parte de estudiantes de la FES Cuautitl\u00e1n se elev\u00f3 a 77. Por lo anterior, la Facultad de Estudios Superiores de la Universidad\u2026","rel":"","context":"En &quot;CINTILLO&quot;","block_context":{"text":"CINTILLO","link":"https:\/\/www.grieta.org.mx\/index.php\/category\/cintillo\/"},"img":{"alt_text":"","src":"https:\/\/i0.wp.com\/www.grieta.org.mx\/wp-content\/uploads\/2019\/11\/SE-HAN-PRESENTADO-77-DENUNCIAS-POR-ACOSO-EN-LA-FES-CUAUTITL%C3%81N-edomex-nov.jpg?resize=350%2C200","width":350,"height":200},"classes":[]},{"id":40525,"url":"https:\/\/www.grieta.org.mx\/index.php\/2019\/10\/25\/por-denuncias-de-acoso-sexual-alumnos-de-la-fes-cuautitlan-se-van-a-paro-indefinido-estado-de-mexico\/","url_meta":{"origin":57970,"position":1},"title":"Por denuncias de acoso sexual, alumnos de la FES Cuautitl\u00e1n se van a paro indefinido (Estado de M\u00e9xico)","author":"grieta","date":"25 octubre, 2019","format":false,"excerpt":"Nancy G\u00f3mez \/ SDP Noticias Exigen investigar los casos y destituir a los profesores agresores. M\u00e9xico.- Luego de que iniciara la publicaci\u00f3n de denuncias de acoso sexual por parte de profesores contra alumnas de la Facultad de Estudios Superiores (FES) Cuautitl\u00e1n de la UNAM, en asambleas estudiantes se vot\u00f3 paro\u2026","rel":"","context":"En &quot;CINTILLO&quot;","block_context":{"text":"CINTILLO","link":"https:\/\/www.grieta.org.mx\/index.php\/category\/cintillo\/"},"img":{"alt_text":"","src":"https:\/\/i0.wp.com\/www.grieta.org.mx\/wp-content\/uploads\/2019\/10\/Por-denuncias-de-acoso-sexual-alumnos-de-la-FES-Cuautitl%C3%A1n-se-van-a-paro-indefinido-1-edomex-oct.jpeg?resize=350%2C200&ssl=1","width":350,"height":200,"srcset":"https:\/\/i0.wp.com\/www.grieta.org.mx\/wp-content\/uploads\/2019\/10\/Por-denuncias-de-acoso-sexual-alumnos-de-la-FES-Cuautitl%C3%A1n-se-van-a-paro-indefinido-1-edomex-oct.jpeg?resize=350%2C200&ssl=1 1x, https:\/\/i0.wp.com\/www.grieta.org.mx\/wp-content\/uploads\/2019\/10\/Por-denuncias-de-acoso-sexual-alumnos-de-la-FES-Cuautitl%C3%A1n-se-van-a-paro-indefinido-1-edomex-oct.jpeg?resize=525%2C300&ssl=1 1.5x"},"classes":[]},{"id":41407,"url":"https:\/\/www.grieta.org.mx\/index.php\/2019\/11\/19\/estudiantes-protestan-frente-a-antigua-escuela-de-medicina-ciudad-de-mexico\/","url_meta":{"origin":57970,"position":2},"title":"Estudiantes protestan frente a Antigua Escuela de Medicina (Ciudad de M\u00e9xico)","author":"grieta","date":"19 noviembre, 2019","format":false,"excerpt":"Foto: Teresa Moreno Teresa Moreno \/ El Universal Reclaman la soluci\u00f3n inmediata de los 13 casos de violencia de g\u00e9nero que se han denunciado en la Preparatoria 4 y la FES Cuautitl\u00e1n CDMX.- Integrantes de la Central de Estudiantes Universitarios se manifiestan esta ma\u00f1ana frente a la Antigua Escuela de\u2026","rel":"","context":"En &quot;CINTILLO&quot;","block_context":{"text":"CINTILLO","link":"https:\/\/www.grieta.org.mx\/index.php\/category\/cintillo\/"},"img":{"alt_text":"","src":"https:\/\/i0.wp.com\/www.grieta.org.mx\/wp-content\/uploads\/2019\/11\/Estudiantes-protestan-frente-a-Antigua-Escuela-de-medicina-cdmx-nov.jpg?resize=350%2C200","width":350,"height":200},"classes":[]},{"id":41171,"url":"https:\/\/www.grieta.org.mx\/index.php\/2019\/11\/14\/toman-instalaciones-de-la-fes-aragon-por-violencia-de-genero-ciudad-de-mexico\/","url_meta":{"origin":57970,"position":3},"title":"Toman instalaciones de la FES Arag\u00f3n por Violencia de G\u00e9nero (Ciudad de M\u00e9xico)","author":"grieta","date":"14 noviembre, 2019","format":false,"excerpt":"FES Arag\u00f3n colectiva violetas FES Arag\u00f3n. Foto: Jos\u00e9 R\u00edos. Viridiana Bar\u00f3n \/ Heraldo de M\u00e9xico Cabe se\u00f1alar que Colectiva Violetas FES Arag\u00f3n mantiene tomadas instalaciones del edificio de Gobierno, m\u00e1s no las aulas de la instituci\u00f3n El colectivo feminista, Colectiva Violetas FES Arag\u00f3n, mantiene tomadas instalaciones de Gobierno de la\u2026","rel":"","context":"En &quot;CINTILLO&quot;","block_context":{"text":"CINTILLO","link":"https:\/\/www.grieta.org.mx\/index.php\/category\/cintillo\/"},"img":{"alt_text":"","src":"https:\/\/i0.wp.com\/www.grieta.org.mx\/wp-content\/uploads\/2019\/11\/Toman-instalaciones-de-la-FES-Arag%C3%B3n-por-Violencia-de-G%C3%A9nero-cdmx-nov.jpg?resize=350%2C200","width":350,"height":200},"classes":[]},{"id":41136,"url":"https:\/\/www.grieta.org.mx\/index.php\/2019\/11\/14\/fuera-acoso-de-la-unam-estudiantes-exigen-atender-casos-de-violencia-de-genero-y-hostigamiento-sexual-ciudad-de-mexico\/","url_meta":{"origin":57970,"position":4},"title":"Fuera acoso de la UNAM: estudiantes exigen atender casos de violencia de g\u00e9nero y hostigamiento sexual (Ciudad de M\u00e9xico)","author":"grieta","date":"14 noviembre, 2019","format":false,"excerpt":"Itxaro Arteta \/ Animal Pol\u00edtico La movilizaci\u00f3n fue iniciativa de estudiantes de la FES Cuautitl\u00e1n, que desde el 23 de octubre entr\u00f3 en paro debido a que en las mesas de di\u00e1logo con el director no se ha llegado a ninguna soluci\u00f3n para atender las denuncias sobre violencia sexual. Estudiantes\u2026","rel":"","context":"En &quot;CINTILLO&quot;","block_context":{"text":"CINTILLO","link":"https:\/\/www.grieta.org.mx\/index.php\/category\/cintillo\/"},"img":{"alt_text":"","src":"https:\/\/i0.wp.com\/www.grieta.org.mx\/wp-content\/uploads\/2019\/11\/Fuera-acoso-de-la-UNAM-estudiantes-exigen-atender-casos-de-violencia-de-g%C3%A9nero-y-hostigamiento-sexual.jpeg?resize=350%2C200&ssl=1","width":350,"height":200,"srcset":"https:\/\/i0.wp.com\/www.grieta.org.mx\/wp-content\/uploads\/2019\/11\/Fuera-acoso-de-la-UNAM-estudiantes-exigen-atender-casos-de-violencia-de-g%C3%A9nero-y-hostigamiento-sexual.jpeg?resize=350%2C200&ssl=1 1x, https:\/\/i0.wp.com\/www.grieta.org.mx\/wp-content\/uploads\/2019\/11\/Fuera-acoso-de-la-UNAM-estudiantes-exigen-atender-casos-de-violencia-de-g%C3%A9nero-y-hostigamiento-sexual.jpeg?resize=525%2C300&ssl=1 1.5x, https:\/\/i0.wp.com\/www.grieta.org.mx\/wp-content\/uploads\/2019\/11\/Fuera-acoso-de-la-UNAM-estudiantes-exigen-atender-casos-de-violencia-de-g%C3%A9nero-y-hostigamiento-sexual.jpeg?resize=700%2C400&ssl=1 2x, https:\/\/i0.wp.com\/www.grieta.org.mx\/wp-content\/uploads\/2019\/11\/Fuera-acoso-de-la-UNAM-estudiantes-exigen-atender-casos-de-violencia-de-g%C3%A9nero-y-hostigamiento-sexual.jpeg?resize=1050%2C600&ssl=1 3x"},"classes":[]},{"id":41099,"url":"https:\/\/www.grieta.org.mx\/index.php\/2019\/11\/08\/acoso-en-fes-cuautitlan-de-la-unam-ignorado-estado-de-mexico\/","url_meta":{"origin":57970,"position":5},"title":"ACOSO EN FES CUAUTITL\u00c1N DE LA UNAM IGNORADO (Estado de M\u00e9xico)","author":"grieta","date":"8 noviembre, 2019","format":false,"excerpt":"Montserrat S\u00e1nchez \/ Reporte \u00cdndigo Alumnas de diferentes planteles de la UNAM se manifestaron en contra del acoso que sufren por parte de maestros, alumnos y trabajadores. En la FES Cuautitl\u00e1n est\u00e1n por cumplirse dos semanas de paro de actividades por esta problem\u00e1tica Tomaron la escuela porque a ellas les\u2026","rel":"","context":"En &quot;CINTILLO&quot;","block_context":{"text":"CINTILLO","link":"https:\/\/www.grieta.org.mx\/index.php\/category\/cintillo\/"},"img":{"alt_text":"","src":"https:\/\/i0.wp.com\/www.grieta.org.mx\/wp-content\/uploads\/2019\/11\/ACOSO-EN-FES-CUAUTITL%C3%81N-DE-LA-UNAM-IGNORADO-edomex-nov.jpg?resize=350%2C200","width":350,"height":200},"classes":[]}],"_links":{"self":[{"href":"https:\/\/www.grieta.org.mx\/index.php\/wp-json\/wp\/v2\/posts\/57970","targetHints":{"allow":["GET"]}}],"collection":[{"href":"https:\/\/www.grieta.org.mx\/index.php\/wp-json\/wp\/v2\/posts"}],"about":[{"href":"https:\/\/www.grieta.org.mx\/index.php\/wp-json\/wp\/v2\/types\/post"}],"author":[{"embeddable":true,"href":"https:\/\/www.grieta.org.mx\/index.php\/wp-json\/wp\/v2\/users\/2"}],"replies":[{"embeddable":true,"href":"https:\/\/www.grieta.org.mx\/index.php\/wp-json\/wp\/v2\/comments?post=57970"}],"version-history":[{"count":1,"href":"https:\/\/www.grieta.org.mx\/index.php\/wp-json\/wp\/v2\/posts\/57970\/revisions"}],"predecessor-version":[{"id":57972,"href":"https:\/\/www.grieta.org.mx\/index.php\/wp-json\/wp\/v2\/posts\/57970\/revisions\/57972"}],"wp:featuredmedia":[{"embeddable":true,"href":"https:\/\/www.grieta.org.mx\/index.php\/wp-json\/wp\/v2\/media\/57971"}],"wp:attachment":[{"href":"https:\/\/www.grieta.org.mx\/index.php\/wp-json\/wp\/v2\/media?parent=57970"}],"wp:term":[{"taxonomy":"category","embeddable":true,"href":"https:\/\/www.grieta.org.mx\/index.php\/wp-json\/wp\/v2\/categories?post=57970"},{"taxonomy":"post_tag","embeddable":true,"href":"https:\/\/www.grieta.org.mx\/index.php\/wp-json\/wp\/v2\/tags?post=57970"}],"curies":[{"name":"wp","href":"https:\/\/api.w.org\/{rel}","templated":true}]}}