{"id":57877,"date":"2021-03-26T00:00:19","date_gmt":"2021-03-26T06:00:19","guid":{"rendered":"http:\/\/www.grieta.org.mx\/?p=57877"},"modified":"2021-03-26T22:52:15","modified_gmt":"2021-03-27T04:52:15","slug":"el-movimiento-de-personal-docente-de-la-unam-toma-mayor-fuerza","status":"publish","type":"post","link":"https:\/\/www.grieta.org.mx\/index.php\/2021\/03\/26\/el-movimiento-de-personal-docente-de-la-unam-toma-mayor-fuerza\/","title":{"rendered":"El movimiento de personal docente de la UNAM toma mayor fuerza."},"content":{"rendered":"<figure id=\"attachment_57879\" aria-describedby=\"caption-attachment-57879\" style=\"width: 795px\" class=\"wp-caption aligncenter\"><img loading=\"lazy\" decoding=\"async\" data-attachment-id=\"57879\" data-permalink=\"https:\/\/www.grieta.org.mx\/index.php\/2021\/03\/26\/el-movimiento-de-personal-docente-de-la-unam-toma-mayor-fuerza\/photo_2021-03-26_12-54-35\/\" data-orig-file=\"https:\/\/www.grieta.org.mx\/wp-content\/uploads\/2021\/03\/photo_2021-03-26_12-54-35.jpg\" data-orig-size=\"1280,960\" data-comments-opened=\"0\" data-image-meta=\"{&quot;aperture&quot;:&quot;0&quot;,&quot;credit&quot;:&quot;&quot;,&quot;camera&quot;:&quot;&quot;,&quot;caption&quot;:&quot;&quot;,&quot;created_timestamp&quot;:&quot;0&quot;,&quot;copyright&quot;:&quot;&quot;,&quot;focal_length&quot;:&quot;0&quot;,&quot;iso&quot;:&quot;0&quot;,&quot;shutter_speed&quot;:&quot;0&quot;,&quot;title&quot;:&quot;&quot;,&quot;orientation&quot;:&quot;0&quot;}\" data-image-title=\"photo_2021-03-26_12-54-35\" data-image-description=\"\" data-image-caption=\"&lt;p&gt;Foto: ColectivoGrieta&lt;\/p&gt;\n\" data-medium-file=\"https:\/\/www.grieta.org.mx\/wp-content\/uploads\/2021\/03\/photo_2021-03-26_12-54-35-300x225.jpg\" data-large-file=\"https:\/\/www.grieta.org.mx\/wp-content\/uploads\/2021\/03\/photo_2021-03-26_12-54-35-1024x768.jpg\" class=\" wp-image-57879\" src=\"http:\/\/www.grieta.org.mx\/wp-content\/uploads\/2021\/03\/photo_2021-03-26_12-54-35.jpg\" alt=\"\" width=\"795\" height=\"597\" srcset=\"https:\/\/www.grieta.org.mx\/wp-content\/uploads\/2021\/03\/photo_2021-03-26_12-54-35.jpg 1280w, https:\/\/www.grieta.org.mx\/wp-content\/uploads\/2021\/03\/photo_2021-03-26_12-54-35-300x225.jpg 300w, https:\/\/www.grieta.org.mx\/wp-content\/uploads\/2021\/03\/photo_2021-03-26_12-54-35-1024x768.jpg 1024w, https:\/\/www.grieta.org.mx\/wp-content\/uploads\/2021\/03\/photo_2021-03-26_12-54-35-768x576.jpg 768w, https:\/\/www.grieta.org.mx\/wp-content\/uploads\/2021\/03\/photo_2021-03-26_12-54-35-667x500.jpg 667w\" sizes=\"auto, (max-width: 795px) 100vw, 795px\" \/><figcaption id=\"caption-attachment-57879\" class=\"wp-caption-text\">Foto: Colectivo Grieta<\/figcaption><\/figure>\n<p>Colectivo Grieta, 26 de marzo de 2021<\/p>\n<p>Ciudad de M\u00e9xico.- Las profundas desigualdades laborales, sobre las cuales est\u00e1 basado el sistema universitario de la UNAM y otras universidades del pa\u00eds, se est\u00e1n exhibiendo a partir de las exigencias de trabajo digno que enarbola el movimiento de profesores de asignatura y estudiantes adjuntos de la UNAM. A casi un a\u00f1o de pandemia, tiempo en el cual se ha sometido a condiciones de mayor precariedad y flexibilidad laboral a la gran poblaci\u00f3n de trabajadoras\/es acad\u00e9micas\/os en el pa\u00eds, la poblaci\u00f3n docente de la UNAM se organiza cada vez con mayor fuerza para demandar justicia. Como parte de las acciones realizadas, el jueves 25 de marzo se realiz\u00f3 un mitin en la explanada de Rector\u00eda de la UNAM convocado por la reci\u00e9n conformada Asamblea Interfacultades de esta universidad en la que confluyeron las demandas colectivas de las m\u00faltiples facultades y preparatorias en un mismo acto para exigir, entre otras cosas:<\/p>\n<ol>\n<li>el pago inmediato e \u00edntegro de los salarios y prestaciones<\/li>\n<li>transparencia en los pagos<\/li>\n<li>seguro m\u00e9dico<\/li>\n<li>aumento salarial<\/li>\n<li>entrega de \u2018Bono Covid\u2019 que sirva para pago de equipo y servicios utilizados para la realizaci\u00f3n de clases en l\u00ednea<\/li>\n<li>la apertura de concursos para la basificaci\u00f3n del personal acad\u00e9mico de asignatura.<\/li>\n<\/ol>\n<figure id=\"attachment_57881\" aria-describedby=\"caption-attachment-57881\" style=\"width: 796px\" class=\"wp-caption aligncenter\"><img loading=\"lazy\" decoding=\"async\" data-attachment-id=\"57881\" data-permalink=\"https:\/\/www.grieta.org.mx\/index.php\/2021\/03\/26\/el-movimiento-de-personal-docente-de-la-unam-toma-mayor-fuerza\/photo_2021-03-26_12-57-37\/\" data-orig-file=\"https:\/\/www.grieta.org.mx\/wp-content\/uploads\/2021\/03\/photo_2021-03-26_12-57-37.jpg\" data-orig-size=\"1280,812\" data-comments-opened=\"0\" data-image-meta=\"{&quot;aperture&quot;:&quot;0&quot;,&quot;credit&quot;:&quot;&quot;,&quot;camera&quot;:&quot;&quot;,&quot;caption&quot;:&quot;&quot;,&quot;created_timestamp&quot;:&quot;0&quot;,&quot;copyright&quot;:&quot;&quot;,&quot;focal_length&quot;:&quot;0&quot;,&quot;iso&quot;:&quot;0&quot;,&quot;shutter_speed&quot;:&quot;0&quot;,&quot;title&quot;:&quot;&quot;,&quot;orientation&quot;:&quot;0&quot;}\" data-image-title=\"photo_2021-03-26_12-57-37\" data-image-description=\"\" data-image-caption=\"&lt;p&gt;Foto: Colectivo Grieta&lt;\/p&gt;\n\" data-medium-file=\"https:\/\/www.grieta.org.mx\/wp-content\/uploads\/2021\/03\/photo_2021-03-26_12-57-37-300x190.jpg\" data-large-file=\"https:\/\/www.grieta.org.mx\/wp-content\/uploads\/2021\/03\/photo_2021-03-26_12-57-37-1024x650.jpg\" class=\" wp-image-57881\" src=\"http:\/\/www.grieta.org.mx\/wp-content\/uploads\/2021\/03\/photo_2021-03-26_12-57-37.jpg\" alt=\"\" width=\"796\" height=\"505\" srcset=\"https:\/\/www.grieta.org.mx\/wp-content\/uploads\/2021\/03\/photo_2021-03-26_12-57-37.jpg 1280w, https:\/\/www.grieta.org.mx\/wp-content\/uploads\/2021\/03\/photo_2021-03-26_12-57-37-300x190.jpg 300w, https:\/\/www.grieta.org.mx\/wp-content\/uploads\/2021\/03\/photo_2021-03-26_12-57-37-1024x650.jpg 1024w, https:\/\/www.grieta.org.mx\/wp-content\/uploads\/2021\/03\/photo_2021-03-26_12-57-37-768x487.jpg 768w, https:\/\/www.grieta.org.mx\/wp-content\/uploads\/2021\/03\/photo_2021-03-26_12-57-37-788x500.jpg 788w\" sizes=\"auto, (max-width: 796px) 100vw, 796px\" \/><figcaption id=\"caption-attachment-57881\" class=\"wp-caption-text\">Foto: Colectivo Grieta<\/figcaption><\/figure>\n<p>Las diferentes participaciones en el mitin coincidieron en que la precariedad laboral, que caracteriza el sistema de trabajo de los profesores de asignatura de la UNAM, no comenz\u00f3 con la pandemia, sino que s\u00f3lo se ha recrudecido en ella. La vertiginosa ca\u00edda del poder adquisitivo salarial de estos profesores y profesoras durante las \u00faltimas d\u00e9cadas, demostrada claramente en el <a href=\"https:\/\/cam.economia.unam.mx\/\">informe 135<\/a> del Centro de An\u00e1lisis Multidisciplinario de la Facultad de Econom\u00eda, as\u00ed como la flexibilidad en la contrataci\u00f3n, s\u00f3lo han generado mayor incertidumbre, inseguridad laboral y condiciones de trabajo cada vez m\u00e1s precarias. Hoy, en medio de la pandemia, esta realidad se hace visible por agresiones m\u00e1s expl\u00edcitas como la retenci\u00f3n ilegal de parte del ya raqu\u00edtico salario y la eliminaci\u00f3n de facto de algunas prestaciones. A esta situaci\u00f3n de por s\u00ed cr\u00edtica,\u00a0 se agrega ahora que otras opciones de empleo con las que estos profesores buscaban paliar su raqu\u00edtico salario universitario, ahora han desaparecido o se han visto reducidas por falta de empleo.<\/p>\n<figure id=\"attachment_57882\" aria-describedby=\"caption-attachment-57882\" style=\"width: 796px\" class=\"wp-caption aligncenter\"><img loading=\"lazy\" decoding=\"async\" data-attachment-id=\"57882\" data-permalink=\"https:\/\/www.grieta.org.mx\/index.php\/2021\/03\/26\/el-movimiento-de-personal-docente-de-la-unam-toma-mayor-fuerza\/photo_2021-03-26_12-57-40\/\" data-orig-file=\"https:\/\/www.grieta.org.mx\/wp-content\/uploads\/2021\/03\/photo_2021-03-26_12-57-40.jpg\" data-orig-size=\"1280,861\" data-comments-opened=\"0\" data-image-meta=\"{&quot;aperture&quot;:&quot;0&quot;,&quot;credit&quot;:&quot;&quot;,&quot;camera&quot;:&quot;&quot;,&quot;caption&quot;:&quot;&quot;,&quot;created_timestamp&quot;:&quot;0&quot;,&quot;copyright&quot;:&quot;&quot;,&quot;focal_length&quot;:&quot;0&quot;,&quot;iso&quot;:&quot;0&quot;,&quot;shutter_speed&quot;:&quot;0&quot;,&quot;title&quot;:&quot;&quot;,&quot;orientation&quot;:&quot;0&quot;}\" data-image-title=\"photo_2021-03-26_12-57-40\" data-image-description=\"\" data-image-caption=\"&lt;p&gt;Foto: Colectivo Grieta&lt;\/p&gt;\n\" data-medium-file=\"https:\/\/www.grieta.org.mx\/wp-content\/uploads\/2021\/03\/photo_2021-03-26_12-57-40-300x202.jpg\" data-large-file=\"https:\/\/www.grieta.org.mx\/wp-content\/uploads\/2021\/03\/photo_2021-03-26_12-57-40-1024x689.jpg\" class=\" wp-image-57882\" src=\"http:\/\/www.grieta.org.mx\/wp-content\/uploads\/2021\/03\/photo_2021-03-26_12-57-40.jpg\" alt=\"\" width=\"796\" height=\"536\" srcset=\"https:\/\/www.grieta.org.mx\/wp-content\/uploads\/2021\/03\/photo_2021-03-26_12-57-40.jpg 1280w, https:\/\/www.grieta.org.mx\/wp-content\/uploads\/2021\/03\/photo_2021-03-26_12-57-40-300x202.jpg 300w, https:\/\/www.grieta.org.mx\/wp-content\/uploads\/2021\/03\/photo_2021-03-26_12-57-40-1024x689.jpg 1024w, https:\/\/www.grieta.org.mx\/wp-content\/uploads\/2021\/03\/photo_2021-03-26_12-57-40-768x517.jpg 768w, https:\/\/www.grieta.org.mx\/wp-content\/uploads\/2021\/03\/photo_2021-03-26_12-57-40-743x500.jpg 743w\" sizes=\"auto, (max-width: 796px) 100vw, 796px\" \/><figcaption id=\"caption-attachment-57882\" class=\"wp-caption-text\">Foto: Colectivo Grieta<\/figcaption><\/figure>\n<p>Durante el mitin se evidenci\u00f3 que en todas las facultades las autoridades de la UNAM han apostado por un mecanismo de un mayor robo a trav\u00e9s de pagos \u00fanicos semestrales en los cuales descaradamente retienen meses y prestaciones de la remuneraci\u00f3n, violando flagrantemente las condiciones de contrataci\u00f3n. <strong>El mecanismo consiste en que, cuando el contrato de un profesor de asignatura se demora demasiado en elaborarse, el pago se emite hasta despu\u00e9s de que concluyeron tanto el semestre como el contrato, con lo cual la UNAM solamente paga al profesor su sueldo base, sin las prestaciones adicionales establecidas en el Contrato Colectivo de Trabajo y sin hacer las aportaciones correspondientes al ISSSTE, ni a su fondo de retiro, pues se considera que el trabajador &#8220;ya no est\u00e1 en activo&#8221; al momento del pago.<\/strong> En resumen, hay un est\u00edmulo perverso para que la burocracia universitaria retrase la elaboraci\u00f3n de los contratos, pues esto se traduce en pagar sueldos y prestaciones incompletos. Mientras tanto, los profesores de la universidad m\u00e1s grande del pa\u00eds trabajan sin pago oportuno y sin seguridad social.<\/p>\n<p>A esta problem\u00e1tica se suman otras que han existido por muchos a\u00f1os. As\u00ed lo expres\u00f3 Efra\u00edn, profesor de la Facultad de Ciencias.<\/p>\n<p><em>&#8220;Estamos luchando porque tenemos condiciones muy precarias de trabajo. A lo largo de muchos a\u00f1os, las autoridades han pisoteado los derechos laborales de miles de profesores y profesoras de asignatura, as\u00ed como de adjuntos que juntos representamos alrededor de 80% del personal acad\u00e9mico de la UNAM. A las autoridades se les olvidan los derechos laborales m\u00e1s elementales cuando se trata de nosotros. A todos los profesores de reci\u00e9n ingreso y reingreso les pagan 4 o 5 meses despu\u00e9s de haber comenzado las labores y cuando pagan, es incompleto. Los salarios han ca\u00eddo 70% en las \u00faltimas d\u00e9cadas y no tenemos ning\u00fan tipo de seguridad en la contrataci\u00f3n temporal. La lista de agravios es larga, muy larga&#8221;.<\/em><\/p>\n<p>Mientras que las autoridades universitarias se auto-felicitan p\u00fablicamente porque la UNAM se ubica en un ranking internacional como <a href=\"https:\/\/www.fundacionunam.org.mx\/auriazul\/unam-lidera-ranking-de-mejores-universidades-en-america-latina\/\" target=\"_blank\" rel=\"noopener\">la mejor universidad de Am\u00e9rica Latina<\/a> y de las mejores del mundo, este grupo de profesores, profesoras y adjuntos irrumpen para demostrar la profunda precarizaci\u00f3n y explotaci\u00f3n sobre la cual se base el funcionamiento esta universidad. Con todo en su contra, con autoridades negligentes, con el sindicato blanco pro-patronal de acad\u00e9micos AAPAUNAM que s\u00f3lo ha criminalizado a los profesores y profesoras de asignatura y con un escenario de pandemia que ha sido utilizado \u201ccomo anillo al dedo\u201d para golpear y atomizar la organizaci\u00f3n dentro de la universidad, esta lucha camina y se articula cada vez con mayor fuerza. Ahora ha tomado la forma de la Asamblea Interfacultades, para mostrar que detr\u00e1s del velo de elogios de la \u201cm\u00e1xima casa de estudios del pa\u00eds\u201d est\u00e1n las peores y m\u00e1s denigrantes condiciones de trabajo que puede haber en un espacio universitario. Es por ello que Francisco, un integrante de la Facultad de Econom\u00eda presente en el mitin afirm\u00f3,<\/p>\n<p><em>&#8220;Estamos exigiendo que paguen de manera inmediata y completa, pero tambi\u00e9n estamos dialogando entre las diferentes facultades, prepas y CCHs de la UNAM para conformar un pliego petitorio com\u00fan que sintetice lo que nos est\u00e1 afectando en materia de derechos laborales desde hace ya d\u00e9cadas.&#8221;<\/em><\/p>\n<p>Adem\u00e1s de contar con la participaci\u00f3n de profesoras, profesores y adjuntos de diferentes facultades, el mitin tuvo la presencia y participaci\u00f3n solidaria de estudiantes, quienes han apoyado ampliamente el paro de laborales que se ha llevado a cabo en diversas escuelas y facultades de la UNAM. Tambi\u00e9n estuvo presente personal acad\u00e9mico precarizado de otras universidades como la Universidad Aut\u00f3noma de la Ciudad de M\u00e9xico donde tambi\u00e9n abundan abusos contra la poblaci\u00f3n docente. De esta manera se revel\u00f3 que la pauperizaci\u00f3n del trabajo en la UNAM es reflejo de las generalizadas condiciones de precariedad y desigualdad que predominan en el sistema de educaci\u00f3n en M\u00e9xico. El amplio movimiento que se est\u00e1 gestando en torno a #laUNAMNoPaga, as\u00ed como la participaci\u00f3n diversa de trabajadores y trabajadoras docentes en el mitin de la asamblea interfacultades demuestra, tal y como se mencion\u00f3 en varias intervenciones, que detr\u00e1s de la violaci\u00f3n a los derechos laborales hay tambi\u00e9n una pol\u00edtica que, interesada \u00fanicamente en la reproducci\u00f3n del capital, denigra el desarrollo cient\u00edfico nacional supedit\u00e1ndolo a la l\u00f3gica de la mercantilizaci\u00f3n.<\/p>\n<figure id=\"attachment_57883\" aria-describedby=\"caption-attachment-57883\" style=\"width: 787px\" class=\"wp-caption aligncenter\"><img loading=\"lazy\" decoding=\"async\" data-attachment-id=\"57883\" data-permalink=\"https:\/\/www.grieta.org.mx\/index.php\/2021\/03\/26\/el-movimiento-de-personal-docente-de-la-unam-toma-mayor-fuerza\/photo_2021-03-26_12-55-00\/\" data-orig-file=\"https:\/\/www.grieta.org.mx\/wp-content\/uploads\/2021\/03\/photo_2021-03-26_12-55-00.jpg\" data-orig-size=\"1280,960\" data-comments-opened=\"0\" data-image-meta=\"{&quot;aperture&quot;:&quot;0&quot;,&quot;credit&quot;:&quot;&quot;,&quot;camera&quot;:&quot;&quot;,&quot;caption&quot;:&quot;&quot;,&quot;created_timestamp&quot;:&quot;0&quot;,&quot;copyright&quot;:&quot;&quot;,&quot;focal_length&quot;:&quot;0&quot;,&quot;iso&quot;:&quot;0&quot;,&quot;shutter_speed&quot;:&quot;0&quot;,&quot;title&quot;:&quot;&quot;,&quot;orientation&quot;:&quot;0&quot;}\" data-image-title=\"photo_2021-03-26_12-55-00\" data-image-description=\"\" data-image-caption=\"&lt;p&gt;Foto: Colectivo Grieta&lt;\/p&gt;\n\" data-medium-file=\"https:\/\/www.grieta.org.mx\/wp-content\/uploads\/2021\/03\/photo_2021-03-26_12-55-00-300x225.jpg\" data-large-file=\"https:\/\/www.grieta.org.mx\/wp-content\/uploads\/2021\/03\/photo_2021-03-26_12-55-00-1024x768.jpg\" class=\" wp-image-57883\" src=\"http:\/\/www.grieta.org.mx\/wp-content\/uploads\/2021\/03\/photo_2021-03-26_12-55-00.jpg\" alt=\"\" width=\"787\" height=\"591\" srcset=\"https:\/\/www.grieta.org.mx\/wp-content\/uploads\/2021\/03\/photo_2021-03-26_12-55-00.jpg 1280w, https:\/\/www.grieta.org.mx\/wp-content\/uploads\/2021\/03\/photo_2021-03-26_12-55-00-300x225.jpg 300w, https:\/\/www.grieta.org.mx\/wp-content\/uploads\/2021\/03\/photo_2021-03-26_12-55-00-1024x768.jpg 1024w, https:\/\/www.grieta.org.mx\/wp-content\/uploads\/2021\/03\/photo_2021-03-26_12-55-00-768x576.jpg 768w, https:\/\/www.grieta.org.mx\/wp-content\/uploads\/2021\/03\/photo_2021-03-26_12-55-00-667x500.jpg 667w\" sizes=\"auto, (max-width: 787px) 100vw, 787px\" \/><figcaption id=\"caption-attachment-57883\" class=\"wp-caption-text\">Foto: Colectivo Grieta<\/figcaption><\/figure>\n","protected":false},"excerpt":{"rendered":"<p>Colectivo Grieta, 26 de marzo de 2021 Ciudad de M\u00e9xico.- Las profundas desigualdades laborales, sobre las cuales est\u00e1 basado el sistema universitario de la UNAM y otras universidades del pa\u00eds, &hellip; <a href=\"https:\/\/www.grieta.org.mx\/index.php\/2021\/03\/26\/el-movimiento-de-personal-docente-de-la-unam-toma-mayor-fuerza\/\" class=\"more-link\">Leer m\u00e1s<\/a><\/p>\n","protected":false},"author":2,"featured_media":57883,"comment_status":"closed","ping_status":"closed","sticky":false,"template":"","format":"standard","meta":{"ngg_post_thumbnail":0,"_jetpack_newsletter_access":"","_jetpack_dont_email_post_to_subs":false,"_jetpack_newsletter_tier_id":0,"_jetpack_memberships_contains_paywalled_content":false,"_jetpack_memberships_contains_paid_content":false,"footnotes":""},"categories":[80,1775],"tags":[1690,1909,1291,2841,2390],"class_list":["post-57877","post","type-post","status-publish","format-standard","has-post-thumbnail","hentry","category-cintillo","category-colectivo-grieta","tag-adeudo-de-salarios","tag-burocratas-y-maestros-sin-salario-ni-aguinaldo","tag-explotacion-laboral","tag-explotacion-y-precariedad-laboral","tag-trabajadores-universitarios","entry"],"jetpack_featured_media_url":"https:\/\/www.grieta.org.mx\/wp-content\/uploads\/2021\/03\/photo_2021-03-26_12-55-00.jpg","jetpack_sharing_enabled":true,"jetpack_shortlink":"https:\/\/wp.me\/p7ZJR4-f3v","jetpack_likes_enabled":false,"jetpack-related-posts":[{"id":57021,"url":"https:\/\/www.grieta.org.mx\/index.php\/2021\/02\/18\/profesores-de-la-facultad-de-ciencias-de-la-unam-denuncian-falta-de-pago-de-salarios-y-retencion-de-prestaciones\/","url_meta":{"origin":57877,"position":0},"title":"Profesores de la Facultad de Ciencias de la UNAM denuncian falta de pago de salarios y retenci\u00f3n de prestaciones","author":"grieta","date":"18 febrero, 2021","format":false,"excerpt":"- No hay respuesta de las autoridades universitarias. - El 86 % de los profesores de la Facultad de Ciencias son de asignatura, con contratos semestrales y bajos salarios. - Esperan tener audiencia con el Consejo T\u00e9cnico de la Facultad. - El d\u00eda 19 de febrero se realizar\u00e1 la primera\u2026","rel":"","context":"En &quot;CINTILLO&quot;","block_context":{"text":"CINTILLO","link":"https:\/\/www.grieta.org.mx\/index.php\/category\/cintillo\/"},"img":{"alt_text":"","src":"https:\/\/i0.wp.com\/www.grieta.org.mx\/wp-content\/uploads\/2021\/02\/Facultad-Ciencias_UNAM.jpg?resize=350%2C200&ssl=1","width":350,"height":200,"srcset":"https:\/\/i0.wp.com\/www.grieta.org.mx\/wp-content\/uploads\/2021\/02\/Facultad-Ciencias_UNAM.jpg?resize=350%2C200&ssl=1 1x, https:\/\/i0.wp.com\/www.grieta.org.mx\/wp-content\/uploads\/2021\/02\/Facultad-Ciencias_UNAM.jpg?resize=525%2C300&ssl=1 1.5x, https:\/\/i0.wp.com\/www.grieta.org.mx\/wp-content\/uploads\/2021\/02\/Facultad-Ciencias_UNAM.jpg?resize=700%2C400&ssl=1 2x"},"classes":[]},{"id":28184,"url":"https:\/\/www.grieta.org.mx\/index.php\/2018\/05\/18\/el-numero-de-mexicanos-con-un-buen-salario-cayo-con-epn-y-74-1-trabaja-mas-de-35-horas-unam\/","url_meta":{"origin":57877,"position":1},"title":"El n\u00famero de mexicanos con un buen salario cay\u00f3 con EPN, y 74.1% trabaja m\u00e1s de 35 horas: UNAM","author":"grieta","date":"18 mayo, 2018","format":false,"excerpt":"Redacci\u00f3n \/ SinEmbargo En el sexenio del Presidente Enrique Pe\u00f1a Nieto los trabajadores mexicanos no s\u00f3lo han visto disminuir su poder adquisitivo en un 13.42 por ciento, tambi\u00e9n ha ca\u00eddo su salario nominal mientras las jornadas de trabajo contin\u00faan increment\u00e1ndose, revel\u00f3 una investigaci\u00f3n del Centro de An\u00e1lisis Multidisciplinario de la\u2026","rel":"","context":"En &quot;Explotaci\u00f3n y precariedad laboral&quot;","block_context":{"text":"Explotaci\u00f3n y precariedad laboral","link":"https:\/\/www.grieta.org.mx\/index.php\/category\/temas-nacionales\/explotacion-y-precariedad-laboral\/"},"img":{"alt_text":"","src":"https:\/\/i0.wp.com\/www.grieta.org.mx\/wp-content\/uploads\/2019\/01\/empleo-1-960x527.jpg?resize=350%2C200&ssl=1","width":350,"height":200,"srcset":"https:\/\/i0.wp.com\/www.grieta.org.mx\/wp-content\/uploads\/2019\/01\/empleo-1-960x527.jpg?resize=350%2C200&ssl=1 1x, https:\/\/i0.wp.com\/www.grieta.org.mx\/wp-content\/uploads\/2019\/01\/empleo-1-960x527.jpg?resize=525%2C300&ssl=1 1.5x, https:\/\/i0.wp.com\/www.grieta.org.mx\/wp-content\/uploads\/2019\/01\/empleo-1-960x527.jpg?resize=700%2C400&ssl=1 2x"},"classes":[]},{"id":45204,"url":"https:\/\/www.grieta.org.mx\/index.php\/2020\/02\/25\/por-violaciones-a-su-contrato-trabajadores-de-la-facultad-de-economia-realizaron-bloqueo-ciudad-de-mexico\/","url_meta":{"origin":57877,"position":2},"title":"Por violaciones a su contrato, trabajadores de la Facultad de Econom\u00eda realizaron bloqueo (Ciudad de M\u00e9xico)","author":"grieta","date":"25 febrero, 2020","format":false,"excerpt":"Fotograf\u00eda: Laura Gallegos Miriam Hern\u00e1ndez, trabajadora de la UNAM \/ La Izquierda Diario de M\u00e9xico Trabajadores de la Facultad de Econom\u00eda bloquean circuito en CU de la UNAM Este 25 de febrero trabajadores administrativos de la Facultad de Econom\u00eda, en acuerdo de asamblea, determinaron manifestarse cerrando circuito escolar a la\u2026","rel":"","context":"En &quot;CINTILLO&quot;","block_context":{"text":"CINTILLO","link":"https:\/\/www.grieta.org.mx\/index.php\/category\/cintillo\/"},"img":{"alt_text":"","src":"https:\/\/i0.wp.com\/www.grieta.org.mx\/wp-content\/uploads\/2020\/02\/Por-violaciones-a-su-contrato-trabajadores-de-la-Facultad-de-Econom%C3%ADa-realizaron-bloqueo-cdmx-feb.jpg?resize=350%2C200&ssl=1","width":350,"height":200,"srcset":"https:\/\/i0.wp.com\/www.grieta.org.mx\/wp-content\/uploads\/2020\/02\/Por-violaciones-a-su-contrato-trabajadores-de-la-Facultad-de-Econom%C3%ADa-realizaron-bloqueo-cdmx-feb.jpg?resize=350%2C200&ssl=1 1x, https:\/\/i0.wp.com\/www.grieta.org.mx\/wp-content\/uploads\/2020\/02\/Por-violaciones-a-su-contrato-trabajadores-de-la-Facultad-de-Econom%C3%ADa-realizaron-bloqueo-cdmx-feb.jpg?resize=525%2C300&ssl=1 1.5x, https:\/\/i0.wp.com\/www.grieta.org.mx\/wp-content\/uploads\/2020\/02\/Por-violaciones-a-su-contrato-trabajadores-de-la-Facultad-de-Econom%C3%ADa-realizaron-bloqueo-cdmx-feb.jpg?resize=700%2C400&ssl=1 2x"},"classes":[]},{"id":21751,"url":"https:\/\/www.grieta.org.mx\/index.php\/2018\/01\/09\/mexico-2018-otra-derrota-social-y-politica-a-las-clases-trabajadoras-los-aumentos-salariales-que-nacieron-muertos\/","url_meta":{"origin":57877,"position":3},"title":"M\u00e9xico 2018: Otra derrota social y pol\u00edtica a las clases trabajadoras; los aumentos salariales que nacieron muertos","author":"Admin","date":"9 enero, 2018","format":false,"excerpt":"REPORTE 127 DEL CENTRO DE AN\u00c1LISIS MULTIDISCIPLINARIO DE LA UNAM your browser cannot display this document. Reporte 127 del CAM","rel":"","context":"En &quot;CINTILLO&quot;","block_context":{"text":"CINTILLO","link":"https:\/\/www.grieta.org.mx\/index.php\/category\/cintillo\/"},"img":{"alt_text":"","src":"https:\/\/i0.wp.com\/www.grieta.org.mx\/wp-content\/uploads\/2018\/02\/Captura.png?resize=350%2C200&ssl=1","width":350,"height":200,"srcset":"https:\/\/i0.wp.com\/www.grieta.org.mx\/wp-content\/uploads\/2018\/02\/Captura.png?resize=350%2C200&ssl=1 1x, https:\/\/i0.wp.com\/www.grieta.org.mx\/wp-content\/uploads\/2018\/02\/Captura.png?resize=525%2C300&ssl=1 1.5x, https:\/\/i0.wp.com\/www.grieta.org.mx\/wp-content\/uploads\/2018\/02\/Captura.png?resize=700%2C400&ssl=1 2x"},"classes":[]},{"id":63510,"url":"https:\/\/www.grieta.org.mx\/index.php\/2022\/02\/24\/acusan-represalias-en-mazda-salamanca-tras-despido-de-280-trabajadores-guanajuato\/","url_meta":{"origin":57877,"position":4},"title":"Acusan represalias en Mazda Salamanca tras despido de 280 trabajadores (Guanajuato","author":"grieta","date":"24 febrero, 2022","format":false,"excerpt":"Por: Redacci\u00f3n\/El Pulso Laboral, 24 de febrero de 2022 Otro conflicto laboral de grandes proporciones toca la puerta en el Baj\u00edo mexicano, ahora protagonizado por trabajadores de la empresa Mazda planta Salamanca, quienes acusan 280 despidos injustificados. El Movimiento Industrial Automotriz Independiente (MIAI) aglutina a un grupo de trabajadores de\u2026","rel":"","context":"En &quot;CINTILLO&quot;","block_context":{"text":"CINTILLO","link":"https:\/\/www.grieta.org.mx\/index.php\/category\/cintillo\/"},"img":{"alt_text":"","src":"https:\/\/i0.wp.com\/www.grieta.org.mx\/wp-content\/uploads\/2022\/02\/284UO_MAZDA.jpg?resize=350%2C200&ssl=1","width":350,"height":200,"srcset":"https:\/\/i0.wp.com\/www.grieta.org.mx\/wp-content\/uploads\/2022\/02\/284UO_MAZDA.jpg?resize=350%2C200&ssl=1 1x, https:\/\/i0.wp.com\/www.grieta.org.mx\/wp-content\/uploads\/2022\/02\/284UO_MAZDA.jpg?resize=525%2C300&ssl=1 1.5x, https:\/\/i0.wp.com\/www.grieta.org.mx\/wp-content\/uploads\/2022\/02\/284UO_MAZDA.jpg?resize=700%2C400&ssl=1 2x, https:\/\/i0.wp.com\/www.grieta.org.mx\/wp-content\/uploads\/2022\/02\/284UO_MAZDA.jpg?resize=1050%2C600&ssl=1 3x"},"classes":[]},{"id":13197,"url":"https:\/\/www.grieta.org.mx\/index.php\/2016\/05\/20\/mas-de-16-estudiantes-de-la-unam-han-sido-desaparecidos-o-asesinados-los-casos-no-pueden-ser-arrastrados-al-olvido\/","url_meta":{"origin":57877,"position":5},"title":"M\u00e1s de 16 estudiantes de la UNAM han sido desaparecidos o asesinados; los casos no pueden ser arrastrados al olvido","author":"grieta","date":"20 mayo, 2016","format":false,"excerpt":"(20 de mayo, 2016).- De 2004 a 2016 m\u00e1s de 16 estudiantes de la Universidad Nacional Aut\u00f3noma de M\u00e9xico (UNAM) han sido asesinados o desaparecidos, lo que demuestra que la violencia y la criminalidad que se vive en el pa\u00eds no ha dejado exenta a los integrantes de la m\u00e1xima\u2026","rel":"","context":"En &quot;cdmx&quot;","block_context":{"text":"cdmx","link":"https:\/\/www.grieta.org.mx\/index.php\/category\/cdmx\/"},"img":{"alt_text":"","src":"https:\/\/i0.wp.com\/www.grieta.org.mx\/wp-content\/uploads\/2018\/03\/14524434_1106112876131411_958039263622046936_o.jpg?resize=350%2C200&ssl=1","width":350,"height":200,"srcset":"https:\/\/i0.wp.com\/www.grieta.org.mx\/wp-content\/uploads\/2018\/03\/14524434_1106112876131411_958039263622046936_o.jpg?resize=350%2C200&ssl=1 1x, https:\/\/i0.wp.com\/www.grieta.org.mx\/wp-content\/uploads\/2018\/03\/14524434_1106112876131411_958039263622046936_o.jpg?resize=525%2C300&ssl=1 1.5x, https:\/\/i0.wp.com\/www.grieta.org.mx\/wp-content\/uploads\/2018\/03\/14524434_1106112876131411_958039263622046936_o.jpg?resize=700%2C400&ssl=1 2x"},"classes":[]}],"_links":{"self":[{"href":"https:\/\/www.grieta.org.mx\/index.php\/wp-json\/wp\/v2\/posts\/57877","targetHints":{"allow":["GET"]}}],"collection":[{"href":"https:\/\/www.grieta.org.mx\/index.php\/wp-json\/wp\/v2\/posts"}],"about":[{"href":"https:\/\/www.grieta.org.mx\/index.php\/wp-json\/wp\/v2\/types\/post"}],"author":[{"embeddable":true,"href":"https:\/\/www.grieta.org.mx\/index.php\/wp-json\/wp\/v2\/users\/2"}],"replies":[{"embeddable":true,"href":"https:\/\/www.grieta.org.mx\/index.php\/wp-json\/wp\/v2\/comments?post=57877"}],"version-history":[{"count":1,"href":"https:\/\/www.grieta.org.mx\/index.php\/wp-json\/wp\/v2\/posts\/57877\/revisions"}],"predecessor-version":[{"id":57898,"href":"https:\/\/www.grieta.org.mx\/index.php\/wp-json\/wp\/v2\/posts\/57877\/revisions\/57898"}],"wp:featuredmedia":[{"embeddable":true,"href":"https:\/\/www.grieta.org.mx\/index.php\/wp-json\/wp\/v2\/media\/57883"}],"wp:attachment":[{"href":"https:\/\/www.grieta.org.mx\/index.php\/wp-json\/wp\/v2\/media?parent=57877"}],"wp:term":[{"taxonomy":"category","embeddable":true,"href":"https:\/\/www.grieta.org.mx\/index.php\/wp-json\/wp\/v2\/categories?post=57877"},{"taxonomy":"post_tag","embeddable":true,"href":"https:\/\/www.grieta.org.mx\/index.php\/wp-json\/wp\/v2\/tags?post=57877"}],"curies":[{"name":"wp","href":"https:\/\/api.w.org\/{rel}","templated":true}]}}