{"id":57870,"date":"2021-03-09T18:12:18","date_gmt":"2021-03-10T00:12:18","guid":{"rendered":"http:\/\/www.grieta.org.mx\/?p=57870"},"modified":"2021-03-24T23:21:14","modified_gmt":"2021-03-25T05:21:14","slug":"memoria-y-verdad-el-fiscal-en-oaxaca-renuncia-y-deja-510-feminicidios-impunes","status":"publish","type":"post","link":"https:\/\/www.grieta.org.mx\/index.php\/2021\/03\/09\/memoria-y-verdad-el-fiscal-en-oaxaca-renuncia-y-deja-510-feminicidios-impunes\/","title":{"rendered":"Memoria y verdad El fiscal en Oaxaca renuncia y deja 510 feminicidios impunes"},"content":{"rendered":"<p>Pi\u00e9 de P\u00e1gina \/ Diana Manzo y Pedro Mat\u00edas \/ P\u00e1gina 3*<\/p>\n<p><img loading=\"lazy\" decoding=\"async\" data-attachment-id=\"57871\" data-permalink=\"https:\/\/www.grieta.org.mx\/index.php\/2021\/03\/09\/memoria-y-verdad-el-fiscal-en-oaxaca-renuncia-y-deja-510-feminicidios-impunes\/maria-elena-rios-ortiz\/\" data-orig-file=\"https:\/\/www.grieta.org.mx\/wp-content\/uploads\/2021\/03\/Mari\u0301a-Elena-Ri\u0301os-Ortiz.jpg\" data-orig-size=\"794,496\" data-comments-opened=\"0\" data-image-meta=\"{&quot;aperture&quot;:&quot;0&quot;,&quot;credit&quot;:&quot;&quot;,&quot;camera&quot;:&quot;&quot;,&quot;caption&quot;:&quot;&quot;,&quot;created_timestamp&quot;:&quot;0&quot;,&quot;copyright&quot;:&quot;&quot;,&quot;focal_length&quot;:&quot;0&quot;,&quot;iso&quot;:&quot;0&quot;,&quot;shutter_speed&quot;:&quot;0&quot;,&quot;title&quot;:&quot;&quot;,&quot;orientation&quot;:&quot;1&quot;}\" data-image-title=\"Mari\u0301a-Elena-Ri\u0301os-Ortiz\" data-image-description=\"\" data-image-caption=\"\" data-medium-file=\"https:\/\/www.grieta.org.mx\/wp-content\/uploads\/2021\/03\/Mari\u0301a-Elena-Ri\u0301os-Ortiz-300x187.jpg\" data-large-file=\"https:\/\/www.grieta.org.mx\/wp-content\/uploads\/2021\/03\/Mari\u0301a-Elena-Ri\u0301os-Ortiz.jpg\" class=\"alignnone wp-image-57871\" src=\"http:\/\/www.grieta.org.mx\/wp-content\/uploads\/2021\/03\/Mari\u0301a-Elena-Ri\u0301os-Ortiz.jpg\" alt=\"\" width=\"800\" height=\"500\" srcset=\"https:\/\/www.grieta.org.mx\/wp-content\/uploads\/2021\/03\/Mari\u0301a-Elena-Ri\u0301os-Ortiz.jpg 794w, https:\/\/www.grieta.org.mx\/wp-content\/uploads\/2021\/03\/Mari\u0301a-Elena-Ri\u0301os-Ortiz-300x187.jpg 300w, https:\/\/www.grieta.org.mx\/wp-content\/uploads\/2021\/03\/Mari\u0301a-Elena-Ri\u0301os-Ortiz-768x480.jpg 768w\" sizes=\"auto, (max-width: 800px) 100vw, 800px\" \/><\/p>\n<p>Mar\u00eda Elena R\u00edos, la mujer saxofonista que fue agredida con \u00e1cido en 2019, reclama al exfiscal de Oaxaca su incapacidad para atender con perspectiva de g\u00e9nero los cr\u00edmenes contra mujeres. No somos casos, somos vidas, reclamaron las mujeres oaxaque\u00f1as.<\/p>\n<p>OAXACA.- Mar\u00eda Elena R\u00edos Ortiz, la joven saxofonista que sufri\u00f3 violencia feminicida tras ser agredida con \u00e1cido en el 2019, urgi\u00f3 al Congreso local a nombrar a un Fiscal general de Oaxaca -hombre o mujer-, con capacidad de \u201cresolver problem\u00e1ticas y hacer justicia\u201d en su agresi\u00f3n y en los de cientos de mujeres asesinadas y violentadas en el estado.<\/p>\n<p>La joven reproch\u00f3 y reprob\u00f3 el actuar de exfiscal del estado, Rub\u00e9n Vasconcelos, quien renunci\u00f3 el pasado viernes.<\/p>\n<p>Le \u00abagradeci\u00f3\u00bb por haberse ido, pues durante su mandato como autoridad de justicia \u201cno resolvi\u00f3 nada\u201d a favor de ella ni de las cientos de oaxaque\u00f1as asesinadas y violentadas, precis\u00f3.<\/p>\n<p>Seg\u00fan datos de colectivos feministas como GESMujer y Consorcio Oaxaca, en el periodo de Vasconcelos 510 mujeres fueron asesinadas en las ocho regiones del estado. Concentrando las cifras m\u00e1s altas las regiones de los Valles Centrales y el Istmo de Tehuantepec.<\/p>\n<p>Mar\u00eda Elena Ram\u00edrez Ortiz enfatiz\u00f3 que vio al \u00faltimo de sus agresores andar por la calle y le dio aviso al entonces fiscal Rub\u00e9n Vasconcelos. Sin embargo, hizo caso omiso a este aviso, lo que demuestra que la justicia en Oaxaca hasta hoy no existe.<\/p>\n<p>Demuestra que hay impunidad, pues no hay orden de aprehensi\u00f3n en contra de su agresor. Y, lo peor, dijo, es que los presuntos culpables vinculados a proceso a\u00fan no reciben sentencia.<\/p>\n<p>\u201cTodo va lento, despacio, la justicia a cuentagotas en mi caso, y supongo que el del resto de las oaxaque\u00f1as tambi\u00e9n. Aqu\u00ed vemos la justicia solo en letras, porque en hechos no hay nada. Por eso es que debemos alzar la voz, en este 8 de marzo y el resto de los d\u00edas, estamos esperando la justicia, las oaxaque\u00f1as, la exigimos\u201d.<\/p>\n<p>La joven que poco a poco lleva su recuperaci\u00f3n tras el ataque feminicida que sufri\u00f3, pidi\u00f3 a las oaxaque\u00f1as que:<\/p>\n<p>\u201cAlcen la voz juntas para que a la Fiscal\u00eda llegue una persona que en verdad represente la voz del pueblo, de las personas y que le d\u00e9 un valor a la vida\u201d.<\/p>\n<p>\u201cEspero que con la nueva o el nuevo fiscal, la justicia llegue, ese valor tan anhelado que hemos visto quebrantado. Rub\u00e9n solo se dedic\u00f3 a encubrir a agresores de las v\u00edctimas, como en mi caso, donde hay una persona libre sin gozar orden de aprehensi\u00f3n\u201d.<\/p>\n<p>Por \u00faltimo, Mar\u00eda Elena R\u00edos Ortiz recalc\u00f3 que \u201clos resultados est\u00e1n a la vista\u201d, que es la impunidad y la lentitud del acceso a la justicia, es decir \u201cnada\u201d.<\/p>\n<p>En su cuenta de twitter Mar\u00eda Elena cuestion\u00f3 al fiscal Rub\u00e9n Vasconcelos M\u00e9ndez, quien el 5 de marzo renunci\u00f3 al cargo:<\/p>\n<p>\u201cQue bueno que te fuiste @RVasconcelosM no honraste el cargo de la @FGR_Oax y no mereces ocupar ning\u00fan otro cargo p\u00fablico. Apoyaste a la corrupci\u00f3n y nos diste la espalda, si alguien te apoyara ser\u00eda un grave error\u201d.<\/p>\n<p>En otro tuit menciona: \u201c@RVasconcelosM por ti el gobernador @alejandromurat es criticado severamente. Te escondiste del @CongresoOaxLXIV y violaste gravemente nuestros derechos @CNDH\u201d.<\/p>\n<p>Tambi\u00e9n cuestiono sus \u201clogros\u201d: \u201cCu\u00e1les avances @RVasconcelosM? Si en todo este tiempo lo que se logr\u00f3 fue gracias a la presi\u00f3n social. Lo \u00fanico que supiste hacer fue encubrir a nuestros agresores. No ejecutaste la \u00faltima orden de aprehensi\u00f3n. Que rid\u00edculo\u201d.<br \/>\nNo somos casos, somos vidas<\/p>\n<p>Este 8M Mar\u00eda Elena R\u00edos particip\u00f3 en el video #NoSomosCasosSomosVidas donde cuestionan al ineficiente sistema de justicia que proh\u00edja la impunidad en Oaxaca ante casos de secuestro, ataques con \u00e1cido, desapariciones y feminicidios.<\/p>\n<p>En el video participan la ind\u00edgena mixe Estela Galv\u00e1n, la saxofonista mixteca Mar\u00eda Elena R\u00edos, la cineasta \u00c1ngeles Cruz, las periodistas Diana Manzo y Soledad Jarqu\u00edn, la escritora Gabriela J\u00e1uregui, la rectora de la Universidad La Salle Oaxaca Roc\u00edo Oc\u00e1diz y familiares de desaparecidas.<\/p>\n<p>El mensaje de denuncia sobre la violencia feminicida es musicalizado con el tema \u201cMujeres\u201d, que interpreta la cantante Julieta Venegas, acompa\u00f1ada de la Banda Filarm\u00f3nica Tukyo\u2019m \u00ebt xuxp de San Pedro y San Pablo Ayutla:<\/p>\n<p>\u201cVa por Ayutla, va por mi madre, va por mi hermana, va por mi hija, va por mi sombra, va por Rosario, va por Elena, va por mis muertas\u2026\u201d<\/p>\n<p>En el video la periodista Soledad Jarqu\u00edn Edgar reclama que en un sistema de acceso a la justicia ineficiente que da paso a la impunidad, se exige que \u00ablas personas encargadas de atender esta problem\u00e1tica est\u00e9n capacitadas en perspectiva de genero, que conozcan las realidades de Oaxaca y de M\u00e9xico y, sobre todo, que permanezcan ajenas a los pactos de impunidad\u201d.<\/p>\n<p>La denuncia inicia con la ind\u00edgena mixe Estela Galv\u00e1n. \u201cEl caso de Mar\u00eda Elena R\u00edos rociada con \u00e1cido el 9 de septiembre de 2019, uno de sus agresores sigue libre\u201d.<\/p>\n<p>Mar\u00eda Elena R\u00edos cita el caso de Estela Galv\u00e1n, una de las cuatro mujeres ind\u00edgenas secuestradas y torturadas durante el despojo a la comunidad de Ayutla Mixe en junio de 2017. Su caso y el de otras mujeres siguen impunes.<\/p>\n<p>\u201cSoy la mam\u00e1 de Zaira Leticia Morales Loyola, mujer y madre desaparecida desde el 23 de octubre de 2020. Nada se sabe de su paradero\u201d.<\/p>\n<p>Y la periodista Diana Manzo cit\u00f3 el caso de la fotoperiodista Mar\u00eda del Sol Cruz Jarqu\u00edn, v\u00edctima de feminicidio el 2 de junio de 2018. En tanto que Heidi Chincoya mencion\u00f3 el caso de su prima Martha Rosa, estudiante desaparecida junto a su madre el 25 de diciembre de 2018 sin que hasta ahora se conozca su paradero.<\/p>\n<p>La escritora Gabriela J\u00e1uregui dijo \u00abexigimos justicia y freno a la violencia en Oaxaca y en el pa\u00eds, es por ellas, es por nosotras\u201d.<\/p>\n<p>En tanto que en ese video para exigir no m\u00e1s violencia feminicida, la cineasta \u00c1ngeles Cruz destac\u00f3: \u201cnuestra voz por las que ya no est\u00e1n, por las que esperamos su regreso y por las que vienen\u201d.<br \/>\nEn respuesta la ling\u00fcista Y\u00e1snaya Elena Aguilar en su cuenta de Twitter destac\u00f3:<\/p>\n<p>\u201cEsto sucede en Oaxaca: secuestradas, rociadas con \u00e1cido, desaparecidas, asesinadas. Exigimos justicia en Oaxaca. Nuestra Voz por todas. Estela, Mar\u00eda Elena R\u00edos, secuestradas, rociadas con \u00e1cido, desaparecidas\u2026#NoSomosCasosSomosVidas\u201d.<\/p>\n<p>De igual forma, la escritora y periodista Lydia Cacho mand\u00f3 el mensaje desde su cuenta de Twitter.<\/p>\n<p>\u201c@lydiacachosi #NoSomosCasosSomosVidas Oaxaca estamos contigo por las mujeres y ni\u00f1as atacadas, desaparecidas, encarceladas injustamente. Contra el racismo, el clasismo, el machismo y la opresi\u00f3n. #SiTocanAUnaRespondemosTodas\u201d.<\/p>\n<p>*Este trabajo fue publicado en P\u00c1GINA 3 que forma parte de la Alianza de Medios de la Red de Periodistas de a Pie.<\/p>\n<blockquote class=\"wp-embedded-content\" data-secret=\"JlsUaQ0SFF\"><p><a href=\"https:\/\/piedepagina.mx\/el-fiscal-en-oaxaca-renuncia-y-deja-510-feminicidios-impunes\/\">El fiscal en Oaxaca renuncia y deja 510 feminicidios impunes<\/a><\/p><\/blockquote>\n<p><iframe loading=\"lazy\" class=\"wp-embedded-content\" sandbox=\"allow-scripts\" security=\"restricted\" style=\"position: absolute; clip: rect(1px, 1px, 1px, 1px);\" title=\"\u00abEl fiscal en Oaxaca renuncia y deja 510 feminicidios impunes\u00bb \u2014 Pie de P\u00e1gina\" src=\"https:\/\/piedepagina.mx\/el-fiscal-en-oaxaca-renuncia-y-deja-510-feminicidios-impunes\/embed\/#?secret=JlsUaQ0SFF\" data-secret=\"JlsUaQ0SFF\" width=\"600\" height=\"338\" frameborder=\"0\" marginwidth=\"0\" marginheight=\"0\" scrolling=\"no\"><\/iframe><\/p>\n","protected":false},"excerpt":{"rendered":"<p>Pi\u00e9 de P\u00e1gina \/ Diana Manzo y Pedro Mat\u00edas \/ P\u00e1gina 3* Mar\u00eda Elena R\u00edos, la mujer saxofonista que fue agredida con \u00e1cido en 2019, reclama al exfiscal de Oaxaca &hellip; <a href=\"https:\/\/www.grieta.org.mx\/index.php\/2021\/03\/09\/memoria-y-verdad-el-fiscal-en-oaxaca-renuncia-y-deja-510-feminicidios-impunes\/\" class=\"more-link\">Leer m\u00e1s<\/a><\/p>\n","protected":false},"author":2,"featured_media":57871,"comment_status":"closed","ping_status":"closed","sticky":false,"template":"","format":"standard","meta":{"ngg_post_thumbnail":0,"_jetpack_newsletter_access":"","_jetpack_dont_email_post_to_subs":false,"_jetpack_newsletter_tier_id":0,"_jetpack_memberships_contains_paywalled_content":false,"_jetpack_memberships_contains_paid_content":false,"footnotes":""},"categories":[80,1325,3163,2,25,2909,1665],"tags":[],"class_list":["post-57870","post","type-post","status-publish","format-standard","has-post-thumbnail","hentry","category-cintillo","category-feminicidios-en-oaxaca-oaxaca","category-la-lucha-de-las-mujeres-en-oaxaca","category-noticias-nacionales","category-oaxaca","category-resistencias-y-rebeldias-en-oaxaca","category-violencia-contra-las-mujeres-en-oaxaca","entry"],"jetpack_featured_media_url":"https:\/\/www.grieta.org.mx\/wp-content\/uploads\/2021\/03\/Mari\u0301a-Elena-Ri\u0301os-Ortiz.jpg","jetpack_sharing_enabled":true,"jetpack_shortlink":"https:\/\/wp.me\/p7ZJR4-f3o","jetpack_likes_enabled":false,"jetpack-related-posts":[{"id":57582,"url":"https:\/\/www.grieta.org.mx\/index.php\/2021\/03\/08\/vi-a-mi-agresor-en-la-calle-y-el-fiscal-de-oaxaca-hizo-nada-saxofonista-agredida\/","url_meta":{"origin":57870,"position":0},"title":"&#8220;Vi a mi agresor en la calle y el fiscal de Oaxaca hizo nada&#8221;: saxofonista agredida","author":"grieta","date":"8 marzo, 2021","format":false,"excerpt":"Proceso \/ Pedro Mat\u00edas. Ahora, en el marco del D\u00eda Internacional de la Mujer, la saxofonista particip\u00f3 en un video de dos minutos con 14 segundos donde \u201c#Oaxaque\u00f1as v\u00edctimas de violencia, unimos nuestras voces\u201d. OAXACA, Oax. (apro).- \u201cVi a mi agresor en la calle y el fiscal de Oaxaca hizo\u2026","rel":"","context":"En &quot;CINTILLO&quot;","block_context":{"text":"CINTILLO","link":"https:\/\/www.grieta.org.mx\/index.php\/category\/cintillo\/"},"img":{"alt_text":"","src":"https:\/\/i0.wp.com\/www.grieta.org.mx\/wp-content\/uploads\/2021\/03\/1-3.jpeg?resize=350%2C200&ssl=1","width":350,"height":200,"srcset":"https:\/\/i0.wp.com\/www.grieta.org.mx\/wp-content\/uploads\/2021\/03\/1-3.jpeg?resize=350%2C200&ssl=1 1x, https:\/\/i0.wp.com\/www.grieta.org.mx\/wp-content\/uploads\/2021\/03\/1-3.jpeg?resize=525%2C300&ssl=1 1.5x, https:\/\/i0.wp.com\/www.grieta.org.mx\/wp-content\/uploads\/2021\/03\/1-3.jpeg?resize=700%2C400&ssl=1 2x"},"classes":[]},{"id":53424,"url":"https:\/\/www.grieta.org.mx\/index.php\/2020\/09\/13\/fiscal-de-oaxaca-admite-493-homicidios-de-mujeres-trato-135-como-feminicidio\/","url_meta":{"origin":57870,"position":1},"title":"Fiscal de Oaxaca admite 493 homicidios de mujeres; trat\u00f3 135 como feminicidio","author":"grieta","date":"13 septiembre, 2020","format":false,"excerpt":"Proceso \/ Pedro Mat\u00edas. El fiscal de Oaxaca, Rub\u00e9n Vasconcelos M\u00e9ndez, en una comparecencia ante integrantes Comisi\u00f3n de G\u00e9nero y Feminicidios del Congreso del Estado. Foto: Twitter @CongresoOaxLXIV. OAXACA, Oax. (proceso.com.mx).\u2013 La Fiscal\u00eda General de Oaxaca reconoci\u00f3 que 493 mujeres han sido asesinadas en la entidad del 2017 al mes\u2026","rel":"","context":"En &quot;CINTILLO&quot;","block_context":{"text":"CINTILLO","link":"https:\/\/www.grieta.org.mx\/index.php\/category\/cintillo\/"},"img":{"alt_text":"","src":"https:\/\/i0.wp.com\/www.grieta.org.mx\/wp-content\/uploads\/2018\/03\/14524434_1106112876131411_958039263622046936_o.jpg?resize=350%2C200&ssl=1","width":350,"height":200,"srcset":"https:\/\/i0.wp.com\/www.grieta.org.mx\/wp-content\/uploads\/2018\/03\/14524434_1106112876131411_958039263622046936_o.jpg?resize=350%2C200&ssl=1 1x, https:\/\/i0.wp.com\/www.grieta.org.mx\/wp-content\/uploads\/2018\/03\/14524434_1106112876131411_958039263622046936_o.jpg?resize=525%2C300&ssl=1 1.5x, https:\/\/i0.wp.com\/www.grieta.org.mx\/wp-content\/uploads\/2018\/03\/14524434_1106112876131411_958039263622046936_o.jpg?resize=700%2C400&ssl=1 2x"},"classes":[]},{"id":60354,"url":"https:\/\/www.grieta.org.mx\/index.php\/2021\/07\/10\/saxofonista-atacada-con-acido-protesta-en-palacio-nacional-oaxaca\/","url_meta":{"origin":57870,"position":2},"title":"Saxofonista atacada con \u00e1cido protesta en Palacio Nacional (Oaxaca)","author":"grieta","date":"10 julio, 2021","format":false,"excerpt":"Proceso \/ Redacci\u00f3n. La saxofonista Mar\u00eda Elena R\u00edos Ortiz, v\u00edctima de un ataque con \u00e1cido, protest\u00f3 en Palacio Nacional para pedir la intervenci\u00f3n del presidente Andr\u00e9s Manuel L\u00f3pez Obrador y que se haga justicia en su caso. Foto: twitter@abismada_ CIUDAD DE M\u00c9XICO (proceso.com.mx).\u2013 La saxofonista Mar\u00eda Elena R\u00edos Ortiz, v\u00edctima\u2026","rel":"","context":"En &quot;CINTILLO&quot;","block_context":{"text":"CINTILLO","link":"https:\/\/www.grieta.org.mx\/index.php\/category\/cintillo\/"},"img":{"alt_text":"","src":"https:\/\/i0.wp.com\/www.grieta.org.mx\/wp-content\/uploads\/2021\/07\/A-2.jpg?resize=350%2C200&ssl=1","width":350,"height":200,"srcset":"https:\/\/i0.wp.com\/www.grieta.org.mx\/wp-content\/uploads\/2021\/07\/A-2.jpg?resize=350%2C200&ssl=1 1x, https:\/\/i0.wp.com\/www.grieta.org.mx\/wp-content\/uploads\/2021\/07\/A-2.jpg?resize=525%2C300&ssl=1 1.5x, https:\/\/i0.wp.com\/www.grieta.org.mx\/wp-content\/uploads\/2021\/07\/A-2.jpg?resize=700%2C400&ssl=1 2x"},"classes":[]},{"id":42099,"url":"https:\/\/www.grieta.org.mx\/index.php\/2019\/12\/10\/acusan-al-gobierno-de-oaxaca-de-proteger-al-agresor-de-saxofonista-atacada-con-acido\/","url_meta":{"origin":57870,"position":3},"title":"Acusan al gobierno de Oaxaca de proteger al agresor de saxofonista atacada con \u00e1cido","author":"grieta","date":"10 diciembre, 2019","format":false,"excerpt":"Proceso \/ Pedro Mat\u00edas. OAXACA, Oax. (apro).- \u201cEsto es una chingadera\u201d, porque a tres meses de que la saxofonista Mar\u00eda Elena R\u00edos Ortiz fue atacada con \u00e1cido, presuntamente por \u00f3rdenes de un empresario y pol\u00edtico vinculado al Partido Revolucionario Institucional (PRI), la Fiscal\u00eda General del Estado de Oaxaca (FGEO) no\u2026","rel":"","context":"En &quot;CINTILLO&quot;","block_context":{"text":"CINTILLO","link":"https:\/\/www.grieta.org.mx\/index.php\/category\/cintillo\/"},"img":{"alt_text":"","src":"https:\/\/i0.wp.com\/www.grieta.org.mx\/wp-content\/uploads\/2018\/03\/14524434_1106112876131411_958039263622046936_o.jpg?resize=350%2C200&ssl=1","width":350,"height":200,"srcset":"https:\/\/i0.wp.com\/www.grieta.org.mx\/wp-content\/uploads\/2018\/03\/14524434_1106112876131411_958039263622046936_o.jpg?resize=350%2C200&ssl=1 1x, https:\/\/i0.wp.com\/www.grieta.org.mx\/wp-content\/uploads\/2018\/03\/14524434_1106112876131411_958039263622046936_o.jpg?resize=525%2C300&ssl=1 1.5x, https:\/\/i0.wp.com\/www.grieta.org.mx\/wp-content\/uploads\/2018\/03\/14524434_1106112876131411_958039263622046936_o.jpg?resize=700%2C400&ssl=1 2x"},"classes":[]},{"id":42101,"url":"https:\/\/www.grieta.org.mx\/index.php\/2019\/12\/11\/es-una-chingadera-que-el-fiscal-solape-a-empresario-y-politico-del-pri-que-mando-a-atacar-a-saxofonista-con-acido-oaxaca\/","url_meta":{"origin":57870,"position":4},"title":"\u201cEs una chingadera\u201d que el Fiscal solape a empresario y pol\u00edtico del PRI que mand\u00f3 a atacar a saxofonista con \u00e1cido (Oaxaca)","author":"grieta","date":"11 diciembre, 2019","format":false,"excerpt":"P\u00e1gina 3 \/ Pedro Mat\u00edas. *La artista lleva tres meses hospitalizada y sin atenci\u00f3n adecuada. *Responsabilizan al Fiscal de cualquier atentado a la familia de la saxofonista. Oaxaca, Oax.- \u201cEsto es una chingadera\u201d, a tres meses de que la saxofonista Mar\u00eda Elena R\u00edos Ortiz fue atacada con \u00e1cido en su\u2026","rel":"","context":"En &quot;CINTILLO&quot;","block_context":{"text":"CINTILLO","link":"https:\/\/www.grieta.org.mx\/index.php\/category\/cintillo\/"},"img":{"alt_text":"","src":"https:\/\/i0.wp.com\/www.grieta.org.mx\/wp-content\/uploads\/2018\/03\/14524434_1106112876131411_958039263622046936_o.jpg?resize=350%2C200&ssl=1","width":350,"height":200,"srcset":"https:\/\/i0.wp.com\/www.grieta.org.mx\/wp-content\/uploads\/2018\/03\/14524434_1106112876131411_958039263622046936_o.jpg?resize=350%2C200&ssl=1 1x, https:\/\/i0.wp.com\/www.grieta.org.mx\/wp-content\/uploads\/2018\/03\/14524434_1106112876131411_958039263622046936_o.jpg?resize=525%2C300&ssl=1 1.5x, https:\/\/i0.wp.com\/www.grieta.org.mx\/wp-content\/uploads\/2018\/03\/14524434_1106112876131411_958039263622046936_o.jpg?resize=700%2C400&ssl=1 2x"},"classes":[]},{"id":49881,"url":"https:\/\/www.grieta.org.mx\/index.php\/2020\/05\/27\/no-me-han-hecho-justicia-denuncia-la-saxofonista-maria-elena-rios-oaxaca\/","url_meta":{"origin":57870,"position":5},"title":"No me han hecho justicia, denuncia la saxofonista Mar\u00eda Elena R\u00edos (Oaxaca)","author":"grieta","date":"27 mayo, 2020","format":false,"excerpt":"Noticias \/ Por Publimetro. Seleccionada en la convocatoria CurArte Oaxaca, Mar\u00eda Elena R\u00edos Ortiz, sobreviviente de intento de feminicidio volvi\u00f3 a encontrarse con la m\u00fasica, actividad que -se\u00f1ala- le da sentido a su vida. Sin embargo, lo anterior -aclara- no quiere decir que haya recuperado la normalidad o la tranquilidad\u2026","rel":"","context":"En &quot;CINTILLO&quot;","block_context":{"text":"CINTILLO","link":"https:\/\/www.grieta.org.mx\/index.php\/category\/cintillo\/"},"img":{"alt_text":"","src":"https:\/\/i0.wp.com\/www.grieta.org.mx\/wp-content\/uploads\/2018\/03\/14524434_1106112876131411_958039263622046936_o.jpg?resize=350%2C200&ssl=1","width":350,"height":200,"srcset":"https:\/\/i0.wp.com\/www.grieta.org.mx\/wp-content\/uploads\/2018\/03\/14524434_1106112876131411_958039263622046936_o.jpg?resize=350%2C200&ssl=1 1x, https:\/\/i0.wp.com\/www.grieta.org.mx\/wp-content\/uploads\/2018\/03\/14524434_1106112876131411_958039263622046936_o.jpg?resize=525%2C300&ssl=1 1.5x, https:\/\/i0.wp.com\/www.grieta.org.mx\/wp-content\/uploads\/2018\/03\/14524434_1106112876131411_958039263622046936_o.jpg?resize=700%2C400&ssl=1 2x"},"classes":[]}],"_links":{"self":[{"href":"https:\/\/www.grieta.org.mx\/index.php\/wp-json\/wp\/v2\/posts\/57870","targetHints":{"allow":["GET"]}}],"collection":[{"href":"https:\/\/www.grieta.org.mx\/index.php\/wp-json\/wp\/v2\/posts"}],"about":[{"href":"https:\/\/www.grieta.org.mx\/index.php\/wp-json\/wp\/v2\/types\/post"}],"author":[{"embeddable":true,"href":"https:\/\/www.grieta.org.mx\/index.php\/wp-json\/wp\/v2\/users\/2"}],"replies":[{"embeddable":true,"href":"https:\/\/www.grieta.org.mx\/index.php\/wp-json\/wp\/v2\/comments?post=57870"}],"version-history":[{"count":1,"href":"https:\/\/www.grieta.org.mx\/index.php\/wp-json\/wp\/v2\/posts\/57870\/revisions"}],"predecessor-version":[{"id":57873,"href":"https:\/\/www.grieta.org.mx\/index.php\/wp-json\/wp\/v2\/posts\/57870\/revisions\/57873"}],"wp:featuredmedia":[{"embeddable":true,"href":"https:\/\/www.grieta.org.mx\/index.php\/wp-json\/wp\/v2\/media\/57871"}],"wp:attachment":[{"href":"https:\/\/www.grieta.org.mx\/index.php\/wp-json\/wp\/v2\/media?parent=57870"}],"wp:term":[{"taxonomy":"category","embeddable":true,"href":"https:\/\/www.grieta.org.mx\/index.php\/wp-json\/wp\/v2\/categories?post=57870"},{"taxonomy":"post_tag","embeddable":true,"href":"https:\/\/www.grieta.org.mx\/index.php\/wp-json\/wp\/v2\/tags?post=57870"}],"curies":[{"name":"wp","href":"https:\/\/api.w.org\/{rel}","templated":true}]}}