{"id":5781,"date":"2015-08-19T18:40:22","date_gmt":"2015-08-19T18:40:22","guid":{"rendered":"http:\/\/50.22.11.12\/~grietaor\/?p=5781"},"modified":"2016-03-27T18:43:34","modified_gmt":"2016-03-27T18:43:34","slug":"acusan-a-ombudsman-de-yucatan-de-falsificar-firmas-en-expedientes","status":"publish","type":"post","link":"https:\/\/www.grieta.org.mx\/index.php\/2015\/08\/19\/acusan-a-ombudsman-de-yucatan-de-falsificar-firmas-en-expedientes\/","title":{"rendered":"Acusan a ombudsman de Yucat\u00e1n de falsificar firmas en expedientes"},"content":{"rendered":"<p>M\u00e9rida, Yuc., Las organizaciones no gubernamentales (ONG) Oasis de San Juan de Dios e Indignaci\u00f3n presentaron una denuncia penal ante el Ministerio P\u00fablico estatal en contra de la Comisi\u00f3n de Derechos Humanos del Estado de Yucat\u00e1n (Codhey) y algunos de sus funcionarios, a quienes acusa de alterar documentos y falsificar firmas de una persona muerta en dos expedientes vinculados con tratamientos contra VIH\/sida. Seg\u00fan las ONG, el gobierno estatal fue omiso en otorgar medicamentos complementarios a pacientes con VIH y s\u00f3lo entregaba los que cubr\u00eda el Seguro Popular; adem\u00e1s, en febrero de 2014 se quejaron ante la Codhey por violaci\u00f3n de los derechos humanos y negaci\u00f3n de atenci\u00f3n m\u00e9dica a un migrante que padec\u00eda VIH\/sida, quien falleci\u00f3 poco despu\u00e9s. Ambos organismos hallaron desistimientos de las quejas con firmas falsificadas de Carlos M\u00e9ndez, presidente de Oasis, y de Eva Pool, voluntaria del mismo albergue, quien muri\u00f3 el 10 de enero pasado.<\/p>\n<p><a href=\"http:\/\/www.jornada.unam.mx\/2015\/08\/19\/estados\/030n5est?partner=rss\" target=\"_blank\">rss.feedsportal.com\/c\/32833\/f\/626145\/p\/1\/s\/3cc927ea\/sc\/3\/l\/0L0Sjornada0Bunam0Bmx0C20A150C0A80C190Cestados0C0A30An5est0Dpartner0Frss\/story01.htm<\/a><\/p>\n","protected":false},"excerpt":{"rendered":"<p>M\u00e9rida, Yuc., Las organizaciones no gubernamentales (ONG) Oasis de San Juan de Dios e Indignaci\u00f3n presentaron una denuncia penal ante el Ministerio P\u00fablico estatal en contra de la Comisi\u00f3n de &hellip; <a href=\"https:\/\/www.grieta.org.mx\/index.php\/2015\/08\/19\/acusan-a-ombudsman-de-yucatan-de-falsificar-firmas-en-expedientes\/\" class=\"more-link\">Leer m\u00e1s<\/a><\/p>\n","protected":false},"author":2,"featured_media":21928,"comment_status":"closed","ping_status":"open","sticky":false,"template":"","format":"standard","meta":{"ngg_post_thumbnail":0,"_jetpack_newsletter_access":"","_jetpack_dont_email_post_to_subs":false,"_jetpack_newsletter_tier_id":0,"_jetpack_memberships_contains_paywalled_content":false,"_jetpack_memberships_contains_paid_content":false,"footnotes":""},"categories":[80,153],"tags":[174],"class_list":["post-5781","post","type-post","status-publish","format-standard","has-post-thumbnail","hentry","category-cintillo","category-yucatan","tag-derechos-humanos","entry"],"jetpack_featured_media_url":"https:\/\/www.grieta.org.mx\/wp-content\/uploads\/2018\/03\/14524434_1106112876131411_958039263622046936_o.jpg","jetpack_sharing_enabled":true,"jetpack_shortlink":"https:\/\/wp.me\/p7ZJR4-1vf","jetpack_likes_enabled":false,"jetpack-related-posts":[{"id":5788,"url":"https:\/\/www.grieta.org.mx\/index.php\/2015\/08\/18\/mexico-denuncian-grave-corrupcion-en-la-comision-estatal-de-derechos-humanos-en-yucatan\/","url_meta":{"origin":5781,"position":0},"title":"M\u00e9xico: Denuncian grave corrupci\u00f3n en la comisi\u00f3n estatal de derechos humanos en Yucat\u00e1n","author":"grieta","date":"18 agosto, 2015","format":false,"excerpt":"Por Kaos. M\u00e9xico Comunicado conjunto de Equipo Indignaci\u00f3n y el Oasis San Juan de Dios sobre la grave corrupci\u00f3n que existe al interior de la Comisi\u00f3n de Derechos Humanos del Estado de Yucat\u00e1n (CODHEY). ::::::::::::::::::::::::::::::::::::: Alteraci\u00f3n de documentos, falsificaci\u00f3n de firmas, cierre de expedientes sin informar a personas agraviadas Se\u2026","rel":"","context":"En &quot;CINTILLO&quot;","block_context":{"text":"CINTILLO","link":"https:\/\/www.grieta.org.mx\/index.php\/category\/cintillo\/"},"img":{"alt_text":"","src":"https:\/\/i0.wp.com\/www.grieta.org.mx\/wp-content\/uploads\/2018\/03\/14524434_1106112876131411_958039263622046936_o.jpg?resize=350%2C200&ssl=1","width":350,"height":200,"srcset":"https:\/\/i0.wp.com\/www.grieta.org.mx\/wp-content\/uploads\/2018\/03\/14524434_1106112876131411_958039263622046936_o.jpg?resize=350%2C200&ssl=1 1x, https:\/\/i0.wp.com\/www.grieta.org.mx\/wp-content\/uploads\/2018\/03\/14524434_1106112876131411_958039263622046936_o.jpg?resize=525%2C300&ssl=1 1.5x, https:\/\/i0.wp.com\/www.grieta.org.mx\/wp-content\/uploads\/2018\/03\/14524434_1106112876131411_958039263622046936_o.jpg?resize=700%2C400&ssl=1 2x"},"classes":[]},{"id":5764,"url":"https:\/\/www.grieta.org.mx\/index.php\/2015\/08\/20\/denuncian-grave-corrupcion-en-la-cedh-yucatan\/","url_meta":{"origin":5781,"position":1},"title":"Denuncian grave corrupci\u00f3n en la CEDH, Yucat\u00e1n","author":"grieta","date":"20 agosto, 2015","format":false,"excerpt":"20\/08\/15. En Yucat\u00e1n se permite la tortura. Impunidad en el caso de Roberth Tzab EkKaos en la red 19\/08\/15. Acusan a ombudsman de Yucat\u00e1n de falsificar firmas en expedientesLa Jornada 18\/08\/15. Denuncian grave corrupci\u00f3n en la comisi\u00f3n estatal de derechos humanos en Yucat\u00e1nKaos en la red","rel":"","context":"En &quot;NOTICIAS NACIONALES&quot;","block_context":{"text":"NOTICIAS NACIONALES","link":"https:\/\/www.grieta.org.mx\/index.php\/category\/noticias-nacionales\/"},"img":{"alt_text":"","src":"https:\/\/i0.wp.com\/www.grieta.org.mx\/wp-content\/uploads\/2018\/03\/14524434_1106112876131411_958039263622046936_o.jpg?resize=350%2C200&ssl=1","width":350,"height":200,"srcset":"https:\/\/i0.wp.com\/www.grieta.org.mx\/wp-content\/uploads\/2018\/03\/14524434_1106112876131411_958039263622046936_o.jpg?resize=350%2C200&ssl=1 1x, https:\/\/i0.wp.com\/www.grieta.org.mx\/wp-content\/uploads\/2018\/03\/14524434_1106112876131411_958039263622046936_o.jpg?resize=525%2C300&ssl=1 1.5x, https:\/\/i0.wp.com\/www.grieta.org.mx\/wp-content\/uploads\/2018\/03\/14524434_1106112876131411_958039263622046936_o.jpg?resize=700%2C400&ssl=1 2x"},"classes":[]},{"id":42738,"url":"https:\/\/www.grieta.org.mx\/index.php\/2019\/12\/30\/subieron-quejas-en-2019-por-violacion-a-dh-en-yucatan-codhey\/","url_meta":{"origin":5781,"position":2},"title":"Subieron quejas en 2019 por violaci\u00f3n a DH en Yucat\u00e1n: Codhey","author":"grieta","date":"30 diciembre, 2019","format":false,"excerpt":"Rosa Santana \/ Proceso M\u00c9RIDA, Yuc., (apro).- Durante 2019, la Comisi\u00f3n de Derechos Humanos del Estado de Yucat\u00e1n (Codhey) registr\u00f3 un incremento de quejas con respecto a las que recibi\u00f3 el a\u00f1o anterior, debido al cambio de gobierno y a que creci\u00f3 la cultura de la denuncia en la entidad.\u2026","rel":"","context":"En &quot;Abuso Autoridades en Yucat\u00e1n&quot;","block_context":{"text":"Abuso Autoridades en Yucat\u00e1n","link":"https:\/\/www.grieta.org.mx\/index.php\/category\/noticias-nacionales\/yucatan\/abuso-autoridades-en-yucatan\/"},"img":{"alt_text":"","src":"https:\/\/i0.wp.com\/www.grieta.org.mx\/wp-content\/uploads\/2020\/01\/dodey-e1578258357911.jpg?resize=350%2C200&ssl=1","width":350,"height":200,"srcset":"https:\/\/i0.wp.com\/www.grieta.org.mx\/wp-content\/uploads\/2020\/01\/dodey-e1578258357911.jpg?resize=350%2C200&ssl=1 1x, https:\/\/i0.wp.com\/www.grieta.org.mx\/wp-content\/uploads\/2020\/01\/dodey-e1578258357911.jpg?resize=525%2C300&ssl=1 1.5x, https:\/\/i0.wp.com\/www.grieta.org.mx\/wp-content\/uploads\/2020\/01\/dodey-e1578258357911.jpg?resize=700%2C400&ssl=1 2x"},"classes":[]},{"id":6231,"url":"https:\/\/www.grieta.org.mx\/index.php\/2015\/12\/19\/mexico-codhey-niega-tortura-contra-periodista-se-impugna-dicha-recomendacion\/","url_meta":{"origin":5781,"position":3},"title":"M\u00e9xico: Codhey niega tortura contra periodista, se impugna dicha recomendaci\u00f3n","author":"grieta","date":"19 diciembre, 2015","format":false,"excerpt":"Por Equipo Indignaci\u00f3n\/Article 19 El periodista fue detenido y trasladado al Palacio Municipal sin ninguna causa legal que lo justificara, ya que \u00fanicamente se encontraba realizando su labor period\u00edstica. En el interior de ese lugar fue torturado, provoc\u00e1ndole lesiones en las costillas y una contusi\u00f3n en la cabeza. Incluso el\u2026","rel":"","context":"En &quot;CINTILLO&quot;","block_context":{"text":"CINTILLO","link":"https:\/\/www.grieta.org.mx\/index.php\/category\/cintillo\/"},"img":{"alt_text":"","src":"https:\/\/i0.wp.com\/www.grieta.org.mx\/wp-content\/uploads\/2018\/03\/14524434_1106112876131411_958039263622046936_o.jpg?resize=350%2C200&ssl=1","width":350,"height":200,"srcset":"https:\/\/i0.wp.com\/www.grieta.org.mx\/wp-content\/uploads\/2018\/03\/14524434_1106112876131411_958039263622046936_o.jpg?resize=350%2C200&ssl=1 1x, https:\/\/i0.wp.com\/www.grieta.org.mx\/wp-content\/uploads\/2018\/03\/14524434_1106112876131411_958039263622046936_o.jpg?resize=525%2C300&ssl=1 1.5x, https:\/\/i0.wp.com\/www.grieta.org.mx\/wp-content\/uploads\/2018\/03\/14524434_1106112876131411_958039263622046936_o.jpg?resize=700%2C400&ssl=1 2x"},"classes":[]},{"id":53375,"url":"https:\/\/www.grieta.org.mx\/index.php\/2020\/09\/15\/feministas-yucatecas-toman-la-codhey\/","url_meta":{"origin":5781,"position":4},"title":"Feministas yucatecas toman la CODHEY","author":"grieta","date":"15 septiembre, 2020","format":false,"excerpt":"Por Esto! Agrupaciones feministas de Yucat\u00e1n tomaron de manera simb\u00f3lica las instalaciones de la Comisi\u00f3n de Derechos Humanos de Yucat\u00e1n (CODHEY) como protesta por la violencia de g\u00e9nero que se viven en la entidad. Criticaron que las autoridades no han tomado acciones para evitar que se cometan asesinatos de mujeres.\u2026","rel":"","context":"En &quot;CINTILLO&quot;","block_context":{"text":"CINTILLO","link":"https:\/\/www.grieta.org.mx\/index.php\/category\/cintillo\/"},"img":{"alt_text":"","src":"https:\/\/i0.wp.com\/www.grieta.org.mx\/wp-content\/uploads\/2020\/09\/TomaCodehy1.png?resize=350%2C200&ssl=1","width":350,"height":200,"srcset":"https:\/\/i0.wp.com\/www.grieta.org.mx\/wp-content\/uploads\/2020\/09\/TomaCodehy1.png?resize=350%2C200&ssl=1 1x, https:\/\/i0.wp.com\/www.grieta.org.mx\/wp-content\/uploads\/2020\/09\/TomaCodehy1.png?resize=525%2C300&ssl=1 1.5x"},"classes":[]},{"id":59430,"url":"https:\/\/www.grieta.org.mx\/index.php\/2021\/05\/07\/entre-marzo-y-agosto-de-2020-la-codhey-reporto-84-quejas-contra-la-policia-yucatan\/","url_meta":{"origin":5781,"position":5},"title":"Entre marzo y agosto de 2020, la Codhey report\u00f3 84 quejas contra la polic\u00eda (Yucat\u00e1n)","author":"grieta","date":"7 mayo, 2021","format":false,"excerpt":"Mariana Beltr\u00e1n Cort\u00e9s \/ VeinteVeinte Las quejas provienen de 18 municipios, entre ellos Kanas\u00edn, Celest\u00fan, M\u00e9rida, Cenotillo, Chacsinkin, Dzidzant\u00fan y Progreso El cierre de caminos y carreteras, as\u00ed como la implementaci\u00f3n de retenes y restricciones de movilidad vehicular en Yucat\u00e1n \u2014por motivo de la emergencia de COVID-19\u2014, dio competencia expl\u00edcita\u2026","rel":"","context":"En &quot;Abuso Autoridades en Yucat\u00e1n&quot;","block_context":{"text":"Abuso Autoridades en Yucat\u00e1n","link":"https:\/\/www.grieta.org.mx\/index.php\/category\/noticias-nacionales\/yucatan\/abuso-autoridades-en-yucatan\/"},"img":{"alt_text":"","src":"https:\/\/i0.wp.com\/www.grieta.org.mx\/wp-content\/uploads\/2021\/05\/QuejasPolici.png?resize=350%2C200&ssl=1","width":350,"height":200,"srcset":"https:\/\/i0.wp.com\/www.grieta.org.mx\/wp-content\/uploads\/2021\/05\/QuejasPolici.png?resize=350%2C200&ssl=1 1x, https:\/\/i0.wp.com\/www.grieta.org.mx\/wp-content\/uploads\/2021\/05\/QuejasPolici.png?resize=525%2C300&ssl=1 1.5x"},"classes":[]}],"_links":{"self":[{"href":"https:\/\/www.grieta.org.mx\/index.php\/wp-json\/wp\/v2\/posts\/5781","targetHints":{"allow":["GET"]}}],"collection":[{"href":"https:\/\/www.grieta.org.mx\/index.php\/wp-json\/wp\/v2\/posts"}],"about":[{"href":"https:\/\/www.grieta.org.mx\/index.php\/wp-json\/wp\/v2\/types\/post"}],"author":[{"embeddable":true,"href":"https:\/\/www.grieta.org.mx\/index.php\/wp-json\/wp\/v2\/users\/2"}],"replies":[{"embeddable":true,"href":"https:\/\/www.grieta.org.mx\/index.php\/wp-json\/wp\/v2\/comments?post=5781"}],"version-history":[{"count":1,"href":"https:\/\/www.grieta.org.mx\/index.php\/wp-json\/wp\/v2\/posts\/5781\/revisions"}],"predecessor-version":[{"id":5786,"href":"https:\/\/www.grieta.org.mx\/index.php\/wp-json\/wp\/v2\/posts\/5781\/revisions\/5786"}],"wp:featuredmedia":[{"embeddable":true,"href":"https:\/\/www.grieta.org.mx\/index.php\/wp-json\/wp\/v2\/media\/21928"}],"wp:attachment":[{"href":"https:\/\/www.grieta.org.mx\/index.php\/wp-json\/wp\/v2\/media?parent=5781"}],"wp:term":[{"taxonomy":"category","embeddable":true,"href":"https:\/\/www.grieta.org.mx\/index.php\/wp-json\/wp\/v2\/categories?post=5781"},{"taxonomy":"post_tag","embeddable":true,"href":"https:\/\/www.grieta.org.mx\/index.php\/wp-json\/wp\/v2\/tags?post=5781"}],"curies":[{"name":"wp","href":"https:\/\/api.w.org\/{rel}","templated":true}]}}