{"id":57803,"date":"2021-03-15T16:39:15","date_gmt":"2021-03-15T22:39:15","guid":{"rendered":"http:\/\/www.grieta.org.mx\/?p=57803"},"modified":"2021-03-19T16:50:04","modified_gmt":"2021-03-19T22:50:04","slug":"sembrando-amenazas-yucatan","status":"publish","type":"post","link":"https:\/\/www.grieta.org.mx\/index.php\/2021\/03\/15\/sembrando-amenazas-yucatan\/","title":{"rendered":"Sembrando amenazas (Yucat\u00e1n)"},"content":{"rendered":"<p><img loading=\"lazy\" decoding=\"async\" data-attachment-id=\"57804\" data-permalink=\"https:\/\/www.grieta.org.mx\/index.php\/2021\/03\/15\/sembrando-amenazas-yucatan\/sembrandoamenazas\/\" data-orig-file=\"https:\/\/www.grieta.org.mx\/wp-content\/uploads\/2021\/03\/SembrandoAmenazas.png\" data-orig-size=\"690,514\" data-comments-opened=\"0\" data-image-meta=\"{&quot;aperture&quot;:&quot;0&quot;,&quot;credit&quot;:&quot;&quot;,&quot;camera&quot;:&quot;&quot;,&quot;caption&quot;:&quot;&quot;,&quot;created_timestamp&quot;:&quot;0&quot;,&quot;copyright&quot;:&quot;&quot;,&quot;focal_length&quot;:&quot;0&quot;,&quot;iso&quot;:&quot;0&quot;,&quot;shutter_speed&quot;:&quot;0&quot;,&quot;title&quot;:&quot;&quot;,&quot;orientation&quot;:&quot;0&quot;}\" data-image-title=\"SembrandoAmenazas\" data-image-description=\"\" data-image-caption=\"\" data-medium-file=\"https:\/\/www.grieta.org.mx\/wp-content\/uploads\/2021\/03\/SembrandoAmenazas-300x223.png\" data-large-file=\"https:\/\/www.grieta.org.mx\/wp-content\/uploads\/2021\/03\/SembrandoAmenazas.png\" src=\"http:\/\/www.grieta.org.mx\/wp-content\/uploads\/2021\/03\/SembrandoAmenazas.png\" alt=\"\" width=\"690\" height=\"514\" class=\"alignnone size-full wp-image-57804\" srcset=\"https:\/\/www.grieta.org.mx\/wp-content\/uploads\/2021\/03\/SembrandoAmenazas.png 690w, https:\/\/www.grieta.org.mx\/wp-content\/uploads\/2021\/03\/SembrandoAmenazas-300x223.png 300w, https:\/\/www.grieta.org.mx\/wp-content\/uploads\/2021\/03\/SembrandoAmenazas-671x500.png 671w\" sizes=\"auto, (max-width: 690px) 100vw, 690px\" \/><\/p>\n<p>VeinteVeinte<\/p>\n<p>En atenci\u00f3n al reportaje que publicamos el domingo pasado sobre anomal\u00edas del programa \u201cSembrando vida\u201d en el Oriente de Yucat\u00e1n que campesinos y j\u00f3venes becarios atribuyen a Roque Alejandro Avil\u00e9s Lizama, Facilitador de la Zona V del programa, y su t\u00e9cnica Estela Medina Arg\u00e1ez, el coordinador territorial de ese programa, Adri\u00e1n Flores Heredia, se reuni\u00f3 con los declarantes el viernes 5 pasado para solicitarles que se retracten o de lo contrario quedar\u00e1n fuera de los apoyos.<\/p>\n<p>De acuerdo con los ejidatarios, Roque Avil\u00e9s los intimid\u00f3 y amenaz\u00f3, por haber denunciado la corrupci\u00f3n en los cercanos colaboradores de Joaqu\u00edn D\u00edaz Mena, delegado de la Secretar\u00eda del Bienestar, responsable del programa.<\/p>\n<p>De acuerdo con una grabaci\u00f3n en poder de este peri\u00f3dico, el pri\u00edsta tizimile\u00f1o expres\u00f3: \u201cLes hab\u00eda dicho que no pasen nada a prensa y que no quer\u00eda ni un periodicazo, a lo que ahora deber\u00e1n asumir las consecuencias, y cuando sepa qui\u00e9n o qui\u00e9nes son los que hablaron y se quejaron ser\u00e1n dados de baja, aqu\u00ed ustedes no hacen falta porque tengo gente que quiere estar recibiendo el dinero que ustedes reciben.\u201d<\/p>\n<p>Productores de Sucila y Panab\u00e1 se acercaron a este medio para notificar las excesivas sanciones que reciben por parte del t\u00e9cnico productivo bi\u00f3logo Sa\u00fal Marrufo Escamilla, la manera d\u00e9spota y prepotente en la que trata a los ejidatarios, y que tiene sembradores con los que se ha quedado en los viveros a ingerir bebidas embriagantes, en la cuales pide que est\u00e9n todos y quienes se oponen reciben amenazas de sanciones.<\/p>\n<p>En Popolnah, Xc\u00e1n, Santa Rosa Concepci\u00f3n y San Jos\u00e9 Conde, los productores acusan al t\u00e9cnico social Antonio Yam Tuz de maltrato; ellos carecen de t\u00e9cnico productivo ya que su ex asesora, la ingeniera Lenny de Jesus Tamayo Kauil, fue despedida injustificadamente, dejando a m\u00e1s de 200 productores a la deriva.<\/p>\n<p>En los inicios del programa, dos t\u00e9cnicas demandaron ante el \u00d3rgano Interno a Roque Avil\u00e9s por discriminaci\u00f3n. Las ofend\u00eda por ser cercanas a Tamayo Kauil, hasta que ambas decidieron defenderse por la v\u00eda legal, lo cual le cost\u00f3 su empleo.<\/p>\n<p>Los nexos pol\u00edticos<\/p>\n<p>Los principales funcionarios de \u201cSembrando vida\u201d en los municipios del Oriente de Yucat\u00e1n son operadores pol\u00edticos de dos servidores p\u00fablicos clave: el delegado de la Secretar\u00eda del Bienestar, Joaqu\u00edn de Jes\u00fas D\u00edaz Mena, y el secretario de Desarrollo Rural, Jorge Andr\u00e9 D\u00edaz Loeza.<\/p>\n<p>El programa tiene su cobijo a Sa\u00fal Marrufo Escamilla, oriundo de San Felipe y a Roque Avil\u00e9s Lizama, clave para que pol\u00edticos como Diego Lugo, de Sucil\u00e1, rente sus tierras a campesinos de ese municipio para gozar del dinero federal.<\/p>\n<p>Para el cargo \u201cFacilitador\u201d el funcionario debe tener una carrera concluida y con conocimientos agroforestales. Avil\u00e9s Lizama no cumple con ning\u00fan requisito, seg\u00fan su curr\u00edculum, tiene una carrera trunca en Administraci\u00f3n. Fue coordinador del programa Prospera en Tizim\u00edn, en la administraci\u00f3n de Jorge Vales Traconis (2015-2018). Antes de su cargo federal, era prefecto de una escuela de Sucil\u00e1.<\/p>\n<p>Se le considera ahijado pol\u00edtico del ingeniero Wilberth Guillermo Buenfil Berzunza, quien ocup\u00f3 altos cargos en los gobiernos pri\u00edstas de Ivonne Ortega Pacheco y de Rolando Zapata Bello.<\/p>\n<p><a href=\"https:\/\/2020yucatan.com\/2021\/03\/15\/sembrando-amenazas\/\" rel=\"noopener\" target=\"_blank\">https:\/\/2020yucatan.com\/2021\/03\/15\/sembrando-amenazas\/<\/a><\/p>\n","protected":false},"excerpt":{"rendered":"<p>VeinteVeinte En atenci\u00f3n al reportaje que publicamos el domingo pasado sobre anomal\u00edas del programa \u201cSembrando vida\u201d en el Oriente de Yucat\u00e1n que campesinos y j\u00f3venes becarios atribuyen a Roque Alejandro &hellip; <a href=\"https:\/\/www.grieta.org.mx\/index.php\/2021\/03\/15\/sembrando-amenazas-yucatan\/\" class=\"more-link\">Leer m\u00e1s<\/a><\/p>\n","protected":false},"author":2,"featured_media":57804,"comment_status":"closed","ping_status":"closed","sticky":false,"template":"","format":"standard","meta":{"ngg_post_thumbnail":0,"_jetpack_newsletter_access":"","_jetpack_dont_email_post_to_subs":false,"_jetpack_newsletter_tier_id":0,"_jetpack_memberships_contains_paywalled_content":false,"_jetpack_memberships_contains_paid_content":false,"footnotes":""},"categories":[80,3581,2,36],"tags":[380,3007],"class_list":["post-57803","post","type-post","status-publish","format-standard","has-post-thumbnail","hentry","category-cintillo","category-denuncias-al-programa-sembrando-vida-en-yucatan","category-noticias-nacionales","category-yucatan","tag-desprecio","tag-sembrando-vida","entry"],"jetpack_featured_media_url":"https:\/\/www.grieta.org.mx\/wp-content\/uploads\/2021\/03\/SembrandoAmenazas.png","jetpack_sharing_enabled":true,"jetpack_shortlink":"https:\/\/wp.me\/p7ZJR4-f2j","jetpack_likes_enabled":false,"jetpack-related-posts":[{"id":51746,"url":"https:\/\/www.grieta.org.mx\/index.php\/2020\/07\/14\/no-queremos-ser-esclavizados-en-nuestras-tierras-denuncian-a-sembrando-vida-en-yucatan\/","url_meta":{"origin":57803,"position":0},"title":"\u201cNo queremos ser esclavizados en nuestras tierras\u201c denuncian a Sembrando Vida  en Yucat\u00e1n","author":"grieta","date":"14 julio, 2020","format":false,"excerpt":"Denuncian irregularidades en ejecuci\u00f3n de Sembrando Vida Sandra Gayou\/Quadrat\u00edn Yucat\u00e1n TIZIM\u00cdN, Yuc., 14 de julio de 2020.- A unos d\u00edas de que la titular de la Secretar\u00eda del Bienestar, Mar\u00eda Luisa Albores anunciara que el programa Sembrando Vida operar\u00eda de la mano con el Tren Maya, campesinos afiliados de la\u2026","rel":"","context":"En &quot;CINTILLO&quot;","block_context":{"text":"CINTILLO","link":"https:\/\/www.grieta.org.mx\/index.php\/category\/cintillo\/"},"img":{"alt_text":"","src":"https:\/\/i0.wp.com\/www.grieta.org.mx\/wp-content\/uploads\/2020\/07\/Dzonot1-e1594770949607.png?resize=350%2C200&ssl=1","width":350,"height":200,"srcset":"https:\/\/i0.wp.com\/www.grieta.org.mx\/wp-content\/uploads\/2020\/07\/Dzonot1-e1594770949607.png?resize=350%2C200&ssl=1 1x, https:\/\/i0.wp.com\/www.grieta.org.mx\/wp-content\/uploads\/2020\/07\/Dzonot1-e1594770949607.png?resize=525%2C300&ssl=1 1.5x, https:\/\/i0.wp.com\/www.grieta.org.mx\/wp-content\/uploads\/2020\/07\/Dzonot1-e1594770949607.png?resize=700%2C400&ssl=1 2x"},"classes":[]},{"id":57799,"url":"https:\/\/www.grieta.org.mx\/index.php\/2021\/03\/14\/sembrando-vida-cosecha-deforestacion-bloomberg\/","url_meta":{"origin":57803,"position":1},"title":"\u201cSembrando vida\u201d cosecha deforestaci\u00f3n, Bloomberg","author":"grieta","date":"14 marzo, 2021","format":false,"excerpt":"VeinteVeinte El medio especializado Bloomberg public\u00f3 un reportaje con cifras del World Resources Institute y entrevistas a ejidatarios que muestra c\u00f3mo \u201cSembrando Vida\u201d, uno de los programas insigne de la actual administraci\u00f3n federal, deriv\u00f3 en un incentivo para la deforestaci\u00f3n, acumulando la p\u00e9rdida de una extensi\u00f3n de \u00e1rboles casi del\u2026","rel":"","context":"En &quot;Campeche&quot;","block_context":{"text":"Campeche","link":"https:\/\/www.grieta.org.mx\/index.php\/category\/noticias-nacionales\/campeche\/"},"img":{"alt_text":"","src":"https:\/\/i0.wp.com\/www.grieta.org.mx\/wp-content\/uploads\/2021\/03\/WhatsApp-Image-2021-03-13-at-8.28.53-PM.jpeg?resize=350%2C200&ssl=1","width":350,"height":200,"srcset":"https:\/\/i0.wp.com\/www.grieta.org.mx\/wp-content\/uploads\/2021\/03\/WhatsApp-Image-2021-03-13-at-8.28.53-PM.jpeg?resize=350%2C200&ssl=1 1x, https:\/\/i0.wp.com\/www.grieta.org.mx\/wp-content\/uploads\/2021\/03\/WhatsApp-Image-2021-03-13-at-8.28.53-PM.jpeg?resize=525%2C300&ssl=1 1.5x"},"classes":[]},{"id":58161,"url":"https:\/\/www.grieta.org.mx\/index.php\/2021\/04\/05\/deforestacion-y-corrupcion-resultados-de-sembrando-vida-en-el-sur-de-mexico\/","url_meta":{"origin":57803,"position":2},"title":"Deforestaci\u00f3n y corrupci\u00f3n, resultados de Sembrando Vida en el sur de M\u00e9xico","author":"grieta","date":"5 abril, 2021","format":false,"excerpt":"Aldo Santiago \/ Avispa Midia Deforestaci\u00f3n, p\u00e9rdida de biodiversidad, clientelismo y corrupci\u00f3n son solo algunas de las consecuencias en la implementaci\u00f3n de Sembrando Vida, el programa ambiental m\u00e1s ambicioso del gobierno federal, el cual busca reforestar un mill\u00f3n de hect\u00e1reas de terrenos deteriorados en todo M\u00e9xico. Lo anterior es se\u00f1alado\u2026","rel":"","context":"En &quot;Campeche&quot;","block_context":{"text":"Campeche","link":"https:\/\/www.grieta.org.mx\/index.php\/category\/noticias-nacionales\/campeche\/"},"img":{"alt_text":"","src":"https:\/\/i0.wp.com\/www.grieta.org.mx\/wp-content\/uploads\/2021\/04\/DeforestacionSembrandoVida.png?resize=350%2C200&ssl=1","width":350,"height":200,"srcset":"https:\/\/i0.wp.com\/www.grieta.org.mx\/wp-content\/uploads\/2021\/04\/DeforestacionSembrandoVida.png?resize=350%2C200&ssl=1 1x, https:\/\/i0.wp.com\/www.grieta.org.mx\/wp-content\/uploads\/2021\/04\/DeforestacionSembrandoVida.png?resize=525%2C300&ssl=1 1.5x"},"classes":[]},{"id":42781,"url":"https:\/\/www.grieta.org.mx\/index.php\/2020\/01\/06\/quintana-roo-sembrando-vida-destruye-10-mil-hectareas-de-selva\/","url_meta":{"origin":57803,"position":3},"title":"Quintana Roo: Sembrando Vida destruye 10 mil hect\u00e1reas de selva","author":"grieta","date":"6 enero, 2020","format":false,"excerpt":"El programa est\u00e1 acabando con la flora y la fauna protegida en el sur del estado. Carlos Castillo\/SIPSE R\u00cdO HONDO, Q. Roo.- En su primer a\u00f1o, el Programa Sembrando Vida en Quintana Roo ha propiciado la deforestaci\u00f3n de alrededor de 10 mil hect\u00e1reas de selva, principalmente en ejidos del sur\u2026","rel":"","context":"En &quot;CINTILLO&quot;","block_context":{"text":"CINTILLO","link":"https:\/\/www.grieta.org.mx\/index.php\/category\/cintillo\/"},"img":{"alt_text":"","src":"https:\/\/i0.wp.com\/www.grieta.org.mx\/wp-content\/uploads\/2020\/01\/1578265714260-e1578435849634.jpg?resize=350%2C200&ssl=1","width":350,"height":200,"srcset":"https:\/\/i0.wp.com\/www.grieta.org.mx\/wp-content\/uploads\/2020\/01\/1578265714260-e1578435849634.jpg?resize=350%2C200&ssl=1 1x, https:\/\/i0.wp.com\/www.grieta.org.mx\/wp-content\/uploads\/2020\/01\/1578265714260-e1578435849634.jpg?resize=525%2C300&ssl=1 1.5x, https:\/\/i0.wp.com\/www.grieta.org.mx\/wp-content\/uploads\/2020\/01\/1578265714260-e1578435849634.jpg?resize=700%2C400&ssl=1 2x"},"classes":[]},{"id":53372,"url":"https:\/\/www.grieta.org.mx\/index.php\/2020\/09\/07\/chetumal-sembrando-vida-devasta-miles-de-arboles-en-quintana-roo\/","url_meta":{"origin":57803,"position":4},"title":"Chetumal: Sembrando Vida devasta miles de \u00e1rboles en Quintana Roo","author":"grieta","date":"7 septiembre, 2020","format":false,"excerpt":"Carlos Castillo \/ Sipse El Programa Sembrando Vida lleva m\u00e1s de a\u00f1o y medio en Quintana Roo y en su nueva etapa los m\u00e1s de cinco mil beneficiarios se han dedicado a construir viveros comunitarios, talando miles de metros c\u00fabicos de maderas preciosas. La meta original del programa es de\u2026","rel":"","context":"En &quot;CINTILLO&quot;","block_context":{"text":"CINTILLO","link":"https:\/\/www.grieta.org.mx\/index.php\/category\/cintillo\/"},"img":{"alt_text":"","src":"https:\/\/i0.wp.com\/www.grieta.org.mx\/wp-content\/uploads\/2020\/09\/SembrandoVida.png?resize=350%2C200&ssl=1","width":350,"height":200,"srcset":"https:\/\/i0.wp.com\/www.grieta.org.mx\/wp-content\/uploads\/2020\/09\/SembrandoVida.png?resize=350%2C200&ssl=1 1x, https:\/\/i0.wp.com\/www.grieta.org.mx\/wp-content\/uploads\/2020\/09\/SembrandoVida.png?resize=525%2C300&ssl=1 1.5x, https:\/\/i0.wp.com\/www.grieta.org.mx\/wp-content\/uploads\/2020\/09\/SembrandoVida.png?resize=700%2C400&ssl=1 2x"},"classes":[]},{"id":62159,"url":"https:\/\/www.grieta.org.mx\/index.php\/2021\/09\/27\/los-proveedores-consentidos-de-sembrando-vida-en-veracruz\/","url_meta":{"origin":57803,"position":5},"title":"Los proveedores consentidos de Sembrando Vida en Veracruz","author":"grieta","date":"27 septiembre, 2021","format":false,"excerpt":"Reportaje coordinado por Laure Delalande, N\u00e9stor Genis y Silvya Marquez de Ethos Laboratorio de Pol\u00edticas P\u00fablicas con la edici\u00f3n de Thelma G\u00f3mez; correcci\u00f3n de estilo Maura Arzate. Publicado en Proceso En la huasteca veracruzana, funcionarios de Sembrando Vida dise\u00f1aron una estrategia para favorecer a empresas cercanas a sus amigos y\u2026","rel":"","context":"En &quot;CINTILLO&quot;","block_context":{"text":"CINTILLO","link":"https:\/\/www.grieta.org.mx\/index.php\/category\/cintillo\/"},"img":{"alt_text":"","src":"https:\/\/i0.wp.com\/www.grieta.org.mx\/wp-content\/uploads\/2021\/10\/Screenshot-2021-10-04-at-14-04-05-Los-proveedores-consentidos-de-Sembrando-Vida-en-Veracruz.png?resize=350%2C200&ssl=1","width":350,"height":200,"srcset":"https:\/\/i0.wp.com\/www.grieta.org.mx\/wp-content\/uploads\/2021\/10\/Screenshot-2021-10-04-at-14-04-05-Los-proveedores-consentidos-de-Sembrando-Vida-en-Veracruz.png?resize=350%2C200&ssl=1 1x, https:\/\/i0.wp.com\/www.grieta.org.mx\/wp-content\/uploads\/2021\/10\/Screenshot-2021-10-04-at-14-04-05-Los-proveedores-consentidos-de-Sembrando-Vida-en-Veracruz.png?resize=525%2C300&ssl=1 1.5x, https:\/\/i0.wp.com\/www.grieta.org.mx\/wp-content\/uploads\/2021\/10\/Screenshot-2021-10-04-at-14-04-05-Los-proveedores-consentidos-de-Sembrando-Vida-en-Veracruz.png?resize=700%2C400&ssl=1 2x"},"classes":[]}],"_links":{"self":[{"href":"https:\/\/www.grieta.org.mx\/index.php\/wp-json\/wp\/v2\/posts\/57803","targetHints":{"allow":["GET"]}}],"collection":[{"href":"https:\/\/www.grieta.org.mx\/index.php\/wp-json\/wp\/v2\/posts"}],"about":[{"href":"https:\/\/www.grieta.org.mx\/index.php\/wp-json\/wp\/v2\/types\/post"}],"author":[{"embeddable":true,"href":"https:\/\/www.grieta.org.mx\/index.php\/wp-json\/wp\/v2\/users\/2"}],"replies":[{"embeddable":true,"href":"https:\/\/www.grieta.org.mx\/index.php\/wp-json\/wp\/v2\/comments?post=57803"}],"version-history":[{"count":1,"href":"https:\/\/www.grieta.org.mx\/index.php\/wp-json\/wp\/v2\/posts\/57803\/revisions"}],"predecessor-version":[{"id":57805,"href":"https:\/\/www.grieta.org.mx\/index.php\/wp-json\/wp\/v2\/posts\/57803\/revisions\/57805"}],"wp:featuredmedia":[{"embeddable":true,"href":"https:\/\/www.grieta.org.mx\/index.php\/wp-json\/wp\/v2\/media\/57804"}],"wp:attachment":[{"href":"https:\/\/www.grieta.org.mx\/index.php\/wp-json\/wp\/v2\/media?parent=57803"}],"wp:term":[{"taxonomy":"category","embeddable":true,"href":"https:\/\/www.grieta.org.mx\/index.php\/wp-json\/wp\/v2\/categories?post=57803"},{"taxonomy":"post_tag","embeddable":true,"href":"https:\/\/www.grieta.org.mx\/index.php\/wp-json\/wp\/v2\/tags?post=57803"}],"curies":[{"name":"wp","href":"https:\/\/api.w.org\/{rel}","templated":true}]}}