{"id":57799,"date":"2021-03-14T16:18:46","date_gmt":"2021-03-14T22:18:46","guid":{"rendered":"http:\/\/www.grieta.org.mx\/?p=57799"},"modified":"2021-03-19T16:38:13","modified_gmt":"2021-03-19T22:38:13","slug":"sembrando-vida-cosecha-deforestacion-bloomberg","status":"publish","type":"post","link":"https:\/\/www.grieta.org.mx\/index.php\/2021\/03\/14\/sembrando-vida-cosecha-deforestacion-bloomberg\/","title":{"rendered":"\u201cSembrando vida\u201d cosecha deforestaci\u00f3n, Bloomberg"},"content":{"rendered":"<p><img loading=\"lazy\" decoding=\"async\" data-attachment-id=\"57800\" data-permalink=\"https:\/\/www.grieta.org.mx\/index.php\/2021\/03\/14\/sembrando-vida-cosecha-deforestacion-bloomberg\/whatsapp-image-2021-03-13-at-8-28-53-pm\/\" data-orig-file=\"https:\/\/www.grieta.org.mx\/wp-content\/uploads\/2021\/03\/WhatsApp-Image-2021-03-13-at-8.28.53-PM.jpeg\" data-orig-size=\"696,367\" data-comments-opened=\"0\" data-image-meta=\"{&quot;aperture&quot;:&quot;0&quot;,&quot;credit&quot;:&quot;&quot;,&quot;camera&quot;:&quot;&quot;,&quot;caption&quot;:&quot;&quot;,&quot;created_timestamp&quot;:&quot;0&quot;,&quot;copyright&quot;:&quot;&quot;,&quot;focal_length&quot;:&quot;0&quot;,&quot;iso&quot;:&quot;0&quot;,&quot;shutter_speed&quot;:&quot;0&quot;,&quot;title&quot;:&quot;&quot;,&quot;orientation&quot;:&quot;0&quot;}\" data-image-title=\"WhatsApp-Image-2021-03-13-at-8.28.53-PM\" data-image-description=\"\" data-image-caption=\"\" data-medium-file=\"https:\/\/www.grieta.org.mx\/wp-content\/uploads\/2021\/03\/WhatsApp-Image-2021-03-13-at-8.28.53-PM-300x158.jpeg\" data-large-file=\"https:\/\/www.grieta.org.mx\/wp-content\/uploads\/2021\/03\/WhatsApp-Image-2021-03-13-at-8.28.53-PM.jpeg\" src=\"http:\/\/www.grieta.org.mx\/wp-content\/uploads\/2021\/03\/WhatsApp-Image-2021-03-13-at-8.28.53-PM.jpeg\" alt=\"\" width=\"696\" height=\"367\" class=\"alignnone size-full wp-image-57800\" srcset=\"https:\/\/www.grieta.org.mx\/wp-content\/uploads\/2021\/03\/WhatsApp-Image-2021-03-13-at-8.28.53-PM.jpeg 696w, https:\/\/www.grieta.org.mx\/wp-content\/uploads\/2021\/03\/WhatsApp-Image-2021-03-13-at-8.28.53-PM-300x158.jpeg 300w\" sizes=\"auto, (max-width: 696px) 100vw, 696px\" \/><\/p>\n<p>VeinteVeinte<\/p>\n<p>El medio especializado Bloomberg public\u00f3 un reportaje con cifras del World Resources Institute y entrevistas a ejidatarios que muestra c\u00f3mo \u201cSembrando Vida\u201d, uno de los programas insigne de la actual administraci\u00f3n federal, deriv\u00f3 en un incentivo para la deforestaci\u00f3n, acumulando la p\u00e9rdida de una extensi\u00f3n de \u00e1rboles casi del tama\u00f1o de la ciudad de Nueva York.<\/p>\n<p>Bloomberg reporta que en un viaje realizado a fines de febrero a Yucat\u00e1n y Campeche encontr\u00f3 fallas en el proyecto que amenazan con echar por tierra las buenas intenciones de ese programa.<\/p>\n<p>Los lugare\u00f1os externaron al medio especializado en finanzas su incertidumbre del estatus legal de sus parcelas y del enfoque del programa, pues no toma en cuenta las pr\u00e1cticas agr\u00edcolas b\u00e1sicas. La principal queja es que incentiva a deforestar cada a\u00f1o la selva como preparaci\u00f3n para nuevas siembras, en perjuicio del debido crecimiento y recuperaci\u00f3n de la vegetaci\u00f3n.<\/p>\n<p>Recuerda que el programa anterior pagaba una suma global a la comunidad por proteger y mantener la selva y los ecosistemas. Hoy \u201cSembrando vida\u201d paga directo al campesino, un cambio que muchos ven con fines electoreros.<\/p>\n<p>La Secretar\u00eda del Bienestar est\u00e1 a cargo de \u201cSembrando vida\u201d, no respondi\u00f3 dudas sobre el programa. La Presidencia tambi\u00e9n declin\u00f3 responder.<\/p>\n<p>Deforestaci\u00f3n en contexto<\/p>\n<p>VeinteVeinte<\/p>\n<p>\u201cSembrando Vida\u201d paga a 420 mil agricultores unos 4 mil 500 pesos al mes por plantar \u00e1rboles. Su objetivo es reforestar poco m\u00e1s de un mill\u00f3n de hect\u00e1reas de tierras degradadas y cultivar m\u00e1s de mil millones de plantas para fines de 2021. Dice que est\u00e1 en camino de cumplir su objetivo.<\/p>\n<p>El World Resources Institute es una organizaci\u00f3n ambiental sin fines de lucro que ha trabajado con el gobierno mexicano para monitorear los resultados del programa. La organizaci\u00f3n, con sede en Washington, calcula la p\u00e9rdida de unas 73 mil hect\u00e1reas forestales en 2019, su primer a\u00f1o completo, seg\u00fan un estudio basado en im\u00e1genes de sat\u00e9lite.<\/p>\n<p>En contexto, calcula el impacto con el tama\u00f1o de la ciudad de Nueva York y casi la mitad de la cantidad anual promedio de cobertura forestal perdida por cambios de uso de la tierra y la tala ilegal en la misma regi\u00f3n.<\/p>\n<p>Bloomberg apunta en su reportaje que los pagos mensuales son un salvavidas para las comunidades m\u00e1s pobres, en un pa\u00eds golpeado por la pandemia.<\/p>\n<p><a href=\"https:\/\/2020yucatan.com\/2021\/03\/14\/sembrando-vida-cosecha-deforestacion-bloomberg\/\" rel=\"noopener\" target=\"_blank\">https:\/\/2020yucatan.com\/2021\/03\/14\/sembrando-vida-cosecha-deforestacion-bloomberg\/<\/a><\/p>\n","protected":false},"excerpt":{"rendered":"<p>VeinteVeinte El medio especializado Bloomberg public\u00f3 un reportaje con cifras del World Resources Institute y entrevistas a ejidatarios que muestra c\u00f3mo \u201cSembrando Vida\u201d, uno de los programas insigne de la &hellip; <a href=\"https:\/\/www.grieta.org.mx\/index.php\/2021\/03\/14\/sembrando-vida-cosecha-deforestacion-bloomberg\/\" class=\"more-link\">Leer m\u00e1s<\/a><\/p>\n","protected":false},"author":2,"featured_media":57800,"comment_status":"closed","ping_status":"closed","sticky":false,"template":"","format":"standard","meta":{"ngg_post_thumbnail":0,"_jetpack_newsletter_access":"","_jetpack_dont_email_post_to_subs":false,"_jetpack_newsletter_tier_id":0,"_jetpack_memberships_contains_paywalled_content":false,"_jetpack_memberships_contains_paid_content":false,"footnotes":""},"categories":[11,80,3842,3581,2,36],"tags":[162,3007],"class_list":["post-57799","post","type-post","status-publish","format-standard","has-post-thumbnail","hentry","category-campeche","category-cintillo","category-denuncias-al-programa-sembrando-vida-en-campeche","category-denuncias-al-programa-sembrando-vida-en-yucatan","category-noticias-nacionales","category-yucatan","tag-deforestacion","tag-sembrando-vida","entry"],"jetpack_featured_media_url":"https:\/\/www.grieta.org.mx\/wp-content\/uploads\/2021\/03\/WhatsApp-Image-2021-03-13-at-8.28.53-PM.jpeg","jetpack_sharing_enabled":true,"jetpack_shortlink":"https:\/\/wp.me\/p7ZJR4-f2f","jetpack_likes_enabled":false,"jetpack-related-posts":[{"id":58161,"url":"https:\/\/www.grieta.org.mx\/index.php\/2021\/04\/05\/deforestacion-y-corrupcion-resultados-de-sembrando-vida-en-el-sur-de-mexico\/","url_meta":{"origin":57799,"position":0},"title":"Deforestaci\u00f3n y corrupci\u00f3n, resultados de Sembrando Vida en el sur de M\u00e9xico","author":"grieta","date":"5 abril, 2021","format":false,"excerpt":"Aldo Santiago \/ Avispa Midia Deforestaci\u00f3n, p\u00e9rdida de biodiversidad, clientelismo y corrupci\u00f3n son solo algunas de las consecuencias en la implementaci\u00f3n de Sembrando Vida, el programa ambiental m\u00e1s ambicioso del gobierno federal, el cual busca reforestar un mill\u00f3n de hect\u00e1reas de terrenos deteriorados en todo M\u00e9xico. Lo anterior es se\u00f1alado\u2026","rel":"","context":"En &quot;Campeche&quot;","block_context":{"text":"Campeche","link":"https:\/\/www.grieta.org.mx\/index.php\/category\/noticias-nacionales\/campeche\/"},"img":{"alt_text":"","src":"https:\/\/i0.wp.com\/www.grieta.org.mx\/wp-content\/uploads\/2021\/04\/DeforestacionSembrandoVida.png?resize=350%2C200&ssl=1","width":350,"height":200,"srcset":"https:\/\/i0.wp.com\/www.grieta.org.mx\/wp-content\/uploads\/2021\/04\/DeforestacionSembrandoVida.png?resize=350%2C200&ssl=1 1x, https:\/\/i0.wp.com\/www.grieta.org.mx\/wp-content\/uploads\/2021\/04\/DeforestacionSembrandoVida.png?resize=525%2C300&ssl=1 1.5x"},"classes":[]},{"id":42781,"url":"https:\/\/www.grieta.org.mx\/index.php\/2020\/01\/06\/quintana-roo-sembrando-vida-destruye-10-mil-hectareas-de-selva\/","url_meta":{"origin":57799,"position":1},"title":"Quintana Roo: Sembrando Vida destruye 10 mil hect\u00e1reas de selva","author":"grieta","date":"6 enero, 2020","format":false,"excerpt":"El programa est\u00e1 acabando con la flora y la fauna protegida en el sur del estado. Carlos Castillo\/SIPSE R\u00cdO HONDO, Q. Roo.- En su primer a\u00f1o, el Programa Sembrando Vida en Quintana Roo ha propiciado la deforestaci\u00f3n de alrededor de 10 mil hect\u00e1reas de selva, principalmente en ejidos del sur\u2026","rel":"","context":"En &quot;CINTILLO&quot;","block_context":{"text":"CINTILLO","link":"https:\/\/www.grieta.org.mx\/index.php\/category\/cintillo\/"},"img":{"alt_text":"","src":"https:\/\/i0.wp.com\/www.grieta.org.mx\/wp-content\/uploads\/2020\/01\/1578265714260-e1578435849634.jpg?resize=350%2C200&ssl=1","width":350,"height":200,"srcset":"https:\/\/i0.wp.com\/www.grieta.org.mx\/wp-content\/uploads\/2020\/01\/1578265714260-e1578435849634.jpg?resize=350%2C200&ssl=1 1x, https:\/\/i0.wp.com\/www.grieta.org.mx\/wp-content\/uploads\/2020\/01\/1578265714260-e1578435849634.jpg?resize=525%2C300&ssl=1 1.5x, https:\/\/i0.wp.com\/www.grieta.org.mx\/wp-content\/uploads\/2020\/01\/1578265714260-e1578435849634.jpg?resize=700%2C400&ssl=1 2x"},"classes":[]},{"id":51746,"url":"https:\/\/www.grieta.org.mx\/index.php\/2020\/07\/14\/no-queremos-ser-esclavizados-en-nuestras-tierras-denuncian-a-sembrando-vida-en-yucatan\/","url_meta":{"origin":57799,"position":2},"title":"\u201cNo queremos ser esclavizados en nuestras tierras\u201c denuncian a Sembrando Vida  en Yucat\u00e1n","author":"grieta","date":"14 julio, 2020","format":false,"excerpt":"Denuncian irregularidades en ejecuci\u00f3n de Sembrando Vida Sandra Gayou\/Quadrat\u00edn Yucat\u00e1n TIZIM\u00cdN, Yuc., 14 de julio de 2020.- A unos d\u00edas de que la titular de la Secretar\u00eda del Bienestar, Mar\u00eda Luisa Albores anunciara que el programa Sembrando Vida operar\u00eda de la mano con el Tren Maya, campesinos afiliados de la\u2026","rel":"","context":"En &quot;CINTILLO&quot;","block_context":{"text":"CINTILLO","link":"https:\/\/www.grieta.org.mx\/index.php\/category\/cintillo\/"},"img":{"alt_text":"","src":"https:\/\/i0.wp.com\/www.grieta.org.mx\/wp-content\/uploads\/2020\/07\/Dzonot1-e1594770949607.png?resize=350%2C200&ssl=1","width":350,"height":200,"srcset":"https:\/\/i0.wp.com\/www.grieta.org.mx\/wp-content\/uploads\/2020\/07\/Dzonot1-e1594770949607.png?resize=350%2C200&ssl=1 1x, https:\/\/i0.wp.com\/www.grieta.org.mx\/wp-content\/uploads\/2020\/07\/Dzonot1-e1594770949607.png?resize=525%2C300&ssl=1 1.5x, https:\/\/i0.wp.com\/www.grieta.org.mx\/wp-content\/uploads\/2020\/07\/Dzonot1-e1594770949607.png?resize=700%2C400&ssl=1 2x"},"classes":[]},{"id":57803,"url":"https:\/\/www.grieta.org.mx\/index.php\/2021\/03\/15\/sembrando-amenazas-yucatan\/","url_meta":{"origin":57799,"position":3},"title":"Sembrando amenazas (Yucat\u00e1n)","author":"grieta","date":"15 marzo, 2021","format":false,"excerpt":"VeinteVeinte En atenci\u00f3n al reportaje que publicamos el domingo pasado sobre anomal\u00edas del programa \u201cSembrando vida\u201d en el Oriente de Yucat\u00e1n que campesinos y j\u00f3venes becarios atribuyen a Roque Alejandro Avil\u00e9s Lizama, Facilitador de la Zona V del programa, y su t\u00e9cnica Estela Medina Arg\u00e1ez, el coordinador territorial de ese\u2026","rel":"","context":"En &quot;CINTILLO&quot;","block_context":{"text":"CINTILLO","link":"https:\/\/www.grieta.org.mx\/index.php\/category\/cintillo\/"},"img":{"alt_text":"","src":"https:\/\/i0.wp.com\/www.grieta.org.mx\/wp-content\/uploads\/2021\/03\/SembrandoAmenazas.png?resize=350%2C200&ssl=1","width":350,"height":200,"srcset":"https:\/\/i0.wp.com\/www.grieta.org.mx\/wp-content\/uploads\/2021\/03\/SembrandoAmenazas.png?resize=350%2C200&ssl=1 1x, https:\/\/i0.wp.com\/www.grieta.org.mx\/wp-content\/uploads\/2021\/03\/SembrandoAmenazas.png?resize=525%2C300&ssl=1 1.5x"},"classes":[]},{"id":53372,"url":"https:\/\/www.grieta.org.mx\/index.php\/2020\/09\/07\/chetumal-sembrando-vida-devasta-miles-de-arboles-en-quintana-roo\/","url_meta":{"origin":57799,"position":4},"title":"Chetumal: Sembrando Vida devasta miles de \u00e1rboles en Quintana Roo","author":"grieta","date":"7 septiembre, 2020","format":false,"excerpt":"Carlos Castillo \/ Sipse El Programa Sembrando Vida lleva m\u00e1s de a\u00f1o y medio en Quintana Roo y en su nueva etapa los m\u00e1s de cinco mil beneficiarios se han dedicado a construir viveros comunitarios, talando miles de metros c\u00fabicos de maderas preciosas. La meta original del programa es de\u2026","rel":"","context":"En &quot;CINTILLO&quot;","block_context":{"text":"CINTILLO","link":"https:\/\/www.grieta.org.mx\/index.php\/category\/cintillo\/"},"img":{"alt_text":"","src":"https:\/\/i0.wp.com\/www.grieta.org.mx\/wp-content\/uploads\/2020\/09\/SembrandoVida.png?resize=350%2C200&ssl=1","width":350,"height":200,"srcset":"https:\/\/i0.wp.com\/www.grieta.org.mx\/wp-content\/uploads\/2020\/09\/SembrandoVida.png?resize=350%2C200&ssl=1 1x, https:\/\/i0.wp.com\/www.grieta.org.mx\/wp-content\/uploads\/2020\/09\/SembrandoVida.png?resize=525%2C300&ssl=1 1.5x, https:\/\/i0.wp.com\/www.grieta.org.mx\/wp-content\/uploads\/2020\/09\/SembrandoVida.png?resize=700%2C400&ssl=1 2x"},"classes":[]},{"id":41575,"url":"https:\/\/www.grieta.org.mx\/index.php\/2019\/11\/26\/sembrando-vida-ya-causa-danos-ambientales-y-sociales-en-campeche-el-tren-maya-amenaza-con-traer-mas-dano\/","url_meta":{"origin":57799,"position":5},"title":"Sembrando vida ya causa da\u00f1os ambientales y sociales en Campeche, el tren maya amenaza con traer m\u00e1s da\u00f1o","author":"grieta","date":"26 noviembre, 2019","format":false,"excerpt":"Colectivo Grieta, 25 de noviembre de 2019. Xpujil, Campeche.- A unos meses de haber iniciado, el programa llamado \u201csembrando vida\u201d ya ha dejado una cauda de deforestaci\u00f3n en el municipio de Calakmul, Campeche. El testimonio de campesinos de dos ejidos de la Reserva de la Bi\u00f3sfera de Calakmul da cuenta\u2026","rel":"","context":"En &quot;25. Xpujil&quot;","block_context":{"text":"25. Xpujil","link":"https:\/\/www.grieta.org.mx\/index.php\/category\/espejos-de-la-resistencia\/25-xpujil\/"},"img":{"alt_text":"","src":"https:\/\/i0.wp.com\/www.grieta.org.mx\/wp-content\/uploads\/2019\/11\/Parcelatalada.jpg?resize=350%2C200&ssl=1","width":350,"height":200,"srcset":"https:\/\/i0.wp.com\/www.grieta.org.mx\/wp-content\/uploads\/2019\/11\/Parcelatalada.jpg?resize=350%2C200&ssl=1 1x, https:\/\/i0.wp.com\/www.grieta.org.mx\/wp-content\/uploads\/2019\/11\/Parcelatalada.jpg?resize=525%2C300&ssl=1 1.5x, https:\/\/i0.wp.com\/www.grieta.org.mx\/wp-content\/uploads\/2019\/11\/Parcelatalada.jpg?resize=700%2C400&ssl=1 2x, https:\/\/i0.wp.com\/www.grieta.org.mx\/wp-content\/uploads\/2019\/11\/Parcelatalada.jpg?resize=1050%2C600&ssl=1 3x, https:\/\/i0.wp.com\/www.grieta.org.mx\/wp-content\/uploads\/2019\/11\/Parcelatalada.jpg?resize=1400%2C800&ssl=1 4x"},"classes":[]}],"_links":{"self":[{"href":"https:\/\/www.grieta.org.mx\/index.php\/wp-json\/wp\/v2\/posts\/57799","targetHints":{"allow":["GET"]}}],"collection":[{"href":"https:\/\/www.grieta.org.mx\/index.php\/wp-json\/wp\/v2\/posts"}],"about":[{"href":"https:\/\/www.grieta.org.mx\/index.php\/wp-json\/wp\/v2\/types\/post"}],"author":[{"embeddable":true,"href":"https:\/\/www.grieta.org.mx\/index.php\/wp-json\/wp\/v2\/users\/2"}],"replies":[{"embeddable":true,"href":"https:\/\/www.grieta.org.mx\/index.php\/wp-json\/wp\/v2\/comments?post=57799"}],"version-history":[{"count":1,"href":"https:\/\/www.grieta.org.mx\/index.php\/wp-json\/wp\/v2\/posts\/57799\/revisions"}],"predecessor-version":[{"id":57802,"href":"https:\/\/www.grieta.org.mx\/index.php\/wp-json\/wp\/v2\/posts\/57799\/revisions\/57802"}],"wp:featuredmedia":[{"embeddable":true,"href":"https:\/\/www.grieta.org.mx\/index.php\/wp-json\/wp\/v2\/media\/57800"}],"wp:attachment":[{"href":"https:\/\/www.grieta.org.mx\/index.php\/wp-json\/wp\/v2\/media?parent=57799"}],"wp:term":[{"taxonomy":"category","embeddable":true,"href":"https:\/\/www.grieta.org.mx\/index.php\/wp-json\/wp\/v2\/categories?post=57799"},{"taxonomy":"post_tag","embeddable":true,"href":"https:\/\/www.grieta.org.mx\/index.php\/wp-json\/wp\/v2\/tags?post=57799"}],"curies":[{"name":"wp","href":"https:\/\/api.w.org\/{rel}","templated":true}]}}