{"id":57790,"date":"2021-03-19T14:45:31","date_gmt":"2021-03-19T20:45:31","guid":{"rendered":"http:\/\/www.grieta.org.mx\/?p=57790"},"modified":"2021-03-19T16:00:29","modified_gmt":"2021-03-19T22:00:29","slug":"mafia-agraria-en-yucatan-ejidatarios-de-sierra-papacal-son-despojados-de-sus-tierras","status":"publish","type":"post","link":"https:\/\/www.grieta.org.mx\/index.php\/2021\/03\/19\/mafia-agraria-en-yucatan-ejidatarios-de-sierra-papacal-son-despojados-de-sus-tierras\/","title":{"rendered":"Mafia Agraria en Yucat\u00e1n: Ejidatarios de Sierra Papacal son despojados de sus tierras"},"content":{"rendered":"<p><img loading=\"lazy\" decoding=\"async\" data-attachment-id=\"57791\" data-permalink=\"https:\/\/www.grieta.org.mx\/index.php\/2021\/03\/19\/mafia-agraria-en-yucatan-ejidatarios-de-sierra-papacal-son-despojados-de-sus-tierras\/mafiaagrariasierrapapacal\/\" data-orig-file=\"https:\/\/www.grieta.org.mx\/wp-content\/uploads\/2021\/03\/MafiaAgrariaSierraPapacal-e1616191072171.png\" data-orig-size=\"800,655\" data-comments-opened=\"0\" data-image-meta=\"{&quot;aperture&quot;:&quot;0&quot;,&quot;credit&quot;:&quot;&quot;,&quot;camera&quot;:&quot;&quot;,&quot;caption&quot;:&quot;&quot;,&quot;created_timestamp&quot;:&quot;0&quot;,&quot;copyright&quot;:&quot;&quot;,&quot;focal_length&quot;:&quot;0&quot;,&quot;iso&quot;:&quot;0&quot;,&quot;shutter_speed&quot;:&quot;0&quot;,&quot;title&quot;:&quot;&quot;,&quot;orientation&quot;:&quot;0&quot;}\" data-image-title=\"MafiaAgrariaSierraPapacal\" data-image-description=\"\" data-image-caption=\"\" data-medium-file=\"https:\/\/www.grieta.org.mx\/wp-content\/uploads\/2021\/03\/MafiaAgrariaSierraPapacal-300x246.png\" data-large-file=\"https:\/\/www.grieta.org.mx\/wp-content\/uploads\/2021\/03\/MafiaAgrariaSierraPapacal-e1616191072171.png\" src=\"http:\/\/www.grieta.org.mx\/wp-content\/uploads\/2021\/03\/MafiaAgrariaSierraPapacal-e1616191072171.png\" alt=\"\" width=\"800\" height=\"655\" class=\"alignnone size-full wp-image-57791\" \/><\/p>\n<p>Leandro Chac\u00f3n \/ PorEsto!<\/p>\n<blockquote><p>Los campesinos de la comisaria meridiana denunciaron el despojo de mas de 2 mil hect\u00e1reas de tierras<\/p><\/blockquote>\n<p>Los representantes de ejidatarios de la comisar\u00eda meridana de Sierra Papacal, Buenaventura Pech Eu\u00e1n, as\u00ed como Vidal Pool Jim\u00e9nez, informaron que una vez m\u00e1s van en contra de lo que han calificado como la \u201cMafia Agraria\u201d, pues promover\u00e1n un recurso en contra de quien resulte responsable del presunto despojo de poco m\u00e1s de dos mil hect\u00e1reas que se concret\u00f3 en 2010, con lo que se\u00f1alaron la complicidad de autoridades ejidales de ese entonces.<\/p>\n<p>A nombre de ejidatarios afectados, sus representantes explicaron que, en 2010, en la comisar\u00eda meridana de Sierra Papacal se realiz\u00f3 una asamblea que ahora desconocen al menos 70 campesinos de un total de 198; reuni\u00f3n en la cual, de acuerdo al testimonio, se les habr\u00eda despojado de unas 2 mil 868 hect\u00e1reas.<\/p>\n<p>\u201cEn el 2010 se celebr\u00f3 una asamblea, donde se cambi\u00f3 el destino para el uso de suelo, pasando de ser de uso com\u00fan a privado, pero de manera fraudulenta, lo que deriv\u00f3 en el despojo de esas 2 mil 868 hect\u00e1reas\u201d, relataron los afectados.<\/p>\n<p>Los ejidatarios acusaron al abogado Rigoberto Paz Cen como el presunto responsable del fraude por la mencionada extensi\u00f3n de tierras. Aseguraron que esta persona ya ha sido sometida a juicio y privada de su libertad por un caso de fraude.<\/p>\n<p>Los representantes de los 70 ejidatarios de Sierra Papacal indicaron que en ese 2010, el comisario ejidal en turno, Tom\u00e1s Ek Castro, habr\u00eda ayudado al mencionado abogado, con lo que consideran enga\u00f1os, para que firmaran una serie de documentos. Esta acci\u00f3n, en realidad, estar\u00eda derivando en el presunto despojo de las casi 3 mil hect\u00e1reas.<\/p>\n<p>Tras la asamblea que desconocen, Buenaventura Pech Eu\u00e1n y Pool Jim\u00e9nez sostuvieron que se cambi\u00f3 el uso com\u00fan de la tierra a dominio en esa asamblea, es decir, de car\u00e1cter privado. Sin embargo, nunca se les habr\u00eda informado a los due\u00f1os originales de las tierras, en este caso los ejidatarios de Sierra Papacal, que ya hab\u00edan sido vendidas.<\/p>\n<p>\u201cNada m\u00e1s nos dieron nuestro certificado de derechos parcelarios por la asamblea que se realiz\u00f3 en noviembre de 2010, pero nunca los t\u00edtulos de propiedad que nos prometieron y cuando quisimos revisar, result\u00f3 que esas tierras ya ten\u00edan due\u00f1os\u201d, lamentaron.<\/p>\n<p>Los ejidatarios de Sierra Papacal aseguraron que desde finales del 2010 cuando se percataron de las presuntas irregularidades, empezaron a realizar las diligencias correspondientes, pero criticaron que en realidad nada m\u00e1s les \u201cdieron largas\u201d y nunca resolvieron el asunto en cuesti\u00f3n. De manera puntual, explicaron que esas tierras actualmente se encuentran en Ciudad Maderas. Comentaron que han averiguado que ya tienen propietarios, a quienes tambi\u00e9n habr\u00edan comprado de buena fe sin tener conocimiento de lo antes mencionado.<\/p>\n<p>Adelantaron que pronto estar\u00e1n llevando el asunto a los tribunales agrarios, para exponer su caso, ya que indicaron tienen documentaci\u00f3n, respaldo y algunos documentos que acreditan su postura. Por lo pronto, se reunir\u00e1n este fin de semana para asesorarse con sus representantes legales a fin de que se resuelva el asunto.<\/p>\n<p><a href=\"https:\/\/www.poresto.net\/yucatan\/2021\/3\/19\/mafia-agraria-en-yucatan-ejidatarios-de-sierra-papacal-son-despojados-de-sus-tierras-243477.html\" rel=\"noopener\" target=\"_blank\">https:\/\/www.poresto.net\/yucatan\/2021\/3\/19\/mafia-agraria-en-yucatan-ejidatarios-de-sierra-papacal-son-despojados-de-sus-tierras-243477.html<\/a><\/p>\n","protected":false},"excerpt":{"rendered":"<p>Leandro Chac\u00f3n \/ PorEsto! Los campesinos de la comisaria meridiana denunciaron el despojo de mas de 2 mil hect\u00e1reas de tierras Los representantes de ejidatarios de la comisar\u00eda meridana de &hellip; <a href=\"https:\/\/www.grieta.org.mx\/index.php\/2021\/03\/19\/mafia-agraria-en-yucatan-ejidatarios-de-sierra-papacal-son-despojados-de-sus-tierras\/\" class=\"more-link\">Leer m\u00e1s<\/a><\/p>\n","protected":false},"author":2,"featured_media":57791,"comment_status":"closed","ping_status":"closed","sticky":false,"template":"","format":"standard","meta":{"ngg_post_thumbnail":0,"_jetpack_newsletter_access":"","_jetpack_dont_email_post_to_subs":false,"_jetpack_newsletter_tier_id":0,"_jetpack_memberships_contains_paywalled_content":false,"_jetpack_memberships_contains_paid_content":false,"footnotes":""},"categories":[80,1269,2,1071,36],"tags":[2311,3819,1817],"class_list":["post-57790","post","type-post","status-publish","format-standard","has-post-thumbnail","hentry","category-cintillo","category-protestas-ante-despojo-por-proyectos-inmobiliarios-en-yucatan","category-noticias-nacionales","category-resistencia-al-despojo-de-tierras-ejidales-en-yucatan","category-yucatan","tag-despojo-de-tierras","tag-mafia-agraria","tag-tierras-ejidales","entry"],"jetpack_featured_media_url":"https:\/\/www.grieta.org.mx\/wp-content\/uploads\/2021\/03\/MafiaAgrariaSierraPapacal-e1616191072171.png","jetpack_sharing_enabled":true,"jetpack_shortlink":"https:\/\/wp.me\/p7ZJR4-f26","jetpack_likes_enabled":false,"jetpack-related-posts":[{"id":56920,"url":"https:\/\/www.grieta.org.mx\/index.php\/2021\/02\/10\/detectan-privatizacion-de-mas-de-500-mil-hectareas-de-tierras-ejidales-en-la-peninsula-de-yucatan\/","url_meta":{"origin":57790,"position":0},"title":"Detectan privatizaci\u00f3n de m\u00e1s de 500 mil hect\u00e1reas de tierras ejidales en la Pen\u00ednsula de Yucat\u00e1n","author":"grieta","date":"10 febrero, 2021","format":false,"excerpt":"Pablo Puerto \/ Yucat\u00e1n a la Mano En por lo menos 30 a\u00f1os, m\u00e1s de 500 mil hect\u00e1reas de tierras ejidales han pasado a manos privadas en Campeche, Yucat\u00e1n y Quintana Roo, revela el informe \u201cTres d\u00e9cadas de privatizaci\u00f3n y despojo de la propiedad social en la Pen\u00ednsula de Yucat\u00e1n\u201d,\u2026","rel":"","context":"En &quot;Campeche&quot;","block_context":{"text":"Campeche","link":"https:\/\/www.grieta.org.mx\/index.php\/category\/noticias-nacionales\/campeche\/"},"img":{"alt_text":"","src":"https:\/\/i0.wp.com\/www.grieta.org.mx\/wp-content\/uploads\/2021\/02\/Privatizacion500-e1613070823855.png?resize=350%2C200&ssl=1","width":350,"height":200,"srcset":"https:\/\/i0.wp.com\/www.grieta.org.mx\/wp-content\/uploads\/2021\/02\/Privatizacion500-e1613070823855.png?resize=350%2C200&ssl=1 1x, https:\/\/i0.wp.com\/www.grieta.org.mx\/wp-content\/uploads\/2021\/02\/Privatizacion500-e1613070823855.png?resize=525%2C300&ssl=1 1.5x, https:\/\/i0.wp.com\/www.grieta.org.mx\/wp-content\/uploads\/2021\/02\/Privatizacion500-e1613070823855.png?resize=700%2C400&ssl=1 2x"},"classes":[]},{"id":71599,"url":"https:\/\/www.grieta.org.mx\/index.php\/2025\/04\/12\/despojados-de-168-hectareas-yucatan\/","url_meta":{"origin":57790,"position":1},"title":"Despojados de 168 hect\u00e1reas (Yucat\u00e1n)","author":"grieta","date":"12 abril, 2025","format":false,"excerpt":"Sol Yucat\u00e1n Ejidatarios del municipio de Baca, han alzado la voz para denunciar el despojo y la deforestaci\u00f3n ilegal de al menos 168 hect\u00e1reas de tierras ejidales de uso com\u00fan sin el permiso correspondiente. Ejidatarios del municipio de Baca, han alzado la voz para denunciar el despojo y la deforestaci\u00f3n\u2026","rel":"","context":"En &quot;CINTILLO&quot;","block_context":{"text":"CINTILLO","link":"https:\/\/www.grieta.org.mx\/index.php\/category\/cintillo\/"},"img":{"alt_text":"","src":"https:\/\/i0.wp.com\/www.grieta.org.mx\/wp-content\/uploads\/2025\/04\/Baca-e1744760844210.jpg?resize=350%2C200&ssl=1","width":350,"height":200,"srcset":"https:\/\/i0.wp.com\/www.grieta.org.mx\/wp-content\/uploads\/2025\/04\/Baca-e1744760844210.jpg?resize=350%2C200&ssl=1 1x, https:\/\/i0.wp.com\/www.grieta.org.mx\/wp-content\/uploads\/2025\/04\/Baca-e1744760844210.jpg?resize=525%2C300&ssl=1 1.5x, https:\/\/i0.wp.com\/www.grieta.org.mx\/wp-content\/uploads\/2025\/04\/Baca-e1744760844210.jpg?resize=700%2C400&ssl=1 2x"},"classes":[]},{"id":67903,"url":"https:\/\/www.grieta.org.mx\/index.php\/2023\/10\/07\/despojados-de-3-mil-hectareas-yucatan\/","url_meta":{"origin":57790,"position":2},"title":"Despojados de 3 mil hect\u00e1reas (Yucat\u00e1n)","author":"grieta","date":"7 octubre, 2023","format":false,"excerpt":"Redacci\u00f3n\/ Sol Yucat\u00e1n Ejidatarios de Izamal se manifestaron en el Registro Agrario Nacional y en la Procuradur\u00eda Agraria, para denunciar a Melba V\u00e1zquez, al alcalde del municipio, Warnel May Escobar y a un grupo de excomisarios, quienes buscan despojarlos de tres mil hect\u00e1reas (2,000 de Carlos Gabriel Ojeda Torres y\u2026","rel":"","context":"En &quot;CINTILLO&quot;","block_context":{"text":"CINTILLO","link":"https:\/\/www.grieta.org.mx\/index.php\/category\/cintillo\/"},"img":{"alt_text":"","src":"https:\/\/i0.wp.com\/www.grieta.org.mx\/wp-content\/uploads\/2023\/10\/Izamal-e1697376721704.jpg?resize=350%2C200&ssl=1","width":350,"height":200,"srcset":"https:\/\/i0.wp.com\/www.grieta.org.mx\/wp-content\/uploads\/2023\/10\/Izamal-e1697376721704.jpg?resize=350%2C200&ssl=1 1x, https:\/\/i0.wp.com\/www.grieta.org.mx\/wp-content\/uploads\/2023\/10\/Izamal-e1697376721704.jpg?resize=525%2C300&ssl=1 1.5x, https:\/\/i0.wp.com\/www.grieta.org.mx\/wp-content\/uploads\/2023\/10\/Izamal-e1697376721704.jpg?resize=700%2C400&ssl=1 2x"},"classes":[]},{"id":56992,"url":"https:\/\/www.grieta.org.mx\/index.php\/2021\/02\/14\/turba-de-ejidatarios-suspende-asamblea-informativa-en-acanceh-yucatan\/","url_meta":{"origin":57790,"position":3},"title":"Turba de ejidatarios suspende asamblea informativa en Acanceh (Yucat\u00e1n)","author":"grieta","date":"14 febrero, 2021","format":false,"excerpt":"Por Esto! El grupo de campesinos ingres\u00f3 a la fuerza para evitar que se realizara la asamblea Una turba de ejidatarios ingres\u00f3 a la fuerza a la casa ejidal de Acanceh para suspender la asamblea informativa en donde se aprobar\u00eda la venta de terrenos ejidales y se acordar\u00eda el pago\u2026","rel":"","context":"En &quot;CINTILLO&quot;","block_context":{"text":"CINTILLO","link":"https:\/\/www.grieta.org.mx\/index.php\/category\/cintillo\/"},"img":{"alt_text":"","src":"https:\/\/i0.wp.com\/www.grieta.org.mx\/wp-content\/uploads\/2021\/02\/Acanche.png?resize=350%2C200&ssl=1","width":350,"height":200,"srcset":"https:\/\/i0.wp.com\/www.grieta.org.mx\/wp-content\/uploads\/2021\/02\/Acanche.png?resize=350%2C200&ssl=1 1x, https:\/\/i0.wp.com\/www.grieta.org.mx\/wp-content\/uploads\/2021\/02\/Acanche.png?resize=525%2C300&ssl=1 1.5x"},"classes":[]},{"id":72353,"url":"https:\/\/www.grieta.org.mx\/index.php\/2025\/10\/11\/estafadores-de-tierras-en-baca-yucatan\/","url_meta":{"origin":57790,"position":4},"title":"Estafadores de tierras en Baca (Yucat\u00e1n)","author":"grieta","date":"11 octubre, 2025","format":false,"excerpt":"Sol Yucat\u00e1n La comisaria ejidal de Baca, Aracely Herrera, es se\u00f1alada por ceder parcelas no asignadas al empresario Alberto Y\u00e1\u00f1ez Castro. Campesinos denuncian que los favores pol\u00edticos se pagan con el patrimonio ejidal. Baca, Yucat\u00e1n.\u2014 La tensi\u00f3n vuelve a encenderse en Baca, donde ejidatarios descubrieron una nueva maniobra de corrupci\u00f3n\u2026","rel":"","context":"En &quot;CINTILLO&quot;","block_context":{"text":"CINTILLO","link":"https:\/\/www.grieta.org.mx\/index.php\/category\/cintillo\/"},"img":{"alt_text":"","src":"https:\/\/i0.wp.com\/www.grieta.org.mx\/wp-content\/uploads\/2025\/10\/Baca-e1760202998944.jpg?resize=350%2C200&ssl=1","width":350,"height":200,"srcset":"https:\/\/i0.wp.com\/www.grieta.org.mx\/wp-content\/uploads\/2025\/10\/Baca-e1760202998944.jpg?resize=350%2C200&ssl=1 1x, https:\/\/i0.wp.com\/www.grieta.org.mx\/wp-content\/uploads\/2025\/10\/Baca-e1760202998944.jpg?resize=525%2C300&ssl=1 1.5x, https:\/\/i0.wp.com\/www.grieta.org.mx\/wp-content\/uploads\/2025\/10\/Baca-e1760202998944.jpg?resize=700%2C400&ssl=1 2x"},"classes":[]},{"id":40898,"url":"https:\/\/www.grieta.org.mx\/index.php\/2019\/11\/02\/pretenden-obligar-a-desistirse-de-su-denuncia-contra-venta-amanada-de-tierras-a-ejidatarios-que-se-oponen-en-chochola-yucatan\/","url_meta":{"origin":57790,"position":5},"title":"Pretenden obligar a desistirse de su denuncia contra venta ama\u00f1ada de tierras a ejidatarios que se oponen en Chochol\u00e1 (Yucat\u00e1n)","author":"grieta","date":"2 noviembre, 2019","format":false,"excerpt":"https:\/\/youtu.be\/hBL2UFMSF2M Redacci\u00f3n\/ Infolliteras Los ejidatarios que han denunciado las maniobras empresariales para apropiarse ilegalmente de tierras en el municipio de Chochol\u00e1 y que se oponen a la venta de tierras a empresarios conocidos en Yucat\u00e1n, dieron a conocer las amenazas a trav\u00e9s de las cuales se les pretende obligar a\u2026","rel":"","context":"En &quot;CINTILLO&quot;","block_context":{"text":"CINTILLO","link":"https:\/\/www.grieta.org.mx\/index.php\/category\/cintillo\/"},"img":{"alt_text":"","src":"https:\/\/i0.wp.com\/www.grieta.org.mx\/wp-content\/uploads\/2019\/11\/RechazanChochola.png?resize=350%2C200&ssl=1","width":350,"height":200,"srcset":"https:\/\/i0.wp.com\/www.grieta.org.mx\/wp-content\/uploads\/2019\/11\/RechazanChochola.png?resize=350%2C200&ssl=1 1x, https:\/\/i0.wp.com\/www.grieta.org.mx\/wp-content\/uploads\/2019\/11\/RechazanChochola.png?resize=525%2C300&ssl=1 1.5x, https:\/\/i0.wp.com\/www.grieta.org.mx\/wp-content\/uploads\/2019\/11\/RechazanChochola.png?resize=700%2C400&ssl=1 2x"},"classes":[]}],"_links":{"self":[{"href":"https:\/\/www.grieta.org.mx\/index.php\/wp-json\/wp\/v2\/posts\/57790","targetHints":{"allow":["GET"]}}],"collection":[{"href":"https:\/\/www.grieta.org.mx\/index.php\/wp-json\/wp\/v2\/posts"}],"about":[{"href":"https:\/\/www.grieta.org.mx\/index.php\/wp-json\/wp\/v2\/types\/post"}],"author":[{"embeddable":true,"href":"https:\/\/www.grieta.org.mx\/index.php\/wp-json\/wp\/v2\/users\/2"}],"replies":[{"embeddable":true,"href":"https:\/\/www.grieta.org.mx\/index.php\/wp-json\/wp\/v2\/comments?post=57790"}],"version-history":[{"count":1,"href":"https:\/\/www.grieta.org.mx\/index.php\/wp-json\/wp\/v2\/posts\/57790\/revisions"}],"predecessor-version":[{"id":57792,"href":"https:\/\/www.grieta.org.mx\/index.php\/wp-json\/wp\/v2\/posts\/57790\/revisions\/57792"}],"wp:featuredmedia":[{"embeddable":true,"href":"https:\/\/www.grieta.org.mx\/index.php\/wp-json\/wp\/v2\/media\/57791"}],"wp:attachment":[{"href":"https:\/\/www.grieta.org.mx\/index.php\/wp-json\/wp\/v2\/media?parent=57790"}],"wp:term":[{"taxonomy":"category","embeddable":true,"href":"https:\/\/www.grieta.org.mx\/index.php\/wp-json\/wp\/v2\/categories?post=57790"},{"taxonomy":"post_tag","embeddable":true,"href":"https:\/\/www.grieta.org.mx\/index.php\/wp-json\/wp\/v2\/tags?post=57790"}],"curies":[{"name":"wp","href":"https:\/\/api.w.org\/{rel}","templated":true}]}}