{"id":57752,"date":"2021-03-14T17:52:39","date_gmt":"2021-03-14T23:52:39","guid":{"rendered":"http:\/\/www.grieta.org.mx\/?p=57752"},"modified":"2021-03-18T18:20:22","modified_gmt":"2021-03-19T00:20:22","slug":"tren-maya-amenaza-ambiental-para-yucatan-advierte-cinvestav","status":"publish","type":"post","link":"https:\/\/www.grieta.org.mx\/index.php\/2021\/03\/14\/tren-maya-amenaza-ambiental-para-yucatan-advierte-cinvestav\/","title":{"rendered":"Tren Maya, amenaza ambiental para Yucat\u00e1n, advierte Cinvestav"},"content":{"rendered":"<p><img loading=\"lazy\" decoding=\"async\" data-attachment-id=\"57753\" data-permalink=\"https:\/\/www.grieta.org.mx\/index.php\/2021\/03\/14\/tren-maya-amenaza-ambiental-para-yucatan-advierte-cinvestav\/trencinvestav\/\" data-orig-file=\"https:\/\/www.grieta.org.mx\/wp-content\/uploads\/2021\/03\/TrenCinvestav-e1616113010256.png\" data-orig-size=\"800,564\" data-comments-opened=\"0\" data-image-meta=\"{&quot;aperture&quot;:&quot;0&quot;,&quot;credit&quot;:&quot;&quot;,&quot;camera&quot;:&quot;&quot;,&quot;caption&quot;:&quot;&quot;,&quot;created_timestamp&quot;:&quot;0&quot;,&quot;copyright&quot;:&quot;&quot;,&quot;focal_length&quot;:&quot;0&quot;,&quot;iso&quot;:&quot;0&quot;,&quot;shutter_speed&quot;:&quot;0&quot;,&quot;title&quot;:&quot;&quot;,&quot;orientation&quot;:&quot;0&quot;}\" data-image-title=\"TrenCinvestav\" data-image-description=\"\" data-image-caption=\"\" data-medium-file=\"https:\/\/www.grieta.org.mx\/wp-content\/uploads\/2021\/03\/TrenCinvestav-300x212.png\" data-large-file=\"https:\/\/www.grieta.org.mx\/wp-content\/uploads\/2021\/03\/TrenCinvestav-1024x722.png\" src=\"http:\/\/www.grieta.org.mx\/wp-content\/uploads\/2021\/03\/TrenCinvestav-e1616113010256.png\" alt=\"\" width=\"800\" height=\"564\" class=\"alignnone size-full wp-image-57753\" \/><\/p>\n<p>Por David Rico \/ PorEsto!<\/p>\n<p>El desmonte de vegetaci\u00f3n y deforestaci\u00f3n que trae consigo el proyecto del Tren Maya repercutir\u00e1 en los servicios ambientales que las diferentes especies prestan, como la mitigaci\u00f3n del cambio clim\u00e1tico, la regulaci\u00f3n de la calidad y cantidad de agua; as\u00ed como la calidad del aire, igual que generar\u00e1 la fragmentaci\u00f3n del h\u00e1bitat de los animales, destac\u00f3 el investigador del \u00e1rea de Recursos Naturales del Cinvestav, Dr. Juan Manuel Dupuy Rada.<\/p>\n<p>El Manifiesto Ambiental autorizado por la Secretar\u00eda de Medio Ambiente y Recursos Naturales (Semarnat) para la Fase 1 habla de la remoci\u00f3n de 800 hect\u00e1reas de selva en el tramo que va de Palenque a Izamal. No obstante, en diciembre pasado, el Dr. Luis Miguel del Villar Ponce, responsable del \u00e1rea ambiental del Tren Maya, dijo que la afectaci\u00f3n ser\u00e1 a lo que es el derecho de v\u00eda y que el cambio de uso de suelo no es sin\u00f3nimo de remover la vegetaci\u00f3n.<\/p>\n<p>Sobre este tema, el especialista del Cinvestav dijo que, en primer lugar, es importante se\u00f1alar que el Tren Maya es un mega proyecto que afectar\u00e1 a toda la Pen\u00ednsula de Yucat\u00e1n e incluso zonas de Chiapas.<\/p>\n<p>\u201cHabr\u00e1 una afectaci\u00f3n muy grande. No se trata de un proyecto puntual que vaya a afectar s\u00f3lo una zona, sino que se manifestar\u00e1 a todo lo largo de la Pen\u00ednsula en diferentes lugares y en partes cr\u00edticas, como en la regi\u00f3n de Calakmul, donde est\u00e1 el macizo forestal m\u00e1s importante de Mesoam\u00e9rica y el segundo m\u00e1s importante del continente, s\u00f3lo despu\u00e9s del Amazonas\u201d, dijo.<\/p>\n<p>Reiter\u00f3 que este sitio es uno de los m\u00e1s importantes y donde est\u00e1 centrada la preocupaci\u00f3n de muchos de los bi\u00f3logos y ec\u00f3logos, por la p\u00e9rdida y amenaza a la biodiversidad y a las funciones que proveen los servicios ambientales.<\/p>\n<p>Dijo que el desmonte y la p\u00e9rdida de cobertura vegetal est\u00e1n relacionados con el calentamiento global. Expuso que el a\u00f1o pasado fue el m\u00e1s caluroso en la historia, adem\u00e1s de que se ha dado una mayor incidencia de huracanes.<\/p>\n<p>\u201cEste cambio clim\u00e1tico se ha producido por las concentraciones de gases de efecto invernadero en la atm\u00f3sfera y ese aumento se debe a actividades humanas, como la combusti\u00f3n de f\u00f3siles, petr\u00f3leo, carb\u00f3n, gas natural y actividades industriales\u201d.<\/p>\n<p>\u201cPero tiene que ver tambi\u00e9n con el desmonte, con la p\u00e9rdida de cobertura vegetal; las selvas y los bosques en general funcionan como sumideros de carbono, es decir, son lugares donde se absorbe m\u00e1s bi\u00f3xido de carbono del que se libera\u201d, dijo.<\/p>\n<p>Explic\u00f3 que el bi\u00f3xido de carbono se absorbe y, a trav\u00e9s de la fotos\u00edntesis, se almacena y se mantiene en forma de biomasa de \u00e1rboles, o se incorpora al suelo durante mucho tiempo.<\/p>\n<p>\u201cAl haber un proceso de deforestaci\u00f3n y sobre todo cuando hay incendios forestales, ese carbono que estaba en el suelo se libera de nuevo. En lugar de que cumplan un papel de sumidero que ayuden a mitigar el cambio clim\u00e1tico (que es uno de los principales), en vez de ser una soluci\u00f3n se agrava el problema, porque adem\u00e1s de lo que emitimos al quemar combustibles f\u00f3siles, emitimos m\u00e1s a trav\u00e9s de deforestar o quemar bosques y eso agrava los problemas de cambio clim\u00e1tico\u201d, expuso.<\/p>\n<p>Adem\u00e1s, dijo que una vegetaci\u00f3n saludable ayuda a una mejor filtraci\u00f3n y, por ende, una excelente calidad del agua.<\/p>\n<p>Una de las zonas en Yucat\u00e1n amenazadas por este proyecto del Tren Maya, expuso, es la Reserva de Cuxtal, porque es la zona de abastecimiento del vital l\u00edquido de M\u00e9rida. El especialista dijo que en la entidad tenemos selva baja, en la que la mayor\u00eda de los \u00e1rboles pierden sus hojas en la \u00e9poca de secas y est\u00e1n adaptadas las especies a la estacionalidad del clima.<\/p>\n<p>\u201cEl Tren Maya, que pasa por esta zona, comprometer\u00e1 de nuevo la parte del agua y es un impacto adicional al que implica el cambio clim\u00e1tico. Las selvas est\u00e1n adaptadas a condiciones de sequ\u00edas, pero con cierto patr\u00f3n regular de precipitaci\u00f3n. Si se cambia el patr\u00f3n, habr\u00e1 problemas con las plantas, los arbustos, las hierbas, porque es dif\u00edcil adaptarse a patrones irregulares, extremos o fuera de temporada\u201d, dijo.<\/p>\n<p>Agreg\u00f3 que, si se suma a esto la deforestaci\u00f3n y la p\u00e9rdida del suelo, son factores que repercuten en algunos de los servicios ambientales, como la mitigaci\u00f3n del cambio clim\u00e1tico, regulaci\u00f3n de la calidad y cantidad de agua, as\u00ed como la pureza del aire.<\/p>\n<p>Dupuy Rada consider\u00f3 que s\u00ed hay una deforestaci\u00f3n, aunque se hable de solamente una ampliaci\u00f3n del derecho de v\u00eda, porque se trata de muchos metros, afectando en muchos casos especies longevas.<\/p>\n<p>\u201cS\u00ed hay una afectaci\u00f3n, por eso mismo que se menciona. Hay una ampliaci\u00f3n del derecho de v\u00eda, pero, adem\u00e1s de eso, en la construcci\u00f3n del Tren hay otras obras de infraestructura que tambi\u00e9n implican desmonte, zonas de abastecimiento donde ir\u00e1n almacenando el material a cierto intervalo y se tiene que hacer gu\u00edas de acceso, lo que es un impacto adicional\u201d, expuso.<\/p>\n<p>Adem\u00e1s, coment\u00f3 que la idea de polos de desarrollo en las estaciones ser\u00e1 de importante impacto, en particular en las zonas menos urbanizadas.<\/p>\n<p>\u201cHablamos de las zonas rurales, las menos urbanizadas, donde se dar\u00e1 este impacto de los desarrollos urbanos, de los polos de desarrollo, porque en un momento llegaron a hablar que cada polo tendr\u00e1 unos 50 mil habitantes\u201d, dijo.<\/p>\n<p>Expuso que, si bien a veces se desmonta vegetaci\u00f3n menor y otras tienen gran capacidad de adaptaci\u00f3n, como el uaxim, hay otras especies como el guano, y \u00e1rboles de mayor porte que toma mucho tiempo su crecimiento y que se ver\u00edan impactados, como la ceiba el pich, incluso como el tzalam, el Jabin, el Chac\u00e1.<\/p>\n<p>\u201cTodas estas especies, que son bastante grandes, toman mucho tiempo para su crecimiento y se van a ver afectadas\u201d, dijo.<\/p>\n<p>Consider\u00f3 que la p\u00e9rdida de vegetaci\u00f3n tambi\u00e9n traer\u00e1 consigo dos aspectos negativos. Uno de ellos es la p\u00e9rdida de h\u00e1bitat.<\/p>\n<p>\u201cCuando una selva se deforesta para dar lugar a un polo de desarrollo, como habr\u00e1 a lo largo del Tren Maya, que se habla de entre 18 y 20 polos de desarrollo urbano, lugares donde habr\u00e1 estaciones del Tren y quieren fomentar el desarrollo urbano que muchas veces es a costa de la vegetaci\u00f3n natural, implica p\u00e9rdida de h\u00e1bitat que afecta a muchas especies de flora y fauna\u201d. <\/p>\n<p>\u201cOtra consecuencia es la fragmentaci\u00f3n, donde el paisaje pasa de formas continuas a fragmentos cada vez m\u00e1s peque\u00f1os y m\u00e1s aislados de vegetaci\u00f3n; esa reducci\u00f3n del h\u00e1bitat que va acompa\u00f1ada de un cambio, de manera que ya no son tramos grandes sino cada vez m\u00e1s peque\u00f1os, con m\u00e1s cantidad de bordes y eso afecta a la fauna y a la flora\u201d, expuso.<\/p>\n<p>SY<\/p>\n<p><a href=\"https:\/\/www.poresto.net\/tren-maya\/2021\/3\/14\/tren-maya-amenaza-ambiental-para-yucatan-advierte-cinvestav-242683.html\" rel=\"noopener\" target=\"_blank\">https:\/\/www.poresto.net\/tren-maya\/2021\/3\/14\/tren-maya-amenaza-ambiental-para-yucatan-advierte-cinvestav-242683.html<\/a><\/p>\n","protected":false},"excerpt":{"rendered":"<p>Por David Rico \/ PorEsto! El desmonte de vegetaci\u00f3n y deforestaci\u00f3n que trae consigo el proyecto del Tren Maya repercutir\u00e1 en los servicios ambientales que las diferentes especies prestan, como &hellip; <a href=\"https:\/\/www.grieta.org.mx\/index.php\/2021\/03\/14\/tren-maya-amenaza-ambiental-para-yucatan-advierte-cinvestav\/\" class=\"more-link\">Leer m\u00e1s<\/a><\/p>\n","protected":false},"author":2,"featured_media":57753,"comment_status":"closed","ping_status":"closed","sticky":false,"template":"","format":"standard","meta":{"ngg_post_thumbnail":0,"_jetpack_newsletter_access":"","_jetpack_dont_email_post_to_subs":false,"_jetpack_newsletter_tier_id":0,"_jetpack_memberships_contains_paywalled_content":false,"_jetpack_memberships_contains_paid_content":false,"footnotes":""},"categories":[11,80,3,922,926,944,952,2,28,1875,1876,1877,2044,36],"tags":[2988,2987,1878],"class_list":["post-57752","post","type-post","status-publish","format-standard","has-post-thumbnail","hentry","category-campeche","category-cintillo","category-megaproyectos","category-megaproyectos-estados","category-mp-campeche","category-mp-quintana-roo","category-mp-yucatan","category-noticias-nacionales","category-quintana-roo","category-resistencia-al-tren-maya-en-la-peninsula-de-yucatan","category-resistencia-al-tren-maya-en-la-peninsula-de-yucatan-quintana-roo","category-resistencia-al-tren-maya-en-la-peninsula-de-yucatan-campeche","category-tren-maya-analisis","category-yucatan","tag-deforestacion-por-el-tren-maya","tag-impacto-ecologico-por-tren-maya","tag-tren-maya","entry"],"jetpack_featured_media_url":"https:\/\/www.grieta.org.mx\/wp-content\/uploads\/2021\/03\/TrenCinvestav-e1616113010256.png","jetpack_sharing_enabled":true,"jetpack_shortlink":"https:\/\/wp.me\/p7ZJR4-f1u","jetpack_likes_enabled":false,"jetpack-related-posts":[{"id":47874,"url":"https:\/\/www.grieta.org.mx\/index.php\/2020\/04\/13\/las-vias-torcidas-del-tren-maya-video\/","url_meta":{"origin":57752,"position":0},"title":"Las v\u00edas torcidas del tren maya (Video)","author":"grieta","date":"13 abril, 2020","format":false,"excerpt":"https:\/\/www.youtube.com\/watch?v=k8FRX9eT0YY","rel":"","context":"En &quot;16. Pueblo Maya&quot;","block_context":{"text":"16. Pueblo Maya","link":"https:\/\/www.grieta.org.mx\/index.php\/category\/espejos-de-la-resistencia\/16-pueblo-maya\/"},"img":{"alt_text":"","src":"https:\/\/i0.wp.com\/www.grieta.org.mx\/wp-content\/uploads\/2020\/04\/ViasTorcidasTrenMaya.png?resize=350%2C200&ssl=1","width":350,"height":200,"srcset":"https:\/\/i0.wp.com\/www.grieta.org.mx\/wp-content\/uploads\/2020\/04\/ViasTorcidasTrenMaya.png?resize=350%2C200&ssl=1 1x, https:\/\/i0.wp.com\/www.grieta.org.mx\/wp-content\/uploads\/2020\/04\/ViasTorcidasTrenMaya.png?resize=525%2C300&ssl=1 1.5x, https:\/\/i0.wp.com\/www.grieta.org.mx\/wp-content\/uploads\/2020\/04\/ViasTorcidasTrenMaya.png?resize=700%2C400&ssl=1 2x"},"classes":[]},{"id":35945,"url":"https:\/\/www.grieta.org.mx\/index.php\/2019\/07\/05\/expansion-de-megaproyectos-en-la-peninsula-de-yucatan-video\/","url_meta":{"origin":57752,"position":1},"title":"Expansi\u00f3n de Megaproyectos en la Pen\u00ednsula de Yucat\u00e1n (Video)","author":"grieta","date":"5 julio, 2019","format":false,"excerpt":"https:\/\/youtu.be\/qLBARIAaBsI","rel":"","context":"En &quot;Campeche&quot;","block_context":{"text":"Campeche","link":"https:\/\/www.grieta.org.mx\/index.php\/category\/noticias-nacionales\/campeche\/"},"img":{"alt_text":"","src":"https:\/\/i0.wp.com\/img.youtube.com\/vi\/qLBARIAaBsI\/0.jpg?resize=350%2C200","width":350,"height":200},"classes":[]},{"id":65964,"url":"https:\/\/www.grieta.org.mx\/index.php\/2022\/12\/15\/tren-maya-duplica-tendencia-de-deforestacion-en-el-sureste-mexicano\/","url_meta":{"origin":57752,"position":2},"title":"Tren Maya duplica tendencia de deforestaci\u00f3n en el sureste mexicano","author":"grieta","date":"15 diciembre, 2022","format":false,"excerpt":"Jes\u00fas V\u00e1zquez \/ Foto: Cuartoscuro \/ El Economista Canc\u00fan, QR. Con la construcci\u00f3n y entrada de operaci\u00f3n del Tren Maya, la tendencia de deforestaci\u00f3n neta en la regi\u00f3n de influencia del proyecto aumentar\u00e1 de 9,786 hect\u00e1reas por a\u00f1o (ha\/a\u00f1o) a 12,189.2 ha\/a\u00f1o entre el 2018 y el 2030, lo que\u2026","rel":"","context":"En &quot;Campeche&quot;","block_context":{"text":"Campeche","link":"https:\/\/www.grieta.org.mx\/index.php\/category\/noticias-nacionales\/campeche\/"},"img":{"alt_text":"","src":"https:\/\/i0.wp.com\/www.grieta.org.mx\/wp-content\/uploads\/2022\/12\/Deforestacion-e1671797549818.jpg?resize=350%2C200&ssl=1","width":350,"height":200,"srcset":"https:\/\/i0.wp.com\/www.grieta.org.mx\/wp-content\/uploads\/2022\/12\/Deforestacion-e1671797549818.jpg?resize=350%2C200&ssl=1 1x, https:\/\/i0.wp.com\/www.grieta.org.mx\/wp-content\/uploads\/2022\/12\/Deforestacion-e1671797549818.jpg?resize=525%2C300&ssl=1 1.5x, https:\/\/i0.wp.com\/www.grieta.org.mx\/wp-content\/uploads\/2022\/12\/Deforestacion-e1671797549818.jpg?resize=700%2C400&ssl=1 2x"},"classes":[]},{"id":68844,"url":"https:\/\/www.grieta.org.mx\/index.php\/2024\/04\/29\/ambientalistas-clausuran-las-oficinas-de-semarnat-tras-calificarla-de-ecocida-quintana-roo\/","url_meta":{"origin":57752,"position":3},"title":"Ambientalistas &#8220;clausuran&#8221; las oficinas de Semarnat tras calificarla de ecocida (Quintana Roo)","author":"grieta","date":"29 abril, 2024","format":false,"excerpt":"Leslie Gordillo \/ NOTICARIBE PENINSULAR CANC\u00daN.- Un grupo de ambientalistas, representante de diferentes organismos y asociaciones civiles, se manifestaron en la zona hotelera de Canc\u00fan y clausuraron de manera simb\u00f3lica las oficinas de la Secretar\u00eda de Medio Ambiente y Recursos Naturales (Semarnat). La denuncia es que la Semarnat ha sido\u2026","rel":"","context":"En &quot;Campeche&quot;","block_context":{"text":"Campeche","link":"https:\/\/www.grieta.org.mx\/index.php\/category\/noticias-nacionales\/campeche\/"},"img":{"alt_text":"","src":"https:\/\/i0.wp.com\/www.grieta.org.mx\/wp-content\/uploads\/2024\/04\/ambientalitas-e1715552774254.jpg?resize=350%2C200&ssl=1","width":350,"height":200,"srcset":"https:\/\/i0.wp.com\/www.grieta.org.mx\/wp-content\/uploads\/2024\/04\/ambientalitas-e1715552774254.jpg?resize=350%2C200&ssl=1 1x, https:\/\/i0.wp.com\/www.grieta.org.mx\/wp-content\/uploads\/2024\/04\/ambientalitas-e1715552774254.jpg?resize=525%2C300&ssl=1 1.5x, https:\/\/i0.wp.com\/www.grieta.org.mx\/wp-content\/uploads\/2024\/04\/ambientalitas-e1715552774254.jpg?resize=700%2C400&ssl=1 2x"},"classes":[]},{"id":45360,"url":"https:\/\/www.grieta.org.mx\/index.php\/2020\/02\/27\/no-estamos-peleando-la-suspension-provisional-del-tren-maya-sino-la-definitiva-cruz-rueda\/","url_meta":{"origin":57752,"position":4},"title":"&#8220;No estamos peleando la suspensi\u00f3n provisional del Tren Maya, sino la definitiva&#8221;: Cruz Rueda","author":"grieta","date":"27 febrero, 2020","format":false,"excerpt":"Impugnaci\u00f3n de Presidencia \"no nos quita el sue\u00f1o\" Abraham Bote \/Foto: Tomada de Twitter \/La Jornada Maya M\u00e9rida, Yucat\u00e1n Respecto a la impugnaci\u00f3n que realiz\u00f3 la Presidencia de la Rep\u00fablica y el apoderado de la Naci\u00f3n Financiera (Nafin), contra la suspensi\u00f3n provisional del proyecto de Tren Maya, la asesora jur\u00eddica\u2026","rel":"","context":"En &quot;16. Pueblo Maya&quot;","block_context":{"text":"16. Pueblo Maya","link":"https:\/\/www.grieta.org.mx\/index.php\/category\/espejos-de-la-resistencia\/16-pueblo-maya\/"},"img":{"alt_text":"","src":"https:\/\/i0.wp.com\/www.grieta.org.mx\/wp-content\/uploads\/2020\/02\/TrenMallaCampeche.png?resize=350%2C200&ssl=1","width":350,"height":200,"srcset":"https:\/\/i0.wp.com\/www.grieta.org.mx\/wp-content\/uploads\/2020\/02\/TrenMallaCampeche.png?resize=350%2C200&ssl=1 1x, https:\/\/i0.wp.com\/www.grieta.org.mx\/wp-content\/uploads\/2020\/02\/TrenMallaCampeche.png?resize=525%2C300&ssl=1 1.5x, https:\/\/i0.wp.com\/www.grieta.org.mx\/wp-content\/uploads\/2020\/02\/TrenMallaCampeche.png?resize=700%2C400&ssl=1 2x"},"classes":[]},{"id":64433,"url":"https:\/\/www.grieta.org.mx\/index.php\/2022\/06\/09\/con-omisiones-e-imprecisiones-la-manifestacion-de-impacto-ambiental-para-el-tren-maya-ong\/","url_meta":{"origin":57752,"position":5},"title":"Con omisiones e imprecisiones, la Manifestaci\u00f3n de Impacto Ambiental para el Tren Maya: ONG","author":"grieta","date":"9 junio, 2022","format":false,"excerpt":"Proceso CIUDAD DE M\u00c9XICO (apro).\u2013 La Manifestaci\u00f3n de Impacto Ambiental (MIA) que el Fondo Nacional de Fomento al Turismo (Fonatur) elabor\u00f3 para reiniciar las obras del Tramo 5 Sur del Tren Maya tiene \u201cuna gran cantidad de omisiones e imprecisiones\u201d en informaci\u00f3n \u201cesencial\u201d para determinar los impactos ambientales del megaproyecto\u2026","rel":"","context":"En &quot;Campeche&quot;","block_context":{"text":"Campeche","link":"https:\/\/www.grieta.org.mx\/index.php\/category\/noticias-nacionales\/campeche\/"},"img":{"alt_text":"","src":"https:\/\/i0.wp.com\/www.grieta.org.mx\/wp-content\/uploads\/2022\/06\/MIATren-e1655851330619.png?resize=350%2C200&ssl=1","width":350,"height":200,"srcset":"https:\/\/i0.wp.com\/www.grieta.org.mx\/wp-content\/uploads\/2022\/06\/MIATren-e1655851330619.png?resize=350%2C200&ssl=1 1x, https:\/\/i0.wp.com\/www.grieta.org.mx\/wp-content\/uploads\/2022\/06\/MIATren-e1655851330619.png?resize=525%2C300&ssl=1 1.5x, https:\/\/i0.wp.com\/www.grieta.org.mx\/wp-content\/uploads\/2022\/06\/MIATren-e1655851330619.png?resize=700%2C400&ssl=1 2x"},"classes":[]}],"_links":{"self":[{"href":"https:\/\/www.grieta.org.mx\/index.php\/wp-json\/wp\/v2\/posts\/57752","targetHints":{"allow":["GET"]}}],"collection":[{"href":"https:\/\/www.grieta.org.mx\/index.php\/wp-json\/wp\/v2\/posts"}],"about":[{"href":"https:\/\/www.grieta.org.mx\/index.php\/wp-json\/wp\/v2\/types\/post"}],"author":[{"embeddable":true,"href":"https:\/\/www.grieta.org.mx\/index.php\/wp-json\/wp\/v2\/users\/2"}],"replies":[{"embeddable":true,"href":"https:\/\/www.grieta.org.mx\/index.php\/wp-json\/wp\/v2\/comments?post=57752"}],"version-history":[{"count":1,"href":"https:\/\/www.grieta.org.mx\/index.php\/wp-json\/wp\/v2\/posts\/57752\/revisions"}],"predecessor-version":[{"id":57754,"href":"https:\/\/www.grieta.org.mx\/index.php\/wp-json\/wp\/v2\/posts\/57752\/revisions\/57754"}],"wp:featuredmedia":[{"embeddable":true,"href":"https:\/\/www.grieta.org.mx\/index.php\/wp-json\/wp\/v2\/media\/57753"}],"wp:attachment":[{"href":"https:\/\/www.grieta.org.mx\/index.php\/wp-json\/wp\/v2\/media?parent=57752"}],"wp:term":[{"taxonomy":"category","embeddable":true,"href":"https:\/\/www.grieta.org.mx\/index.php\/wp-json\/wp\/v2\/categories?post=57752"},{"taxonomy":"post_tag","embeddable":true,"href":"https:\/\/www.grieta.org.mx\/index.php\/wp-json\/wp\/v2\/tags?post=57752"}],"curies":[{"name":"wp","href":"https:\/\/api.w.org\/{rel}","templated":true}]}}