{"id":57676,"date":"2021-03-09T12:33:52","date_gmt":"2021-03-09T18:33:52","guid":{"rendered":"http:\/\/www.grieta.org.mx\/?p=57676"},"modified":"2021-03-15T12:55:37","modified_gmt":"2021-03-15T18:55:37","slug":"vivas-se-las-llevaron-vivas-las-queremos-colima","status":"publish","type":"post","link":"https:\/\/www.grieta.org.mx\/index.php\/2021\/03\/09\/vivas-se-las-llevaron-vivas-las-queremos-colima\/","title":{"rendered":"\u00a1Vivas se las llevaron, vivas las queremos! (Colima)"},"content":{"rendered":"<p><img loading=\"lazy\" decoding=\"async\" data-attachment-id=\"57677\" data-permalink=\"https:\/\/www.grieta.org.mx\/index.php\/2021\/03\/09\/vivas-se-las-llevaron-vivas-las-queremos-colima\/158717439_10222890468623821_3658655491035198276_o-1536x1152\/\" data-orig-file=\"https:\/\/www.grieta.org.mx\/wp-content\/uploads\/2021\/03\/158717439_10222890468623821_3658655491035198276_o-1536x1152-1.jpg\" data-orig-size=\"1536,1152\" data-comments-opened=\"0\" data-image-meta=\"{&quot;aperture&quot;:&quot;0&quot;,&quot;credit&quot;:&quot;&quot;,&quot;camera&quot;:&quot;&quot;,&quot;caption&quot;:&quot;&quot;,&quot;created_timestamp&quot;:&quot;0&quot;,&quot;copyright&quot;:&quot;&quot;,&quot;focal_length&quot;:&quot;0&quot;,&quot;iso&quot;:&quot;0&quot;,&quot;shutter_speed&quot;:&quot;0&quot;,&quot;title&quot;:&quot;&quot;,&quot;orientation&quot;:&quot;0&quot;}\" data-image-title=\"158717439_10222890468623821_3658655491035198276_o-1536&amp;#215;1152\" data-image-description=\"\" data-image-caption=\"\" data-medium-file=\"https:\/\/www.grieta.org.mx\/wp-content\/uploads\/2021\/03\/158717439_10222890468623821_3658655491035198276_o-1536x1152-1-300x225.jpg\" data-large-file=\"https:\/\/www.grieta.org.mx\/wp-content\/uploads\/2021\/03\/158717439_10222890468623821_3658655491035198276_o-1536x1152-1-1024x768.jpg\" class=\"wp-image-57677 aligncenter\" src=\"http:\/\/www.grieta.org.mx\/wp-content\/uploads\/2021\/03\/158717439_10222890468623821_3658655491035198276_o-1536x1152-1.jpg\" alt=\"\" width=\"799\" height=\"599\" srcset=\"https:\/\/www.grieta.org.mx\/wp-content\/uploads\/2021\/03\/158717439_10222890468623821_3658655491035198276_o-1536x1152-1.jpg 1536w, https:\/\/www.grieta.org.mx\/wp-content\/uploads\/2021\/03\/158717439_10222890468623821_3658655491035198276_o-1536x1152-1-300x225.jpg 300w, https:\/\/www.grieta.org.mx\/wp-content\/uploads\/2021\/03\/158717439_10222890468623821_3658655491035198276_o-1536x1152-1-1024x768.jpg 1024w, https:\/\/www.grieta.org.mx\/wp-content\/uploads\/2021\/03\/158717439_10222890468623821_3658655491035198276_o-1536x1152-1-768x576.jpg 768w, https:\/\/www.grieta.org.mx\/wp-content\/uploads\/2021\/03\/158717439_10222890468623821_3658655491035198276_o-1536x1152-1-667x500.jpg 667w\" sizes=\"auto, (max-width: 799px) 100vw, 799px\" \/><\/p>\n<p>Foto: Bertha Reynosos<\/p>\n<p>Heidi de Le\u00f3n Guti\u00e9rrez \/ Diario Avanzada<\/p>\n<p>Colima, M\u00e9xico, Avanzada (09\/03\/2021).- Poco despu\u00e9s de las cinco de la tarde se escuch\u00f3 el primer reclamo: Vivas se las llevaron, vivas las queremos.\u00a0 Eran las mujeres que se concentraron en la Piedra Lisa para marchar\u00a0hacia Palacio de Gobierno, donde exigieron justicia por las desaparecidas y las v\u00edctimas de la violencia feminicida en\u00a0M\u00e9xico y Colima.<\/p>\n<p>El reclamo tambi\u00e9n se escuch\u00f3 en el municipio de Manzanillo, donde se registr\u00f3 una marcha para exigir justicia por los feminicidios de mujeres como Fabiola, quien fue asesinada a pu\u00f1aladas por su ex pareja el 4 de marzo de 2020 y su crimen permanece en la impunidad.<\/p>\n<p>Durante la marcha en la capital de Colima, las mujeres \u2013en su mayor\u00eda j\u00f3venes- reclamaban la indiferencia de la sociedad ante los asesinatos y la desaparici\u00f3n de mujeres y nuevamente lo hac\u00edan a trav\u00e9s de una consigna que se escuch\u00f3 durante varias cuadras hasta llegar a Palacio de Gobierno: \u201cSe\u00f1or, se\u00f1ora, no sea indiferente, se mata a las mujeres en la cara de la gente\u201d y una vez m\u00e1s, \u201cSe\u00f1or, se\u00f1ora, no sea indiferente, se mata a las mujeres en la cara de la gente\u201d.<\/p>\n<p>A su paso por las calles de la capital colimense, una mujer detuvo al contingente para contarles que estaba buscando a Johana Isabel L\u00f3pez \u00c1lvarez, \u201cfue al centro de Colima y desapareci\u00f3, como todas las mujeres que desaparecen\u201d dec\u00eda \u00a0la mujer mientras portaba una playera con la fotograf\u00eda de\u00a0<em>\u201cla china\u201d.<\/em><\/p>\n<p>Nuevamente el grito que populariz\u00f3 el comit\u00e9 Eruka, con Rosario Ibarra de Piedra se escuch\u00f3\u00a0cerca de Palacio de Gobierno: \u201cVivas se las llevaron, vivas las queremos\u201d.<\/p>\n<p>Las mujeres que marcharon la tarde de ayer en la capital Colimense\u00a0llegaron a Palacio de Gobierno, donde utilizaron las vallas que se encontraban en este lugar para, igual que en la Ciudad de M\u00e9xico, escribir los nombres de las mujeres asesinadas, y frases donde denuncian que Colima es un estado feminicida.<\/p>\n<p><a href=\"https:\/\/www.diarioavanzada.com.mx\/?p=20804\">https:\/\/www.diarioavanzada.com.mx\/?p=20804<\/a><\/p>\n","protected":false},"excerpt":{"rendered":"<p>Foto: Bertha Reynosos Heidi de Le\u00f3n Guti\u00e9rrez \/ Diario Avanzada Colima, M\u00e9xico, Avanzada (09\/03\/2021).- Poco despu\u00e9s de las cinco de la tarde se escuch\u00f3 el primer reclamo: Vivas se las &hellip; <a href=\"https:\/\/www.grieta.org.mx\/index.php\/2021\/03\/09\/vivas-se-las-llevaron-vivas-las-queremos-colima\/\" class=\"more-link\">Leer m\u00e1s<\/a><\/p>\n","protected":false},"author":2,"featured_media":57677,"comment_status":"closed","ping_status":"closed","sticky":false,"template":"","format":"standard","meta":{"ngg_post_thumbnail":0,"_jetpack_newsletter_access":"","_jetpack_dont_email_post_to_subs":false,"_jetpack_newsletter_tier_id":0,"_jetpack_memberships_contains_paywalled_content":false,"_jetpack_memberships_contains_paid_content":false,"footnotes":""},"categories":[80,13,3840,2,3165,1983],"tags":[2272,2248,3208,2816,1630],"class_list":["post-57676","post","type-post","status-publish","format-standard","has-post-thumbnail","hentry","category-cintillo","category-colima","category-lucha-como-mujeres-que-somos","category-noticias-nacionales","category-resistencias","category-violencia-contra-mujeres-en-colima","tag-dia-internacional-de-la-mujer","tag-luchas-de-las-mujeres","tag-marcha-de-mujeres","tag-protestas-de-mujeres","tag-violencia-contra-las-mujeres","entry"],"jetpack_featured_media_url":"https:\/\/www.grieta.org.mx\/wp-content\/uploads\/2021\/03\/158717439_10222890468623821_3658655491035198276_o-1536x1152-1.jpg","jetpack_sharing_enabled":true,"jetpack_shortlink":"https:\/\/wp.me\/p7ZJR4-f0g","jetpack_likes_enabled":false,"jetpack-related-posts":[{"id":10996,"url":"https:\/\/www.grieta.org.mx\/index.php\/2016\/04\/24\/vivas-nos-queremos-mujeres-de-colima-se-suman-a-marcha-nacional\/","url_meta":{"origin":57676,"position":0},"title":"\u201cVivas nos queremos\u201d, mujeres de Colima se suman a marcha nacional","author":"grieta","date":"24 abril, 2016","format":false,"excerpt":"Alejandro Ar\u00e9chiga Colima.- La tarde de este domingo 24 de abril, un grupo de mujeres se manifest\u00f3 en el Jard\u00edn Libertad de la ciudad de Colima para protestar contra \u201clas violencias machistas\u201d, el acoso y exigir un alto a los feminicidios. Con el lema \u201cVivas nos queremos\u201d, esta manifestaci\u00f3n se\u2026","rel":"","context":"En &quot;CINTILLO&quot;","block_context":{"text":"CINTILLO","link":"https:\/\/www.grieta.org.mx\/index.php\/category\/cintillo\/"},"img":{"alt_text":"","src":"https:\/\/i0.wp.com\/www.grieta.org.mx\/wp-content\/uploads\/2018\/03\/14524434_1106112876131411_958039263622046936_o.jpg?resize=350%2C200&ssl=1","width":350,"height":200,"srcset":"https:\/\/i0.wp.com\/www.grieta.org.mx\/wp-content\/uploads\/2018\/03\/14524434_1106112876131411_958039263622046936_o.jpg?resize=350%2C200&ssl=1 1x, https:\/\/i0.wp.com\/www.grieta.org.mx\/wp-content\/uploads\/2018\/03\/14524434_1106112876131411_958039263622046936_o.jpg?resize=525%2C300&ssl=1 1.5x, https:\/\/i0.wp.com\/www.grieta.org.mx\/wp-content\/uploads\/2018\/03\/14524434_1106112876131411_958039263622046936_o.jpg?resize=700%2C400&ssl=1 2x"},"classes":[]},{"id":10998,"url":"https:\/\/www.grieta.org.mx\/index.php\/2016\/04\/24\/movilizacion-contra-la-violencia-hacia-las-mujeres-en-colima\/","url_meta":{"origin":57676,"position":1},"title":"Movilizaci\u00f3n contra la violencia hacia las mujeres en Colima","author":"grieta","date":"24 abril, 2016","format":false,"excerpt":"24\/04\/16. \u201cVivas nos queremos\u201d, mujeres de Colima se suman a marcha nacionalAF Medios","rel":"","context":"En &quot;Colima&quot;","block_context":{"text":"Colima","link":"https:\/\/www.grieta.org.mx\/index.php\/category\/noticias-nacionales\/colima\/"},"img":{"alt_text":"","src":"https:\/\/i0.wp.com\/www.grieta.org.mx\/wp-content\/uploads\/2018\/03\/14524434_1106112876131411_958039263622046936_o.jpg?resize=350%2C200&ssl=1","width":350,"height":200,"srcset":"https:\/\/i0.wp.com\/www.grieta.org.mx\/wp-content\/uploads\/2018\/03\/14524434_1106112876131411_958039263622046936_o.jpg?resize=350%2C200&ssl=1 1x, https:\/\/i0.wp.com\/www.grieta.org.mx\/wp-content\/uploads\/2018\/03\/14524434_1106112876131411_958039263622046936_o.jpg?resize=525%2C300&ssl=1 1.5x, https:\/\/i0.wp.com\/www.grieta.org.mx\/wp-content\/uploads\/2018\/03\/14524434_1106112876131411_958039263622046936_o.jpg?resize=700%2C400&ssl=1 2x"},"classes":[]},{"id":62566,"url":"https:\/\/www.grieta.org.mx\/index.php\/2021\/10\/23\/colima-es-el-segundo-estado-mas-letal-para-las-mujeres\/","url_meta":{"origin":57676,"position":2},"title":"Colima es el segundo estado m\u00e1s letal para las mujeres","author":"grieta","date":"23 octubre, 2021","format":false,"excerpt":"Imagen: Diario Avanzada Heidi de Le\u00f3n Guti\u00e9rrez \/ Diario Avanzada Colima, M\u00e9xico, Avanzada (23\/10\/2021).- La violencia contra las mujeres se ha convertido en un tema espinoso para el gobierno de Colima. Los datos muestran que el gobernador Ignacio Peralta S\u00e1nchez conden\u00f3 este tipo de hechos s\u00f3lo de palabras, pero nunca\u2026","rel":"","context":"En &quot;CINTILLO&quot;","block_context":{"text":"CINTILLO","link":"https:\/\/www.grieta.org.mx\/index.php\/category\/cintillo\/"},"img":{"alt_text":"","src":"https:\/\/i0.wp.com\/www.grieta.org.mx\/wp-content\/uploads\/2021\/11\/Arma.jpg?resize=350%2C200&ssl=1","width":350,"height":200},"classes":[]},{"id":11249,"url":"https:\/\/www.grieta.org.mx\/index.php\/2016\/04\/25\/vivas-se-las-llevaron-vivas-las-queremos-de-vuelta\/","url_meta":{"origin":57676,"position":3},"title":"&#8220;Vivas se las llevaron, vivas las queremos de Vuelta&#8221;","author":"grieta","date":"25 abril, 2016","format":false,"excerpt":"Xalapa, Ver.- (AVC\/Ver\u00f3nica Huerta) \"Vivas las queremos, Vivas se las llevaron\", con ese grito dio inicio la marcha en esta ciudad, que se une a la Movilizaci\u00f3n Nacional Contra las Violencias Machistas, la cual se lleva a cabo en 24 estados de la Rep\u00fablica Mexicana. Mujeres de diferentes organizaciones dedicadas\u2026","rel":"","context":"En &quot;CINTILLO&quot;","block_context":{"text":"CINTILLO","link":"https:\/\/www.grieta.org.mx\/index.php\/category\/cintillo\/"},"img":{"alt_text":"","src":"https:\/\/i0.wp.com\/www.grieta.org.mx\/wp-content\/uploads\/2018\/03\/14524434_1106112876131411_958039263622046936_o.jpg?resize=350%2C200&ssl=1","width":350,"height":200,"srcset":"https:\/\/i0.wp.com\/www.grieta.org.mx\/wp-content\/uploads\/2018\/03\/14524434_1106112876131411_958039263622046936_o.jpg?resize=350%2C200&ssl=1 1x, https:\/\/i0.wp.com\/www.grieta.org.mx\/wp-content\/uploads\/2018\/03\/14524434_1106112876131411_958039263622046936_o.jpg?resize=525%2C300&ssl=1 1.5x, https:\/\/i0.wp.com\/www.grieta.org.mx\/wp-content\/uploads\/2018\/03\/14524434_1106112876131411_958039263622046936_o.jpg?resize=700%2C400&ssl=1 2x"},"classes":[]},{"id":54762,"url":"https:\/\/www.grieta.org.mx\/index.php\/2020\/11\/03\/catrinas-marchan-contra-los-feminicidios-en-colima\/","url_meta":{"origin":57676,"position":4},"title":"Catrinas marchan contra los feminicidios en Colima","author":"grieta","date":"3 noviembre, 2020","format":false,"excerpt":"Foto: Moserrat C\u00e1rdenas Con el objetivo de visibilizar la violencia contra las mujeres en Colima, mujeres feministas caracterizadas de catrinas, realizaron una marcha por las principales calles de esta ciudad para denunciar y exigir justicia para todas las mujeres asesinada.\u00a0 Redacci\u00f3n \/ Somos El Medio Vestidas de catrinas, con flores\u2026","rel":"","context":"En &quot;CINTILLO&quot;","block_context":{"text":"CINTILLO","link":"https:\/\/www.grieta.org.mx\/index.php\/category\/cintillo\/"},"img":{"alt_text":"","src":"https:\/\/i0.wp.com\/www.grieta.org.mx\/wp-content\/uploads\/2020\/11\/MG_3108.jpg?resize=350%2C200&ssl=1","width":350,"height":200,"srcset":"https:\/\/i0.wp.com\/www.grieta.org.mx\/wp-content\/uploads\/2020\/11\/MG_3108.jpg?resize=350%2C200&ssl=1 1x, https:\/\/i0.wp.com\/www.grieta.org.mx\/wp-content\/uploads\/2020\/11\/MG_3108.jpg?resize=525%2C300&ssl=1 1.5x, https:\/\/i0.wp.com\/www.grieta.org.mx\/wp-content\/uploads\/2020\/11\/MG_3108.jpg?resize=700%2C400&ssl=1 2x, https:\/\/i0.wp.com\/www.grieta.org.mx\/wp-content\/uploads\/2020\/11\/MG_3108.jpg?resize=1050%2C600&ssl=1 3x"},"classes":[]},{"id":57671,"url":"https:\/\/www.grieta.org.mx\/index.php\/2021\/03\/09\/protestan-grupos-de-feministas-en-manzanillo-colima\/","url_meta":{"origin":57676,"position":5},"title":"Protestan grupos de feministas en Manzanillo (Colima)","author":"grieta","date":"9 marzo, 2021","format":false,"excerpt":"Foto: Carlos Vald\u00e9z Ram\u00edrez Redacci\u00f3n \/ El Noticiero En el marco del D\u00eda Internacional de la Mujer, se registr\u00f3 en este puerto la marcha de mujeres que demandaban seguridad, aborto seguro y gratuito, freno a la violencia en su contra, entre otras demandas que portaban en una serie de pancartas\u2026","rel":"","context":"En &quot;CINTILLO&quot;","block_context":{"text":"CINTILLO","link":"https:\/\/www.grieta.org.mx\/index.php\/category\/cintillo\/"},"img":{"alt_text":"","src":"https:\/\/i0.wp.com\/www.grieta.org.mx\/wp-content\/uploads\/2021\/03\/a65db5_00d841800d904125a2dd826a1472c34f_mv2-1.jpeg?resize=350%2C200&ssl=1","width":350,"height":200,"srcset":"https:\/\/i0.wp.com\/www.grieta.org.mx\/wp-content\/uploads\/2021\/03\/a65db5_00d841800d904125a2dd826a1472c34f_mv2-1.jpeg?resize=350%2C200&ssl=1 1x, https:\/\/i0.wp.com\/www.grieta.org.mx\/wp-content\/uploads\/2021\/03\/a65db5_00d841800d904125a2dd826a1472c34f_mv2-1.jpeg?resize=525%2C300&ssl=1 1.5x, https:\/\/i0.wp.com\/www.grieta.org.mx\/wp-content\/uploads\/2021\/03\/a65db5_00d841800d904125a2dd826a1472c34f_mv2-1.jpeg?resize=700%2C400&ssl=1 2x"},"classes":[]}],"_links":{"self":[{"href":"https:\/\/www.grieta.org.mx\/index.php\/wp-json\/wp\/v2\/posts\/57676","targetHints":{"allow":["GET"]}}],"collection":[{"href":"https:\/\/www.grieta.org.mx\/index.php\/wp-json\/wp\/v2\/posts"}],"about":[{"href":"https:\/\/www.grieta.org.mx\/index.php\/wp-json\/wp\/v2\/types\/post"}],"author":[{"embeddable":true,"href":"https:\/\/www.grieta.org.mx\/index.php\/wp-json\/wp\/v2\/users\/2"}],"replies":[{"embeddable":true,"href":"https:\/\/www.grieta.org.mx\/index.php\/wp-json\/wp\/v2\/comments?post=57676"}],"version-history":[{"count":1,"href":"https:\/\/www.grieta.org.mx\/index.php\/wp-json\/wp\/v2\/posts\/57676\/revisions"}],"predecessor-version":[{"id":57678,"href":"https:\/\/www.grieta.org.mx\/index.php\/wp-json\/wp\/v2\/posts\/57676\/revisions\/57678"}],"wp:featuredmedia":[{"embeddable":true,"href":"https:\/\/www.grieta.org.mx\/index.php\/wp-json\/wp\/v2\/media\/57677"}],"wp:attachment":[{"href":"https:\/\/www.grieta.org.mx\/index.php\/wp-json\/wp\/v2\/media?parent=57676"}],"wp:term":[{"taxonomy":"category","embeddable":true,"href":"https:\/\/www.grieta.org.mx\/index.php\/wp-json\/wp\/v2\/categories?post=57676"},{"taxonomy":"post_tag","embeddable":true,"href":"https:\/\/www.grieta.org.mx\/index.php\/wp-json\/wp\/v2\/tags?post=57676"}],"curies":[{"name":"wp","href":"https:\/\/api.w.org\/{rel}","templated":true}]}}