{"id":57671,"date":"2021-03-09T12:08:30","date_gmt":"2021-03-09T18:08:30","guid":{"rendered":"http:\/\/www.grieta.org.mx\/?p=57671"},"modified":"2021-03-15T12:19:35","modified_gmt":"2021-03-15T18:19:35","slug":"protestan-grupos-de-feministas-en-manzanillo-colima","status":"publish","type":"post","link":"https:\/\/www.grieta.org.mx\/index.php\/2021\/03\/09\/protestan-grupos-de-feministas-en-manzanillo-colima\/","title":{"rendered":"Protestan grupos de feministas en Manzanillo (Colima)"},"content":{"rendered":"<p><img loading=\"lazy\" decoding=\"async\" data-attachment-id=\"57672\" data-permalink=\"https:\/\/www.grieta.org.mx\/index.php\/2021\/03\/09\/protestan-grupos-de-feministas-en-manzanillo-colima\/a65db5_00d841800d904125a2dd826a1472c34f_mv2-1\/\" data-orig-file=\"https:\/\/www.grieta.org.mx\/wp-content\/uploads\/2021\/03\/a65db5_00d841800d904125a2dd826a1472c34f_mv2-1.jpeg\" data-orig-size=\"777,276\" data-comments-opened=\"0\" data-image-meta=\"{&quot;aperture&quot;:&quot;0&quot;,&quot;credit&quot;:&quot;&quot;,&quot;camera&quot;:&quot;&quot;,&quot;caption&quot;:&quot;&quot;,&quot;created_timestamp&quot;:&quot;0&quot;,&quot;copyright&quot;:&quot;&quot;,&quot;focal_length&quot;:&quot;0&quot;,&quot;iso&quot;:&quot;0&quot;,&quot;shutter_speed&quot;:&quot;0&quot;,&quot;title&quot;:&quot;&quot;,&quot;orientation&quot;:&quot;1&quot;}\" data-image-title=\"a65db5_00d841800d904125a2dd826a1472c34f_mv2-1\" data-image-description=\"\" data-image-caption=\"\" data-medium-file=\"https:\/\/www.grieta.org.mx\/wp-content\/uploads\/2021\/03\/a65db5_00d841800d904125a2dd826a1472c34f_mv2-1-300x107.jpeg\" data-large-file=\"https:\/\/www.grieta.org.mx\/wp-content\/uploads\/2021\/03\/a65db5_00d841800d904125a2dd826a1472c34f_mv2-1.jpeg\" class=\" wp-image-57672 aligncenter\" src=\"http:\/\/www.grieta.org.mx\/wp-content\/uploads\/2021\/03\/a65db5_00d841800d904125a2dd826a1472c34f_mv2-1.jpeg\" alt=\"\" width=\"800\" height=\"284\" srcset=\"https:\/\/www.grieta.org.mx\/wp-content\/uploads\/2021\/03\/a65db5_00d841800d904125a2dd826a1472c34f_mv2-1.jpeg 777w, https:\/\/www.grieta.org.mx\/wp-content\/uploads\/2021\/03\/a65db5_00d841800d904125a2dd826a1472c34f_mv2-1-300x107.jpeg 300w, https:\/\/www.grieta.org.mx\/wp-content\/uploads\/2021\/03\/a65db5_00d841800d904125a2dd826a1472c34f_mv2-1-768x273.jpeg 768w\" sizes=\"auto, (max-width: 800px) 100vw, 800px\" \/><\/p>\n<p>Foto: Carlos Vald\u00e9z Ram\u00edrez<\/p>\n<p>Redacci\u00f3n \/ El Noticiero<\/p>\n<p>En el marco del D\u00eda Internacional de la Mujer, se registr\u00f3 en este puerto la marcha de mujeres que demandaban seguridad, aborto seguro y gratuito, freno a la violencia en su contra, entre otras demandas que portaban en una serie de pancartas que exhib\u00edan mientras marchaban.<\/p>\n<p>Un grupo de m\u00e1s de cien mujeres salieron del crucero de Brisas, tomando la lateral del boulevard Miguel de la Madrid para terminar a las 19:30 horas en el estacionamiento de Soriana.<\/p>\n<p><em>Esta manifestaci\u00f3n feminista se registr\u00f3 en un marco de civilidad, ya que no hubo da\u00f1os a establecimientos comerciales, edi\u00adficios p\u00fablicos y tampoco pintas en los espacios por donde transitaron o a donde llegaron.<\/em><\/p>\n<p>Otro grupo de mujeres se manifestaron en el jard\u00edn del Centro Hist\u00f3rico de la ciudad, donde se colocaron \u201clazos de denuncias\u201d para que las mujeres se expresaran libremente, con la seguridad de \u201cno estar solas\u201d.<\/p>\n<p>Sara Cerna, asegur\u00f3 en este lugar que en este movimiento no hab\u00eda intromisi\u00f3n de partidos pol\u00edticos ni intereses de ese tipo.<\/p>\n<p>Tambi\u00e9n se dieron lecturas diversas en donde tambi\u00e9n se pronunciaron en favor de las desparecidas y exigieron que las autoridades localizan a quienes no han sido encontradas pero tambi\u00e9n frenen la desaparici\u00f3n de mujeres.<\/p>\n<p><a href=\"https:\/\/elnoticieroenlinea.com\/protestan-grupos-de-feministas-en-manzanillo\/\">https:\/\/elnoticieroenlinea.com\/protestan-grupos-de-feministas-en-manzanillo\/<\/a><\/p>\n","protected":false},"excerpt":{"rendered":"<p>Foto: Carlos Vald\u00e9z Ram\u00edrez Redacci\u00f3n \/ El Noticiero En el marco del D\u00eda Internacional de la Mujer, se registr\u00f3 en este puerto la marcha de mujeres que demandaban seguridad, aborto &hellip; <a href=\"https:\/\/www.grieta.org.mx\/index.php\/2021\/03\/09\/protestan-grupos-de-feministas-en-manzanillo-colima\/\" class=\"more-link\">Leer m\u00e1s<\/a><\/p>\n","protected":false},"author":2,"featured_media":57672,"comment_status":"closed","ping_status":"closed","sticky":false,"template":"","format":"standard","meta":{"ngg_post_thumbnail":0,"_jetpack_newsletter_access":"","_jetpack_dont_email_post_to_subs":false,"_jetpack_newsletter_tier_id":0,"_jetpack_memberships_contains_paywalled_content":false,"_jetpack_memberships_contains_paid_content":false,"footnotes":""},"categories":[80,13,3840,2,3165,1983],"tags":[2272,2248,2317,3208,1630],"class_list":["post-57671","post","type-post","status-publish","format-standard","has-post-thumbnail","hentry","category-cintillo","category-colima","category-lucha-como-mujeres-que-somos","category-noticias-nacionales","category-resistencias","category-violencia-contra-mujeres-en-colima","tag-dia-internacional-de-la-mujer","tag-luchas-de-las-mujeres","tag-manifestaciones-de-mujeres","tag-marcha-de-mujeres","tag-violencia-contra-las-mujeres","entry"],"jetpack_featured_media_url":"https:\/\/www.grieta.org.mx\/wp-content\/uploads\/2021\/03\/a65db5_00d841800d904125a2dd826a1472c34f_mv2-1.jpeg","jetpack_sharing_enabled":true,"jetpack_shortlink":"https:\/\/wp.me\/p7ZJR4-f0b","jetpack_likes_enabled":false,"jetpack-related-posts":[{"id":57676,"url":"https:\/\/www.grieta.org.mx\/index.php\/2021\/03\/09\/vivas-se-las-llevaron-vivas-las-queremos-colima\/","url_meta":{"origin":57671,"position":0},"title":"\u00a1Vivas se las llevaron, vivas las queremos! (Colima)","author":"grieta","date":"9 marzo, 2021","format":false,"excerpt":"Foto: Bertha Reynosos Heidi de Le\u00f3n Guti\u00e9rrez \/ Diario Avanzada Colima, M\u00e9xico, Avanzada (09\/03\/2021).- Poco despu\u00e9s de las cinco de la tarde se escuch\u00f3 el primer reclamo: Vivas se las llevaron, vivas las queremos.\u00a0 Eran las mujeres que se concentraron en la Piedra Lisa para marchar\u00a0hacia Palacio de Gobierno, donde\u2026","rel":"","context":"En &quot;CINTILLO&quot;","block_context":{"text":"CINTILLO","link":"https:\/\/www.grieta.org.mx\/index.php\/category\/cintillo\/"},"img":{"alt_text":"","src":"https:\/\/i0.wp.com\/www.grieta.org.mx\/wp-content\/uploads\/2021\/03\/158717439_10222890468623821_3658655491035198276_o-1536x1152-1.jpg?resize=350%2C200&ssl=1","width":350,"height":200,"srcset":"https:\/\/i0.wp.com\/www.grieta.org.mx\/wp-content\/uploads\/2021\/03\/158717439_10222890468623821_3658655491035198276_o-1536x1152-1.jpg?resize=350%2C200&ssl=1 1x, https:\/\/i0.wp.com\/www.grieta.org.mx\/wp-content\/uploads\/2021\/03\/158717439_10222890468623821_3658655491035198276_o-1536x1152-1.jpg?resize=525%2C300&ssl=1 1.5x, https:\/\/i0.wp.com\/www.grieta.org.mx\/wp-content\/uploads\/2021\/03\/158717439_10222890468623821_3658655491035198276_o-1536x1152-1.jpg?resize=700%2C400&ssl=1 2x, https:\/\/i0.wp.com\/www.grieta.org.mx\/wp-content\/uploads\/2021\/03\/158717439_10222890468623821_3658655491035198276_o-1536x1152-1.jpg?resize=1050%2C600&ssl=1 3x, https:\/\/i0.wp.com\/www.grieta.org.mx\/wp-content\/uploads\/2021\/03\/158717439_10222890468623821_3658655491035198276_o-1536x1152-1.jpg?resize=1400%2C800&ssl=1 4x"},"classes":[]},{"id":66455,"url":"https:\/\/www.grieta.org.mx\/index.php\/2023\/03\/09\/exigen-en-tecoman-el-esclarecimiento-de-los-crimenes-cometidos-contra-las-mujeres-colima\/","url_meta":{"origin":57671,"position":1},"title":"Exigen en Tecom\u00e1n el esclarecimiento de los cr\u00edmenes cometidos contra las mujeres (Colima)","author":"grieta","date":"9 marzo, 2023","format":false,"excerpt":"Imagen: El Comentario Yensuni L\u00f3pez Aldape \/ El Comentario Un grupo de m\u00e1s de un centenar de\u00a0j\u00f3venes feministas\u00a0marcharon esta tarde (8), en el marco del D\u00eda Internacional de la Mujer, partiendo del parque Insurgentes hasta llegar al jard\u00edn principal de Tecom\u00e1n, donde reclamaron a las autoridades de los 3 \u00f3rdenes\u2026","rel":"","context":"En &quot;CINTILLO&quot;","block_context":{"text":"CINTILLO","link":"https:\/\/www.grieta.org.mx\/index.php\/category\/cintillo\/"},"img":{"alt_text":"","src":"https:\/\/i0.wp.com\/www.grieta.org.mx\/wp-content\/uploads\/2023\/03\/Tecoman-5.jpeg?resize=350%2C200&ssl=1","width":350,"height":200,"srcset":"https:\/\/i0.wp.com\/www.grieta.org.mx\/wp-content\/uploads\/2023\/03\/Tecoman-5.jpeg?resize=350%2C200&ssl=1 1x, https:\/\/i0.wp.com\/www.grieta.org.mx\/wp-content\/uploads\/2023\/03\/Tecoman-5.jpeg?resize=525%2C300&ssl=1 1.5x, https:\/\/i0.wp.com\/www.grieta.org.mx\/wp-content\/uploads\/2023\/03\/Tecoman-5.jpeg?resize=700%2C400&ssl=1 2x"},"classes":[]},{"id":57666,"url":"https:\/\/www.grieta.org.mx\/index.php\/2021\/03\/08\/se-manifiestan-feministas-en-tepic-en-el-dia-internacional-de-la-mujer-nayarit\/","url_meta":{"origin":57671,"position":2},"title":"Se manifiestan feministas en Tepic en el D\u00eda Internacional de la Mujer (Nayarit)","author":"grieta","date":"8 marzo, 2021","format":false,"excerpt":"Foto: El Sol de Nayarit Redacci\u00f3n \/ El Sol de Nayarit En el Marco del D\u00eda Internacional de la Mujer, mujeres de diferentes colectivas se manifestaron este lunes 08 de Marzo en la Ciudad de Tepic. El grupo feminista sali\u00f3 a las calles para reclamar a las autoridades estatales, el\u2026","rel":"","context":"En &quot;CINTILLO&quot;","block_context":{"text":"CINTILLO","link":"https:\/\/www.grieta.org.mx\/index.php\/category\/cintillo\/"},"img":{"alt_text":"","src":"https:\/\/i0.wp.com\/www.grieta.org.mx\/wp-content\/uploads\/2021\/03\/76011__20210308233353_317fina.jpg?resize=350%2C200&ssl=1","width":350,"height":200,"srcset":"https:\/\/i0.wp.com\/www.grieta.org.mx\/wp-content\/uploads\/2021\/03\/76011__20210308233353_317fina.jpg?resize=350%2C200&ssl=1 1x, https:\/\/i0.wp.com\/www.grieta.org.mx\/wp-content\/uploads\/2021\/03\/76011__20210308233353_317fina.jpg?resize=525%2C300&ssl=1 1.5x"},"classes":[]},{"id":62695,"url":"https:\/\/www.grieta.org.mx\/index.php\/2021\/11\/17\/feministas-convocan-a-marcha-por-el-dia-internacional-de-la-eliminacion-de-la-violencia-contra-la-mujer-nayarit\/","url_meta":{"origin":57671,"position":3},"title":"Feministas convocan a marcha por el \u201cD\u00eda Internacional de la Eliminaci\u00f3n de la Violencia Contra la Mujer\u201d (Nayarit)","author":"grieta","date":"17 noviembre, 2021","format":false,"excerpt":"Foto: Realidades de Nayarit Mildra Ben\u00edtez Robledo \/ Realidades de Nayarit Tepic, Nayarit.- Mi\u00e9rcoles 17 de noviembre del 2021.- En el marco del \u201cD\u00eda Internacional de la Eliminaci\u00f3n de la Violencia Contra la Mujer\u201d, el 25 de noviembre, se llevar\u00e1 a cabo a las 16:30 horas una marcha en la\u2026","rel":"","context":"En &quot;CINTILLO&quot;","block_context":{"text":"CINTILLO","link":"https:\/\/www.grieta.org.mx\/index.php\/category\/cintillo\/"},"img":{"alt_text":"","src":"https:\/\/i0.wp.com\/www.grieta.org.mx\/wp-content\/uploads\/2021\/11\/violencia.jpg?resize=350%2C200&ssl=1","width":350,"height":200,"srcset":"https:\/\/i0.wp.com\/www.grieta.org.mx\/wp-content\/uploads\/2021\/11\/violencia.jpg?resize=350%2C200&ssl=1 1x, https:\/\/i0.wp.com\/www.grieta.org.mx\/wp-content\/uploads\/2021\/11\/violencia.jpg?resize=525%2C300&ssl=1 1.5x, https:\/\/i0.wp.com\/www.grieta.org.mx\/wp-content\/uploads\/2021\/11\/violencia.jpg?resize=700%2C400&ssl=1 2x"},"classes":[]},{"id":10998,"url":"https:\/\/www.grieta.org.mx\/index.php\/2016\/04\/24\/movilizacion-contra-la-violencia-hacia-las-mujeres-en-colima\/","url_meta":{"origin":57671,"position":4},"title":"Movilizaci\u00f3n contra la violencia hacia las mujeres en Colima","author":"grieta","date":"24 abril, 2016","format":false,"excerpt":"24\/04\/16. \u201cVivas nos queremos\u201d, mujeres de Colima se suman a marcha nacionalAF Medios","rel":"","context":"En &quot;Colima&quot;","block_context":{"text":"Colima","link":"https:\/\/www.grieta.org.mx\/index.php\/category\/noticias-nacionales\/colima\/"},"img":{"alt_text":"","src":"https:\/\/i0.wp.com\/www.grieta.org.mx\/wp-content\/uploads\/2018\/03\/14524434_1106112876131411_958039263622046936_o.jpg?resize=350%2C200&ssl=1","width":350,"height":200,"srcset":"https:\/\/i0.wp.com\/www.grieta.org.mx\/wp-content\/uploads\/2018\/03\/14524434_1106112876131411_958039263622046936_o.jpg?resize=350%2C200&ssl=1 1x, https:\/\/i0.wp.com\/www.grieta.org.mx\/wp-content\/uploads\/2018\/03\/14524434_1106112876131411_958039263622046936_o.jpg?resize=525%2C300&ssl=1 1.5x, https:\/\/i0.wp.com\/www.grieta.org.mx\/wp-content\/uploads\/2018\/03\/14524434_1106112876131411_958039263622046936_o.jpg?resize=700%2C400&ssl=1 2x"},"classes":[]},{"id":68593,"url":"https:\/\/www.grieta.org.mx\/index.php\/2024\/03\/09\/reprime-gobierno-de-colima-marcha-del-8m\/","url_meta":{"origin":57671,"position":5},"title":"Reprime Gobierno de Colima marcha del 8M","author":"grieta","date":"9 marzo, 2024","format":false,"excerpt":"Imagen: Diario Avanzada Somoselmedio \/ @Somoselmedio Colima, Colima, 9 de marzo 2024.-\u00a0El llamado de al menos tres mil mujeres en Colima para cesar la violencia en su contra fue interrumpido por el gas lacrim\u00f3geno que el gobierno estatal lanz\u00f3 a las manifestantes desde el interior de Palacio de Gobierno generando\u2026","rel":"","context":"En &quot;CINTILLO&quot;","block_context":{"text":"CINTILLO","link":"https:\/\/www.grieta.org.mx\/index.php\/category\/cintillo\/"},"img":{"alt_text":"","src":"https:\/\/i0.wp.com\/www.grieta.org.mx\/wp-content\/uploads\/2024\/03\/aa-12.jpg?resize=350%2C200&ssl=1","width":350,"height":200,"srcset":"https:\/\/i0.wp.com\/www.grieta.org.mx\/wp-content\/uploads\/2024\/03\/aa-12.jpg?resize=350%2C200&ssl=1 1x, https:\/\/i0.wp.com\/www.grieta.org.mx\/wp-content\/uploads\/2024\/03\/aa-12.jpg?resize=525%2C300&ssl=1 1.5x, https:\/\/i0.wp.com\/www.grieta.org.mx\/wp-content\/uploads\/2024\/03\/aa-12.jpg?resize=700%2C400&ssl=1 2x, https:\/\/i0.wp.com\/www.grieta.org.mx\/wp-content\/uploads\/2024\/03\/aa-12.jpg?resize=1050%2C600&ssl=1 3x"},"classes":[]}],"_links":{"self":[{"href":"https:\/\/www.grieta.org.mx\/index.php\/wp-json\/wp\/v2\/posts\/57671","targetHints":{"allow":["GET"]}}],"collection":[{"href":"https:\/\/www.grieta.org.mx\/index.php\/wp-json\/wp\/v2\/posts"}],"about":[{"href":"https:\/\/www.grieta.org.mx\/index.php\/wp-json\/wp\/v2\/types\/post"}],"author":[{"embeddable":true,"href":"https:\/\/www.grieta.org.mx\/index.php\/wp-json\/wp\/v2\/users\/2"}],"replies":[{"embeddable":true,"href":"https:\/\/www.grieta.org.mx\/index.php\/wp-json\/wp\/v2\/comments?post=57671"}],"version-history":[{"count":1,"href":"https:\/\/www.grieta.org.mx\/index.php\/wp-json\/wp\/v2\/posts\/57671\/revisions"}],"predecessor-version":[{"id":57673,"href":"https:\/\/www.grieta.org.mx\/index.php\/wp-json\/wp\/v2\/posts\/57671\/revisions\/57673"}],"wp:featuredmedia":[{"embeddable":true,"href":"https:\/\/www.grieta.org.mx\/index.php\/wp-json\/wp\/v2\/media\/57672"}],"wp:attachment":[{"href":"https:\/\/www.grieta.org.mx\/index.php\/wp-json\/wp\/v2\/media?parent=57671"}],"wp:term":[{"taxonomy":"category","embeddable":true,"href":"https:\/\/www.grieta.org.mx\/index.php\/wp-json\/wp\/v2\/categories?post=57671"},{"taxonomy":"post_tag","embeddable":true,"href":"https:\/\/www.grieta.org.mx\/index.php\/wp-json\/wp\/v2\/tags?post=57671"}],"curies":[{"name":"wp","href":"https:\/\/api.w.org\/{rel}","templated":true}]}}