{"id":57662,"date":"2021-03-08T11:14:30","date_gmt":"2021-03-08T17:14:30","guid":{"rendered":"http:\/\/www.grieta.org.mx\/?p=57662"},"modified":"2021-03-15T12:28:59","modified_gmt":"2021-03-15T18:28:59","slug":"no-nos-felicites-unete-mujeres-de-bahia-de-banderas-se-manifiestan","status":"publish","type":"post","link":"https:\/\/www.grieta.org.mx\/index.php\/2021\/03\/08\/no-nos-felicites-unete-mujeres-de-bahia-de-banderas-se-manifiestan\/","title":{"rendered":"&#8220;No nos felicites, \u00fanete&#8221; mujeres de Bah\u00eda de Banderas se manifiestan (Nayarit)"},"content":{"rendered":"<p><img loading=\"lazy\" decoding=\"async\" data-attachment-id=\"57674\" data-permalink=\"https:\/\/www.grieta.org.mx\/index.php\/2021\/03\/08\/no-nos-felicites-unete-mujeres-de-bahia-de-banderas-se-manifiestan\/uylxxbxetkhuf5ry0nfpshatayvuvrca6nhgmwna-portada\/\" data-orig-file=\"https:\/\/www.grieta.org.mx\/wp-content\/uploads\/2021\/03\/uYlxXbXetkhUf5ry0nFpShaTaYvuVRCA6NhGMwna-portada.jpg\" data-orig-size=\"1024,461\" data-comments-opened=\"0\" data-image-meta=\"{&quot;aperture&quot;:&quot;0&quot;,&quot;credit&quot;:&quot;&quot;,&quot;camera&quot;:&quot;&quot;,&quot;caption&quot;:&quot;&quot;,&quot;created_timestamp&quot;:&quot;0&quot;,&quot;copyright&quot;:&quot;&quot;,&quot;focal_length&quot;:&quot;0&quot;,&quot;iso&quot;:&quot;0&quot;,&quot;shutter_speed&quot;:&quot;0&quot;,&quot;title&quot;:&quot;&quot;,&quot;orientation&quot;:&quot;0&quot;}\" data-image-title=\"uYlxXbXetkhUf5ry0nFpShaTaYvuVRCA6NhGMwna-portada\" data-image-description=\"\" data-image-caption=\"\" data-medium-file=\"https:\/\/www.grieta.org.mx\/wp-content\/uploads\/2021\/03\/uYlxXbXetkhUf5ry0nFpShaTaYvuVRCA6NhGMwna-portada-300x135.jpg\" data-large-file=\"https:\/\/www.grieta.org.mx\/wp-content\/uploads\/2021\/03\/uYlxXbXetkhUf5ry0nFpShaTaYvuVRCA6NhGMwna-portada.jpg\" class=\" wp-image-57674 aligncenter\" src=\"http:\/\/www.grieta.org.mx\/wp-content\/uploads\/2021\/03\/uYlxXbXetkhUf5ry0nFpShaTaYvuVRCA6NhGMwna-portada.jpg\" alt=\"\" width=\"800\" height=\"360\" srcset=\"https:\/\/www.grieta.org.mx\/wp-content\/uploads\/2021\/03\/uYlxXbXetkhUf5ry0nFpShaTaYvuVRCA6NhGMwna-portada.jpg 1024w, https:\/\/www.grieta.org.mx\/wp-content\/uploads\/2021\/03\/uYlxXbXetkhUf5ry0nFpShaTaYvuVRCA6NhGMwna-portada-300x135.jpg 300w, https:\/\/www.grieta.org.mx\/wp-content\/uploads\/2021\/03\/uYlxXbXetkhUf5ry0nFpShaTaYvuVRCA6NhGMwna-portada-768x346.jpg 768w\" sizes=\"auto, (max-width: 800px) 100vw, 800px\" \/><\/p>\n<p>Foto: Tribuna de la Bah\u00eda<\/p>\n<p>Alberto Garc\u00eda \/ Tribuna de la Bah\u00eda<\/p>\n<p>Poco m\u00e1s de medio centenar de mujeres se reunieron en la plaza principal de San Vicente, Nayarit para hacer una marcha conmemorativa por el\u00a0D\u00eda Internacional de la Mujer.<\/p>\n<p>Portando pancartas alusivas a lograr una sociedad libre de agresi\u00f3n en contra de las mujeres, se preparan para realizar una caminata desde la comunidad desde San Vicente hasta llegar finalmente hasta Valle de Banderas, que es la cabecera municipal del municipio de\u00a0Bah\u00eda de Banderas.<\/p>\n<p>Ellas mencionaron que no invitaron a personas de relevancia pol\u00edtica ya que no quisieron que este evento se convirtiera en un acto pol\u00edtico sin un actuar libre y civil de mujeres que buscan finalmente que la equidad no nada m\u00e1s sea de papel, sino tambi\u00e9n de todo lo que gira en torno al derecho de la mujer en estos tiempos.<\/p>\n<blockquote><p>\u201cNo nos felicites \u00fanete\u201d, es una de las pancartas que se ven en este evento, manifestantes indican que no es de felicidad, es de conmemorar y buscan que se unan en torno a este tipo de actos que rememoran el respeto a los derechos de la mujer.<\/p><\/blockquote>\n<p>Se\u00f1alaron que a pesar de vivir en comunidades machistas, poco a poco la sociedad va entendiendo que los derechos a vivir sin violencia es una cita impostergable.<\/p>\n<p><a href=\"https:\/\/tribunadelabahia.com.mx\/noticias\/bahia-de-banderas\/mujeres-de-bahia-conmemoran-el-8-de-marzo-43833\">https:\/\/tribunadelabahia.com.mx\/noticias\/bahia-de-banderas\/mujeres-de-bahia-conmemoran-el-8-de-marzo-43833<\/a><\/p>\n","protected":false},"excerpt":{"rendered":"<p>Foto: Tribuna de la Bah\u00eda Alberto Garc\u00eda \/ Tribuna de la Bah\u00eda Poco m\u00e1s de medio centenar de mujeres se reunieron en la plaza principal de San Vicente, Nayarit para &hellip; <a href=\"https:\/\/www.grieta.org.mx\/index.php\/2021\/03\/08\/no-nos-felicites-unete-mujeres-de-bahia-de-banderas-se-manifiestan\/\" class=\"more-link\">Leer m\u00e1s<\/a><\/p>\n","protected":false},"author":2,"featured_media":57674,"comment_status":"closed","ping_status":"closed","sticky":false,"template":"","format":"standard","meta":{"ngg_post_thumbnail":0,"_jetpack_newsletter_access":"","_jetpack_dont_email_post_to_subs":false,"_jetpack_newsletter_tier_id":0,"_jetpack_memberships_contains_paywalled_content":false,"_jetpack_memberships_contains_paid_content":false,"footnotes":""},"categories":[80,3840,23,2,3165,2302],"tags":[2272,3209,2248,3208,2816,1630],"class_list":["post-57662","post","type-post","status-publish","format-standard","has-post-thumbnail","hentry","category-cintillo","category-lucha-como-mujeres-que-somos","category-nayarit","category-noticias-nacionales","category-resistencias","category-violencia-contra-las-mujeres-en-nayarit","tag-dia-internacional-de-la-mujer","tag-lucha-contra-la-violencia-contra-las-mujeres","tag-luchas-de-las-mujeres","tag-marcha-de-mujeres","tag-protestas-de-mujeres","tag-violencia-contra-las-mujeres","entry"],"jetpack_featured_media_url":"https:\/\/www.grieta.org.mx\/wp-content\/uploads\/2021\/03\/uYlxXbXetkhUf5ry0nFpShaTaYvuVRCA6NhGMwna-portada.jpg","jetpack_sharing_enabled":true,"jetpack_shortlink":"https:\/\/wp.me\/p7ZJR4-f02","jetpack_likes_enabled":false,"jetpack-related-posts":[{"id":65817,"url":"https:\/\/www.grieta.org.mx\/index.php\/2022\/11\/24\/marcha-en-bahia-por-el-dia-de-erradicacion-de-violencia-contra-la-mujer-nayarit\/","url_meta":{"origin":57662,"position":0},"title":"Marcha en Bah\u00eda por el d\u00eda de Erradicaci\u00f3n de Violencia contra la Mujer (Nayarit)","author":"grieta","date":"24 noviembre, 2022","format":false,"excerpt":"Imagen: Tribuna de la Bah\u00eda Israel Torres \/ Tribuna de la Bah\u00eda Colectivos feministas y familiares de\u00a0mujeres desaparecidas\u00a0de\u00a0Bah\u00eda de Banderas, realizar\u00e1n este\u00a0viernes 25 de noviembre,\u00a0en punto de las 05:00 p.m, una\u00a0marcha conmemorativa al D\u00eda Internacional de la Eliminaci\u00f3n de la Violencia contra la Mujer, con el \u00e1nimo de visibilizar los\u2026","rel":"","context":"En &quot;CINTILLO&quot;","block_context":{"text":"CINTILLO","link":"https:\/\/www.grieta.org.mx\/index.php\/category\/cintillo\/"},"img":{"alt_text":"","src":"https:\/\/i0.wp.com\/www.grieta.org.mx\/wp-content\/uploads\/2022\/11\/marcha-bahia-violencia-cover.jpg?resize=350%2C200&ssl=1","width":350,"height":200,"srcset":"https:\/\/i0.wp.com\/www.grieta.org.mx\/wp-content\/uploads\/2022\/11\/marcha-bahia-violencia-cover.jpg?resize=350%2C200&ssl=1 1x, https:\/\/i0.wp.com\/www.grieta.org.mx\/wp-content\/uploads\/2022\/11\/marcha-bahia-violencia-cover.jpg?resize=525%2C300&ssl=1 1.5x, https:\/\/i0.wp.com\/www.grieta.org.mx\/wp-content\/uploads\/2022\/11\/marcha-bahia-violencia-cover.jpg?resize=700%2C400&ssl=1 2x"},"classes":[]},{"id":64147,"url":"https:\/\/www.grieta.org.mx\/index.php\/2022\/05\/03\/a-pesar-de-contar-con-multa-millonaria-no-se-aplican-medidas-por-la-alerta-de-violencia-de-genero-contra-las-mujeres-en-bahia-de-banderas-se-agudiza-violencia-denuncian-colectivos-nayarit\/","url_meta":{"origin":57662,"position":1},"title":"A pesar de contar con multa millonaria no se aplican medidas por la Alerta de Violencia de G\u00e9nero contra las Mujeres en Bah\u00eda de Banderas, se agudiza violencia denuncian colectivos (Nayarit)","author":"grieta","date":"3 mayo, 2022","format":false,"excerpt":"Foto: Tribuna de la Bah\u00eda Israel Torres \/ Tribuna de la Bah\u00eda Debido a que no se han puesto en marcha las\u00a0acciones marcadas por la Alerta de Violencia de G\u00e9nero contra las Mujeres\u00a0(AVGM) establecida en agosto del 2017, la cual obliga a crear medidas para que las mujeres y ni\u00f1as\u2026","rel":"","context":"En &quot;CINTILLO&quot;","block_context":{"text":"CINTILLO","link":"https:\/\/www.grieta.org.mx\/index.php\/category\/cintillo\/"},"img":{"alt_text":"","src":"https:\/\/i0.wp.com\/www.grieta.org.mx\/wp-content\/uploads\/2022\/05\/alerta-de-genero-en-bahia-cover.jpg?resize=350%2C200&ssl=1","width":350,"height":200,"srcset":"https:\/\/i0.wp.com\/www.grieta.org.mx\/wp-content\/uploads\/2022\/05\/alerta-de-genero-en-bahia-cover.jpg?resize=350%2C200&ssl=1 1x, https:\/\/i0.wp.com\/www.grieta.org.mx\/wp-content\/uploads\/2022\/05\/alerta-de-genero-en-bahia-cover.jpg?resize=525%2C300&ssl=1 1.5x, https:\/\/i0.wp.com\/www.grieta.org.mx\/wp-content\/uploads\/2022\/05\/alerta-de-genero-en-bahia-cover.jpg?resize=700%2C400&ssl=1 2x"},"classes":[]},{"id":62695,"url":"https:\/\/www.grieta.org.mx\/index.php\/2021\/11\/17\/feministas-convocan-a-marcha-por-el-dia-internacional-de-la-eliminacion-de-la-violencia-contra-la-mujer-nayarit\/","url_meta":{"origin":57662,"position":2},"title":"Feministas convocan a marcha por el \u201cD\u00eda Internacional de la Eliminaci\u00f3n de la Violencia Contra la Mujer\u201d (Nayarit)","author":"grieta","date":"17 noviembre, 2021","format":false,"excerpt":"Foto: Realidades de Nayarit Mildra Ben\u00edtez Robledo \/ Realidades de Nayarit Tepic, Nayarit.- Mi\u00e9rcoles 17 de noviembre del 2021.- En el marco del \u201cD\u00eda Internacional de la Eliminaci\u00f3n de la Violencia Contra la Mujer\u201d, el 25 de noviembre, se llevar\u00e1 a cabo a las 16:30 horas una marcha en la\u2026","rel":"","context":"En &quot;CINTILLO&quot;","block_context":{"text":"CINTILLO","link":"https:\/\/www.grieta.org.mx\/index.php\/category\/cintillo\/"},"img":{"alt_text":"","src":"https:\/\/i0.wp.com\/www.grieta.org.mx\/wp-content\/uploads\/2021\/11\/violencia.jpg?resize=350%2C200&ssl=1","width":350,"height":200,"srcset":"https:\/\/i0.wp.com\/www.grieta.org.mx\/wp-content\/uploads\/2021\/11\/violencia.jpg?resize=350%2C200&ssl=1 1x, https:\/\/i0.wp.com\/www.grieta.org.mx\/wp-content\/uploads\/2021\/11\/violencia.jpg?resize=525%2C300&ssl=1 1.5x, https:\/\/i0.wp.com\/www.grieta.org.mx\/wp-content\/uploads\/2021\/11\/violencia.jpg?resize=700%2C400&ssl=1 2x"},"classes":[]},{"id":57666,"url":"https:\/\/www.grieta.org.mx\/index.php\/2021\/03\/08\/se-manifiestan-feministas-en-tepic-en-el-dia-internacional-de-la-mujer-nayarit\/","url_meta":{"origin":57662,"position":3},"title":"Se manifiestan feministas en Tepic en el D\u00eda Internacional de la Mujer (Nayarit)","author":"grieta","date":"8 marzo, 2021","format":false,"excerpt":"Foto: El Sol de Nayarit Redacci\u00f3n \/ El Sol de Nayarit En el Marco del D\u00eda Internacional de la Mujer, mujeres de diferentes colectivas se manifestaron este lunes 08 de Marzo en la Ciudad de Tepic. El grupo feminista sali\u00f3 a las calles para reclamar a las autoridades estatales, el\u2026","rel":"","context":"En &quot;CINTILLO&quot;","block_context":{"text":"CINTILLO","link":"https:\/\/www.grieta.org.mx\/index.php\/category\/cintillo\/"},"img":{"alt_text":"","src":"https:\/\/i0.wp.com\/www.grieta.org.mx\/wp-content\/uploads\/2021\/03\/76011__20210308233353_317fina.jpg?resize=350%2C200&ssl=1","width":350,"height":200,"srcset":"https:\/\/i0.wp.com\/www.grieta.org.mx\/wp-content\/uploads\/2021\/03\/76011__20210308233353_317fina.jpg?resize=350%2C200&ssl=1 1x, https:\/\/i0.wp.com\/www.grieta.org.mx\/wp-content\/uploads\/2021\/03\/76011__20210308233353_317fina.jpg?resize=525%2C300&ssl=1 1.5x"},"classes":[]},{"id":52647,"url":"https:\/\/www.grieta.org.mx\/index.php\/2020\/08\/12\/https-www-somoselmedio-com-2020-08-12-colectivas-feministas-declaran-en-semaforo-rojo-a-los-municipios-de-puerto-vallarta-y-bahia-de-banderas-por-violencia-sexual-y-feminicida\/","url_meta":{"origin":57662,"position":4},"title":"Colectivas feministas declaran en Sem\u00e1foro Rojo a los municipios de Puerto Vallarta y Bah\u00eda de Banderas por violencia sexual y feminicida (Nayarit, Jalisco)","author":"grieta","date":"12 agosto, 2020","format":false,"excerpt":"Foto: Somos el Medio Redacci\u00f3n \/ @Somoselmeio Esta tarde, el Comit\u00e9 para Am\u00e9rica Latina y el Caribe para la Defensa de los Derechos de las Mujeres (Cladem), el Colectivo Mujeres Puerto Vallarta, el Colectivo MAM y mujeres feministas, declararon en\u00a0Sem\u00e1foro Rojo a los municipios de Puerto Vallarta y Bah\u00eda de\u2026","rel":"","context":"En &quot;CINTILLO&quot;","block_context":{"text":"CINTILLO","link":"https:\/\/www.grieta.org.mx\/index.php\/category\/cintillo\/"},"img":{"alt_text":"","src":"https:\/\/i0.wp.com\/www.grieta.org.mx\/wp-content\/uploads\/2020\/08\/feminicidios-768x1024.jpg?resize=350%2C200&ssl=1","width":350,"height":200,"srcset":"https:\/\/i0.wp.com\/www.grieta.org.mx\/wp-content\/uploads\/2020\/08\/feminicidios-768x1024.jpg?resize=350%2C200&ssl=1 1x, https:\/\/i0.wp.com\/www.grieta.org.mx\/wp-content\/uploads\/2020\/08\/feminicidios-768x1024.jpg?resize=525%2C300&ssl=1 1.5x, https:\/\/i0.wp.com\/www.grieta.org.mx\/wp-content\/uploads\/2020\/08\/feminicidios-768x1024.jpg?resize=700%2C400&ssl=1 2x"},"classes":[]},{"id":64112,"url":"https:\/\/www.grieta.org.mx\/index.php\/2022\/04\/26\/denuncian-colectivos-la-desaparicion-de-10-mujeres-en-bahia-nayarit\/","url_meta":{"origin":57662,"position":5},"title":"Denuncian colectivos la desaparici\u00f3n de 10 mujeres en Bah\u00eda (Nayarit)","author":"grieta","date":"26 abril, 2022","format":false,"excerpt":"Foto: Tribuna de la Bah\u00eda Israel Torres \/ Tribuna de la Bah\u00eda Luisa Flores Rosales, representante del colectivo Bah\u00eda Violeta, comparti\u00f3 en el marco de la movilizaci\u00f3n nacional que caus\u00f3 el caso Debanhi y que repercuti\u00f3 en el municipio mediante pintas y la pega de fichas informativas de los desaparecidos,\u2026","rel":"","context":"En &quot;CINTILLO&quot;","block_context":{"text":"CINTILLO","link":"https:\/\/www.grieta.org.mx\/index.php\/category\/cintillo\/"},"img":{"alt_text":"","src":"https:\/\/i0.wp.com\/www.grieta.org.mx\/wp-content\/uploads\/2022\/05\/denuncian-colectivos-la-desaparicion-de-10-mujeres-en-bahia-2-cover.jpg?resize=350%2C200&ssl=1","width":350,"height":200,"srcset":"https:\/\/i0.wp.com\/www.grieta.org.mx\/wp-content\/uploads\/2022\/05\/denuncian-colectivos-la-desaparicion-de-10-mujeres-en-bahia-2-cover.jpg?resize=350%2C200&ssl=1 1x, https:\/\/i0.wp.com\/www.grieta.org.mx\/wp-content\/uploads\/2022\/05\/denuncian-colectivos-la-desaparicion-de-10-mujeres-en-bahia-2-cover.jpg?resize=525%2C300&ssl=1 1.5x, https:\/\/i0.wp.com\/www.grieta.org.mx\/wp-content\/uploads\/2022\/05\/denuncian-colectivos-la-desaparicion-de-10-mujeres-en-bahia-2-cover.jpg?resize=700%2C400&ssl=1 2x"},"classes":[]}],"_links":{"self":[{"href":"https:\/\/www.grieta.org.mx\/index.php\/wp-json\/wp\/v2\/posts\/57662","targetHints":{"allow":["GET"]}}],"collection":[{"href":"https:\/\/www.grieta.org.mx\/index.php\/wp-json\/wp\/v2\/posts"}],"about":[{"href":"https:\/\/www.grieta.org.mx\/index.php\/wp-json\/wp\/v2\/types\/post"}],"author":[{"embeddable":true,"href":"https:\/\/www.grieta.org.mx\/index.php\/wp-json\/wp\/v2\/users\/2"}],"replies":[{"embeddable":true,"href":"https:\/\/www.grieta.org.mx\/index.php\/wp-json\/wp\/v2\/comments?post=57662"}],"version-history":[{"count":1,"href":"https:\/\/www.grieta.org.mx\/index.php\/wp-json\/wp\/v2\/posts\/57662\/revisions"}],"predecessor-version":[{"id":57675,"href":"https:\/\/www.grieta.org.mx\/index.php\/wp-json\/wp\/v2\/posts\/57662\/revisions\/57675"}],"wp:featuredmedia":[{"embeddable":true,"href":"https:\/\/www.grieta.org.mx\/index.php\/wp-json\/wp\/v2\/media\/57674"}],"wp:attachment":[{"href":"https:\/\/www.grieta.org.mx\/index.php\/wp-json\/wp\/v2\/media?parent=57662"}],"wp:term":[{"taxonomy":"category","embeddable":true,"href":"https:\/\/www.grieta.org.mx\/index.php\/wp-json\/wp\/v2\/categories?post=57662"},{"taxonomy":"post_tag","embeddable":true,"href":"https:\/\/www.grieta.org.mx\/index.php\/wp-json\/wp\/v2\/tags?post=57662"}],"curies":[{"name":"wp","href":"https:\/\/api.w.org\/{rel}","templated":true}]}}