{"id":57641,"date":"2021-03-14T21:40:55","date_gmt":"2021-03-15T03:40:55","guid":{"rendered":"http:\/\/www.grieta.org.mx\/?p=57641"},"modified":"2021-03-15T19:57:34","modified_gmt":"2021-03-16T01:57:34","slug":"profesores-de-la-facultad-de-ciencias-de-la-unam-anuncian-paro-de-clases-virtuales-exigen-pago-de-sus-salarios","status":"publish","type":"post","link":"https:\/\/www.grieta.org.mx\/index.php\/2021\/03\/14\/profesores-de-la-facultad-de-ciencias-de-la-unam-anuncian-paro-de-clases-virtuales-exigen-pago-de-sus-salarios\/","title":{"rendered":"Profesores de la Facultad de Ciencias de la UNAM anuncian paro de clases virtuales: exigen pago de sus salarios"},"content":{"rendered":"<p><strong>&nbsp;<\/strong><\/p>\n<p>&nbsp;<\/p>\n<blockquote><p><strong>Frente a la falta de pago y al incumplimiento por parte de las autoridades la medida se acord\u00f3 en una asamblea virtual.<\/strong><\/p>\n<p><strong>Las demandas de los docentes son apoyadas por miles de estudiantes<\/strong><\/p>\n<p><strong>Las y los profesores no impartir\u00e1n clases durante el paro del martes 16 al viernes 19 de marzo. Evaluar\u00e1n respuesta de las autoridades<br \/>\n<\/strong><\/p>\n<p><strong>La pandemia por COVID-19 ha evidenciado la precariedad laboral de los profesores de asignatura de la UNAM<\/strong><\/p><\/blockquote>\n<figure id=\"attachment_57646\" aria-describedby=\"caption-attachment-57646\" style=\"width: 750px\" class=\"wp-caption alignnone\"><img loading=\"lazy\" decoding=\"async\" data-attachment-id=\"57646\" data-permalink=\"https:\/\/www.grieta.org.mx\/index.php\/2021\/03\/14\/profesores-de-la-facultad-de-ciencias-de-la-unam-anuncian-paro-de-clases-virtuales-exigen-pago-de-sus-salarios\/100057700511_50079\/\" data-orig-file=\"https:\/\/www.grieta.org.mx\/wp-content\/uploads\/2021\/03\/100057700511_50079.jpg\" data-orig-size=\"1280,960\" data-comments-opened=\"0\" data-image-meta=\"{&quot;aperture&quot;:&quot;0&quot;,&quot;credit&quot;:&quot;&quot;,&quot;camera&quot;:&quot;&quot;,&quot;caption&quot;:&quot;&quot;,&quot;created_timestamp&quot;:&quot;0&quot;,&quot;copyright&quot;:&quot;&quot;,&quot;focal_length&quot;:&quot;0&quot;,&quot;iso&quot;:&quot;0&quot;,&quot;shutter_speed&quot;:&quot;0&quot;,&quot;title&quot;:&quot;&quot;,&quot;orientation&quot;:&quot;0&quot;}\" data-image-title=\"100057700511_50079\" data-image-description=\"\" data-image-caption=\"&lt;p&gt;Imagen: Facebook de la Asamblea de Profesores de Asignatura y Ayudantes de la Facultad de Ciencias de la UNAM.&lt;\/p&gt;\n\" data-medium-file=\"https:\/\/www.grieta.org.mx\/wp-content\/uploads\/2021\/03\/100057700511_50079-300x225.jpg\" data-large-file=\"https:\/\/www.grieta.org.mx\/wp-content\/uploads\/2021\/03\/100057700511_50079-1024x768.jpg\" class=\"wp-image-57646\" src=\"http:\/\/www.grieta.org.mx\/wp-content\/uploads\/2021\/03\/100057700511_50079.jpg\" alt=\"\" width=\"750\" height=\"563\" srcset=\"https:\/\/www.grieta.org.mx\/wp-content\/uploads\/2021\/03\/100057700511_50079.jpg 1280w, https:\/\/www.grieta.org.mx\/wp-content\/uploads\/2021\/03\/100057700511_50079-300x225.jpg 300w, https:\/\/www.grieta.org.mx\/wp-content\/uploads\/2021\/03\/100057700511_50079-1024x768.jpg 1024w, https:\/\/www.grieta.org.mx\/wp-content\/uploads\/2021\/03\/100057700511_50079-768x576.jpg 768w, https:\/\/www.grieta.org.mx\/wp-content\/uploads\/2021\/03\/100057700511_50079-667x500.jpg 667w\" sizes=\"auto, (max-width: 750px) 100vw, 750px\" \/><figcaption id=\"caption-attachment-57646\" class=\"wp-caption-text\">Ejemplo extremo de un tal\u00f3n de pago de un profesor de la Facultad de Ciencias de la UNAM. Despu\u00e9s de no recibir pago durante un semestre completo, la UNAM emiti\u00f3 un cheque por dos pesos como &#8220;\u00fanico pago&#8221; por un semestre de trabajo, los restantes $7,477 de un salario ya precario, fueron retenidos por motivo de &#8220;adeudo sueldos&#8221;. Imagen: Facebook de la Asamblea de Profesores de Asignatura y Ayudantes de la Facultad de Ciencias de la UNAM.<\/figcaption><\/figure>\n<p>Colectivo Grieta, 14 de marzo de 2020<\/p>\n<p>&nbsp;<\/p>\n<p>Ciudad de M\u00e9xico.- Tras meses de reclamo infructuoso frente las autoridades universitarias, docentes de la Facultad de Ciencias, organizados en la Asamblea de Profesores de Asignatura y Ayudantes de la misma facultad, acordaron iniciar un paro de labores a partir del martes 16 de marzo. El paro se realiza en demanda del pago completo de sus salarios, los cuales han sido retenidos por la UNAM de manera injustificada. El cuerpo docente exige tambi\u00e9n una serie de compensaciones por los gastos y consecuencias que los profesores han experimentado debido a la pandemia por COVID-19 y a la falta de atenci\u00f3n por parte de las autoridades de la UNAM. En asambleas virtuales, cientos de profesores decidieron iniciar el paro de labores, medida que cuenta con el apoyo de miles de estudiantes de la Facultad de Ciencias, quienes participaron en los conversatorios. Se trata del primer paro virtual en la educaci\u00f3n superior. El viernes 19 de marzo evaluar\u00e1n la respuesta de las autoridades para decidir m\u00e1s acciones.<\/p>\n<p>A ra\u00edz de la falta de pago de sus salarios, de descuentos injustificados, de la falta de acceso a la seguridad social y de tener que sufragar de su propia bolsa gastos relacionados con la impartici\u00f3n de clases en l\u00ednea, cientos de profesores de la Facultad de Ciencias comenzaron a&nbsp; organizarse desde hace unos meses. A pesar de repetidas mesas de di\u00e1logo, correos individuales y solicitudes de aclaraci\u00f3n con autoridades de la Facultad de Ciencias, las demandas de los profesores no han sido atendidas.<\/p>\n<p>En una de esas reuniones, celebrada el 18 de febrero de 2021 la Direcci\u00f3n General de Personal de la UNAM se comprometi\u00f3 ante los profesores &nbsp;<em>\u201ca regularizar, si la facultad env\u00eda la documentaci\u00f3n necesaria, los pagos en la quincena 5 (10 de marzo). La Direcci\u00f3n de la facultad acept\u00f3 formar el enlace de comunicaci\u00f3n con una peque\u00f1a comisi\u00f3n\u201d.<\/em> Sin embargo a lo largo de la semana pasada, la situaci\u00f3n que seg\u00fan cifras oficiales&nbsp; enfrentan m\u00e1s de 700 profesores de la facultad de Ciencias no se hab\u00eda resuelto, la gran mayor\u00eda de ellos segu\u00eda son cobrar. Frente a ese incumplimiento por parte de las autoridades la asamblea decidi\u00f3 realizar el paro de labores docentes a partir del martes 16 de marzo.<\/p>\n<p>&nbsp;<\/p>\n<p><strong>Precariedad laboral<\/strong><\/p>\n<p>El 70% del personal docente de la UNAM son profesores de asignatura, que en general tienen que renovar sus contratos cada seis meses sin certeza de recontrataci\u00f3n. De la velocidad con la que la universidad procese sus contratos depende no solamente la continuidad de sus salarios, sino la vigencia de sus derechos de seguridad social ante el ISSSTE, as\u00ed como la posibilidad de acceder a las plataformas para impartir clases en l\u00ednea.&nbsp; En el caso de la Facultad de Ciencias, la situaci\u00f3n se exacerba, pues 1500 profesores de asignatura y 1200 ayudantes de profesor constituyen el 80% del personal docente de \u00e9sta impartiendo la enorme mayor\u00eda de los cursos cada semestre, pero con una situaci\u00f3n laboral muy vol\u00e1til y con salarios bajos.<\/p>\n<p>&nbsp;<\/p>\n<p><em>\u201cEl problema que tenemos actualmente es que debido a este tipo de contratos que tenemos en la UNAM, desde hace unos a\u00f1os se han venido presentando situaciones problem\u00e1ticas para los profesores de asignatura y ayudantes, como descuentos o bien que el pago de nuestro salario se difiere hasta el final del semestre. Trabajamos seis meses sin sueldo y es hasta el final del semestre que te dan un pago \u00fanico\u201d<\/em>. Explica un profesor de la Facultad de Ciencias entrevistado por Grieta.<\/p>\n<p>&nbsp;<\/p>\n<p>M\u00e1s a\u00fan, si la universidad se retrasa en la actualizaci\u00f3n del n\u00famero de horas de clase que un profesor imparte, se generan desfases en el monto de los salarios, que perjudican a&nbsp; los docentes pues aunque ellos no recojan cheques, la UNAM cuenta ese dinero como si hubiese sido cobrado, por lo que posteriormente genera descuentos a los profesores que est\u00e1n impartiendo menos horas. Los casos han llegado al borde del rid\u00edculo, pues se tiene documentado el caso de profesores que han recibido cheque por dos pesos ($2.00) como pago por un semestre de clases.<\/p>\n<p>&nbsp;<\/p>\n<p>A partir de la pandemia este desorden administrativo se acrecent\u00f3, pues la Direcci\u00f3n General de Personal (DGP) comenz\u00f3 a generar retrasos en la elaboraci\u00f3n de los contratos y las solicitudes de aclaraci\u00f3n de n\u00f3mina que siempre son lentas, quedaron mayoritariamente sin respuesta. Los cheques que ha emitido la UNAM en los casos de \u201cpago \u00fanico\u201d no siempre contienen informaci\u00f3n clara, por lo que queda a lo profesores la tarea de indagar si los descuentos que est\u00e1n recibiendo son correctos o no.<\/p>\n<p>La demanda central de la Asamblea de Profesores de Asignatura es el pago inmediato y completo de los salarios de estos cientos de trabajadores, muchos de los cuales no han cobrado un solo peso desde agosto de 2020.<\/p>\n<figure id=\"attachment_57647\" aria-describedby=\"caption-attachment-57647\" style=\"width: 708px\" class=\"wp-caption alignnone\"><img loading=\"lazy\" decoding=\"async\" data-attachment-id=\"57647\" data-permalink=\"https:\/\/www.grieta.org.mx\/index.php\/2021\/03\/14\/profesores-de-la-facultad-de-ciencias-de-la-unam-anuncian-paro-de-clases-virtuales-exigen-pago-de-sus-salarios\/160074483_397652194891692_8943514258505728607_n\/\" data-orig-file=\"https:\/\/www.grieta.org.mx\/wp-content\/uploads\/2021\/03\/160074483_397652194891692_8943514258505728607_n.jpg\" data-orig-size=\"708,708\" data-comments-opened=\"0\" data-image-meta=\"{&quot;aperture&quot;:&quot;0&quot;,&quot;credit&quot;:&quot;&quot;,&quot;camera&quot;:&quot;&quot;,&quot;caption&quot;:&quot;&quot;,&quot;created_timestamp&quot;:&quot;0&quot;,&quot;copyright&quot;:&quot;&quot;,&quot;focal_length&quot;:&quot;0&quot;,&quot;iso&quot;:&quot;0&quot;,&quot;shutter_speed&quot;:&quot;0&quot;,&quot;title&quot;:&quot;&quot;,&quot;orientation&quot;:&quot;0&quot;}\" data-image-title=\"160074483_397652194891692_8943514258505728607_n\" data-image-description=\"\" data-image-caption=\"&lt;p&gt;Imagen: Facebook de la Asamblea de Profesores de Asignatura y Ayudantes de la Facultad de Ciencias de la UNAM.&lt;\/p&gt;\n\" data-medium-file=\"https:\/\/www.grieta.org.mx\/wp-content\/uploads\/2021\/03\/160074483_397652194891692_8943514258505728607_n-300x300.jpg\" data-large-file=\"https:\/\/www.grieta.org.mx\/wp-content\/uploads\/2021\/03\/160074483_397652194891692_8943514258505728607_n.jpg\" class=\"size-full wp-image-57647\" src=\"http:\/\/www.grieta.org.mx\/wp-content\/uploads\/2021\/03\/160074483_397652194891692_8943514258505728607_n.jpg\" alt=\"\" width=\"708\" height=\"708\" srcset=\"https:\/\/www.grieta.org.mx\/wp-content\/uploads\/2021\/03\/160074483_397652194891692_8943514258505728607_n.jpg 708w, https:\/\/www.grieta.org.mx\/wp-content\/uploads\/2021\/03\/160074483_397652194891692_8943514258505728607_n-300x300.jpg 300w, https:\/\/www.grieta.org.mx\/wp-content\/uploads\/2021\/03\/160074483_397652194891692_8943514258505728607_n-150x150.jpg 150w, https:\/\/www.grieta.org.mx\/wp-content\/uploads\/2021\/03\/160074483_397652194891692_8943514258505728607_n-130x130.jpg 130w, https:\/\/www.grieta.org.mx\/wp-content\/uploads\/2021\/03\/160074483_397652194891692_8943514258505728607_n-500x500.jpg 500w, https:\/\/www.grieta.org.mx\/wp-content\/uploads\/2021\/03\/160074483_397652194891692_8943514258505728607_n-144x144.jpg 144w\" sizes=\"auto, (max-width: 708px) 100vw, 708px\" \/><figcaption id=\"caption-attachment-57647\" class=\"wp-caption-text\">Imagen: Facebook de la Asamblea de Profesores de Asignatura y Ayudantes de la Facultad de Ciencias de la UNAM.<\/figcaption><\/figure>\n<p>&nbsp;<\/p>\n<p><strong>En la pandemia: #UNAMnoPaga<\/strong><\/p>\n<p>A partir de la pandemia por COVID-19, la ineficiencia administrativa de la UNAM exacerb\u00f3 estos problemas. El retraso en la elaboraci\u00f3n de los contratos de los profesores, retraso que las facultades adjudican ala Direcci\u00f3n General de Personal y \u00e9sta a las propias escuelas y Facultades, desencaden\u00f3 varios problemas.<\/p>\n<p>En el caso de la Facultad de Ciencias, la direcci\u00f3n reconoce que m\u00e1s de 700 profesores no han recibido pagos o bien han tenido descuentos injustificados en prestaciones salariales desde septiembre del a\u00f1o pasado. Durante todo ese periodo, efectivamente, los profesores no dejaron de trabajar, dando clases en l\u00ednea. La UNAM, se apresur\u00f3 desde el inicio a promover el hashtag #LaUNAMnopara, jact\u00e1ndose de mantener sus actividades, pero invisibilizando la realidad laboral que enfrentan miles de profesores.<\/p>\n<p>&nbsp;<\/p>\n<p>No es solamente la falta de pagos. Al atrasarse el \u201calta administrativa\u201d, las y los profesores&nbsp; no se encuentran vigentes frente al ISSSTE. <em>\u201cComo muchos docentes no estaban activos en la n\u00f3mina, al no tener el estatus de activo, se les negaron servicios m\u00e9dicos. Se detectaron muchos casos de acad\u00e9micos que tuvieron que acudir a servicios m\u00e9dicos particulares para poder atender su salud o la de su familiares\u201d, <\/em>explica un acad\u00e9mico. Por eso los profesores han sumado a su pliego petitorio con car\u00e1cter de urgente que se pague indemnizaciones por enfermedad o por p\u00e9rdida de familiares en primer grado.<\/p>\n<p>&nbsp;<\/p>\n<p>Por si esto fuera poco, los profesores han tenido que sufragar gastos adicionales, pues al no estar dados de alta, la Facultad de Ciencias de la UNAM les ha retrasado el acceso a las plataformas digitales para impartir clases. Pero se les ha exigido por todos los medios cumplir con horarios y continuar impartiendo clases. La soluci\u00f3n inmediata a esta contradicci\u00f3n ha sido, como siempre en el capitalismo, mayor carga sobre el trabajador, pues los profesores han pagado de su bolsillo no solamente luz e internet, sino incluso suscripciones a plataformas como Zoom o Google Meet para poder dar clase de manera adecuada, sin interrupciones y accediendo a las herramientas did\u00e1cticas. La Asamblea de Profesores exige tambi\u00e9n que la UNAM les pague una compensaci\u00f3n por estos gastos.<\/p>\n<p><em>\u201cNo solo esto, pues hay otros gastos. Por ejemplo material de c\u00f3mputo. No todos los profesores contaban al inicio de la pandemia con equipos de c\u00f3mputo&nbsp; adecuado para dar clases a distancia, por eso pedimos compensaciones por este tipo de gastos que los profesores han tenido que realizar\u201d<\/em>.<\/p>\n<p>&nbsp;<\/p>\n<p>A los docentes no les queda duda, hasta el d\u00eda de hoy la #UNAMnopaga.<\/p>\n<p>&nbsp;<\/p>\n<p><strong>Organizarse en la virtualidad<\/strong><\/p>\n<p>Si bien existe una amplia experiencia organizativa y asamblearia en escuelas como la Facultad de Ciencias, los profesores tuvieron que innovar en nuevas formas de organizaci\u00f3n, debido a las medidas sanitarias por la pandemia. Se comenzaron a reunir en salas de zoom, a circular informaci\u00f3n &nbsp;y a comparar las respuestas de las autoridades en grupos de telegram y whattsapp, lo cual eventualmente los llev\u00f3 a organizar asambleas virtuales como la del pasado 26 de febrero y luego, una a\u00fan m\u00e1s masiva el pasado 12 de marzo.<\/p>\n<p>&nbsp;<\/p>\n<p><em>\u201cHonestamente ha sido un reto, pues incluso cuando se puede hacer&nbsp; de manera presencial es complicado organizar una asamblea. Se ha requerido el trabajo de decenas de maestros organizando las salas, las reuniones, administrando los correos electr\u00f3nicos, las p\u00e1ginas de facebook y twitter y sistematizando los casos de falta de pagos, descuentos injustificados y hasta las situaciones m\u00e9dicas que han enfrentado los &nbsp;profesores en estos meses. Nos ha costado mucho trabajo y la verdad apenas estamos aprendiendo\u201d<\/em> Explica un profesor entrevistado.<\/p>\n<p>&nbsp;<\/p>\n<p>&nbsp;<\/p>\n<p><em>\u201cFrente a&nbsp; esta situaci\u00f3n, las y los profesores estamos trabajando &nbsp;en comisiones, hay una que hace contacto con la direcci\u00f3n, otra que est\u00e1 pidiendo asesor\u00eda jur\u00eddica. Existe otra comisi\u00f3n que se hace cargo de medios, otra de recopilaci\u00f3n de informaci\u00f3n y sistematizaci\u00f3n de los casos y de la informaci\u00f3n sobre falta de pagos a los maestros. Y claro, est\u00e1 el trabajo de redes, de grupos de telegram, que tenemos que llevar a cabo de manera organizada. Ha sido dif\u00edcil pues la mayor\u00eda no nos conoc\u00edamos, pero hemos ido conoci\u00e9ndonos, aunque sea a la distancia y hemos ido aprendiendo a trabajar juntos y a comunicarnos mejor.\u201d<\/em><\/p>\n<p>&nbsp;<\/p>\n<p><em>\u201cLa Asamblea a que tuvimos ayer, ya con estudiantes, estuvo mejor organizada. Organizamos votaciones incluso usando formularios de google, se pido tambi\u00e9n la opini\u00f3n de los estudiantes y c\u00f3mo estar\u00edan dispuestos a apoyar al movimiento con la finalidad de que los profesores puedan tener mejores condiciones de trabajo\u201d.<\/em> En esta asamblea discutieron y votaron cientos de profesores y contaron el apoyo de miles de estudiantes.<\/p>\n<figure id=\"attachment_57648\" aria-describedby=\"caption-attachment-57648\" style=\"width: 720px\" class=\"wp-caption alignnone\"><img loading=\"lazy\" decoding=\"async\" data-attachment-id=\"57648\" data-permalink=\"https:\/\/www.grieta.org.mx\/index.php\/2021\/03\/14\/profesores-de-la-facultad-de-ciencias-de-la-unam-anuncian-paro-de-clases-virtuales-exigen-pago-de-sus-salarios\/img-20210314-wa0010\/\" data-orig-file=\"https:\/\/www.grieta.org.mx\/wp-content\/uploads\/2021\/03\/IMG-20210314-WA0010.jpg\" data-orig-size=\"720,960\" data-comments-opened=\"0\" data-image-meta=\"{&quot;aperture&quot;:&quot;0&quot;,&quot;credit&quot;:&quot;&quot;,&quot;camera&quot;:&quot;&quot;,&quot;caption&quot;:&quot;&quot;,&quot;created_timestamp&quot;:&quot;0&quot;,&quot;copyright&quot;:&quot;&quot;,&quot;focal_length&quot;:&quot;0&quot;,&quot;iso&quot;:&quot;0&quot;,&quot;shutter_speed&quot;:&quot;0&quot;,&quot;title&quot;:&quot;&quot;,&quot;orientation&quot;:&quot;0&quot;}\" data-image-title=\"IMG-20210314-WA0010\" data-image-description=\"\" data-image-caption=\"&lt;p&gt;Imagen: Facebook de la Asamblea de Profesores de Asignatura y Ayudantes de la Facultad de Ciencias de la UNAM.&lt;\/p&gt;\n\" data-medium-file=\"https:\/\/www.grieta.org.mx\/wp-content\/uploads\/2021\/03\/IMG-20210314-WA0010-225x300.jpg\" data-large-file=\"https:\/\/www.grieta.org.mx\/wp-content\/uploads\/2021\/03\/IMG-20210314-WA0010.jpg\" class=\"wp-image-57648 size-full aligncenter\" src=\"http:\/\/www.grieta.org.mx\/wp-content\/uploads\/2021\/03\/IMG-20210314-WA0010.jpg\" alt=\"\" width=\"720\" height=\"960\" srcset=\"https:\/\/www.grieta.org.mx\/wp-content\/uploads\/2021\/03\/IMG-20210314-WA0010.jpg 720w, https:\/\/www.grieta.org.mx\/wp-content\/uploads\/2021\/03\/IMG-20210314-WA0010-225x300.jpg 225w, https:\/\/www.grieta.org.mx\/wp-content\/uploads\/2021\/03\/IMG-20210314-WA0010-375x500.jpg 375w\" sizes=\"auto, (max-width: 720px) 100vw, 720px\" \/><figcaption id=\"caption-attachment-57648\" class=\"wp-caption-text\">Imagen: Facebook de la Asamblea de Profesores de Asignatura y Ayudantes de la Facultad de Ciencias de la UNAM.<\/figcaption><\/figure>\n<figure id=\"attachment_57649\" aria-describedby=\"caption-attachment-57649\" style=\"width: 720px\" class=\"wp-caption alignnone\"><img loading=\"lazy\" decoding=\"async\" data-attachment-id=\"57649\" data-permalink=\"https:\/\/www.grieta.org.mx\/index.php\/2021\/03\/14\/profesores-de-la-facultad-de-ciencias-de-la-unam-anuncian-paro-de-clases-virtuales-exigen-pago-de-sus-salarios\/img-20210314-wa0013\/\" data-orig-file=\"https:\/\/www.grieta.org.mx\/wp-content\/uploads\/2021\/03\/IMG-20210314-WA0013.jpg\" data-orig-size=\"720,960\" data-comments-opened=\"0\" data-image-meta=\"{&quot;aperture&quot;:&quot;0&quot;,&quot;credit&quot;:&quot;&quot;,&quot;camera&quot;:&quot;&quot;,&quot;caption&quot;:&quot;&quot;,&quot;created_timestamp&quot;:&quot;0&quot;,&quot;copyright&quot;:&quot;&quot;,&quot;focal_length&quot;:&quot;0&quot;,&quot;iso&quot;:&quot;0&quot;,&quot;shutter_speed&quot;:&quot;0&quot;,&quot;title&quot;:&quot;&quot;,&quot;orientation&quot;:&quot;0&quot;}\" data-image-title=\"IMG-20210314-WA0013\" data-image-description=\"\" data-image-caption=\"&lt;p&gt;Imagen: Facebook de la Asamblea de Profesores de Asignatura y Ayudantes de la Facultad de Ciencias de la UNAM.&lt;\/p&gt;\n\" data-medium-file=\"https:\/\/www.grieta.org.mx\/wp-content\/uploads\/2021\/03\/IMG-20210314-WA0013-225x300.jpg\" data-large-file=\"https:\/\/www.grieta.org.mx\/wp-content\/uploads\/2021\/03\/IMG-20210314-WA0013.jpg\" class=\"size-full wp-image-57649\" src=\"http:\/\/www.grieta.org.mx\/wp-content\/uploads\/2021\/03\/IMG-20210314-WA0013.jpg\" alt=\"\" width=\"720\" height=\"960\" srcset=\"https:\/\/www.grieta.org.mx\/wp-content\/uploads\/2021\/03\/IMG-20210314-WA0013.jpg 720w, https:\/\/www.grieta.org.mx\/wp-content\/uploads\/2021\/03\/IMG-20210314-WA0013-225x300.jpg 225w, https:\/\/www.grieta.org.mx\/wp-content\/uploads\/2021\/03\/IMG-20210314-WA0013-375x500.jpg 375w\" sizes=\"auto, (max-width: 720px) 100vw, 720px\" \/><figcaption id=\"caption-attachment-57649\" class=\"wp-caption-text\">Imagen: Facebook de la Asamblea de Profesores de Asignatura y Ayudantes de la Facultad de Ciencias de la UNAM.<\/figcaption><\/figure>\n<figure id=\"attachment_57650\" aria-describedby=\"caption-attachment-57650\" style=\"width: 720px\" class=\"wp-caption alignnone\"><img loading=\"lazy\" decoding=\"async\" data-attachment-id=\"57650\" data-permalink=\"https:\/\/www.grieta.org.mx\/index.php\/2021\/03\/14\/profesores-de-la-facultad-de-ciencias-de-la-unam-anuncian-paro-de-clases-virtuales-exigen-pago-de-sus-salarios\/img-20210314-wa0012\/\" data-orig-file=\"https:\/\/www.grieta.org.mx\/wp-content\/uploads\/2021\/03\/IMG-20210314-WA0012.jpg\" data-orig-size=\"720,960\" data-comments-opened=\"0\" data-image-meta=\"{&quot;aperture&quot;:&quot;0&quot;,&quot;credit&quot;:&quot;&quot;,&quot;camera&quot;:&quot;&quot;,&quot;caption&quot;:&quot;&quot;,&quot;created_timestamp&quot;:&quot;0&quot;,&quot;copyright&quot;:&quot;&quot;,&quot;focal_length&quot;:&quot;0&quot;,&quot;iso&quot;:&quot;0&quot;,&quot;shutter_speed&quot;:&quot;0&quot;,&quot;title&quot;:&quot;&quot;,&quot;orientation&quot;:&quot;0&quot;}\" data-image-title=\"IMG-20210314-WA0012\" data-image-description=\"\" data-image-caption=\"&lt;p&gt;Imagen: Facebook de la Asamblea de Profesores de Asignatura y Ayudantes de la Facultad de Ciencias de la UNAM.&lt;\/p&gt;\n\" data-medium-file=\"https:\/\/www.grieta.org.mx\/wp-content\/uploads\/2021\/03\/IMG-20210314-WA0012-225x300.jpg\" data-large-file=\"https:\/\/www.grieta.org.mx\/wp-content\/uploads\/2021\/03\/IMG-20210314-WA0012.jpg\" class=\"size-full wp-image-57650\" src=\"http:\/\/www.grieta.org.mx\/wp-content\/uploads\/2021\/03\/IMG-20210314-WA0012.jpg\" alt=\"\" width=\"720\" height=\"960\" srcset=\"https:\/\/www.grieta.org.mx\/wp-content\/uploads\/2021\/03\/IMG-20210314-WA0012.jpg 720w, https:\/\/www.grieta.org.mx\/wp-content\/uploads\/2021\/03\/IMG-20210314-WA0012-225x300.jpg 225w, https:\/\/www.grieta.org.mx\/wp-content\/uploads\/2021\/03\/IMG-20210314-WA0012-375x500.jpg 375w\" sizes=\"auto, (max-width: 720px) 100vw, 720px\" \/><figcaption id=\"caption-attachment-57650\" class=\"wp-caption-text\">Imagen: Facebook de la Asamblea de Profesores de Asignatura y Ayudantes de la Facultad de Ciencias de la UNAM.<\/figcaption><\/figure>\n<figure id=\"attachment_57651\" aria-describedby=\"caption-attachment-57651\" style=\"width: 720px\" class=\"wp-caption alignnone\"><img loading=\"lazy\" decoding=\"async\" data-attachment-id=\"57651\" data-permalink=\"https:\/\/www.grieta.org.mx\/index.php\/2021\/03\/14\/profesores-de-la-facultad-de-ciencias-de-la-unam-anuncian-paro-de-clases-virtuales-exigen-pago-de-sus-salarios\/img-20210314-wa0011\/\" data-orig-file=\"https:\/\/www.grieta.org.mx\/wp-content\/uploads\/2021\/03\/IMG-20210314-WA0011.jpg\" data-orig-size=\"720,960\" data-comments-opened=\"0\" data-image-meta=\"{&quot;aperture&quot;:&quot;0&quot;,&quot;credit&quot;:&quot;&quot;,&quot;camera&quot;:&quot;&quot;,&quot;caption&quot;:&quot;&quot;,&quot;created_timestamp&quot;:&quot;0&quot;,&quot;copyright&quot;:&quot;&quot;,&quot;focal_length&quot;:&quot;0&quot;,&quot;iso&quot;:&quot;0&quot;,&quot;shutter_speed&quot;:&quot;0&quot;,&quot;title&quot;:&quot;&quot;,&quot;orientation&quot;:&quot;0&quot;}\" data-image-title=\"IMG-20210314-WA0011\" data-image-description=\"\" data-image-caption=\"&lt;p&gt;Imagen: Facebook de la Asamblea de Profesores de Asignatura y Ayudantes de la Facultad de Ciencias de la UNAM.&lt;\/p&gt;\n\" data-medium-file=\"https:\/\/www.grieta.org.mx\/wp-content\/uploads\/2021\/03\/IMG-20210314-WA0011-225x300.jpg\" data-large-file=\"https:\/\/www.grieta.org.mx\/wp-content\/uploads\/2021\/03\/IMG-20210314-WA0011.jpg\" class=\"size-full wp-image-57651 aligncenter\" src=\"http:\/\/www.grieta.org.mx\/wp-content\/uploads\/2021\/03\/IMG-20210314-WA0011.jpg\" alt=\"\" width=\"720\" height=\"960\" srcset=\"https:\/\/www.grieta.org.mx\/wp-content\/uploads\/2021\/03\/IMG-20210314-WA0011.jpg 720w, https:\/\/www.grieta.org.mx\/wp-content\/uploads\/2021\/03\/IMG-20210314-WA0011-225x300.jpg 225w, https:\/\/www.grieta.org.mx\/wp-content\/uploads\/2021\/03\/IMG-20210314-WA0011-375x500.jpg 375w\" sizes=\"auto, (max-width: 720px) 100vw, 720px\" \/><figcaption id=\"caption-attachment-57651\" class=\"wp-caption-text\">Imagen: Facebook de la Asamblea de Profesores de Asignatura y Ayudantes de la Facultad de Ciencias de la UNAM.<\/figcaption><\/figure>\n<p><strong>El pliego petitorio<\/strong><\/p>\n<p>En las \u00faltimas semanas, los profesores construyeron un <a href=\"https:\/\/www.facebook.com\/Profesores-de-asignatura-y-ayudantes-de-la-Facultad-de-Ciencias-UNAM-222942105696036\/photos\/pcb.397596288230616\/397596028230642\" target=\"_blank\" rel=\"noopener\">pliego petitorio<\/a> diferenciado con 24 puntos. De estos puntos algunos se desprenden directamente de la situaci\u00f3n de la pandemia, otros son producto de que la pandemia por COVID-19 ha revelado la situaci\u00f3n de inestabilidad y precariedad laboral que enfrentan los profesores de asignatura.<\/p>\n<p>&nbsp;<\/p>\n<p>Dentro de su pliego, la Asamblea de Profesores de Asignatura y Ayudantes dela Facultad de Ciencias destaca 7 demandas&nbsp; de urgente resoluci\u00f3n por la administraci\u00f3n central de la UNAM (resumidas):<\/p>\n<p>&nbsp;<\/p>\n<ul>\n<li>URGENTE: Pago inmediato, reintegraci\u00f3n en su totalidad de las prestaciones y adeudos de sueldos injustificadamente descontados a todos los trabajadores acad\u00e9micos afectados.<\/li>\n<li>URGENTE . Aclaraciones de n\u00f3mina eficientes.<\/li>\n<li>URGENTE . Bono por COVID de $20,000 por semestre laborado, retroactivo para los docentes activos durante la contingencia por COVID.<\/li>\n<li>URGENTE . Retroactivo pago de gastos hechos para la implementaci\u00f3n de las clases en l\u00ednea (material extra por pandemia).<\/li>\n<li>URGENTE . Indemnizaci\u00f3n por enfermedad y\/o por p\u00e9rdida de familiar de primer grado.<\/li>\n<li>URGENTE . Poder hacer aclaraciones de n\u00f3mina de a\u00f1os anteriores al 2020.<\/li>\n<li>URGENTE . Aplicaci\u00f3n del decreto del 11 de enero de 2021 para que la UNAM cubra los gastos por teletrabajo (luz, internet, equipo adicional, etc).<\/li>\n<\/ul>\n<p>&nbsp;<\/p>\n<p>Adicionalmente, se solicita a la Facultad de Ciencias que atienda de manera urgente tres demandas (resumidas):<\/p>\n<ul>\n<li>URGENTE . Entrega de credenciales (o una constancia) desde el momento de la alta en el sistema de la FC.<\/li>\n<li>URGENTE . Programa para contrataci\u00f3n y basificaci\u00f3n de profesores y ayudantes de asignatura, abriendo concursos de definitividad transparentes para profesores interinos de asignatura y considerando la creaci\u00f3n de plazas de medio tiempo para docentes interinos de asignatura.<\/li>\n<li>URGENTE . Eliminaci\u00f3n del l\u00edmite m\u00e1ximo de 14 horas establecido por la Facultad de Ciencias.<\/li>\n<\/ul>\n<p>&nbsp;<\/p>\n<p>&nbsp;<\/p>\n<p>En entrevista, profesores de la asamblea han se\u00f1alado que frente a la absoluta inacci\u00f3n por parte de los sindicatos de la UNAM, como el STUNAM y la AAPAUNAM, ellos han tenido que organizarse como asamblea, de manera independiente y buscando el apoyo de los estudiantes. Por eso en la asamblea del pasado 12 de marzo invitaron a cientos de estudiantes, los que les expresaron su acuerdo con el paro como medida de lucha. La situaci\u00f3n de falta de pagos no es \u00fanica de la Facultad de Ciencias, las asambleas han comenzado a tener acercamientos con otras dependencias donde se presentan situaciones similares, como la Facultad de Econom\u00eda de la UNAM.<\/p>\n<p>&nbsp;<\/p>\n<p>Frente a la decisi\u00f3n de las y los profesores de defender sus derechos laborales m\u00e1s elementales, las autoridades dela UNAM y de la Facultad de Ciencias han comenzado a emitir comunicados diciendo que&nbsp; son &#8220;<em>sensibles a los inconvenientes que esta situaci\u00f3n in\u00e9dita ha causado a sus docentes<\/em>&#8220;, obviando que esa situaci\u00f3n en muchos casos ha significado carecer de medios de vida. Pero el paro es ya una realidad que han decidido los maestros y maestras, m\u00e1s all\u00e1 de si las autoridades aceptan reconocerlo o no.<\/p>\n<p>&nbsp;<\/p>\n<p>En lo m\u00e1s alto de la UNAM, la ceguera prevalece. Frente a esa estrechez de miras, a partir de este martes 12 de marzo la lucha por condiciones m\u00e1s dignas para los profesores de la universidad tendr\u00e1 un nuevo cap\u00edtulo: el primer paro virtual de una facultad de la UNAM. A pesar de la pandemia la organizaci\u00f3n no para, quienes hacen andar la universidad todos los d\u00edas quieren dejar de ser invisibles.<\/p>\n<p>&nbsp;<\/p>\n<p>Con informaci\u00f3n obtenida de: <a href=\"https:\/\/www.facebook.com\/Profesores-de-asignatura-y-ayudantes-de-la-Facultad-de-Ciencias-UNAM-222942105696036\">https:\/\/www.facebook.com\/Profesores-de-asignatura-y-ayudantes-de-la-Facultad-de-Ciencias-UNAM-222942105696036<\/a><\/p>\n<p>&nbsp;<\/p>\n<p><strong>&nbsp;<\/strong><\/p>\n<p><strong>&nbsp;<\/strong><\/p>\n<p>&nbsp;<\/p>\n<p>&nbsp;<\/p>\n<p>&nbsp;<\/p>\n","protected":false},"excerpt":{"rendered":"<p>&nbsp; &nbsp; Frente a la falta de pago y al incumplimiento por parte de las autoridades la medida se acord\u00f3 en una asamblea virtual. Las demandas de los docentes son &hellip; <a href=\"https:\/\/www.grieta.org.mx\/index.php\/2021\/03\/14\/profesores-de-la-facultad-de-ciencias-de-la-unam-anuncian-paro-de-clases-virtuales-exigen-pago-de-sus-salarios\/\" class=\"more-link\">Leer m\u00e1s<\/a><\/p>\n","protected":false},"author":2,"featured_media":57646,"comment_status":"closed","ping_status":"closed","sticky":false,"template":"","format":"standard","meta":{"ngg_post_thumbnail":0,"_jetpack_newsletter_access":"","_jetpack_dont_email_post_to_subs":false,"_jetpack_newsletter_tier_id":0,"_jetpack_memberships_contains_paywalled_content":false,"_jetpack_memberships_contains_paid_content":false,"footnotes":""},"categories":[80,14,1775,1080,3295,2958,1360,2119],"tags":[584,2250,3454,2154,1681,1290,1550,2390],"class_list":["post-57641","post","type-post","status-publish","format-standard","has-post-thumbnail","hentry","category-cintillo","category-ciudad-de-mexico","category-colectivo-grieta","category-conflictos-laborales-en-la-ciudad-de-mexico","category-covid-19-en-ciudad-de-mexico","category-crisis-de-la-educacion-publica-en-la-ciudad-de-mexico","category-movilizaciones-del-magisterio-en-la-ciudad-de-mexico","category-precarizacion-de-las-condiciones-laborales-en-la-ciudad-de-mexico","tag-ciudad-universitaria","tag-conflictos-laborales-en-el-sector-publico","tag-crisis-de-la-educacion-publica","tag-huelga-universidades","tag-precariedad-de-planteles-educativos","tag-precariedad-laboral","tag-precariedad-presupuestal","tag-trabajadores-universitarios","entry"],"jetpack_featured_media_url":"https:\/\/www.grieta.org.mx\/wp-content\/uploads\/2021\/03\/100057700511_50079.jpg","jetpack_sharing_enabled":true,"jetpack_shortlink":"https:\/\/wp.me\/p7ZJR4-eZH","jetpack_likes_enabled":false,"jetpack-related-posts":[{"id":39875,"url":"https:\/\/www.grieta.org.mx\/index.php\/2019\/10\/01\/academicos-de-la-upn-realizan-paro-en-demanda-de-pago-total-de-estimulos\/","url_meta":{"origin":57641,"position":0},"title":"Acad\u00e9micos de la UPN realizan paro en demanda de pago total de est\u00edmulos","author":"grieta","date":"1 octubre, 2019","format":false,"excerpt":"Ixtlix\u00f3chitl L\u00f3pez\/Proceso CIUDAD DE M\u00c9XICO (apro).- La Asamblea Permanente de Acad\u00e9micos de la Universidad Pedag\u00f3gica Nacional (UPN) plantel Ajusco realiz\u00f3 este martes un paro de labores para exigir el pago total de est\u00edmulos sin impuestos y mayor presupuesto para la instituci\u00f3n. Adem\u00e1s, los profesores inconformes solicitaron la sustituci\u00f3n de la\u2026","rel":"","context":"En &quot;CINTILLO&quot;","block_context":{"text":"CINTILLO","link":"https:\/\/www.grieta.org.mx\/index.php\/category\/cintillo\/"},"img":{"alt_text":"","src":"https:\/\/i0.wp.com\/www.grieta.org.mx\/wp-content\/uploads\/2019\/10\/upn1-870x522.jpg?resize=350%2C200&ssl=1","width":350,"height":200,"srcset":"https:\/\/i0.wp.com\/www.grieta.org.mx\/wp-content\/uploads\/2019\/10\/upn1-870x522.jpg?resize=350%2C200&ssl=1 1x, https:\/\/i0.wp.com\/www.grieta.org.mx\/wp-content\/uploads\/2019\/10\/upn1-870x522.jpg?resize=525%2C300&ssl=1 1.5x, https:\/\/i0.wp.com\/www.grieta.org.mx\/wp-content\/uploads\/2019\/10\/upn1-870x522.jpg?resize=700%2C400&ssl=1 2x"},"classes":[]},{"id":46734,"url":"https:\/\/www.grieta.org.mx\/index.php\/2020\/03\/12\/por-organizar-tendedero-de-denuncias-profesora-sera-sancionada-por-director-de-bachilleres-4-ciudad-de-mexico\/","url_meta":{"origin":57641,"position":1},"title":"Por \u201corganizar\u201d tendedero de denuncias, profesora ser\u00e1 sancionada por director de Bachilleres 4 (Ciudad de M\u00e9xico)","author":"grieta","date":"12 marzo, 2020","format":false,"excerpt":"Imagen tomada de: www.radioformula.com.mx Radio F\u00f3rmula La profesora realiz\u00f3 una actividad con los alumnos para exponer frases de acoso que han escuchado de sus profesores y compa\u00f1eros Jos\u00e9 Ra\u00fal S\u00e1nchez, director del Colegio de Bachilleres Plantel 4, anunci\u00f3 que sancionar\u00e1 a la profesora Ericka Mart\u00ednez, por \u201corganizar\u201d un tendedero de\u2026","rel":"","context":"En &quot;CINTILLO&quot;","block_context":{"text":"CINTILLO","link":"https:\/\/www.grieta.org.mx\/index.php\/category\/cintillo\/"},"img":{"alt_text":"","src":"https:\/\/i0.wp.com\/www.grieta.org.mx\/wp-content\/uploads\/2020\/03\/Por-organizar-tendedero-de-denuncias-profesora-ser%C3%A1-sancionada-por-director-de-Bachilleres-4-cdmx-mzo.jpg?resize=350%2C200&ssl=1","width":350,"height":200,"srcset":"https:\/\/i0.wp.com\/www.grieta.org.mx\/wp-content\/uploads\/2020\/03\/Por-organizar-tendedero-de-denuncias-profesora-ser%C3%A1-sancionada-por-director-de-Bachilleres-4-cdmx-mzo.jpg?resize=350%2C200&ssl=1 1x, https:\/\/i0.wp.com\/www.grieta.org.mx\/wp-content\/uploads\/2020\/03\/Por-organizar-tendedero-de-denuncias-profesora-ser%C3%A1-sancionada-por-director-de-Bachilleres-4-cdmx-mzo.jpg?resize=525%2C300&ssl=1 1.5x"},"classes":[]},{"id":43856,"url":"https:\/\/www.grieta.org.mx\/index.php\/2020\/01\/31\/autoridades-de-la-uacm-despiden-a-profesores-por-exigir-sus-derechos-ciudad-de-mexico\/","url_meta":{"origin":57641,"position":2},"title":"Autoridades de la UACM despiden a profesores por exigir sus derechos (Ciudad de M\u00e9xico)","author":"grieta","date":"31 enero, 2020","format":false,"excerpt":"V\u00edctor Romero Escalante \/ La Izquierda diario Las autoridades de la UACM, Patricia Chang Arenas, encargada del despacho de la secretar\u00eda general y Silvia Paulina Jaime Muguiro, encargada de despacho de la oficina del abogado general decidieron despedir de forma injustificada a la mayor\u00eda de los profesores de la asamblea\u2026","rel":"","context":"En &quot;CINTILLO&quot;","block_context":{"text":"CINTILLO","link":"https:\/\/www.grieta.org.mx\/index.php\/category\/cintillo\/"},"img":{"alt_text":"","src":"https:\/\/i0.wp.com\/www.grieta.org.mx\/wp-content\/uploads\/2020\/02\/Autoridades-de-la-UACM-despiden-a-profesores-por-exigir-sus-derechos-cdemx-ene.jpg?resize=350%2C200&ssl=1","width":350,"height":200,"srcset":"https:\/\/i0.wp.com\/www.grieta.org.mx\/wp-content\/uploads\/2020\/02\/Autoridades-de-la-UACM-despiden-a-profesores-por-exigir-sus-derechos-cdemx-ene.jpg?resize=350%2C200&ssl=1 1x, https:\/\/i0.wp.com\/www.grieta.org.mx\/wp-content\/uploads\/2020\/02\/Autoridades-de-la-UACM-despiden-a-profesores-por-exigir-sus-derechos-cdemx-ene.jpg?resize=525%2C300&ssl=1 1.5x, https:\/\/i0.wp.com\/www.grieta.org.mx\/wp-content\/uploads\/2020\/02\/Autoridades-de-la-UACM-despiden-a-profesores-por-exigir-sus-derechos-cdemx-ene.jpg?resize=700%2C400&ssl=1 2x"},"classes":[]},{"id":40522,"url":"https:\/\/www.grieta.org.mx\/index.php\/2019\/10\/25\/sindicato-de-trabajadores-del-instituto-de-educacion-media-superior-emplazan-a-huelga-ciudad-de-mexico\/","url_meta":{"origin":57641,"position":3},"title":"Sindicato de trabajadores del Instituto de Educaci\u00f3n Media Superior emplazan a huelga (Ciudad de M\u00e9xico)","author":"grieta","date":"25 octubre, 2019","format":false,"excerpt":"\u00a0 La Izquierda Diario de M\u00e9xico El Sindicato pidi\u00f3 crear oportunamente plazas para los nuevos planteles y basificar a los profesores de modalidad semiescolar El Sindicato de la Uni\u00f3n de Trabajadores del Instituto de Educaci\u00f3n Media Superior (Sutiems) emplaz\u00f3 a huelga el pr\u00f3ximo 5 de noviembre. Hizo un llamado a\u2026","rel":"","context":"En &quot;CINTILLO&quot;","block_context":{"text":"CINTILLO","link":"https:\/\/www.grieta.org.mx\/index.php\/category\/cintillo\/"},"img":{"alt_text":"","src":"https:\/\/i0.wp.com\/www.grieta.org.mx\/wp-content\/uploads\/2019\/10\/Sindicato-de-trabajadores-del-Instituto-de-Educaci%C3%B3n-Media-Superior-emplazan-a-huelga-cdmx-oct.jpg?resize=350%2C200&ssl=1","width":350,"height":200},"classes":[]},{"id":29475,"url":"https:\/\/www.grieta.org.mx\/index.php\/2019\/02\/22\/protestan-frente-a-palacio-nacional-por-estancias-infantiles-guanajuato-guerrero-ciudad-de-mexico\/","url_meta":{"origin":57641,"position":4},"title":"Protestan frente a Palacio Nacional por estancias infantiles (Guanajuato, Guerrero, Ciudad de M\u00e9xico)","author":"grieta","date":"22 febrero, 2019","format":false,"excerpt":"Dijeron proceder de estados como Guerrero, Guanajuato y la Ciudad de M\u00e9xico. Redacci\u00f3n SDPnoticias vie 22 feb 2019 08:22 M\u00e9xico.- La ma\u00f1ana de este viernes, un grupo de empleadas de estancias infantiles se manifestaron frente a Palacio Nacional en demanda de reasignaciones presupuestales. Agitando globos de colores y banderines con\u2026","rel":"","context":"En &quot;CINTILLO&quot;","block_context":{"text":"CINTILLO","link":"https:\/\/www.grieta.org.mx\/index.php\/category\/cintillo\/"},"img":{"alt_text":"","src":"https:\/\/i0.wp.com\/www.grieta.org.mx\/wp-content\/uploads\/2019\/02\/0821_protestas-por-estancias-infantiles_620x350.jpg?resize=350%2C200&ssl=1","width":350,"height":200,"srcset":"https:\/\/i0.wp.com\/www.grieta.org.mx\/wp-content\/uploads\/2019\/02\/0821_protestas-por-estancias-infantiles_620x350.jpg?resize=350%2C200&ssl=1 1x, https:\/\/i0.wp.com\/www.grieta.org.mx\/wp-content\/uploads\/2019\/02\/0821_protestas-por-estancias-infantiles_620x350.jpg?resize=525%2C300&ssl=1 1.5x"},"classes":[]},{"id":57021,"url":"https:\/\/www.grieta.org.mx\/index.php\/2021\/02\/18\/profesores-de-la-facultad-de-ciencias-de-la-unam-denuncian-falta-de-pago-de-salarios-y-retencion-de-prestaciones\/","url_meta":{"origin":57641,"position":5},"title":"Profesores de la Facultad de Ciencias de la UNAM denuncian falta de pago de salarios y retenci\u00f3n de prestaciones","author":"grieta","date":"18 febrero, 2021","format":false,"excerpt":"- No hay respuesta de las autoridades universitarias. - El 86 % de los profesores de la Facultad de Ciencias son de asignatura, con contratos semestrales y bajos salarios. - Esperan tener audiencia con el Consejo T\u00e9cnico de la Facultad. - El d\u00eda 19 de febrero se realizar\u00e1 la primera\u2026","rel":"","context":"En &quot;CINTILLO&quot;","block_context":{"text":"CINTILLO","link":"https:\/\/www.grieta.org.mx\/index.php\/category\/cintillo\/"},"img":{"alt_text":"","src":"https:\/\/i0.wp.com\/www.grieta.org.mx\/wp-content\/uploads\/2021\/02\/Facultad-Ciencias_UNAM.jpg?resize=350%2C200&ssl=1","width":350,"height":200,"srcset":"https:\/\/i0.wp.com\/www.grieta.org.mx\/wp-content\/uploads\/2021\/02\/Facultad-Ciencias_UNAM.jpg?resize=350%2C200&ssl=1 1x, https:\/\/i0.wp.com\/www.grieta.org.mx\/wp-content\/uploads\/2021\/02\/Facultad-Ciencias_UNAM.jpg?resize=525%2C300&ssl=1 1.5x, https:\/\/i0.wp.com\/www.grieta.org.mx\/wp-content\/uploads\/2021\/02\/Facultad-Ciencias_UNAM.jpg?resize=700%2C400&ssl=1 2x"},"classes":[]}],"_links":{"self":[{"href":"https:\/\/www.grieta.org.mx\/index.php\/wp-json\/wp\/v2\/posts\/57641","targetHints":{"allow":["GET"]}}],"collection":[{"href":"https:\/\/www.grieta.org.mx\/index.php\/wp-json\/wp\/v2\/posts"}],"about":[{"href":"https:\/\/www.grieta.org.mx\/index.php\/wp-json\/wp\/v2\/types\/post"}],"author":[{"embeddable":true,"href":"https:\/\/www.grieta.org.mx\/index.php\/wp-json\/wp\/v2\/users\/2"}],"replies":[{"embeddable":true,"href":"https:\/\/www.grieta.org.mx\/index.php\/wp-json\/wp\/v2\/comments?post=57641"}],"version-history":[{"count":1,"href":"https:\/\/www.grieta.org.mx\/index.php\/wp-json\/wp\/v2\/posts\/57641\/revisions"}],"predecessor-version":[{"id":57716,"href":"https:\/\/www.grieta.org.mx\/index.php\/wp-json\/wp\/v2\/posts\/57641\/revisions\/57716"}],"wp:featuredmedia":[{"embeddable":true,"href":"https:\/\/www.grieta.org.mx\/index.php\/wp-json\/wp\/v2\/media\/57646"}],"wp:attachment":[{"href":"https:\/\/www.grieta.org.mx\/index.php\/wp-json\/wp\/v2\/media?parent=57641"}],"wp:term":[{"taxonomy":"category","embeddable":true,"href":"https:\/\/www.grieta.org.mx\/index.php\/wp-json\/wp\/v2\/categories?post=57641"},{"taxonomy":"post_tag","embeddable":true,"href":"https:\/\/www.grieta.org.mx\/index.php\/wp-json\/wp\/v2\/tags?post=57641"}],"curies":[{"name":"wp","href":"https:\/\/api.w.org\/{rel}","templated":true}]}}