{"id":57623,"date":"2021-03-09T11:27:30","date_gmt":"2021-03-09T17:27:30","guid":{"rendered":"http:\/\/www.grieta.org.mx\/?p=57623"},"modified":"2021-03-10T11:36:12","modified_gmt":"2021-03-10T17:36:12","slug":"mi-exnovio-me-quiso-cortar-el-cuello-marcharon-en-yucatan-cientos-de-mujeres-sobrevivientes-de-la-violencia-machista","status":"publish","type":"post","link":"https:\/\/www.grieta.org.mx\/index.php\/2021\/03\/09\/mi-exnovio-me-quiso-cortar-el-cuello-marcharon-en-yucatan-cientos-de-mujeres-sobrevivientes-de-la-violencia-machista\/","title":{"rendered":"\u201cMi exnovio me quiso cortar el cuello\u201d: Marcharon en Yucat\u00e1n cientos de mujeres sobrevivientes de la violencia machista"},"content":{"rendered":"<p><img loading=\"lazy\" decoding=\"async\" data-attachment-id=\"57624\" data-permalink=\"https:\/\/www.grieta.org.mx\/index.php\/2021\/03\/09\/mi-exnovio-me-quiso-cortar-el-cuello-marcharon-en-yucatan-cientos-de-mujeres-sobrevivientes-de-la-violencia-machista\/marcha8mmerida\/\" data-orig-file=\"https:\/\/www.grieta.org.mx\/wp-content\/uploads\/2021\/03\/Marcha8MMerida.png\" data-orig-size=\"689,518\" data-comments-opened=\"0\" data-image-meta=\"{&quot;aperture&quot;:&quot;0&quot;,&quot;credit&quot;:&quot;&quot;,&quot;camera&quot;:&quot;&quot;,&quot;caption&quot;:&quot;&quot;,&quot;created_timestamp&quot;:&quot;0&quot;,&quot;copyright&quot;:&quot;&quot;,&quot;focal_length&quot;:&quot;0&quot;,&quot;iso&quot;:&quot;0&quot;,&quot;shutter_speed&quot;:&quot;0&quot;,&quot;title&quot;:&quot;&quot;,&quot;orientation&quot;:&quot;0&quot;}\" data-image-title=\"Marcha8MMerida\" data-image-description=\"\" data-image-caption=\"\" data-medium-file=\"https:\/\/www.grieta.org.mx\/wp-content\/uploads\/2021\/03\/Marcha8MMerida-300x226.png\" data-large-file=\"https:\/\/www.grieta.org.mx\/wp-content\/uploads\/2021\/03\/Marcha8MMerida.png\" src=\"http:\/\/www.grieta.org.mx\/wp-content\/uploads\/2021\/03\/Marcha8MMerida.png\" alt=\"\" width=\"689\" height=\"518\" class=\"alignnone size-full wp-image-57624\" srcset=\"https:\/\/www.grieta.org.mx\/wp-content\/uploads\/2021\/03\/Marcha8MMerida.png 689w, https:\/\/www.grieta.org.mx\/wp-content\/uploads\/2021\/03\/Marcha8MMerida-300x226.png 300w, https:\/\/www.grieta.org.mx\/wp-content\/uploads\/2021\/03\/Marcha8MMerida-665x500.png 665w\" sizes=\"auto, (max-width: 689px) 100vw, 689px\" \/><\/p>\n<p>Itzel Chan \/ Noticaribe<br \/>\nM\u00c9RIDA, MX.- El movimiento feminista lo conforman mujeres que alzan la voz en contra de la ola de feminicidios y la violencia de g\u00e9nero en M\u00e9xico y Yucat\u00e1n, por lo que los d\u00edas 7 y 8 de marzo salieron a marchar en el marco del D\u00eda Internacional de la Mujer; algunas afirmaron haber salido porque ellas han vivido en carne propia la violencia y otras m\u00e1s, para que sus hijas ya no la vivan.<\/p>\n<p>En las marchas de los d\u00edas pasados, algunas j\u00f3venes en Yucat\u00e1n asistieron por primera vez.<\/p>\n<p>Para ellas, las integrantes de colectivos feministas crearon una red de protecci\u00f3n, con tal de que en su primera marcha se sintieran acompa\u00f1adas y, sobre todo, seguras, pues es uno de los prop\u00f3sitos del movimiento violeta es contar con espacios de mujeres para mujeres, en donde todas est\u00e9n protegidas.<\/p>\n<p>Fueron centenas de grupos de Facebook o de WhatsApp que se formaron para marchar juntas y en uno, m\u00e1s de 100 mujeres de diversas edades compartieron su experiencia de porqu\u00e9 marchar.<\/p>\n<p>De esta forma, en Noticaribe, hacemos una breve recopilaci\u00f3n de algunas respuestas:<\/p>\n<p>Diana, 29 a\u00f1os:<br \/>\nMarcho por lo que a\u00fan no me atrevo a contar que me hicieron a los 9 a\u00f1os. Marcho porque mi exnovio me quiso cortar el cuello con unas tijeras despu\u00e9s de golpearme por no responderle el celular. Marcho por m\u00ed y por las que no tuvieron la suerte que yo.<\/p>\n<p>Mixel, 16 a\u00f1os:<br \/>\nYo asist\u00ed a la marcha porque quiero luchar por todas las que est\u00e1n y las que hacen falta, ya que es injusto todo lo que vivimos por el simple hecho de ser mujeres. Merecemos sentirnos libres y seguras. Quiero un M\u00e9xico en donde podamos vivir sin miedo.<\/p>\n<p>Alejandra, 26 a\u00f1os:<br \/>\nSi queremos que el eco resuene en cada rinc\u00f3n, hace falta marchar, bailar, reunirse, manifestarse. Estamos en todo nuestro derecho y es una hermosa manera de darnos cuenta que no estamos solas, que no somos unas cuantas. Al vernos reunidas, sent\u00ed que todo es posible y que \u00a1se va a caer!<\/p>\n<p>Gina, 23 a\u00f1os:<br \/>\nMarcho porque tengo una hija de 5 a\u00f1os, me aterra el hecho de que el d\u00eda de ma\u00f1ana ella me falte. Lo hago para que entienda que ella es lo m\u00e1s importante y que nunca se deje humillar por ninguna pareja, nunca se deje maltratar y que si alg\u00fan d\u00eda le pasa algo no tenga miedo de decirme.<\/p>\n<p>Jennifer, 18 a\u00f1os:<br \/>\nLa raz\u00f3n por la que marcho es porque todas aquellas ni\u00f1as, abuelas, hermanas, t\u00edas merecemos sentirnos seguras por las calles, merecemos justicia por todo lo que el sistema patriarcal y el machismo han reprimido por el simple hecho de ser mujer y porque deben de dejar de excluir a las mujeres trans, las cuales son parte de nosotras y merecen ser tratadas justamente. El feminismo me ayud\u00f3 a superar traumas y maltratos que sufr\u00ed por parte de mi pareja y un familiar. Amo gritar con tantas mujeres alrededor y  saber que si alg\u00fan d\u00eda yo falto ellas estar\u00e1n ah\u00ed gritando mi nombre.<\/p>\n<p>Genny, 34 a\u00f1os:<br \/>\nDe ni\u00f1a fui acosada y tocada por primos.  S\u00e9 lo que se siente que nadie te crea e incluso te hagan sentir que t\u00fa eres la culpable. El d\u00eda de hoy tengo una hermosa hija y marcho por toda la ni\u00f1ez a la que que le arrebatan su inocencia y porque a la ni\u00f1ez no se les toca, no se les viola, no se les mata.<\/p>\n<p>Denisse, 28 a\u00f1os:<br \/>\nMarcho para que ninguna sufra de abuso sexual como yo sufr\u00ed y para que estos no queden impunes.<\/p>\n<p>No\u00e9, 30 a\u00f1os:<br \/>\nMarcho para que ning\u00fan hombre se sienta seguro de tocar las partes \u00edntimas de ninguna otra ni\u00f1a como lo hizo mi primo Carlos conmigo.<\/p>\n<p>Akary, 26 a\u00f1os:<br \/>\nMarcho porque aunque no me han asesinado, mi vida se ha detenido, porque, los abusos y la violencia me vencieron, porque la sororidad que se siente al gritar \u201cni una menos\u201d \u201clas ni\u00f1as no se tocan, no se violan no se matan\u201d, me dan poquito de fuerza para superar todo lo que un simple \u201cno fue mi culpa\u201d a tiempo hubiera sido el inicio de mi sanaci\u00f3n. Pero sobre todo marcho, porque lo que no fue para m\u00ed ser\u00e1 para las dem\u00e1s.<\/p>\n<p>De esta manera, las mujeres de Yucat\u00e1n reiteraron que acudir\u00e1n a m\u00e1s marchas necesarias hasta que ya no sea necesario y se haga justicia a favor de las mujeres v\u00edctimas de violencia. <\/p>\n<p><a href=\"https:\/\/noticaribe.com.mx\/2021\/03\/09\/mi-exnovio-me-quiso-cortar-el-cuello-marcharon-en-yucatan-cientos-de-mujeres-sobrevivientes-de-la-violencia-machista\/\" rel=\"noopener\" target=\"_blank\">https:\/\/noticaribe.com.mx\/2021\/03\/09\/mi-exnovio-me-quiso-cortar-el-cuello-marcharon-en-yucatan-cientos-de-mujeres-sobrevivientes-de-la-violencia-machista\/<\/a><\/p>\n","protected":false},"excerpt":{"rendered":"<p>Itzel Chan \/ Noticaribe M\u00c9RIDA, MX.- El movimiento feminista lo conforman mujeres que alzan la voz en contra de la ola de feminicidios y la violencia de g\u00e9nero en M\u00e9xico &hellip; <a href=\"https:\/\/www.grieta.org.mx\/index.php\/2021\/03\/09\/mi-exnovio-me-quiso-cortar-el-cuello-marcharon-en-yucatan-cientos-de-mujeres-sobrevivientes-de-la-violencia-machista\/\" class=\"more-link\">Leer m\u00e1s<\/a><\/p>\n","protected":false},"author":2,"featured_media":57624,"comment_status":"closed","ping_status":"closed","sticky":false,"template":"","format":"standard","meta":{"ngg_post_thumbnail":0,"_jetpack_newsletter_access":"","_jetpack_dont_email_post_to_subs":false,"_jetpack_newsletter_tier_id":0,"_jetpack_memberships_contains_paywalled_content":false,"_jetpack_memberships_contains_paid_content":false,"footnotes":""},"categories":[80,3168,3840,2,3165,36],"tags":[2272,2248,2317,3208,3147],"class_list":["post-57623","post","type-post","status-publish","format-standard","has-post-thumbnail","hentry","category-cintillo","category-lucha-de-las-mujeres-en-yucatan","category-lucha-como-mujeres-que-somos","category-noticias-nacionales","category-resistencias","category-yucatan","tag-dia-internacional-de-la-mujer","tag-luchas-de-las-mujeres","tag-manifestaciones-de-mujeres","tag-marcha-de-mujeres","tag-movilizaciones-de-mujeres","entry"],"jetpack_featured_media_url":"https:\/\/www.grieta.org.mx\/wp-content\/uploads\/2021\/03\/Marcha8MMerida.png","jetpack_sharing_enabled":true,"jetpack_shortlink":"https:\/\/wp.me\/p7ZJR4-eZp","jetpack_likes_enabled":false,"jetpack-related-posts":[{"id":57608,"url":"https:\/\/www.grieta.org.mx\/index.php\/2021\/03\/09\/mujeres-tomaron-las-calles-de-valladolid-yucatan\/","url_meta":{"origin":57623,"position":0},"title":"Mujeres tomaron las calles de Valladolid (Yucat\u00e1n)","author":"grieta","date":"9 marzo, 2021","format":false,"excerpt":"Herbeth Escalante \/ Haz Ruido Las manifestantes protestaron por todas aquellas mujeres que siguen viviendo violencias en sus propias casas y que no pueden salir en el confinamiento de la pandemia. Valladolid, Yucat\u00e1n, 9 de marzo de 2021.-Aproximadamente 150 mujeres del municipio de Valladolid protestaron ayer en el #8M2021 para\u2026","rel":"","context":"En &quot;CINTILLO&quot;","block_context":{"text":"CINTILLO","link":"https:\/\/www.grieta.org.mx\/index.php\/category\/cintillo\/"},"img":{"alt_text":"","src":"https:\/\/i0.wp.com\/www.grieta.org.mx\/wp-content\/uploads\/2021\/03\/Marcha8MValladolid.png?resize=350%2C200&ssl=1","width":350,"height":200,"srcset":"https:\/\/i0.wp.com\/www.grieta.org.mx\/wp-content\/uploads\/2021\/03\/Marcha8MValladolid.png?resize=350%2C200&ssl=1 1x, https:\/\/i0.wp.com\/www.grieta.org.mx\/wp-content\/uploads\/2021\/03\/Marcha8MValladolid.png?resize=525%2C300&ssl=1 1.5x, https:\/\/i0.wp.com\/www.grieta.org.mx\/wp-content\/uploads\/2021\/03\/Marcha8MValladolid.png?resize=700%2C400&ssl=1 2x"},"classes":[]},{"id":57613,"url":"https:\/\/www.grieta.org.mx\/index.php\/2021\/03\/07\/si-no-luchamos-juntas-nos-mataran-por-separado-las-vallas-son-una-provocacion-gritan-mujeres-de-yucatan-en-las-calles-de-merida\/","url_meta":{"origin":57623,"position":1},"title":"\u201c\u00a1Si no luchamos juntas nos mataran por separado!\u201d: \u201cLas vallas son una provocaci\u00f3n\u201d, gritan mujeres de Yucat\u00e1n en las calles de M\u00e9rida","author":"grieta","date":"7 marzo, 2021","format":false,"excerpt":"Itzel Chan \/ Noticaribe M\u00c9RIDA, MX.- Ante la ola de violencia de g\u00e9nero y feminicidios en Yucat\u00e1n, mujeres salieron a las calles, previamente al D\u00eda Internacional de la Mujer, para gritar: \u00a1Si no luchamos juntas, nos matar\u00e1n por separado! Y al llegar al monumento a la Patria, derribaron las vallas\u2026","rel":"","context":"En &quot;CINTILLO&quot;","block_context":{"text":"CINTILLO","link":"https:\/\/www.grieta.org.mx\/index.php\/category\/cintillo\/"},"img":{"alt_text":"","src":"https:\/\/i0.wp.com\/www.grieta.org.mx\/wp-content\/uploads\/2021\/03\/Marchap8MMerida.png?resize=350%2C200&ssl=1","width":350,"height":200,"srcset":"https:\/\/i0.wp.com\/www.grieta.org.mx\/wp-content\/uploads\/2021\/03\/Marchap8MMerida.png?resize=350%2C200&ssl=1 1x, https:\/\/i0.wp.com\/www.grieta.org.mx\/wp-content\/uploads\/2021\/03\/Marchap8MMerida.png?resize=525%2C300&ssl=1 1.5x"},"classes":[]},{"id":41546,"url":"https:\/\/www.grieta.org.mx\/index.php\/2019\/11\/25\/policia-detuvo-a-6-mujeres-en-yucatan-durante-marcha-contra-la-violencia-de-genero\/","url_meta":{"origin":57623,"position":2},"title":"Polic\u00eda detuvo a 6 mujeres en Yucat\u00e1n durante marcha contra la violencia de g\u00e9nero","author":"grieta","date":"25 noviembre, 2019","format":false,"excerpt":"Tras cumplir un breve arresto administrativo, las mujeres fueron liberadas, inform\u00f3 la Secretar\u00eda de Seguridad P\u00fablica. Redacci\u00f3n Animal Pol\u00edtico Seis mujeres fueron detenidas por la polic\u00eda este lunes en M\u00e9rida, Yucat\u00e1n, durante la protesta por el D\u00eda Internacional de la Eliminaci\u00f3n de la Violencia Contra las Mujeres. Manifestantes denunciaron que\u2026","rel":"","context":"En &quot;CINTILLO&quot;","block_context":{"text":"CINTILLO","link":"https:\/\/www.grieta.org.mx\/index.php\/category\/cintillo\/"},"img":{"alt_text":"","src":"https:\/\/i0.wp.com\/www.grieta.org.mx\/wp-content\/uploads\/2019\/11\/MarchaMujeresYuc.png?resize=350%2C200&ssl=1","width":350,"height":200},"classes":[]},{"id":55475,"url":"https:\/\/www.grieta.org.mx\/index.php\/2020\/11\/25\/ni-una-menos-ni-una-mas-protestan-mujeres-en-la-plaza-grande-de-merida-contra-la-violencia-de-genero-este-25n\/","url_meta":{"origin":57623,"position":3},"title":"\u201c\u00a1Ni una menos, ni una m\u00e1s!\u201d: Protestan mujeres en la Plaza Grande de M\u00e9rida contra la violencia de g\u00e9nero este 25N","author":"grieta","date":"25 noviembre, 2020","format":false,"excerpt":"Itzel Chan \/ Noticaribe M\u00c9RIDA, MX.- De manera pac\u00edfica, casi un centenar de mujeres grit\u00f3 al un\u00edsono \u201c\u00a1Ni una menos, ni una m\u00e1s!\u201d, para denunciar la omisi\u00f3n que el Gobierno de Yucat\u00e1n ha tenido en relaci\u00f3n a la violencia que viven las mujeres en la entidad y tambi\u00e9n por los\u2026","rel":"","context":"En &quot;CINTILLO&quot;","block_context":{"text":"CINTILLO","link":"https:\/\/www.grieta.org.mx\/index.php\/category\/cintillo\/"},"img":{"alt_text":"","src":"https:\/\/i0.wp.com\/www.grieta.org.mx\/wp-content\/uploads\/2020\/11\/WhatsApp-Image-2020-11-25-at-7.53.50-PM-1-e1606520347557.jpeg?resize=350%2C200&ssl=1","width":350,"height":200,"srcset":"https:\/\/i0.wp.com\/www.grieta.org.mx\/wp-content\/uploads\/2020\/11\/WhatsApp-Image-2020-11-25-at-7.53.50-PM-1-e1606520347557.jpeg?resize=350%2C200&ssl=1 1x, https:\/\/i0.wp.com\/www.grieta.org.mx\/wp-content\/uploads\/2020\/11\/WhatsApp-Image-2020-11-25-at-7.53.50-PM-1-e1606520347557.jpeg?resize=525%2C300&ssl=1 1.5x, https:\/\/i0.wp.com\/www.grieta.org.mx\/wp-content\/uploads\/2020\/11\/WhatsApp-Image-2020-11-25-at-7.53.50-PM-1-e1606520347557.jpeg?resize=700%2C400&ssl=1 2x"},"classes":[]},{"id":39707,"url":"https:\/\/www.grieta.org.mx\/index.php\/2019\/09\/28\/cientos-de-mujeres-marcharon-en-yucatan-por-la-despenalizacion-del-aborto\/","url_meta":{"origin":57623,"position":4},"title":"Cientos de mujeres marcharon en Yucat\u00e1n por la despenalizaci\u00f3n del aborto","author":"grieta","date":"28 septiembre, 2019","format":false,"excerpt":"En M\u00e9xico, del 2007 al 2016, fueron procesadas penalmente 4 mil 246 mujeres por abortar Katia Rej\u00f3n\/Foto: Enrique Osorno\/La Jornada Maya M\u00e9rida, Yucat\u00e1n Con m\u00fasica, baile, pintas y un tendedero de informaci\u00f3n sobre el panorama del aborto en M\u00e9xico y particularmente en Yucat\u00e1n, cientos de mujeres marcharon por la despenalizaci\u00f3n\u2026","rel":"","context":"En &quot;CINTILLO&quot;","block_context":{"text":"CINTILLO","link":"https:\/\/www.grieta.org.mx\/index.php\/category\/cintillo\/"},"img":{"alt_text":"","src":"https:\/\/i0.wp.com\/www.grieta.org.mx\/wp-content\/uploads\/2019\/09\/Marcha280919-e1569782447603.png?resize=350%2C200&ssl=1","width":350,"height":200,"srcset":"https:\/\/i0.wp.com\/www.grieta.org.mx\/wp-content\/uploads\/2019\/09\/Marcha280919-e1569782447603.png?resize=350%2C200&ssl=1 1x, https:\/\/i0.wp.com\/www.grieta.org.mx\/wp-content\/uploads\/2019\/09\/Marcha280919-e1569782447603.png?resize=525%2C300&ssl=1 1.5x, https:\/\/i0.wp.com\/www.grieta.org.mx\/wp-content\/uploads\/2019\/09\/Marcha280919-e1569782447603.png?resize=700%2C400&ssl=1 2x"},"classes":[]},{"id":31064,"url":"https:\/\/www.grieta.org.mx\/index.php\/2019\/03\/18\/jalisco-mexico-yucatan-puebla-y-chihuahua-donde-mas-desaparecen-mujeres-conapro\/","url_meta":{"origin":57623,"position":5},"title":"Jalisco, M\u00e9xico, Yucat\u00e1n, Puebla y Chihuahua, donde m\u00e1s desaparecen mujeres: Conapro","author":"grieta","date":"18 marzo, 2019","format":false,"excerpt":"Foto: Cuartoscuro. Redacci\u00f3n\/R\u00cdODOCE Entre 2017 y 2018 desaparecieron 4 mil 527 mujeres en M\u00e9xico inform\u00f3 la Confederaci\u00f3n Nacional de Profesionistas y J\u00f3venes de M\u00e9xico (Conapro) por lo que pidi\u00f3 a los tres niveles de gobierno atender, de manera inmediata, el reporte de desaparici\u00f3n de ni\u00f1as y adultas para localizarlas lo\u2026","rel":"","context":"En &quot;Chihuahua&quot;","block_context":{"text":"Chihuahua","link":"https:\/\/www.grieta.org.mx\/index.php\/category\/noticias-nacionales\/chihuahua\/"},"img":{"alt_text":"","src":"https:\/\/i0.wp.com\/www.grieta.org.mx\/wp-content\/uploads\/2019\/03\/Protesta_Mujeres_Desaparecidas.jpg?resize=350%2C200&ssl=1","width":350,"height":200,"srcset":"https:\/\/i0.wp.com\/www.grieta.org.mx\/wp-content\/uploads\/2019\/03\/Protesta_Mujeres_Desaparecidas.jpg?resize=350%2C200&ssl=1 1x, https:\/\/i0.wp.com\/www.grieta.org.mx\/wp-content\/uploads\/2019\/03\/Protesta_Mujeres_Desaparecidas.jpg?resize=525%2C300&ssl=1 1.5x, https:\/\/i0.wp.com\/www.grieta.org.mx\/wp-content\/uploads\/2019\/03\/Protesta_Mujeres_Desaparecidas.jpg?resize=700%2C400&ssl=1 2x"},"classes":[]}],"_links":{"self":[{"href":"https:\/\/www.grieta.org.mx\/index.php\/wp-json\/wp\/v2\/posts\/57623","targetHints":{"allow":["GET"]}}],"collection":[{"href":"https:\/\/www.grieta.org.mx\/index.php\/wp-json\/wp\/v2\/posts"}],"about":[{"href":"https:\/\/www.grieta.org.mx\/index.php\/wp-json\/wp\/v2\/types\/post"}],"author":[{"embeddable":true,"href":"https:\/\/www.grieta.org.mx\/index.php\/wp-json\/wp\/v2\/users\/2"}],"replies":[{"embeddable":true,"href":"https:\/\/www.grieta.org.mx\/index.php\/wp-json\/wp\/v2\/comments?post=57623"}],"version-history":[{"count":1,"href":"https:\/\/www.grieta.org.mx\/index.php\/wp-json\/wp\/v2\/posts\/57623\/revisions"}],"predecessor-version":[{"id":57626,"href":"https:\/\/www.grieta.org.mx\/index.php\/wp-json\/wp\/v2\/posts\/57623\/revisions\/57626"}],"wp:featuredmedia":[{"embeddable":true,"href":"https:\/\/www.grieta.org.mx\/index.php\/wp-json\/wp\/v2\/media\/57624"}],"wp:attachment":[{"href":"https:\/\/www.grieta.org.mx\/index.php\/wp-json\/wp\/v2\/media?parent=57623"}],"wp:term":[{"taxonomy":"category","embeddable":true,"href":"https:\/\/www.grieta.org.mx\/index.php\/wp-json\/wp\/v2\/categories?post=57623"},{"taxonomy":"post_tag","embeddable":true,"href":"https:\/\/www.grieta.org.mx\/index.php\/wp-json\/wp\/v2\/tags?post=57623"}],"curies":[{"name":"wp","href":"https:\/\/api.w.org\/{rel}","templated":true}]}}