{"id":57608,"date":"2021-03-09T10:36:41","date_gmt":"2021-03-09T16:36:41","guid":{"rendered":"http:\/\/www.grieta.org.mx\/?p=57608"},"modified":"2021-03-10T10:49:02","modified_gmt":"2021-03-10T16:49:02","slug":"mujeres-tomaron-las-calles-de-valladolid-yucatan","status":"publish","type":"post","link":"https:\/\/www.grieta.org.mx\/index.php\/2021\/03\/09\/mujeres-tomaron-las-calles-de-valladolid-yucatan\/","title":{"rendered":"Mujeres tomaron las calles de Valladolid (Yucat\u00e1n)"},"content":{"rendered":"<p><img loading=\"lazy\" decoding=\"async\" data-attachment-id=\"57609\" data-permalink=\"https:\/\/www.grieta.org.mx\/index.php\/2021\/03\/09\/mujeres-tomaron-las-calles-de-valladolid-yucatan\/marcha8mvalladolid\/\" data-orig-file=\"https:\/\/www.grieta.org.mx\/wp-content\/uploads\/2021\/03\/Marcha8MValladolid.png\" data-orig-size=\"718,651\" data-comments-opened=\"0\" data-image-meta=\"{&quot;aperture&quot;:&quot;0&quot;,&quot;credit&quot;:&quot;&quot;,&quot;camera&quot;:&quot;&quot;,&quot;caption&quot;:&quot;&quot;,&quot;created_timestamp&quot;:&quot;0&quot;,&quot;copyright&quot;:&quot;&quot;,&quot;focal_length&quot;:&quot;0&quot;,&quot;iso&quot;:&quot;0&quot;,&quot;shutter_speed&quot;:&quot;0&quot;,&quot;title&quot;:&quot;&quot;,&quot;orientation&quot;:&quot;0&quot;}\" data-image-title=\"Marcha8MValladolid\" data-image-description=\"\" data-image-caption=\"\" data-medium-file=\"https:\/\/www.grieta.org.mx\/wp-content\/uploads\/2021\/03\/Marcha8MValladolid-300x272.png\" data-large-file=\"https:\/\/www.grieta.org.mx\/wp-content\/uploads\/2021\/03\/Marcha8MValladolid.png\" src=\"http:\/\/www.grieta.org.mx\/wp-content\/uploads\/2021\/03\/Marcha8MValladolid.png\" alt=\"\" width=\"718\" height=\"651\" class=\"alignnone size-full wp-image-57609\" srcset=\"https:\/\/www.grieta.org.mx\/wp-content\/uploads\/2021\/03\/Marcha8MValladolid.png 718w, https:\/\/www.grieta.org.mx\/wp-content\/uploads\/2021\/03\/Marcha8MValladolid-300x272.png 300w, https:\/\/www.grieta.org.mx\/wp-content\/uploads\/2021\/03\/Marcha8MValladolid-551x500.png 551w\" sizes=\"auto, (max-width: 718px) 100vw, 718px\" \/><br \/>\n Herbeth Escalante \/ Haz Ruido<\/p>\n<blockquote><p>Las manifestantes protestaron por todas aquellas mujeres que siguen viviendo violencias en sus propias casas y que no pueden salir en el confinamiento de la pandemia.  <\/p><\/blockquote>\n<p>Valladolid, Yucat\u00e1n, 9 de marzo de 2021.-Aproximadamente 150 mujeres del municipio de Valladolid protestaron ayer en el #8M2021 para visibilizar las violencias que sufren tanto en los hogares como en la calle todos los d\u00edas, y para evidenciar la ineptitud del Estado al no brindarles seguridad ni justicia.<\/p>\n<p>La concentraci\u00f3n fue convocada por el Centro Cultural de Derechos Humanos Casa Colibr\u00ed, pero tambi\u00e9n hubo j\u00f3venes que marcharon desde la Calzada de los Frailes hasta el Palacio Municipal. <\/p>\n<p><img loading=\"lazy\" decoding=\"async\" data-attachment-id=\"57610\" data-permalink=\"https:\/\/www.grieta.org.mx\/index.php\/2021\/03\/09\/mujeres-tomaron-las-calles-de-valladolid-yucatan\/marcha8mvalladolid2\/\" data-orig-file=\"https:\/\/www.grieta.org.mx\/wp-content\/uploads\/2021\/03\/Marcha8MValladolid2.png\" data-orig-size=\"409,332\" data-comments-opened=\"0\" data-image-meta=\"{&quot;aperture&quot;:&quot;0&quot;,&quot;credit&quot;:&quot;&quot;,&quot;camera&quot;:&quot;&quot;,&quot;caption&quot;:&quot;&quot;,&quot;created_timestamp&quot;:&quot;0&quot;,&quot;copyright&quot;:&quot;&quot;,&quot;focal_length&quot;:&quot;0&quot;,&quot;iso&quot;:&quot;0&quot;,&quot;shutter_speed&quot;:&quot;0&quot;,&quot;title&quot;:&quot;&quot;,&quot;orientation&quot;:&quot;0&quot;}\" data-image-title=\"Marcha8MValladolid2\" data-image-description=\"\" data-image-caption=\"\" data-medium-file=\"https:\/\/www.grieta.org.mx\/wp-content\/uploads\/2021\/03\/Marcha8MValladolid2-300x244.png\" data-large-file=\"https:\/\/www.grieta.org.mx\/wp-content\/uploads\/2021\/03\/Marcha8MValladolid2.png\" src=\"http:\/\/www.grieta.org.mx\/wp-content\/uploads\/2021\/03\/Marcha8MValladolid2.png\" alt=\"\" width=\"409\" height=\"332\" class=\"alignnone size-full wp-image-57610\" srcset=\"https:\/\/www.grieta.org.mx\/wp-content\/uploads\/2021\/03\/Marcha8MValladolid2.png 409w, https:\/\/www.grieta.org.mx\/wp-content\/uploads\/2021\/03\/Marcha8MValladolid2-300x244.png 300w\" sizes=\"auto, (max-width: 409px) 100vw, 409px\" \/><\/p>\n<p>Las manifestantes indicaron que decidieron tomar las calles en el D\u00eda Internacional de la Mujer por todas aquellas que siguen viviendo violencias en sus propias casas y que no pueden salir en el confinamiento de la pandemia.  <\/p>\n<p>\u201cEstamos luchando para tener los mismos derechos, para sentirnos seguras, para caminar sin miedo, para que nos dejan de oprimir, y que haya paridad tanto en lo publico como en lo privado\u201d, se\u00f1alaron.<\/p>\n<p><img loading=\"lazy\" decoding=\"async\" data-attachment-id=\"57611\" data-permalink=\"https:\/\/www.grieta.org.mx\/index.php\/2021\/03\/09\/mujeres-tomaron-las-calles-de-valladolid-yucatan\/marcha8mvalladolid3\/\" data-orig-file=\"https:\/\/www.grieta.org.mx\/wp-content\/uploads\/2021\/03\/Marcha8MValladolid3.png\" data-orig-size=\"388,395\" data-comments-opened=\"0\" data-image-meta=\"{&quot;aperture&quot;:&quot;0&quot;,&quot;credit&quot;:&quot;&quot;,&quot;camera&quot;:&quot;&quot;,&quot;caption&quot;:&quot;&quot;,&quot;created_timestamp&quot;:&quot;0&quot;,&quot;copyright&quot;:&quot;&quot;,&quot;focal_length&quot;:&quot;0&quot;,&quot;iso&quot;:&quot;0&quot;,&quot;shutter_speed&quot;:&quot;0&quot;,&quot;title&quot;:&quot;&quot;,&quot;orientation&quot;:&quot;0&quot;}\" data-image-title=\"Marcha8MValladolid3\" data-image-description=\"\" data-image-caption=\"\" data-medium-file=\"https:\/\/www.grieta.org.mx\/wp-content\/uploads\/2021\/03\/Marcha8MValladolid3-295x300.png\" data-large-file=\"https:\/\/www.grieta.org.mx\/wp-content\/uploads\/2021\/03\/Marcha8MValladolid3.png\" src=\"http:\/\/www.grieta.org.mx\/wp-content\/uploads\/2021\/03\/Marcha8MValladolid3.png\" alt=\"\" width=\"388\" height=\"395\" class=\"alignnone size-full wp-image-57611\" srcset=\"https:\/\/www.grieta.org.mx\/wp-content\/uploads\/2021\/03\/Marcha8MValladolid3.png 388w, https:\/\/www.grieta.org.mx\/wp-content\/uploads\/2021\/03\/Marcha8MValladolid3-295x300.png 295w\" sizes=\"auto, (max-width: 388px) 100vw, 388px\" \/><\/p>\n<p>En la concentraci\u00f3n de Valladolid, visibilizaron los casos de feminicidios ocurridos en Yucat\u00e1n y recalcaron que los agresores de las mujeres por lo general son sus propios familiares y parejas sentimentales.<\/p>\n<p>En ese sentido, enfatizaron la ineptitud del Estado que no puede protegerlas y la lentitud de la Fiscal\u00eda General del Estado (FGE) en los procesos de investigaci\u00f3n, lo que consideran como un obst\u00e1culo en el acceso a la justicia.<\/p>\n<p>De igual forma recalcaron que en dicho municipio del oriente de la entidad es muy com\u00fan ver a ni\u00f1as trabajando hasta altas horas de la noche, quienes corren riesgos al estar en la calle en la oscuridad.<\/p>\n<p><a href=\"https:\/\/www.hazruido.mx\/reportes\/mujeres-tomaron-las-calles-de-valladolid\/\" rel=\"noopener\" target=\"_blank\">https:\/\/www.hazruido.mx\/reportes\/mujeres-tomaron-las-calles-de-valladolid\/<\/a><\/p>\n","protected":false},"excerpt":{"rendered":"<p>Herbeth Escalante \/ Haz Ruido Las manifestantes protestaron por todas aquellas mujeres que siguen viviendo violencias en sus propias casas y que no pueden salir en el confinamiento de la &hellip; <a href=\"https:\/\/www.grieta.org.mx\/index.php\/2021\/03\/09\/mujeres-tomaron-las-calles-de-valladolid-yucatan\/\" class=\"more-link\">Leer m\u00e1s<\/a><\/p>\n","protected":false},"author":2,"featured_media":57609,"comment_status":"closed","ping_status":"closed","sticky":false,"template":"","format":"standard","meta":{"ngg_post_thumbnail":0,"_jetpack_newsletter_access":"","_jetpack_dont_email_post_to_subs":false,"_jetpack_newsletter_tier_id":0,"_jetpack_memberships_contains_paywalled_content":false,"_jetpack_memberships_contains_paid_content":false,"footnotes":""},"categories":[80,3168,3840,2,3165,36],"tags":[2272,2248,2317,3208,3147],"class_list":["post-57608","post","type-post","status-publish","format-standard","has-post-thumbnail","hentry","category-cintillo","category-lucha-de-las-mujeres-en-yucatan","category-lucha-como-mujeres-que-somos","category-noticias-nacionales","category-resistencias","category-yucatan","tag-dia-internacional-de-la-mujer","tag-luchas-de-las-mujeres","tag-manifestaciones-de-mujeres","tag-marcha-de-mujeres","tag-movilizaciones-de-mujeres","entry"],"jetpack_featured_media_url":"https:\/\/www.grieta.org.mx\/wp-content\/uploads\/2021\/03\/Marcha8MValladolid.png","jetpack_sharing_enabled":true,"jetpack_shortlink":"https:\/\/wp.me\/p7ZJR4-eZa","jetpack_likes_enabled":false,"jetpack-related-posts":[{"id":64131,"url":"https:\/\/www.grieta.org.mx\/index.php\/2022\/04\/24\/feministas-yucatecas-protestaron-por-todas-las-mujeres-desaparecidas\/","url_meta":{"origin":57608,"position":0},"title":"Feministas yucatecas protestaron por todas las mujeres desaparecidas","author":"grieta","date":"24 abril, 2022","format":false,"excerpt":"Con informaci\u00f3n y fotograf\u00edas de Lilia Balam. \/ Haz Ruido \u201cNuestras desapariciones no son casos aislados, no es porque est\u00e1bamos solas, ni porque nuestras amigas nos abandonaron, no es por c\u00f3mo \u00edbamos vestidas ni por la hora\u201d. M\u00e9rida, Yucat\u00e1n, 24 de abril de 2022.- Feministas yucatecas se sumaron a la\u2026","rel":"","context":"En &quot;CINTILLO&quot;","block_context":{"text":"CINTILLO","link":"https:\/\/www.grieta.org.mx\/index.php\/category\/cintillo\/"},"img":{"alt_text":"","src":"https:\/\/i0.wp.com\/www.grieta.org.mx\/wp-content\/uploads\/2022\/05\/FeministasYucatecas-e1651657875533.png?resize=350%2C200&ssl=1","width":350,"height":200,"srcset":"https:\/\/i0.wp.com\/www.grieta.org.mx\/wp-content\/uploads\/2022\/05\/FeministasYucatecas-e1651657875533.png?resize=350%2C200&ssl=1 1x, https:\/\/i0.wp.com\/www.grieta.org.mx\/wp-content\/uploads\/2022\/05\/FeministasYucatecas-e1651657875533.png?resize=525%2C300&ssl=1 1.5x, https:\/\/i0.wp.com\/www.grieta.org.mx\/wp-content\/uploads\/2022\/05\/FeministasYucatecas-e1651657875533.png?resize=700%2C400&ssl=1 2x"},"classes":[]},{"id":57613,"url":"https:\/\/www.grieta.org.mx\/index.php\/2021\/03\/07\/si-no-luchamos-juntas-nos-mataran-por-separado-las-vallas-son-una-provocacion-gritan-mujeres-de-yucatan-en-las-calles-de-merida\/","url_meta":{"origin":57608,"position":1},"title":"\u201c\u00a1Si no luchamos juntas nos mataran por separado!\u201d: \u201cLas vallas son una provocaci\u00f3n\u201d, gritan mujeres de Yucat\u00e1n en las calles de M\u00e9rida","author":"grieta","date":"7 marzo, 2021","format":false,"excerpt":"Itzel Chan \/ Noticaribe M\u00c9RIDA, MX.- Ante la ola de violencia de g\u00e9nero y feminicidios en Yucat\u00e1n, mujeres salieron a las calles, previamente al D\u00eda Internacional de la Mujer, para gritar: \u00a1Si no luchamos juntas, nos matar\u00e1n por separado! Y al llegar al monumento a la Patria, derribaron las vallas\u2026","rel":"","context":"En &quot;CINTILLO&quot;","block_context":{"text":"CINTILLO","link":"https:\/\/www.grieta.org.mx\/index.php\/category\/cintillo\/"},"img":{"alt_text":"","src":"https:\/\/i0.wp.com\/www.grieta.org.mx\/wp-content\/uploads\/2021\/03\/Marchap8MMerida.png?resize=350%2C200&ssl=1","width":350,"height":200,"srcset":"https:\/\/i0.wp.com\/www.grieta.org.mx\/wp-content\/uploads\/2021\/03\/Marchap8MMerida.png?resize=350%2C200&ssl=1 1x, https:\/\/i0.wp.com\/www.grieta.org.mx\/wp-content\/uploads\/2021\/03\/Marchap8MMerida.png?resize=525%2C300&ssl=1 1.5x"},"classes":[]},{"id":39707,"url":"https:\/\/www.grieta.org.mx\/index.php\/2019\/09\/28\/cientos-de-mujeres-marcharon-en-yucatan-por-la-despenalizacion-del-aborto\/","url_meta":{"origin":57608,"position":2},"title":"Cientos de mujeres marcharon en Yucat\u00e1n por la despenalizaci\u00f3n del aborto","author":"grieta","date":"28 septiembre, 2019","format":false,"excerpt":"En M\u00e9xico, del 2007 al 2016, fueron procesadas penalmente 4 mil 246 mujeres por abortar Katia Rej\u00f3n\/Foto: Enrique Osorno\/La Jornada Maya M\u00e9rida, Yucat\u00e1n Con m\u00fasica, baile, pintas y un tendedero de informaci\u00f3n sobre el panorama del aborto en M\u00e9xico y particularmente en Yucat\u00e1n, cientos de mujeres marcharon por la despenalizaci\u00f3n\u2026","rel":"","context":"En &quot;CINTILLO&quot;","block_context":{"text":"CINTILLO","link":"https:\/\/www.grieta.org.mx\/index.php\/category\/cintillo\/"},"img":{"alt_text":"","src":"https:\/\/i0.wp.com\/www.grieta.org.mx\/wp-content\/uploads\/2019\/09\/Marcha280919-e1569782447603.png?resize=350%2C200&ssl=1","width":350,"height":200,"srcset":"https:\/\/i0.wp.com\/www.grieta.org.mx\/wp-content\/uploads\/2019\/09\/Marcha280919-e1569782447603.png?resize=350%2C200&ssl=1 1x, https:\/\/i0.wp.com\/www.grieta.org.mx\/wp-content\/uploads\/2019\/09\/Marcha280919-e1569782447603.png?resize=525%2C300&ssl=1 1.5x, https:\/\/i0.wp.com\/www.grieta.org.mx\/wp-content\/uploads\/2019\/09\/Marcha280919-e1569782447603.png?resize=700%2C400&ssl=1 2x"},"classes":[]},{"id":41546,"url":"https:\/\/www.grieta.org.mx\/index.php\/2019\/11\/25\/policia-detuvo-a-6-mujeres-en-yucatan-durante-marcha-contra-la-violencia-de-genero\/","url_meta":{"origin":57608,"position":3},"title":"Polic\u00eda detuvo a 6 mujeres en Yucat\u00e1n durante marcha contra la violencia de g\u00e9nero","author":"grieta","date":"25 noviembre, 2019","format":false,"excerpt":"Tras cumplir un breve arresto administrativo, las mujeres fueron liberadas, inform\u00f3 la Secretar\u00eda de Seguridad P\u00fablica. Redacci\u00f3n Animal Pol\u00edtico Seis mujeres fueron detenidas por la polic\u00eda este lunes en M\u00e9rida, Yucat\u00e1n, durante la protesta por el D\u00eda Internacional de la Eliminaci\u00f3n de la Violencia Contra las Mujeres. Manifestantes denunciaron que\u2026","rel":"","context":"En &quot;CINTILLO&quot;","block_context":{"text":"CINTILLO","link":"https:\/\/www.grieta.org.mx\/index.php\/category\/cintillo\/"},"img":{"alt_text":"","src":"https:\/\/i0.wp.com\/www.grieta.org.mx\/wp-content\/uploads\/2019\/11\/MarchaMujeresYuc.png?resize=350%2C200&ssl=1","width":350,"height":200},"classes":[]},{"id":65881,"url":"https:\/\/www.grieta.org.mx\/index.php\/2022\/12\/06\/alumnas-de-la-prepa-2-de-la-uady-protestan-por-caso-de-violencia-sexual-yucatan\/","url_meta":{"origin":57608,"position":4},"title":"Alumnas de la Prepa 2 de la UADY protestan por caso de violencia sexual (Yucat\u00e1n)","author":"grieta","date":"6 diciembre, 2022","format":false,"excerpt":"Daniel Santiago \/ Por Esto! La tarde de hoy alumnos, familiares, amigos de Valeria quien fuese v\u00edctima de abuso sexual, realizaron una manifestaci\u00f3n a las afueras del edificio central de la Universidad Aut\u00f3noma de Yucat\u00e1n (UADY) ubicado en el centro de M\u00e9rida bloqueando la calle 60 y 57 con el\u2026","rel":"","context":"En &quot;CINTILLO&quot;","block_context":{"text":"CINTILLO","link":"https:\/\/www.grieta.org.mx\/index.php\/category\/cintillo\/"},"img":{"alt_text":"","src":"https:\/\/i0.wp.com\/www.grieta.org.mx\/wp-content\/uploads\/2022\/12\/uady-e1670419351387.jpg?resize=350%2C200&ssl=1","width":350,"height":200,"srcset":"https:\/\/i0.wp.com\/www.grieta.org.mx\/wp-content\/uploads\/2022\/12\/uady-e1670419351387.jpg?resize=350%2C200&ssl=1 1x, https:\/\/i0.wp.com\/www.grieta.org.mx\/wp-content\/uploads\/2022\/12\/uady-e1670419351387.jpg?resize=525%2C300&ssl=1 1.5x, https:\/\/i0.wp.com\/www.grieta.org.mx\/wp-content\/uploads\/2022\/12\/uady-e1670419351387.jpg?resize=700%2C400&ssl=1 2x"},"classes":[]},{"id":57623,"url":"https:\/\/www.grieta.org.mx\/index.php\/2021\/03\/09\/mi-exnovio-me-quiso-cortar-el-cuello-marcharon-en-yucatan-cientos-de-mujeres-sobrevivientes-de-la-violencia-machista\/","url_meta":{"origin":57608,"position":5},"title":"\u201cMi exnovio me quiso cortar el cuello\u201d: Marcharon en Yucat\u00e1n cientos de mujeres sobrevivientes de la violencia machista","author":"grieta","date":"9 marzo, 2021","format":false,"excerpt":"Itzel Chan \/ Noticaribe M\u00c9RIDA, MX.- El movimiento feminista lo conforman mujeres que alzan la voz en contra de la ola de feminicidios y la violencia de g\u00e9nero en M\u00e9xico y Yucat\u00e1n, por lo que los d\u00edas 7 y 8 de marzo salieron a marchar en el marco del D\u00eda\u2026","rel":"","context":"En &quot;CINTILLO&quot;","block_context":{"text":"CINTILLO","link":"https:\/\/www.grieta.org.mx\/index.php\/category\/cintillo\/"},"img":{"alt_text":"","src":"https:\/\/i0.wp.com\/www.grieta.org.mx\/wp-content\/uploads\/2021\/03\/Marcha8MMerida.png?resize=350%2C200&ssl=1","width":350,"height":200,"srcset":"https:\/\/i0.wp.com\/www.grieta.org.mx\/wp-content\/uploads\/2021\/03\/Marcha8MMerida.png?resize=350%2C200&ssl=1 1x, https:\/\/i0.wp.com\/www.grieta.org.mx\/wp-content\/uploads\/2021\/03\/Marcha8MMerida.png?resize=525%2C300&ssl=1 1.5x"},"classes":[]}],"_links":{"self":[{"href":"https:\/\/www.grieta.org.mx\/index.php\/wp-json\/wp\/v2\/posts\/57608","targetHints":{"allow":["GET"]}}],"collection":[{"href":"https:\/\/www.grieta.org.mx\/index.php\/wp-json\/wp\/v2\/posts"}],"about":[{"href":"https:\/\/www.grieta.org.mx\/index.php\/wp-json\/wp\/v2\/types\/post"}],"author":[{"embeddable":true,"href":"https:\/\/www.grieta.org.mx\/index.php\/wp-json\/wp\/v2\/users\/2"}],"replies":[{"embeddable":true,"href":"https:\/\/www.grieta.org.mx\/index.php\/wp-json\/wp\/v2\/comments?post=57608"}],"version-history":[{"count":1,"href":"https:\/\/www.grieta.org.mx\/index.php\/wp-json\/wp\/v2\/posts\/57608\/revisions"}],"predecessor-version":[{"id":57612,"href":"https:\/\/www.grieta.org.mx\/index.php\/wp-json\/wp\/v2\/posts\/57608\/revisions\/57612"}],"wp:featuredmedia":[{"embeddable":true,"href":"https:\/\/www.grieta.org.mx\/index.php\/wp-json\/wp\/v2\/media\/57609"}],"wp:attachment":[{"href":"https:\/\/www.grieta.org.mx\/index.php\/wp-json\/wp\/v2\/media?parent=57608"}],"wp:term":[{"taxonomy":"category","embeddable":true,"href":"https:\/\/www.grieta.org.mx\/index.php\/wp-json\/wp\/v2\/categories?post=57608"},{"taxonomy":"post_tag","embeddable":true,"href":"https:\/\/www.grieta.org.mx\/index.php\/wp-json\/wp\/v2\/tags?post=57608"}],"curies":[{"name":"wp","href":"https:\/\/api.w.org\/{rel}","templated":true}]}}