{"id":57597,"date":"2021-03-08T00:02:38","date_gmt":"2021-03-08T06:02:38","guid":{"rendered":"http:\/\/www.grieta.org.mx\/?p=57597"},"modified":"2021-03-10T00:13:15","modified_gmt":"2021-03-10T06:13:15","slug":"trabajadoras-sexuales-se-unen-a-contingentes-de-la-marcha-8m-en-el-centro-por-derechos-laborales-ciudad-de-mexico","status":"publish","type":"post","link":"https:\/\/www.grieta.org.mx\/index.php\/2021\/03\/08\/trabajadoras-sexuales-se-unen-a-contingentes-de-la-marcha-8m-en-el-centro-por-derechos-laborales-ciudad-de-mexico\/","title":{"rendered":"Trabajadoras sexuales se unen a contingentes de la marcha 8M en el centro por derechos laborales (Ciudad de M\u00e9xico)"},"content":{"rendered":"<div class=\"container\">\n<header class=\"newsfull__header\">\n<div class=\"newsfull__line\"><\/div>\n<\/header>\n<\/div>\n<div class=\"container\">\n<div class=\"col--main\">\n<div class=\"newsfull__photogallery\">\n<figure class=\"newsfull__photogallery--item\">\n<div class=\"newsfull__photogallery--image\"><img loading=\"lazy\" decoding=\"async\" class=\"i-amphtml-fill-content i-amphtml-replaced-content\" src=\"https:\/\/assets.ultimominuto.news\/__export\/1615245124029\/sites\/debate\/img\/2021\/03\/08\/trabajadoras_sexuales_8m.jpeg_172596871.jpeg\" alt=\"El contingente de AMETS a su paso frente a la Alameda\" width=\"636\" height=\"392\" \/><\/div><figcaption class=\"newsfull__photogallery--caption\">\n<h6>El contingente de AMETS a su paso frente a la Alameda (Karen Flores)<\/h6>\n<\/figcaption><\/figure>\n<p>\u00daltimo Minuto<\/p>\n<blockquote><p>Con mensajes como &#8220;Ni v\u00edctimas ni criminales, somos trabajadoras sexuales&#8221;, \u00a0marcharon por Reforma exigiendo que las autoridades las reconozcan<\/p><\/blockquote>\n<\/div>\n<div class=\"newsfull__container\">\n<div class=\"newsfull__content\">\n<div class=\"newsfull__body\">\n<p>Integrantes de la Alianza Mexicana de Trabajadoras Sexuales (AMETS) se unieron a las marchas con motivo del D\u00eda Internacional de la Mujer para exigir que el trabajo sexual sea reconocido como trabajo en el pa\u00eds.<\/p>\n<p>Con mensajes como \u201cNi v\u00edctimas ni criminales, somos trabajadoras sexuales\u201d, decenas de activistas marcharon por Reforma con un mensaje claro para las autoridades: \u201cTrabajo sexual es trabajo\u201d, pues aseguran que la falta de definici\u00f3n las mantiene en la indefensi\u00f3n al no tener derechos laborales.<\/p>\n<p>Luego de una convocatoria a trav\u00e9s de redes sociales para unirse al contingente, trabajadoras sexuales y personas trans tomaron la calle para exigir derechos como el acceso a la seguridad social, pues a pesar de los riesgos que supone su actividad, la mayor\u00eda no tiene acceso a la salud.<\/p>\n<div class=\"ck-video-player\"><iframe class=\"i-amphtml-fill-content\" src=\"https:\/\/iframe.ultimominuto.news\/ajax\/video_iframe.html?id=\/videos\/video-flash\/2021\/03\/08\/trabajadoras_sexuales_8m.mp4#amp=1\" name=\"amp_iframe0\" frameborder=\"0\" sandbox=\"allow-scripts allow-same-origin\" data-mce-fragment=\"1\"><\/iframe><\/div>\n<p>Adem\u00e1s, otra de sus exigencias, es el reconocimiento del trabajo sexual, pues afirman que \u00e9ste es elegido voluntariamente por quien lo ejerce, mientras que en la prostituci\u00f3n son metidas a la fuerza, pues muchas de ellas son v\u00edctimas de la trata de personas.<\/p>\n<p>De acuerdo con la organizaci\u00f3n Brigada Callejera de Apoyo a la Mujer \u201cElisa Mart\u00ednez\u201d, durante 2020 el n\u00famero de trabajadoras sexuales se duplic\u00f3 en la Ciudad de M\u00e9xico a causa de los recortes de empleo y los cierres de negocios a causa de la pandemia de Covid-19, pasando de 7 mil 700 a 15 mil trabajadoras en la capital.<\/p>\n<p>De ellas, un 40 % fueron mujeres que hab\u00edan dejado el trabajo sexual y la situaci\u00f3n econ\u00f3mica las oblig\u00f3 a regresar, mientras que otro 40 % iniciaron a ra\u00edz de la crisis. Adem\u00e1s, durante la cuarentena decretada a causa de la pandemia, ONG y autoridades locales iniciaron programas de apoyo a trav\u00e9s de despensas, pues al no poder salir a las calles, no pueden ofrecer sus servicios.<\/p>\n<p><a href=\"https:\/\/www.ultimominuto.news\/noticias\/Trabajadoras-sexuales-se-unen-a-contingentes-de-la-marcha-8M-en-el-centro-por-derechos-laborales-20210308-0035.html\" target=\"_blank\" rel=\"noopener\">https:\/\/www.ultimominuto.news\/noticias\/Trabajadoras-sexuales-se-unen-a-contingentes-de-la-marcha-8M-en-el-centro-por-derechos-laborales-20210308-0035.html<\/a><\/p>\n<p>&nbsp;<\/p>\n<\/div>\n<\/div>\n<\/div>\n<\/div>\n<\/div>\n","protected":false},"excerpt":{"rendered":"<p>El contingente de AMETS a su paso frente a la Alameda (Karen Flores) \u00daltimo Minuto Con mensajes como &#8220;Ni v\u00edctimas ni criminales, somos trabajadoras sexuales&#8221;, \u00a0marcharon por Reforma exigiendo que &hellip; <a href=\"https:\/\/www.grieta.org.mx\/index.php\/2021\/03\/08\/trabajadoras-sexuales-se-unen-a-contingentes-de-la-marcha-8m-en-el-centro-por-derechos-laborales-ciudad-de-mexico\/\" class=\"more-link\">Leer m\u00e1s<\/a><\/p>\n","protected":false},"author":2,"featured_media":57598,"comment_status":"closed","ping_status":"closed","sticky":false,"template":"","format":"standard","meta":{"ngg_post_thumbnail":0,"_jetpack_newsletter_access":"","_jetpack_dont_email_post_to_subs":false,"_jetpack_newsletter_tier_id":0,"_jetpack_memberships_contains_paywalled_content":false,"_jetpack_memberships_contains_paid_content":false,"footnotes":""},"categories":[80,14,3295,910,3840,3161,2065,2,2797,2119,3165,83,3407,2388],"tags":[3370,3241,408,2841,3099],"class_list":["post-57597","post","type-post","status-publish","format-standard","has-post-thumbnail","hentry","category-cintillo","category-ciudad-de-mexico","category-covid-19-en-ciudad-de-mexico","category-explotacion-y-precariedad-laboral","category-lucha-como-mujeres-que-somos","category-luchas-de-las-mujeres-en-la-ciudad-de-mexico","category-movilizaciones-y-protestas-de-habitantes-de-la-ciudad-de-mexico","category-noticias-nacionales","category-pobreza-en-la-ciudad-de-mexico","category-precarizacion-de-las-condiciones-laborales-en-la-ciudad-de-mexico","category-resistencias","category-temas-nacionales","category-violencia-contra-la-comunidad-lgbttti-en-la-ciudad-de-mexico","category-violencia-contra-las-mujeres-en-la-ciudad-de-mexico","tag-comunidad-trans","tag-covid-19","tag-derechos-comunidad-lgbttti","tag-explotacion-y-precariedad-laboral","tag-luchas-de-mujeres","entry"],"jetpack_featured_media_url":"https:\/\/www.grieta.org.mx\/wp-content\/uploads\/2021\/03\/download.jpg","jetpack_sharing_enabled":true,"jetpack_shortlink":"https:\/\/wp.me\/p7ZJR4-eYZ","jetpack_likes_enabled":false,"jetpack-related-posts":[{"id":47548,"url":"https:\/\/www.grieta.org.mx\/index.php\/2020\/04\/08\/trabajadoras-sexuales-expulsadas-de-hoteles-por-cuarentena-instalan-campamento-temporal-ciudad-de-mexico\/","url_meta":{"origin":57597,"position":0},"title":"Trabajadoras sexuales, expulsadas de hoteles por cuarentena, instalan campamento temporal (Ciudad de M\u00e9xico)","author":"grieta","date":"8 abril, 2020","format":false,"excerpt":"Imagen tomada de:news.culturacolectiva.com Cultura Colectiva La mayor\u00eda de los y las trabajadores sexuales se quedaron sin empleo y duermen en la calle ante el cierre de hoteles y posadas por la pandemia. Ante la vulnerabilidad tras el cierre de hoteles y posadas por la emergencia sanitaria que representa el coronavirus\u2026","rel":"","context":"En &quot;CINTILLO&quot;","block_context":{"text":"CINTILLO","link":"https:\/\/www.grieta.org.mx\/index.php\/category\/cintillo\/"},"img":{"alt_text":"","src":"https:\/\/i0.wp.com\/www.grieta.org.mx\/wp-content\/uploads\/2020\/04\/Trabajadoras-sexuales-expulsadas-de-hoteles-por-cuarentena-instalan-campamento-temporal-cdmx-abr.jpeg?resize=350%2C200&ssl=1","width":350,"height":200,"srcset":"https:\/\/i0.wp.com\/www.grieta.org.mx\/wp-content\/uploads\/2020\/04\/Trabajadoras-sexuales-expulsadas-de-hoteles-por-cuarentena-instalan-campamento-temporal-cdmx-abr.jpeg?resize=350%2C200&ssl=1 1x, https:\/\/i0.wp.com\/www.grieta.org.mx\/wp-content\/uploads\/2020\/04\/Trabajadoras-sexuales-expulsadas-de-hoteles-por-cuarentena-instalan-campamento-temporal-cdmx-abr.jpeg?resize=525%2C300&ssl=1 1.5x, https:\/\/i0.wp.com\/www.grieta.org.mx\/wp-content\/uploads\/2020\/04\/Trabajadoras-sexuales-expulsadas-de-hoteles-por-cuarentena-instalan-campamento-temporal-cdmx-abr.jpeg?resize=700%2C400&ssl=1 2x"},"classes":[]},{"id":68894,"url":"https:\/\/www.grieta.org.mx\/index.php\/2024\/05\/01\/dia-del-trabajo-trabajadoras-sexuales-marchan-por-sus-derechos-en-la-cdmx-exigen-reconocimiento-laboral-y-fin-a-la-trata\/","url_meta":{"origin":57597,"position":1},"title":"D\u00eda del Trabajo: Trabajadoras sexuales marchan por sus derechos en la CDMX, exigen reconocimiento laboral y fin a la trata","author":"grieta","date":"1 mayo, 2024","format":false,"excerpt":"Imagen: Mario Marlo Mario Marlo \/ Somos el Medio Ciudad de M\u00e9xico, 1 de mayo 2024.-\u00a0Trabajadoras sexuales marcharon en defensa de su empleo y exigieron modificaciones en el reglamento de trabajadores no asalariados de la Ciudad de M\u00e9xico.\u00a0La Brigada Callejera de Apoyo a la Mujer E.M.A.C, organizaci\u00f3n con m\u00e1s de\u2026","rel":"","context":"En &quot;CINTILLO&quot;","block_context":{"text":"CINTILLO","link":"https:\/\/www.grieta.org.mx\/index.php\/category\/cintillo\/"},"img":{"alt_text":"","src":"https:\/\/i0.wp.com\/www.grieta.org.mx\/wp-content\/uploads\/2024\/05\/WhatsApp-Image-2024-05-01-at-7.03.30-PM-3.jpeg?resize=350%2C200&ssl=1","width":350,"height":200,"srcset":"https:\/\/i0.wp.com\/www.grieta.org.mx\/wp-content\/uploads\/2024\/05\/WhatsApp-Image-2024-05-01-at-7.03.30-PM-3.jpeg?resize=350%2C200&ssl=1 1x, https:\/\/i0.wp.com\/www.grieta.org.mx\/wp-content\/uploads\/2024\/05\/WhatsApp-Image-2024-05-01-at-7.03.30-PM-3.jpeg?resize=525%2C300&ssl=1 1.5x, https:\/\/i0.wp.com\/www.grieta.org.mx\/wp-content\/uploads\/2024\/05\/WhatsApp-Image-2024-05-01-at-7.03.30-PM-3.jpeg?resize=700%2C400&ssl=1 2x, https:\/\/i0.wp.com\/www.grieta.org.mx\/wp-content\/uploads\/2024\/05\/WhatsApp-Image-2024-05-01-at-7.03.30-PM-3.jpeg?resize=1050%2C600&ssl=1 3x"},"classes":[]},{"id":59701,"url":"https:\/\/www.grieta.org.mx\/index.php\/2021\/06\/04\/trabajadoras-sexuales-en-ciudad-de-mexico-organizadas-para-reclamar-derechos\/","url_meta":{"origin":57597,"position":2},"title":"Trabajadoras sexuales en Ciudad de M\u00e9xico organizadas para reclamar derechos","author":"grieta","date":"4 junio, 2021","format":false,"excerpt":"Foto: Georgina G. Alvarez Georgina G. Alvarez \/ Agencia Presentes En Ciudad de M\u00e9xico trabajadoras sexuales reclamaron por derechos laborales, vivienda y salud. Y celebraron saberse juntas y organizadas. Cada 2 de junio se conmemora el d\u00eda internacional de las personas trabajadoras sexuales. Ayer en la Ciudad de M\u00e9xico -as\u00ed\u2026","rel":"","context":"En &quot;CINTILLO&quot;","block_context":{"text":"CINTILLO","link":"https:\/\/www.grieta.org.mx\/index.php\/category\/cintillo\/"},"img":{"alt_text":"","src":"https:\/\/i0.wp.com\/www.grieta.org.mx\/wp-content\/uploads\/2021\/06\/Trabajadoras-sexuales-en-Ciudad-de-Mexico-organizadas-para-reclamar-derechos-cdmx-jun.jpg?resize=350%2C200&ssl=1","width":350,"height":200,"srcset":"https:\/\/i0.wp.com\/www.grieta.org.mx\/wp-content\/uploads\/2021\/06\/Trabajadoras-sexuales-en-Ciudad-de-Mexico-organizadas-para-reclamar-derechos-cdmx-jun.jpg?resize=350%2C200&ssl=1 1x, https:\/\/i0.wp.com\/www.grieta.org.mx\/wp-content\/uploads\/2021\/06\/Trabajadoras-sexuales-en-Ciudad-de-Mexico-organizadas-para-reclamar-derechos-cdmx-jun.jpg?resize=525%2C300&ssl=1 1.5x, https:\/\/i0.wp.com\/www.grieta.org.mx\/wp-content\/uploads\/2021\/06\/Trabajadoras-sexuales-en-Ciudad-de-Mexico-organizadas-para-reclamar-derechos-cdmx-jun.jpg?resize=700%2C400&ssl=1 2x, https:\/\/i0.wp.com\/www.grieta.org.mx\/wp-content\/uploads\/2021\/06\/Trabajadoras-sexuales-en-Ciudad-de-Mexico-organizadas-para-reclamar-derechos-cdmx-jun.jpg?resize=1050%2C600&ssl=1 3x"},"classes":[]},{"id":42197,"url":"https:\/\/www.grieta.org.mx\/index.php\/2019\/12\/12\/gobierno-de-la-cdmx-discrimina-y-corre-a-trabajadoras-sexuales-brigada-callejera\/","url_meta":{"origin":57597,"position":3},"title":"Gobierno de la CDMX discrimina y corre a trabajadoras sexuales: Brigada Callejera","author":"grieta","date":"12 diciembre, 2019","format":false,"excerpt":"Foto: Mois\u00e9s Pablo \/ Cuartoscuro Jordana Gonz\u00e1lez y Karen Ballesteros \/ Contral\u00ednea Trabajadoras sexuales denunciaron que funcionarios de la Subsecretar\u00eda de Programas de Alcald\u00edas y Reordenamiento de la V\u00eda P\u00fablica, de la Ciudad de M\u00e9xico, las discriminan, luego de encontrar invadidos por vendedores ambulantes sus puntos de trabajo en la\u2026","rel":"","context":"En &quot;CINTILLO&quot;","block_context":{"text":"CINTILLO","link":"https:\/\/www.grieta.org.mx\/index.php\/category\/cintillo\/"},"img":{"alt_text":"","src":"https:\/\/i0.wp.com\/www.grieta.org.mx\/wp-content\/uploads\/2019\/12\/Gobierno-de-la-CDMX-discrimina-y-corre-a-trabajadoras-sexuales-Brigada-Callejera-cdmx-dic.jpg?resize=350%2C200&ssl=1","width":350,"height":200,"srcset":"https:\/\/i0.wp.com\/www.grieta.org.mx\/wp-content\/uploads\/2019\/12\/Gobierno-de-la-CDMX-discrimina-y-corre-a-trabajadoras-sexuales-Brigada-Callejera-cdmx-dic.jpg?resize=350%2C200&ssl=1 1x, https:\/\/i0.wp.com\/www.grieta.org.mx\/wp-content\/uploads\/2019\/12\/Gobierno-de-la-CDMX-discrimina-y-corre-a-trabajadoras-sexuales-Brigada-Callejera-cdmx-dic.jpg?resize=525%2C300&ssl=1 1.5x"},"classes":[]},{"id":46734,"url":"https:\/\/www.grieta.org.mx\/index.php\/2020\/03\/12\/por-organizar-tendedero-de-denuncias-profesora-sera-sancionada-por-director-de-bachilleres-4-ciudad-de-mexico\/","url_meta":{"origin":57597,"position":4},"title":"Por \u201corganizar\u201d tendedero de denuncias, profesora ser\u00e1 sancionada por director de Bachilleres 4 (Ciudad de M\u00e9xico)","author":"grieta","date":"12 marzo, 2020","format":false,"excerpt":"Imagen tomada de: www.radioformula.com.mx Radio F\u00f3rmula La profesora realiz\u00f3 una actividad con los alumnos para exponer frases de acoso que han escuchado de sus profesores y compa\u00f1eros Jos\u00e9 Ra\u00fal S\u00e1nchez, director del Colegio de Bachilleres Plantel 4, anunci\u00f3 que sancionar\u00e1 a la profesora Ericka Mart\u00ednez, por \u201corganizar\u201d un tendedero de\u2026","rel":"","context":"En &quot;CINTILLO&quot;","block_context":{"text":"CINTILLO","link":"https:\/\/www.grieta.org.mx\/index.php\/category\/cintillo\/"},"img":{"alt_text":"","src":"https:\/\/i0.wp.com\/www.grieta.org.mx\/wp-content\/uploads\/2020\/03\/Por-organizar-tendedero-de-denuncias-profesora-ser%C3%A1-sancionada-por-director-de-Bachilleres-4-cdmx-mzo.jpg?resize=350%2C200&ssl=1","width":350,"height":200,"srcset":"https:\/\/i0.wp.com\/www.grieta.org.mx\/wp-content\/uploads\/2020\/03\/Por-organizar-tendedero-de-denuncias-profesora-ser%C3%A1-sancionada-por-director-de-Bachilleres-4-cdmx-mzo.jpg?resize=350%2C200&ssl=1 1x, https:\/\/i0.wp.com\/www.grieta.org.mx\/wp-content\/uploads\/2020\/03\/Por-organizar-tendedero-de-denuncias-profesora-ser%C3%A1-sancionada-por-director-de-Bachilleres-4-cdmx-mzo.jpg?resize=525%2C300&ssl=1 1.5x"},"classes":[]},{"id":40143,"url":"https:\/\/www.grieta.org.mx\/index.php\/2019\/10\/08\/los-despidos-en-el-dif-cdmx-tienen-rostro-de-mujer-ciudad-de-mexico\/","url_meta":{"origin":57597,"position":5},"title":"Los despidos en el DIF CDMX tienen rostro de mujer (Ciudad de M\u00e9xico)","author":"grieta","date":"8 octubre, 2019","format":false,"excerpt":"La Izquierda Diario de M\u00e9xico Una ola de despidos en todo el pa\u00eds inici\u00f3 en diciembre de 2018 producto de la pol\u00edtica de \u201causteridad\u201d del gobierno de la \"cuarta transformaci\u00f3n\". El supuesto objetivo, barrer con los privilegios de los altos funcionarios. Pero los impulsores de la campa\u00f1a #QueremosTrabajoDigno denuncian que\u2026","rel":"","context":"En &quot;CINTILLO&quot;","block_context":{"text":"CINTILLO","link":"https:\/\/www.grieta.org.mx\/index.php\/category\/cintillo\/"},"img":{"alt_text":"","src":"https:\/\/i0.wp.com\/www.grieta.org.mx\/wp-content\/uploads\/2019\/10\/Los-despidos-en-el-DIF-CDMX-tienen-rostro-de-mujer-oct-cdmx.jpg?resize=350%2C200&ssl=1","width":350,"height":200,"srcset":"https:\/\/i0.wp.com\/www.grieta.org.mx\/wp-content\/uploads\/2019\/10\/Los-despidos-en-el-DIF-CDMX-tienen-rostro-de-mujer-oct-cdmx.jpg?resize=350%2C200&ssl=1 1x, https:\/\/i0.wp.com\/www.grieta.org.mx\/wp-content\/uploads\/2019\/10\/Los-despidos-en-el-DIF-CDMX-tienen-rostro-de-mujer-oct-cdmx.jpg?resize=525%2C300&ssl=1 1.5x, https:\/\/i0.wp.com\/www.grieta.org.mx\/wp-content\/uploads\/2019\/10\/Los-despidos-en-el-DIF-CDMX-tienen-rostro-de-mujer-oct-cdmx.jpg?resize=700%2C400&ssl=1 2x"},"classes":[]}],"_links":{"self":[{"href":"https:\/\/www.grieta.org.mx\/index.php\/wp-json\/wp\/v2\/posts\/57597","targetHints":{"allow":["GET"]}}],"collection":[{"href":"https:\/\/www.grieta.org.mx\/index.php\/wp-json\/wp\/v2\/posts"}],"about":[{"href":"https:\/\/www.grieta.org.mx\/index.php\/wp-json\/wp\/v2\/types\/post"}],"author":[{"embeddable":true,"href":"https:\/\/www.grieta.org.mx\/index.php\/wp-json\/wp\/v2\/users\/2"}],"replies":[{"embeddable":true,"href":"https:\/\/www.grieta.org.mx\/index.php\/wp-json\/wp\/v2\/comments?post=57597"}],"version-history":[{"count":1,"href":"https:\/\/www.grieta.org.mx\/index.php\/wp-json\/wp\/v2\/posts\/57597\/revisions"}],"predecessor-version":[{"id":57599,"href":"https:\/\/www.grieta.org.mx\/index.php\/wp-json\/wp\/v2\/posts\/57597\/revisions\/57599"}],"wp:featuredmedia":[{"embeddable":true,"href":"https:\/\/www.grieta.org.mx\/index.php\/wp-json\/wp\/v2\/media\/57598"}],"wp:attachment":[{"href":"https:\/\/www.grieta.org.mx\/index.php\/wp-json\/wp\/v2\/media?parent=57597"}],"wp:term":[{"taxonomy":"category","embeddable":true,"href":"https:\/\/www.grieta.org.mx\/index.php\/wp-json\/wp\/v2\/categories?post=57597"},{"taxonomy":"post_tag","embeddable":true,"href":"https:\/\/www.grieta.org.mx\/index.php\/wp-json\/wp\/v2\/tags?post=57597"}],"curies":[{"name":"wp","href":"https:\/\/api.w.org\/{rel}","templated":true}]}}