{"id":57587,"date":"2021-03-08T21:56:20","date_gmt":"2021-03-09T03:56:20","guid":{"rendered":"http:\/\/www.grieta.org.mx\/?p=57587"},"modified":"2021-03-09T22:07:09","modified_gmt":"2021-03-10T04:07:09","slug":"cimbro-morelia-al-grito-de-ni-una-asesinada-mas-michoacan","status":"publish","type":"post","link":"https:\/\/www.grieta.org.mx\/index.php\/2021\/03\/08\/cimbro-morelia-al-grito-de-ni-una-asesinada-mas-michoacan\/","title":{"rendered":"Cimbr\u00f3 Morelia al grito de \u00a1ni una asesinada m\u00e1s!  (Michoac\u00e1n)"},"content":{"rendered":"<figure id=\"attachment_57589\" aria-describedby=\"caption-attachment-57589\" style=\"width: 750px\" class=\"wp-caption alignnone\"><img loading=\"lazy\" decoding=\"async\" data-attachment-id=\"57589\" data-permalink=\"https:\/\/www.grieta.org.mx\/index.php\/2021\/03\/08\/cimbro-morelia-al-grito-de-ni-una-asesinada-mas-michoacan\/333333-1160x700\/\" data-orig-file=\"https:\/\/www.grieta.org.mx\/wp-content\/uploads\/2021\/03\/333333-1160x700-1.jpg\" data-orig-size=\"1160,700\" data-comments-opened=\"0\" data-image-meta=\"{&quot;aperture&quot;:&quot;0&quot;,&quot;credit&quot;:&quot;&quot;,&quot;camera&quot;:&quot;&quot;,&quot;caption&quot;:&quot;&quot;,&quot;created_timestamp&quot;:&quot;0&quot;,&quot;copyright&quot;:&quot;&quot;,&quot;focal_length&quot;:&quot;0&quot;,&quot;iso&quot;:&quot;0&quot;,&quot;shutter_speed&quot;:&quot;0&quot;,&quot;title&quot;:&quot;&quot;,&quot;orientation&quot;:&quot;0&quot;}\" data-image-title=\"333333-1160&amp;#215;700\" data-image-description=\"\" data-image-caption=\"&lt;p&gt;Foto: Victoria Garc\u00eda\/Quadrat\u00edn&lt;\/p&gt;\n\" data-medium-file=\"https:\/\/www.grieta.org.mx\/wp-content\/uploads\/2021\/03\/333333-1160x700-1-300x181.jpg\" data-large-file=\"https:\/\/www.grieta.org.mx\/wp-content\/uploads\/2021\/03\/333333-1160x700-1-1024x618.jpg\" class=\"wp-image-57589\" src=\"http:\/\/www.grieta.org.mx\/wp-content\/uploads\/2021\/03\/333333-1160x700-1.jpg\" alt=\"\" width=\"750\" height=\"453\" srcset=\"https:\/\/www.grieta.org.mx\/wp-content\/uploads\/2021\/03\/333333-1160x700-1.jpg 1160w, https:\/\/www.grieta.org.mx\/wp-content\/uploads\/2021\/03\/333333-1160x700-1-300x181.jpg 300w, https:\/\/www.grieta.org.mx\/wp-content\/uploads\/2021\/03\/333333-1160x700-1-1024x618.jpg 1024w, https:\/\/www.grieta.org.mx\/wp-content\/uploads\/2021\/03\/333333-1160x700-1-768x463.jpg 768w, https:\/\/www.grieta.org.mx\/wp-content\/uploads\/2021\/03\/333333-1160x700-1-829x500.jpg 829w\" sizes=\"auto, (max-width: 750px) 100vw, 750px\" \/><figcaption id=\"caption-attachment-57589\" class=\"wp-caption-text\">Foto: Victoria Garc\u00eda\/Quadrat\u00edn<\/figcaption><\/figure>\n<p>F\u00e1tima Alfaro\/Quadrat\u00edn, 08 de marzo de 2021<\/p>\n<p>MORELIA, Mich., 8 de marzo de 2021.- Al grito de \u201cNi una m\u00e1s, ni una m\u00e1s, ni una asesinada m\u00e1s\u201d contingentes conformados por colectivas feministas, fa miliares de v\u00edctimas de feminicidio y activistas independientes marcharon por el Centro Hist\u00f3rico de Morelia este lunes 8 de marzo, en conmemoraci\u00f3n del D\u00eda Internacional de la Mujer. Hacia las 16:30 horas, cientos de personas partieron de la calzada Fray Antonio de San Miguel, hacia el Palacio de Gobierno, entre consignas, cartulinas, mantas, bengalas, pintas, grafittis, pegatinas y ventanas rotas a martillazos, para demandar el cese de la violencia feminicida en todas sus manifestaciones, justicia para las familias de las v\u00edctimas y una intervenci\u00f3n urgente de las autoridades y los sectores sociales para frenar este flagelo.<\/p>\n<figure id=\"attachment_57588\" aria-describedby=\"caption-attachment-57588\" style=\"width: 750px\" class=\"wp-caption alignnone\"><img loading=\"lazy\" decoding=\"async\" data-attachment-id=\"57588\" data-permalink=\"https:\/\/www.grieta.org.mx\/index.php\/2021\/03\/08\/cimbro-morelia-al-grito-de-ni-una-asesinada-mas-michoacan\/whatsapp-image-2021-03-08-at-18-35-44\/\" data-orig-file=\"https:\/\/www.grieta.org.mx\/wp-content\/uploads\/2021\/03\/WhatsApp-Image-2021-03-08-at-18.35.44.jpeg\" data-orig-size=\"958,1280\" data-comments-opened=\"0\" data-image-meta=\"{&quot;aperture&quot;:&quot;0&quot;,&quot;credit&quot;:&quot;&quot;,&quot;camera&quot;:&quot;&quot;,&quot;caption&quot;:&quot;&quot;,&quot;created_timestamp&quot;:&quot;0&quot;,&quot;copyright&quot;:&quot;&quot;,&quot;focal_length&quot;:&quot;0&quot;,&quot;iso&quot;:&quot;0&quot;,&quot;shutter_speed&quot;:&quot;0&quot;,&quot;title&quot;:&quot;&quot;,&quot;orientation&quot;:&quot;0&quot;}\" data-image-title=\"WhatsApp-Image-2021-03-08-at-18.35.44\" data-image-description=\"\" data-image-caption=\"&lt;p&gt;Victoria Garc\u00eda\/Quadrat\u00edn&lt;\/p&gt;\n\" data-medium-file=\"https:\/\/www.grieta.org.mx\/wp-content\/uploads\/2021\/03\/WhatsApp-Image-2021-03-08-at-18.35.44-225x300.jpeg\" data-large-file=\"https:\/\/www.grieta.org.mx\/wp-content\/uploads\/2021\/03\/WhatsApp-Image-2021-03-08-at-18.35.44-766x1024.jpeg\" class=\"wp-image-57588\" src=\"http:\/\/www.grieta.org.mx\/wp-content\/uploads\/2021\/03\/WhatsApp-Image-2021-03-08-at-18.35.44.jpeg\" alt=\"\" width=\"750\" height=\"1002\" srcset=\"https:\/\/www.grieta.org.mx\/wp-content\/uploads\/2021\/03\/WhatsApp-Image-2021-03-08-at-18.35.44.jpeg 958w, https:\/\/www.grieta.org.mx\/wp-content\/uploads\/2021\/03\/WhatsApp-Image-2021-03-08-at-18.35.44-225x300.jpeg 225w, https:\/\/www.grieta.org.mx\/wp-content\/uploads\/2021\/03\/WhatsApp-Image-2021-03-08-at-18.35.44-766x1024.jpeg 766w, https:\/\/www.grieta.org.mx\/wp-content\/uploads\/2021\/03\/WhatsApp-Image-2021-03-08-at-18.35.44-768x1026.jpeg 768w, https:\/\/www.grieta.org.mx\/wp-content\/uploads\/2021\/03\/WhatsApp-Image-2021-03-08-at-18.35.44-374x500.jpeg 374w\" sizes=\"auto, (max-width: 750px) 100vw, 750px\" \/><figcaption id=\"caption-attachment-57588\" class=\"wp-caption-text\">Foto: Victoria Garc\u00eda\/Quadrat\u00edn<\/figcaption><\/figure>\n<p>A su paso por la avenida Madero Oriente, los contingentes entonaban c\u00e1nticos y hac\u00edan sonar improvisados tambores de cart\u00f3n, con participaci\u00f3n de infantes, adultos mayores y algunas mascotas, que portaban sus correspondientes pancartas. Al tiempo, grupos de j\u00f3venes encapuchadas iniciaron la colocaci\u00f3n de pintas, pegatinas y grafittis en inmuebles de la zona centro, para posteriormente romper algunas ventanas de edificios p\u00fablicos, como la Casa del Conde de Sierra Gorda, el Congreso del Estado, y el Palacio de Gobierno; instituciones educativas, como la Facultad de Letras, de la Universidad Michoacana de San Nicol\u00e1s de Hidalgo (UMSNH); instituciones bancarias, como la sucursal de BBVA; negocios y viviendas particulares. Gritos y aplausos siguieron a los ruidos producto de los golpes de martillos y palos contra los vidrios de las ventanas, as\u00ed como pasos apresurados, de las j\u00f3venes que acud\u00edan a bloquear de la visi\u00f3n de las c\u00e1maras a quienes colocaban pintas, grafittis y pegatinas en los muros.<\/p>\n<figure id=\"attachment_57590\" aria-describedby=\"caption-attachment-57590\" style=\"width: 750px\" class=\"wp-caption alignnone\"><img loading=\"lazy\" decoding=\"async\" data-attachment-id=\"57590\" data-permalink=\"https:\/\/www.grieta.org.mx\/index.php\/2021\/03\/08\/cimbro-morelia-al-grito-de-ni-una-asesinada-mas-michoacan\/whatsapp-image-2021-03-08-at-16-47-37\/\" data-orig-file=\"https:\/\/www.grieta.org.mx\/wp-content\/uploads\/2021\/03\/WhatsApp-Image-2021-03-08-at-16.47.37.jpeg\" data-orig-size=\"1280,720\" data-comments-opened=\"0\" data-image-meta=\"{&quot;aperture&quot;:&quot;0&quot;,&quot;credit&quot;:&quot;&quot;,&quot;camera&quot;:&quot;&quot;,&quot;caption&quot;:&quot;&quot;,&quot;created_timestamp&quot;:&quot;0&quot;,&quot;copyright&quot;:&quot;&quot;,&quot;focal_length&quot;:&quot;0&quot;,&quot;iso&quot;:&quot;0&quot;,&quot;shutter_speed&quot;:&quot;0&quot;,&quot;title&quot;:&quot;&quot;,&quot;orientation&quot;:&quot;0&quot;}\" data-image-title=\"WhatsApp-Image-2021-03-08-at-16.47.37\" data-image-description=\"\" data-image-caption=\"&lt;p&gt;Foto: Victoria Garc\u00eda\/Quadrat\u00edn&lt;\/p&gt;\n\" data-medium-file=\"https:\/\/www.grieta.org.mx\/wp-content\/uploads\/2021\/03\/WhatsApp-Image-2021-03-08-at-16.47.37-300x169.jpeg\" data-large-file=\"https:\/\/www.grieta.org.mx\/wp-content\/uploads\/2021\/03\/WhatsApp-Image-2021-03-08-at-16.47.37-1024x576.jpeg\" class=\"wp-image-57590\" src=\"http:\/\/www.grieta.org.mx\/wp-content\/uploads\/2021\/03\/WhatsApp-Image-2021-03-08-at-16.47.37.jpeg\" alt=\"\" width=\"750\" height=\"422\" srcset=\"https:\/\/www.grieta.org.mx\/wp-content\/uploads\/2021\/03\/WhatsApp-Image-2021-03-08-at-16.47.37.jpeg 1280w, https:\/\/www.grieta.org.mx\/wp-content\/uploads\/2021\/03\/WhatsApp-Image-2021-03-08-at-16.47.37-300x169.jpeg 300w, https:\/\/www.grieta.org.mx\/wp-content\/uploads\/2021\/03\/WhatsApp-Image-2021-03-08-at-16.47.37-1024x576.jpeg 1024w, https:\/\/www.grieta.org.mx\/wp-content\/uploads\/2021\/03\/WhatsApp-Image-2021-03-08-at-16.47.37-768x432.jpeg 768w, https:\/\/www.grieta.org.mx\/wp-content\/uploads\/2021\/03\/WhatsApp-Image-2021-03-08-at-16.47.37-889x500.jpeg 889w\" sizes=\"auto, (max-width: 750px) 100vw, 750px\" \/><figcaption id=\"caption-attachment-57590\" class=\"wp-caption-text\">Foto: Victoria Garc\u00eda\/Quadrat\u00edn<\/figcaption><\/figure>\n<p>Si bien la movilizaci\u00f3n se desarroll\u00f3 en lo general sin incidentes de choque, al arribar al templo del Sagrario Metropolitano, conocido como Las Monjas, se produjo un altercado con individuos que integraron una cadena humana para tratar de proteger el edificio de las intervenciones de los contingentes, sin \u00e9xito. Una cifra no estimada de personas lesionadas result\u00f3 de esta movilizaci\u00f3n, principalmente j\u00f3venes que intervinieron los edificios p\u00fablicos, en tanto que una cantidad no indicada de inmuebles experiment\u00f3 da\u00f1os en su cristaler\u00eda y por la colocaci\u00f3n de pinturas, aerosoles, pegamentos y carteles.<\/p>\n<figure id=\"attachment_57591\" aria-describedby=\"caption-attachment-57591\" style=\"width: 750px\" class=\"wp-caption alignnone\"><img loading=\"lazy\" decoding=\"async\" data-attachment-id=\"57591\" data-permalink=\"https:\/\/www.grieta.org.mx\/index.php\/2021\/03\/08\/cimbro-morelia-al-grito-de-ni-una-asesinada-mas-michoacan\/whatsapp-image-2021-03-08-at-19-39-08\/\" data-orig-file=\"https:\/\/www.grieta.org.mx\/wp-content\/uploads\/2021\/03\/WhatsApp-Image-2021-03-08-at-19.39.08.jpeg\" data-orig-size=\"1280,853\" data-comments-opened=\"0\" data-image-meta=\"{&quot;aperture&quot;:&quot;0&quot;,&quot;credit&quot;:&quot;&quot;,&quot;camera&quot;:&quot;&quot;,&quot;caption&quot;:&quot;&quot;,&quot;created_timestamp&quot;:&quot;0&quot;,&quot;copyright&quot;:&quot;&quot;,&quot;focal_length&quot;:&quot;0&quot;,&quot;iso&quot;:&quot;0&quot;,&quot;shutter_speed&quot;:&quot;0&quot;,&quot;title&quot;:&quot;&quot;,&quot;orientation&quot;:&quot;0&quot;}\" data-image-title=\"WhatsApp-Image-2021-03-08-at-19.39.08\" data-image-description=\"\" data-image-caption=\"&lt;p&gt;Foto: F\u00e1tima Alfaro \/Quadrat\u00edn&lt;\/p&gt;\n\" data-medium-file=\"https:\/\/www.grieta.org.mx\/wp-content\/uploads\/2021\/03\/WhatsApp-Image-2021-03-08-at-19.39.08-300x200.jpeg\" data-large-file=\"https:\/\/www.grieta.org.mx\/wp-content\/uploads\/2021\/03\/WhatsApp-Image-2021-03-08-at-19.39.08-1024x682.jpeg\" class=\"wp-image-57591\" src=\"http:\/\/www.grieta.org.mx\/wp-content\/uploads\/2021\/03\/WhatsApp-Image-2021-03-08-at-19.39.08.jpeg\" alt=\"\" width=\"750\" height=\"500\" srcset=\"https:\/\/www.grieta.org.mx\/wp-content\/uploads\/2021\/03\/WhatsApp-Image-2021-03-08-at-19.39.08.jpeg 1280w, https:\/\/www.grieta.org.mx\/wp-content\/uploads\/2021\/03\/WhatsApp-Image-2021-03-08-at-19.39.08-300x200.jpeg 300w, https:\/\/www.grieta.org.mx\/wp-content\/uploads\/2021\/03\/WhatsApp-Image-2021-03-08-at-19.39.08-1024x682.jpeg 1024w, https:\/\/www.grieta.org.mx\/wp-content\/uploads\/2021\/03\/WhatsApp-Image-2021-03-08-at-19.39.08-768x512.jpeg 768w, https:\/\/www.grieta.org.mx\/wp-content\/uploads\/2021\/03\/WhatsApp-Image-2021-03-08-at-19.39.08-750x500.jpeg 750w\" sizes=\"auto, (max-width: 750px) 100vw, 750px\" \/><figcaption id=\"caption-attachment-57591\" class=\"wp-caption-text\">Foto: F\u00e1tima Alfaro \/Quadrat\u00edn<\/figcaption><\/figure>\n<p>A su llegada al primer cuadro de la ciudad, la marcha de colectivas feministas, familiares de v\u00edctimas de feminicidio y activistas independientes realiz\u00f3 un performance y ley\u00f3 un posicionamiento, donde conden\u00f3 la violencia de g\u00e9nero, agravada en el \u00faltimo a\u00f1o por la pandemia de coronavirus (Covid 19) por el confinamiento en los hogares y la mayor cercan\u00eda con los agresores. Asimismo, exigi\u00f3 la actuaci\u00f3n de las autoridades de los distintos \u00f3rdenes de gobierno para garantizar el cumplimiento pleno de los derechos humanos de las mujeres y la erradicaci\u00f3n de la violencia de g\u00e9nero, con una participaci\u00f3n activa de la sociedad. La actividad concluy\u00f3 con la interpretaci\u00f3n a coro de Canci\u00f3n sin Miedo, entre bengalas moradas y verdes y cientos de morras dispersas en la avenida Madero Poniente, frente al Palacio de Gobierno, y ante la mirada de elementos de tr\u00e1nsito estatal.<br \/>\nPorque \u201cel que no brinque es macho\u201d.<\/p>\n<figure id=\"attachment_57592\" aria-describedby=\"caption-attachment-57592\" style=\"width: 750px\" class=\"wp-caption alignnone\"><img loading=\"lazy\" decoding=\"async\" data-attachment-id=\"57592\" data-permalink=\"https:\/\/www.grieta.org.mx\/index.php\/2021\/03\/08\/cimbro-morelia-al-grito-de-ni-una-asesinada-mas-michoacan\/whatsapp-image-2021-03-08-at-19-39-35-1\/\" data-orig-file=\"https:\/\/www.grieta.org.mx\/wp-content\/uploads\/2021\/03\/WhatsApp-Image-2021-03-08-at-19.39.35-1.jpeg\" data-orig-size=\"1280,853\" data-comments-opened=\"0\" data-image-meta=\"{&quot;aperture&quot;:&quot;0&quot;,&quot;credit&quot;:&quot;&quot;,&quot;camera&quot;:&quot;&quot;,&quot;caption&quot;:&quot;&quot;,&quot;created_timestamp&quot;:&quot;0&quot;,&quot;copyright&quot;:&quot;&quot;,&quot;focal_length&quot;:&quot;0&quot;,&quot;iso&quot;:&quot;0&quot;,&quot;shutter_speed&quot;:&quot;0&quot;,&quot;title&quot;:&quot;&quot;,&quot;orientation&quot;:&quot;0&quot;}\" data-image-title=\"WhatsApp-Image-2021-03-08-at-19.39.35-1\" data-image-description=\"\" data-image-caption=\"&lt;p&gt;Foto: F\u00e1tima Alfaro \/Quadrat\u00edn&lt;\/p&gt;\n\" data-medium-file=\"https:\/\/www.grieta.org.mx\/wp-content\/uploads\/2021\/03\/WhatsApp-Image-2021-03-08-at-19.39.35-1-300x200.jpeg\" data-large-file=\"https:\/\/www.grieta.org.mx\/wp-content\/uploads\/2021\/03\/WhatsApp-Image-2021-03-08-at-19.39.35-1-1024x682.jpeg\" class=\"wp-image-57592\" src=\"http:\/\/www.grieta.org.mx\/wp-content\/uploads\/2021\/03\/WhatsApp-Image-2021-03-08-at-19.39.35-1.jpeg\" alt=\"\" width=\"750\" height=\"500\" srcset=\"https:\/\/www.grieta.org.mx\/wp-content\/uploads\/2021\/03\/WhatsApp-Image-2021-03-08-at-19.39.35-1.jpeg 1280w, https:\/\/www.grieta.org.mx\/wp-content\/uploads\/2021\/03\/WhatsApp-Image-2021-03-08-at-19.39.35-1-300x200.jpeg 300w, https:\/\/www.grieta.org.mx\/wp-content\/uploads\/2021\/03\/WhatsApp-Image-2021-03-08-at-19.39.35-1-1024x682.jpeg 1024w, https:\/\/www.grieta.org.mx\/wp-content\/uploads\/2021\/03\/WhatsApp-Image-2021-03-08-at-19.39.35-1-768x512.jpeg 768w, https:\/\/www.grieta.org.mx\/wp-content\/uploads\/2021\/03\/WhatsApp-Image-2021-03-08-at-19.39.35-1-750x500.jpeg 750w\" sizes=\"auto, (max-width: 750px) 100vw, 750px\" \/><figcaption id=\"caption-attachment-57592\" class=\"wp-caption-text\">Foto: F\u00e1tima Alfaro \/Quadrat\u00edn<\/figcaption><\/figure>\n<p><a href=\"https:\/\/www.quadratin.com.mx\/principal\/cimbro-morelia-al-grito-de-ni-una-asesinada-mas\/\"> https:\/\/www.quadratin.com.mx\/principal\/cimbro-morelia-al-grito-de-ni-una-asesinada-mas\/<\/a><\/p>\n<p>&nbsp;<\/p>\n","protected":false},"excerpt":{"rendered":"<p>F\u00e1tima Alfaro\/Quadrat\u00edn, 08 de marzo de 2021 MORELIA, Mich., 8 de marzo de 2021.- Al grito de \u201cNi una m\u00e1s, ni una m\u00e1s, ni una asesinada m\u00e1s\u201d contingentes conformados por &hellip; <a href=\"https:\/\/www.grieta.org.mx\/index.php\/2021\/03\/08\/cimbro-morelia-al-grito-de-ni-una-asesinada-mas-michoacan\/\" class=\"more-link\">Leer m\u00e1s<\/a><\/p>\n","protected":false},"author":2,"featured_media":57589,"comment_status":"closed","ping_status":"closed","sticky":false,"template":"","format":"standard","meta":{"ngg_post_thumbnail":0,"_jetpack_newsletter_access":"","_jetpack_dont_email_post_to_subs":false,"_jetpack_newsletter_tier_id":0,"_jetpack_memberships_contains_paywalled_content":false,"_jetpack_memberships_contains_paid_content":false,"footnotes":""},"categories":[80,906,3840,2819,21,2690,2934,2247],"tags":[2248,2317,3147,2816],"class_list":["post-57587","post","type-post","status-publish","format-standard","has-post-thumbnail","hentry","category-cintillo","category-feminicidios-en-michoacan","category-lucha-como-mujeres-que-somos","category-luchas-de-las-mujeres-en-michoacan","category-michoacan","category-resistencias","category-resistencias-en-michoacan","category-violencia-contra-la-mujeres-en-michoacan","tag-luchas-de-las-mujeres","tag-manifestaciones-de-mujeres","tag-movilizaciones-de-mujeres","tag-protestas-de-mujeres","entry"],"jetpack_featured_media_url":"https:\/\/www.grieta.org.mx\/wp-content\/uploads\/2021\/03\/333333-1160x700-1.jpg","jetpack_sharing_enabled":true,"jetpack_shortlink":"https:\/\/wp.me\/p7ZJR4-eYP","jetpack_likes_enabled":false,"jetpack-related-posts":[{"id":57585,"url":"https:\/\/www.grieta.org.mx\/index.php\/2021\/03\/08\/visten-movimientos-feministas-los-monumentos-de-morelia-michoacan\/","url_meta":{"origin":57587,"position":0},"title":"Visten movimientos feministas los monumentos de Morelia  (Michoac\u00e1n)","author":"grieta","date":"8 marzo, 2021","format":false,"excerpt":"F\u00e1tima Alfaro, Agencia Quadrat\u00edn, 08 de marzo de 2021 MORELIA, Mich., 8 de marzo de 2021.- Monumentos en la zona Centro de Morelia fueron intervenidos este lunes 8 de marzo con los colores representativos de los movimientos feministas, en conmemoraci\u00f3n del D\u00eda Internacional de la Mujer. Cubiertos con mantas verdes,\u2026","rel":"","context":"En &quot;CINTILLO&quot;","block_context":{"text":"CINTILLO","link":"https:\/\/www.grieta.org.mx\/index.php\/category\/cintillo\/"},"img":{"alt_text":"","src":"https:\/\/i0.wp.com\/www.grieta.org.mx\/wp-content\/uploads\/2018\/03\/14524434_1106112876131411_958039263622046936_o.jpg?resize=350%2C200&ssl=1","width":350,"height":200,"srcset":"https:\/\/i0.wp.com\/www.grieta.org.mx\/wp-content\/uploads\/2018\/03\/14524434_1106112876131411_958039263622046936_o.jpg?resize=350%2C200&ssl=1 1x, https:\/\/i0.wp.com\/www.grieta.org.mx\/wp-content\/uploads\/2018\/03\/14524434_1106112876131411_958039263622046936_o.jpg?resize=525%2C300&ssl=1 1.5x, https:\/\/i0.wp.com\/www.grieta.org.mx\/wp-content\/uploads\/2018\/03\/14524434_1106112876131411_958039263622046936_o.jpg?resize=700%2C400&ssl=1 2x"},"classes":[]},{"id":57308,"url":"https:\/\/www.grieta.org.mx\/index.php\/2021\/02\/28\/convocan-a-marcha-feminista-en-michoacan-el-8-de-marzo\/","url_meta":{"origin":57587,"position":1},"title":"Convocan a marcha feminista en Michoac\u00e1n el 8 de marzo","author":"grieta","date":"28 febrero, 2021","format":false,"excerpt":"La manifestaci\u00f3n se realizar\u00e1 con las medidas sanitarias correspondientes para evitar contagios por Covid-19 Foto: Mariana Luna | El Sol de Morelia Foto: Mariana Luna | El Sol de Morelia Adri\u00e1n Bucio | El Sol de Morelia, 28 de fenrero de 2021 Morelia, Michoac\u00e1n (OEM-Infomex).- La Red Colectivas Feministas Michoac\u00e1n\u2026","rel":"","context":"En &quot;CINTILLO&quot;","block_context":{"text":"CINTILLO","link":"https:\/\/www.grieta.org.mx\/index.php\/category\/cintillo\/"},"img":{"alt_text":"","src":"https:\/\/i0.wp.com\/www.grieta.org.mx\/wp-content\/uploads\/2021\/03\/feministas.jpg?resize=350%2C200&ssl=1","width":350,"height":200,"srcset":"https:\/\/i0.wp.com\/www.grieta.org.mx\/wp-content\/uploads\/2021\/03\/feministas.jpg?resize=350%2C200&ssl=1 1x, https:\/\/i0.wp.com\/www.grieta.org.mx\/wp-content\/uploads\/2021\/03\/feministas.jpg?resize=525%2C300&ssl=1 1.5x, https:\/\/i0.wp.com\/www.grieta.org.mx\/wp-content\/uploads\/2021\/03\/feministas.jpg?resize=700%2C400&ssl=1 2x"},"classes":[]},{"id":44426,"url":"https:\/\/www.grieta.org.mx\/index.php\/2020\/02\/15\/marchan-en-michoacan-por-feminicidio-de-ingrid-n\/","url_meta":{"origin":57587,"position":2},"title":"Marchan en Michoac\u00e1n por feminicidio de Ingrid \u201cN\u201d","author":"grieta","date":"15 febrero, 2020","format":false,"excerpt":"Las manifestantes, se\u00f1alaron que la protesta tambi\u00e9n tuvo por objetivo expresar el hartazgo por los 11 homicidios de mujeres que se registran diariamente en el pa\u00eds El Heraldo de M\u00e9xico. Morelia, Michoac\u00e1n, 15 de febrero de 2020. Colectivos de mujeres feministas marcharon este s\u00e1bado en la ciudad de Morelia, para\u2026","rel":"","context":"En &quot;CINTILLO&quot;","block_context":{"text":"CINTILLO","link":"https:\/\/www.grieta.org.mx\/index.php\/category\/cintillo\/"},"img":{"alt_text":"","src":"https:\/\/i0.wp.com\/www.grieta.org.mx\/wp-content\/uploads\/2020\/02\/marcha_ingrid_feminicidio-640x400.jpg?resize=350%2C200&ssl=1","width":350,"height":200,"srcset":"https:\/\/i0.wp.com\/www.grieta.org.mx\/wp-content\/uploads\/2020\/02\/marcha_ingrid_feminicidio-640x400.jpg?resize=350%2C200&ssl=1 1x, https:\/\/i0.wp.com\/www.grieta.org.mx\/wp-content\/uploads\/2020\/02\/marcha_ingrid_feminicidio-640x400.jpg?resize=525%2C300&ssl=1 1.5x"},"classes":[]},{"id":54697,"url":"https:\/\/www.grieta.org.mx\/index.php\/2020\/11\/03\/demandan-que-el-3-de-noviembre-sea-de-luto-por-victimas-de-feminicidio-michoacan\/","url_meta":{"origin":57587,"position":3},"title":"Demandan que el 3 de noviembre sea de luto por v\u00edctimas de feminicidio  (Michoac\u00e1n)","author":"grieta","date":"3 noviembre, 2020","format":false,"excerpt":"F\u00e1tima Alfaro \/Quadrat\u00edn, 03 de noviembre de 2020 El texto original de este art\u00edculo fue publicado por la Agencia Quadrat\u00edn en la siguiente direcci\u00f3n: https:\/\/www.quadratin.com.mx\/municipios\/morelia\/demandan-que-el-3-de-noviembre-sea-de-luto-por-victimas-de-feminicidio\/ Este contenido se encuentra protegido por la ley. Si lo cita, por favor mencione la fuente y haga un enlace a la nota original de\u2026","rel":"","context":"En &quot;CINTILLO&quot;","block_context":{"text":"CINTILLO","link":"https:\/\/www.grieta.org.mx\/index.php\/category\/cintillo\/"},"img":{"alt_text":"","src":"https:\/\/i0.wp.com\/www.grieta.org.mx\/wp-content\/uploads\/2020\/11\/434343444444444444444-1160x700-1.jpg?resize=350%2C200&ssl=1","width":350,"height":200,"srcset":"https:\/\/i0.wp.com\/www.grieta.org.mx\/wp-content\/uploads\/2020\/11\/434343444444444444444-1160x700-1.jpg?resize=350%2C200&ssl=1 1x, https:\/\/i0.wp.com\/www.grieta.org.mx\/wp-content\/uploads\/2020\/11\/434343444444444444444-1160x700-1.jpg?resize=525%2C300&ssl=1 1.5x, https:\/\/i0.wp.com\/www.grieta.org.mx\/wp-content\/uploads\/2020\/11\/434343444444444444444-1160x700-1.jpg?resize=700%2C400&ssl=1 2x, https:\/\/i0.wp.com\/www.grieta.org.mx\/wp-content\/uploads\/2020\/11\/434343444444444444444-1160x700-1.jpg?resize=1050%2C600&ssl=1 3x"},"classes":[]},{"id":45870,"url":"https:\/\/www.grieta.org.mx\/index.php\/2020\/03\/10\/galeria-de-fotos-del-dia-internacional-de-la-mujer-en-morelia-michoacan\/","url_meta":{"origin":57587,"position":4},"title":"Galer\u00eda de fotos del D\u00eda Internacional de la Mujer en Morelia, Michoac\u00e1n","author":"Admin","date":"10 marzo, 2020","format":false,"excerpt":"Colectivo Grieta \u00a0 Actividades en la Feria del Agua y el Tianguis la Gotita. Inaguracion del Foro \"Juchari Mandi Echeri\" Pagas de im\u00e1genes\u00a0y palabra de mujeres zapatistas. En el Centro de Morelia, Michoac\u00e1n.\u00a0 \u00a0","rel":"","context":"En &quot;CINTILLO&quot;","block_context":{"text":"CINTILLO","link":"https:\/\/www.grieta.org.mx\/index.php\/category\/cintillo\/"},"img":{"alt_text":"","src":"https:\/\/i0.wp.com\/www.grieta.org.mx\/wp-content\/uploads\/2020\/03\/WhatsApp-Image-2020-03-08-at-22.36.37.jpeg?resize=350%2C200&ssl=1","width":350,"height":200,"srcset":"https:\/\/i0.wp.com\/www.grieta.org.mx\/wp-content\/uploads\/2020\/03\/WhatsApp-Image-2020-03-08-at-22.36.37.jpeg?resize=350%2C200&ssl=1 1x, https:\/\/i0.wp.com\/www.grieta.org.mx\/wp-content\/uploads\/2020\/03\/WhatsApp-Image-2020-03-08-at-22.36.37.jpeg?resize=525%2C300&ssl=1 1.5x, https:\/\/i0.wp.com\/www.grieta.org.mx\/wp-content\/uploads\/2020\/03\/WhatsApp-Image-2020-03-08-at-22.36.37.jpeg?resize=700%2C400&ssl=1 2x, https:\/\/i0.wp.com\/www.grieta.org.mx\/wp-content\/uploads\/2020\/03\/WhatsApp-Image-2020-03-08-at-22.36.37.jpeg?resize=1050%2C600&ssl=1 3x"},"classes":[]},{"id":44749,"url":"https:\/\/www.grieta.org.mx\/index.php\/2020\/02\/18\/con-mantas-activistas-exigen-justicia-por-feminicidios-en-michoacan\/","url_meta":{"origin":57587,"position":5},"title":"Con mantas, activistas exigen justicia por feminicidios en Michoac\u00e1n","author":"grieta","date":"18 febrero, 2020","format":false,"excerpt":"Colectivos de mujeres cubrieron con una manta la fuente de \"Las Tarascas\" con la leyenda 'M\u00e9xico feminicida', para exigir cese la brutalidad en contra de las mujeres. Rogelio Agust\u00edn Esteban y Jocelyn Estrada, Milenio Digital Guerrero y Michoac\u00e1n \/ 18.02.2020 Colectivos de mujeres cubrieron con mantas la emblem\u00e1tica fuente de\u2026","rel":"","context":"En &quot;CINTILLO&quot;","block_context":{"text":"CINTILLO","link":"https:\/\/www.grieta.org.mx\/index.php\/category\/cintillo\/"},"img":{"alt_text":"","src":"https:\/\/i0.wp.com\/www.grieta.org.mx\/wp-content\/uploads\/2020\/02\/colectivos-mujeres-cubrieron-mantas-emblematica_124_0_749_466.jpeg?resize=350%2C200&ssl=1","width":350,"height":200,"srcset":"https:\/\/i0.wp.com\/www.grieta.org.mx\/wp-content\/uploads\/2020\/02\/colectivos-mujeres-cubrieron-mantas-emblematica_124_0_749_466.jpeg?resize=350%2C200&ssl=1 1x, https:\/\/i0.wp.com\/www.grieta.org.mx\/wp-content\/uploads\/2020\/02\/colectivos-mujeres-cubrieron-mantas-emblematica_124_0_749_466.jpeg?resize=525%2C300&ssl=1 1.5x, https:\/\/i0.wp.com\/www.grieta.org.mx\/wp-content\/uploads\/2020\/02\/colectivos-mujeres-cubrieron-mantas-emblematica_124_0_749_466.jpeg?resize=700%2C400&ssl=1 2x"},"classes":[]}],"_links":{"self":[{"href":"https:\/\/www.grieta.org.mx\/index.php\/wp-json\/wp\/v2\/posts\/57587","targetHints":{"allow":["GET"]}}],"collection":[{"href":"https:\/\/www.grieta.org.mx\/index.php\/wp-json\/wp\/v2\/posts"}],"about":[{"href":"https:\/\/www.grieta.org.mx\/index.php\/wp-json\/wp\/v2\/types\/post"}],"author":[{"embeddable":true,"href":"https:\/\/www.grieta.org.mx\/index.php\/wp-json\/wp\/v2\/users\/2"}],"replies":[{"embeddable":true,"href":"https:\/\/www.grieta.org.mx\/index.php\/wp-json\/wp\/v2\/comments?post=57587"}],"version-history":[{"count":1,"href":"https:\/\/www.grieta.org.mx\/index.php\/wp-json\/wp\/v2\/posts\/57587\/revisions"}],"predecessor-version":[{"id":57593,"href":"https:\/\/www.grieta.org.mx\/index.php\/wp-json\/wp\/v2\/posts\/57587\/revisions\/57593"}],"wp:featuredmedia":[{"embeddable":true,"href":"https:\/\/www.grieta.org.mx\/index.php\/wp-json\/wp\/v2\/media\/57589"}],"wp:attachment":[{"href":"https:\/\/www.grieta.org.mx\/index.php\/wp-json\/wp\/v2\/media?parent=57587"}],"wp:term":[{"taxonomy":"category","embeddable":true,"href":"https:\/\/www.grieta.org.mx\/index.php\/wp-json\/wp\/v2\/categories?post=57587"},{"taxonomy":"post_tag","embeddable":true,"href":"https:\/\/www.grieta.org.mx\/index.php\/wp-json\/wp\/v2\/tags?post=57587"}],"curies":[{"name":"wp","href":"https:\/\/api.w.org\/{rel}","templated":true}]}}