{"id":57499,"date":"2021-03-09T13:29:10","date_gmt":"2021-03-09T19:29:10","guid":{"rendered":"http:\/\/www.grieta.org.mx\/?p=57499"},"modified":"2021-03-09T13:29:10","modified_gmt":"2021-03-09T19:29:10","slug":"marchan-mujeres-de-quintana-roo-en-demanda-de-justicia-e-igualdad","status":"publish","type":"post","link":"https:\/\/www.grieta.org.mx\/index.php\/2021\/03\/09\/marchan-mujeres-de-quintana-roo-en-demanda-de-justicia-e-igualdad\/","title":{"rendered":"Marchan mujeres de Quintana Roo en demanda de justicia e igualdad"},"content":{"rendered":"<p><img loading=\"lazy\" decoding=\"async\" data-attachment-id=\"57500\" data-permalink=\"https:\/\/www.grieta.org.mx\/index.php\/2021\/03\/09\/marchan-mujeres-de-quintana-roo-en-demanda-de-justicia-e-igualdad\/marcha8mqroo2\/\" data-orig-file=\"https:\/\/www.grieta.org.mx\/wp-content\/uploads\/2021\/03\/Marcha8MQroo2-e1615317135899.png\" data-orig-size=\"800,287\" data-comments-opened=\"0\" data-image-meta=\"{&quot;aperture&quot;:&quot;0&quot;,&quot;credit&quot;:&quot;&quot;,&quot;camera&quot;:&quot;&quot;,&quot;caption&quot;:&quot;&quot;,&quot;created_timestamp&quot;:&quot;0&quot;,&quot;copyright&quot;:&quot;&quot;,&quot;focal_length&quot;:&quot;0&quot;,&quot;iso&quot;:&quot;0&quot;,&quot;shutter_speed&quot;:&quot;0&quot;,&quot;title&quot;:&quot;&quot;,&quot;orientation&quot;:&quot;0&quot;}\" data-image-title=\"Marcha8MQroo2\" data-image-description=\"\" data-image-caption=\"\" data-medium-file=\"https:\/\/www.grieta.org.mx\/wp-content\/uploads\/2021\/03\/Marcha8MQroo2-300x108.png\" data-large-file=\"https:\/\/www.grieta.org.mx\/wp-content\/uploads\/2021\/03\/Marcha8MQroo2-1024x367.png\" class=\"alignnone size-full wp-image-57500\" src=\"http:\/\/www.grieta.org.mx\/wp-content\/uploads\/2021\/03\/Marcha8MQroo2-e1615317135899.png\" alt=\"\" width=\"800\" height=\"287\" \/><\/p>\n<p>Gustavo Guardian \/ Yucat\u00e1n a la Mano<\/p>\n<p>En los 11 municipios las mujeres demandaron acciones para poner fin a la violencia de g\u00e9nero.<\/p>\n<p>Justicia, igualdad y equidad: mujeres de todos los municipios de Quintana Roo se manifestaron y marcharon para conmemorar el D\u00eda Internacional de la Mujer.<\/p>\n<p>Colectivos de mujeres marcharon en varios puntos del estado de Quintana Roo para protestar contra la violencia de g\u00e9nero, el acoso, los feminicidios, adem\u00e1s de exigir la despenalizaci\u00f3n del aborto.<\/p>\n<p>En el marco del D\u00eda Internacional de la Mujer, contingentes de cientos de personas se manifestaron en Benito Ju\u00e1rez, Solidaridad, Cozumel, Tulum y Felipe Carrillo Puerto y Oth\u00f3n P. Blanco.<\/p>\n<p>En Canc\u00fan, con cantos, batucada, pancartas y sobre todo, demandas de igualdad y justicia, las mujeres comenzaron su manifestaci\u00f3n en diferentes puntos: unas en el Malec\u00f3n Tajamar, otras en la zona hotelera.<\/p>\n<p>En ambos contingentes se pone de manifiesto el orden en que se realizan las manifestaciones.<\/p>\n<p>Durante el mitin, una de las participantes, quien asegur\u00f3 formar parte del colectivo \u201cLas Chulas del Caribe\u201d, explic\u00f3 que este grupo surgi\u00f3 de la necesidad de que la sociedad tome en cuenta sus necesidades y se solidaricen con este sector para detener los abusos.<\/p>\n<p>\u201cQue se den cuenta que nos est\u00e1n matando y no est\u00e1n haciendo nada. Este no es un d\u00eda para celebrar, sino de lucha, para conmemorar un a\u00f1o m\u00e1s de lucha\u201d.<\/p>\n<p>En la movilizaci\u00f3n en la zona hotelera, se unieron extranjeros, como el caso de Natalia y Claudia, provenientes de Argentina, quienes consideraron a la manifestaci\u00f3n feminista mexicana, como referente en la regi\u00f3n.<\/p>\n<blockquote class=\"twitter-tweet\" data-width=\"550\" data-dnt=\"true\">\n<p lang=\"es\" dir=\"ltr\"><a href=\"https:\/\/twitter.com\/hashtag\/DiaInternacionalDeLaMujer?src=hash&amp;ref_src=twsrc%5Etfw\">#DiaInternacionalDeLaMujer<\/a>  | Feministas realizan un mitin en el monumento a los Ni\u00f1os H\u00e9roes en la zona hotelera de <a href=\"https:\/\/twitter.com\/hashtag\/Canc%C3%BAn?src=hash&amp;ref_src=twsrc%5Etfw\">#Canc\u00fan<\/a>. (\ud83d\udcf8 P. Chiomante) <a href=\"https:\/\/t.co\/fAzCU20UsW\">pic.twitter.com\/fAzCU20UsW<\/a><\/p>\n<p>&mdash; Novedades de Q.Roo (@novedadesqroo) <a href=\"https:\/\/twitter.com\/novedadesqroo\/status\/1369085504826843136?ref_src=twsrc%5Etfw\">March 9, 2021<\/a><\/p><\/blockquote>\n<p><script async src=\"https:\/\/platform.twitter.com\/widgets.js\" charset=\"utf-8\"><\/script><\/p>\n<p>En la movilizaci\u00f3n en la zona hotelera, se unieron extranjeros, como el caso de Natalia y Claudia, provenientes de Argentina, quienes consideraron a la manifestaci\u00f3n feminista mexicana, como referente en la regi\u00f3n.<\/p>\n<p>La movilizaci\u00f3n termin\u00f3 con un mitin en el monumento a los Ni\u00f1os H\u00e9roes, en la zona hotelera.<\/p>\n<p>Marchan por la Quinta Avenida de Playa del Carmen<\/p>\n<p>En Playa del Carmen, cientos de mujeres marcharon desde la CTM para recorrer la famosa y tur\u00edstica Quinta Avenida, para arribar a la plaza 28 de julio, donde se encuentra el antiguo Palacio Municipal.<\/p>\n<blockquote class=\"twitter-tweet\" data-width=\"550\" data-dnt=\"true\">\n<p lang=\"es\" dir=\"ltr\"><a href=\"https:\/\/twitter.com\/hashtag\/D%C3%ADaInterNacionalDeLaMujer?src=hash&amp;ref_src=twsrc%5Etfw\">#D\u00edaInterNacionalDeLaMujer<\/a> | Feministas recorren pac\u00edficamente la Quinta Avenida de <a href=\"https:\/\/twitter.com\/hashtag\/PlayaDelCarmen?src=hash&amp;ref_src=twsrc%5Etfw\">#PlayaDelCarmen<\/a>. \ud83d\udc47 (\ud83d\udcf9O. Mart\u00ednez) <a href=\"https:\/\/t.co\/D5yQIbtZmH\">pic.twitter.com\/D5yQIbtZmH<\/a><\/p>\n<p>&mdash; Novedades de Q.Roo (@novedadesqroo) <a href=\"https:\/\/twitter.com\/novedadesqroo\/status\/1369081214401929218?ref_src=twsrc%5Etfw\">March 9, 2021<\/a><\/p><\/blockquote>\n<p><script async src=\"https:\/\/platform.twitter.com\/widgets.js\" charset=\"utf-8\"><\/script><\/p>\n<p>Chetumal y Carrillo Puerto tambi\u00e9n marcharon<\/p>\n<p>El d\u00eda de ayer, desde las 5:00 de la tarde grupo de mujeres y asociaciones feministas se reunieron sobre la avenida Santiago Pacheco Cruz por avenida Benito Ju\u00e1rez, a un costado de la ex tienda del Instituto de Seguridad y Servicios Sociales de los Trabajadores del Estado (Issste), donde se reunieron e iniciar con su exigencia.<\/p>\n<p>\u201cMaternidades deseadas, infancias amadas, aborto legal ya, mujeres en lucha\u201d, \u201csoy la mestra de las ni\u00f1as que jam\u00e1s vas a tocar\u201d, \u201cse te pone bien grande cuando abusas, pero chiquita cuando te acusan\u201d, \u201cmientras haya mujeres sometidas, nunca ser\u00e9 una mujer libre\u201d, se pudo leer en sus pancartas.<\/p>\n<blockquote class=\"twitter-tweet\" data-width=\"550\" data-dnt=\"true\">\n<p lang=\"es\" dir=\"ltr\"><a href=\"https:\/\/twitter.com\/hashtag\/D%C3%ADaInterNacionalDeLaMujer?src=hash&amp;ref_src=twsrc%5Etfw\">#D\u00edaInterNacionalDeLaMujer<\/a> | Marchan en <a href=\"https:\/\/twitter.com\/hashtag\/FelipeCarrilloPuerto?src=hash&amp;ref_src=twsrc%5Etfw\">#FelipeCarrilloPuerto<\/a> por la justicia y acciones contra el feminicidio. (\ud83d\udcf9 J. Caamal) <a href=\"https:\/\/t.co\/qkiKkX6F8v\">pic.twitter.com\/qkiKkX6F8v<\/a><\/p>\n<p>&mdash; Novedades de Q.Roo (@novedadesqroo) <a href=\"https:\/\/twitter.com\/novedadesqroo\/status\/1369064996945149956?ref_src=twsrc%5Etfw\">March 8, 2021<\/a><\/p><\/blockquote>\n<p><script async src=\"https:\/\/platform.twitter.com\/widgets.js\" charset=\"utf-8\"><\/script><\/p>\n<p>En la capital del estado cientos marcharon desde el Museo de la Cultura Maya para terminar con una concentraci\u00f3n en la Explanada de la Bandera.<\/p>\n<p>En Tulum se coloc\u00f3 una ofrenda floral<\/p>\n<p>En Tulum, las mujeres recorrieron la avenida principal exigiendo poner fin a la violencia de g\u00e9nero. Tas la marcha se coloc\u00f3 una ofrenda floral en el Parque Museo de la Cultura Maya.<\/p>\n<blockquote class=\"twitter-tweet\" data-width=\"550\" data-dnt=\"true\">\n<p lang=\"es\" dir=\"ltr\"><a href=\"https:\/\/twitter.com\/hashtag\/D%C3%ADaInterNacionalDeLaMujer?src=hash&amp;ref_src=twsrc%5Etfw\">#D\u00edaInterNacionalDeLaMujer<\/a> | Con una ofrenda y un mitin pac\u00edfico concluy\u00f3 la marcha en <a href=\"https:\/\/twitter.com\/hashtag\/Tulum?src=hash&amp;ref_src=twsrc%5Etfw\">#Tulum<\/a>. (\ud83d\udcf9 A. Euan) <a href=\"https:\/\/t.co\/n6aoauS1oB\">pic.twitter.com\/n6aoauS1oB<\/a><\/p>\n<p>&mdash; Novedades de Q.Roo (@novedadesqroo) <a href=\"https:\/\/twitter.com\/novedadesqroo\/status\/1369066038965469185?ref_src=twsrc%5Etfw\">March 8, 2021<\/a><\/p><\/blockquote>\n<p><script async src=\"https:\/\/platform.twitter.com\/widgets.js\" charset=\"utf-8\"><\/script><\/p>\n<p>En Cozumel demandan justicia<\/p>\n<p>Alrededor de 300 mujeres marcharon del Monumento al Mestizaje a lo largo del malec\u00f3n hasta llegar al parque Quintana Roo.<\/p>\n<p>Ah\u00ed, contaron sus historias mientras eran custodiadas por elementos femeninos de la Polic\u00eda Quintana Roo.<\/p>\n<p>La manifestaci\u00f3n que comenz\u00f3 alrededor de las seis de la tarde y concluy\u00f3 cerca de las 20:30 horas.<\/p>\n<p>Fuente: Novedades Quintana Roo<br \/>\n<a href=\"https:\/\/www.yucatanalamano.com\/marchan-mujeres-de-quintana-roo-en-demanda-de-justicia-e-igualdad\/\" target=\"_blank\" rel=\"noopener\">https:\/\/www.yucatanalamano.com\/marchan-mujeres-de-quintana-roo-en-demanda-de-justicia-e-igualdad\/<\/a><\/p>\n","protected":false},"excerpt":{"rendered":"<p>Gustavo Guardian \/ Yucat\u00e1n a la Mano En los 11 municipios las mujeres demandaron acciones para poner fin a la violencia de g\u00e9nero. Justicia, igualdad y equidad: mujeres de todos &hellip; <a href=\"https:\/\/www.grieta.org.mx\/index.php\/2021\/03\/09\/marchan-mujeres-de-quintana-roo-en-demanda-de-justicia-e-igualdad\/\" class=\"more-link\">Leer m\u00e1s<\/a><\/p>\n","protected":false},"author":2,"featured_media":57500,"comment_status":"closed","ping_status":"closed","sticky":false,"template":"","format":"standard","meta":{"ngg_post_thumbnail":0,"_jetpack_newsletter_access":"","_jetpack_dont_email_post_to_subs":false,"_jetpack_newsletter_tier_id":0,"_jetpack_memberships_contains_paywalled_content":false,"_jetpack_memberships_contains_paid_content":false,"footnotes":""},"categories":[80,3169,3840,2,28,3165],"tags":[2272,2248,2317,3147],"class_list":["post-57499","post","type-post","status-publish","format-standard","has-post-thumbnail","hentry","category-cintillo","category-lucha-de-las-mujeres-en-quintana-roo","category-lucha-como-mujeres-que-somos","category-noticias-nacionales","category-quintana-roo","category-resistencias","tag-dia-internacional-de-la-mujer","tag-luchas-de-las-mujeres","tag-manifestaciones-de-mujeres","tag-movilizaciones-de-mujeres","entry"],"jetpack_featured_media_url":"https:\/\/www.grieta.org.mx\/wp-content\/uploads\/2021\/03\/Marcha8MQroo2-e1615317135899.png","jetpack_sharing_enabled":true,"jetpack_shortlink":"https:\/\/wp.me\/p7ZJR4-eXp","jetpack_likes_enabled":false,"jetpack-related-posts":[{"id":57444,"url":"https:\/\/www.grieta.org.mx\/index.php\/2021\/03\/08\/marchan-mujeres-en-quintana-roo-colectivos-feministas-toman-las-calles-en-cancun-chetumal-y-playa-del-carmen\/","url_meta":{"origin":57499,"position":0},"title":"Marchan mujeres en Quintana Roo: Colectivos feministas toman las calles en Canc\u00fan, Chetumal y Playa del Carmen","author":"grieta","date":"8 marzo, 2021","format":false,"excerpt":"Por Sara\u00ed Reyes y Rafael Brice\u00f1o \/ Noticaribe CANC\u00daN, MX.- Integrantes de colectivos feministas y de la sociedad civil se manifestaron esta tarde en Canc\u00fan, Chetumal y Playa del Carmen, para conmemorar el D\u00eda internacional de la Mujer. MARCHA CANC\u00daN | Marchan colectivos feministas en zona hotelera para conmemorar el\u2026","rel":"","context":"En &quot;CINTILLO&quot;","block_context":{"text":"CINTILLO","link":"https:\/\/www.grieta.org.mx\/index.php\/category\/cintillo\/"},"img":{"alt_text":"","src":"https:\/\/i0.wp.com\/www.grieta.org.mx\/wp-content\/uploads\/2021\/03\/Marcha8MQRoo.png?resize=350%2C200&ssl=1","width":350,"height":200,"srcset":"https:\/\/i0.wp.com\/www.grieta.org.mx\/wp-content\/uploads\/2021\/03\/Marcha8MQRoo.png?resize=350%2C200&ssl=1 1x, https:\/\/i0.wp.com\/www.grieta.org.mx\/wp-content\/uploads\/2021\/03\/Marcha8MQRoo.png?resize=525%2C300&ssl=1 1.5x"},"classes":[]},{"id":68742,"url":"https:\/\/www.grieta.org.mx\/index.php\/2024\/03\/08\/colectivos-de-mujeres-marchan-en-playa-del-carmen-y-tulum-quintana-roo\/","url_meta":{"origin":57499,"position":1},"title":"Colectivos de mujeres marchan en Playa del Carmen y Tulum (Quintana Roo)","author":"grieta","date":"8 marzo, 2024","format":false,"excerpt":"Ra\u00fal Gamboa\/Quadrat\u00edn Quintana Roo SOLIDARIDAD, QRoo, 8 de marzo de 2024.- Cientos de mujeres marcharon este viernes para celebrar y reclamar sus derechos en el D\u00eda Internacional de la Mujer. En Tulum, el colectivo march\u00f3 por la avenida principal de la ciudad mientras coreaban frases como \u201c\u00a1Ni una m\u00e1s, ni\u2026","rel":"","context":"En &quot;CINTILLO&quot;","block_context":{"text":"CINTILLO","link":"https:\/\/www.grieta.org.mx\/index.php\/category\/cintillo\/"},"img":{"alt_text":"","src":"https:\/\/i0.wp.com\/www.grieta.org.mx\/wp-content\/uploads\/2024\/04\/MujeresTulum-e1712177947596.jpg?resize=350%2C200&ssl=1","width":350,"height":200,"srcset":"https:\/\/i0.wp.com\/www.grieta.org.mx\/wp-content\/uploads\/2024\/04\/MujeresTulum-e1712177947596.jpg?resize=350%2C200&ssl=1 1x, https:\/\/i0.wp.com\/www.grieta.org.mx\/wp-content\/uploads\/2024\/04\/MujeresTulum-e1712177947596.jpg?resize=525%2C300&ssl=1 1.5x, https:\/\/i0.wp.com\/www.grieta.org.mx\/wp-content\/uploads\/2024\/04\/MujeresTulum-e1712177947596.jpg?resize=700%2C400&ssl=1 2x"},"classes":[]},{"id":64553,"url":"https:\/\/www.grieta.org.mx\/index.php\/2022\/07\/07\/denuncian-colectivos-feministas-cinco-anos-de-simulaciones-en-la-atencion-de-alerta-de-violencia-de-genero-contra-la-mujer-emitida-para-7-de-los-11-municipios-de-quintana-roo\/","url_meta":{"origin":57499,"position":2},"title":"Denuncian colectivos feministas cinco a\u00f1os de simulaciones en la atenci\u00f3n de Alerta de Violencia de G\u00e9nero contra la Mujer emitida para 7 de los 11 municipios de Quintana Roo","author":"grieta","date":"7 julio, 2022","format":false,"excerpt":"Rafael Brice\u00f1o \/ Noticaribe CHETUMAL, MX. \u2013 Al cumplirse este 7 de julio cinco a\u00f1os de la emisi\u00f3n de la alerta de Violencia de G\u00e9nero contra las Mujeres para siete de los 11 municipios de Quintana Roo, colectivos denunciaron que el contexto feminicida no ha disminuido y que al contrario\u2026","rel":"","context":"En &quot;CINTILLO&quot;","block_context":{"text":"CINTILLO","link":"https:\/\/www.grieta.org.mx\/index.php\/category\/cintillo\/"},"img":{"alt_text":"","src":"https:\/\/i0.wp.com\/www.grieta.org.mx\/wp-content\/uploads\/2022\/08\/Feminicidios-e1659649098230.png?resize=350%2C200&ssl=1","width":350,"height":200,"srcset":"https:\/\/i0.wp.com\/www.grieta.org.mx\/wp-content\/uploads\/2022\/08\/Feminicidios-e1659649098230.png?resize=350%2C200&ssl=1 1x, https:\/\/i0.wp.com\/www.grieta.org.mx\/wp-content\/uploads\/2022\/08\/Feminicidios-e1659649098230.png?resize=525%2C300&ssl=1 1.5x, https:\/\/i0.wp.com\/www.grieta.org.mx\/wp-content\/uploads\/2022\/08\/Feminicidios-e1659649098230.png?resize=700%2C400&ssl=1 2x"},"classes":[]},{"id":71282,"url":"https:\/\/www.grieta.org.mx\/index.php\/2025\/03\/08\/marchan-por-el-8m-alrededor-de-5-mil-mujeres-en-cancun-exigen-fin-a-la-violencia-de-genero-quintana-roo\/","url_meta":{"origin":57499,"position":3},"title":"Marchan por el 8M alrededor de 5 mil mujeres en Canc\u00fan; exigen fin a la violencia de g\u00e9nero (Quintana Roo)","author":"grieta","date":"8 marzo, 2025","format":false,"excerpt":"Noticaribe CANC\u00daN, MX.- Alrededor de cinco mil mujeres marchan esta tarde en el centro de la ciudad, por el D\u00eda Internacional de la Mujer, para exigir el fin a la violencia de g\u00e9nero y denunciar negligencia por parte de las autoridades. Las manifestantes salieron del Malec\u00f3n Tajamar, para despu\u00e9s avanzar\u2026","rel":"","context":"En &quot;CINTILLO&quot;","block_context":{"text":"CINTILLO","link":"https:\/\/www.grieta.org.mx\/index.php\/category\/cintillo\/"},"img":{"alt_text":"","src":"https:\/\/i0.wp.com\/www.grieta.org.mx\/wp-content\/uploads\/2025\/03\/8mCancun-e1741915699809.jpg?resize=350%2C200&ssl=1","width":350,"height":200,"srcset":"https:\/\/i0.wp.com\/www.grieta.org.mx\/wp-content\/uploads\/2025\/03\/8mCancun-e1741915699809.jpg?resize=350%2C200&ssl=1 1x, https:\/\/i0.wp.com\/www.grieta.org.mx\/wp-content\/uploads\/2025\/03\/8mCancun-e1741915699809.jpg?resize=525%2C300&ssl=1 1.5x, https:\/\/i0.wp.com\/www.grieta.org.mx\/wp-content\/uploads\/2025\/03\/8mCancun-e1741915699809.jpg?resize=700%2C400&ssl=1 2x"},"classes":[]},{"id":45986,"url":"https:\/\/www.grieta.org.mx\/index.php\/2020\/03\/08\/somos-la-voz-de-las-que-no-estan-marchan-al-menos-mil-500-mujeres-en-playa-del-carmen-contra-la-violencia-de-genero\/","url_meta":{"origin":57499,"position":4},"title":"\u201cSomos la voz de las que no est\u00e1n\u201d: Marchan al menos mil 500 mujeres en Playa del Carmen contra la violencia de g\u00e9nero","author":"grieta","date":"8 marzo, 2020","format":false,"excerpt":"Noticaribe PLAYA DEL CARMEN, MX.- Un contingente de al menos mil 500 mujeres, marcharon a lo largo de la Quinta Avenida, hasta llegar a la Plaza 28 de Julio, donde, frente al Palacio Municipal, familiares de v\u00edctimas de violencia contaron sus experiencias y exigieron un cese a las agresiones de\u2026","rel":"","context":"En &quot;CINTILLO&quot;","block_context":{"text":"CINTILLO","link":"https:\/\/www.grieta.org.mx\/index.php\/category\/cintillo\/"},"img":{"alt_text":"","src":"https:\/\/i0.wp.com\/www.grieta.org.mx\/wp-content\/uploads\/2020\/03\/MujeresPlayaDelCarmen8Mzo.png?resize=350%2C200&ssl=1","width":350,"height":200,"srcset":"https:\/\/i0.wp.com\/www.grieta.org.mx\/wp-content\/uploads\/2020\/03\/MujeresPlayaDelCarmen8Mzo.png?resize=350%2C200&ssl=1 1x, https:\/\/i0.wp.com\/www.grieta.org.mx\/wp-content\/uploads\/2020\/03\/MujeresPlayaDelCarmen8Mzo.png?resize=525%2C300&ssl=1 1.5x, https:\/\/i0.wp.com\/www.grieta.org.mx\/wp-content\/uploads\/2020\/03\/MujeresPlayaDelCarmen8Mzo.png?resize=700%2C400&ssl=1 2x"},"classes":[]},{"id":67813,"url":"https:\/\/www.grieta.org.mx\/index.php\/2023\/09\/25\/violencia-de-genero-alcanza-a-587-extranjeras-y-migrantes-en-quintana-roo\/","url_meta":{"origin":57499,"position":5},"title":"Violencia de g\u00e9nero alcanza a 587 extranjeras y migrantes en Quintana Roo","author":"grieta","date":"25 septiembre, 2023","format":false,"excerpt":"Alejandra Galicia \/ La Verdad La violencia de g\u00e9nero afecta a todas las mujeres que viven en Quintana Roo, sin importar la nacionalidad de origen. Tan solo el primer semestre de 2023 y el a\u00f1o pasado, 587 mujeres extranjeras y migrantes manifestaron ser v\u00edctimas de alg\u00fan tipo de violencia y\u2026","rel":"","context":"En &quot;CINTILLO&quot;","block_context":{"text":"CINTILLO","link":"https:\/\/www.grieta.org.mx\/index.php\/category\/cintillo\/"},"img":{"alt_text":"","src":"https:\/\/i0.wp.com\/www.grieta.org.mx\/wp-content\/uploads\/2023\/10\/Violencia-e1696264929934.jpg?resize=350%2C200&ssl=1","width":350,"height":200,"srcset":"https:\/\/i0.wp.com\/www.grieta.org.mx\/wp-content\/uploads\/2023\/10\/Violencia-e1696264929934.jpg?resize=350%2C200&ssl=1 1x, https:\/\/i0.wp.com\/www.grieta.org.mx\/wp-content\/uploads\/2023\/10\/Violencia-e1696264929934.jpg?resize=525%2C300&ssl=1 1.5x, https:\/\/i0.wp.com\/www.grieta.org.mx\/wp-content\/uploads\/2023\/10\/Violencia-e1696264929934.jpg?resize=700%2C400&ssl=1 2x"},"classes":[]}],"_links":{"self":[{"href":"https:\/\/www.grieta.org.mx\/index.php\/wp-json\/wp\/v2\/posts\/57499","targetHints":{"allow":["GET"]}}],"collection":[{"href":"https:\/\/www.grieta.org.mx\/index.php\/wp-json\/wp\/v2\/posts"}],"about":[{"href":"https:\/\/www.grieta.org.mx\/index.php\/wp-json\/wp\/v2\/types\/post"}],"author":[{"embeddable":true,"href":"https:\/\/www.grieta.org.mx\/index.php\/wp-json\/wp\/v2\/users\/2"}],"replies":[{"embeddable":true,"href":"https:\/\/www.grieta.org.mx\/index.php\/wp-json\/wp\/v2\/comments?post=57499"}],"version-history":[{"count":1,"href":"https:\/\/www.grieta.org.mx\/index.php\/wp-json\/wp\/v2\/posts\/57499\/revisions"}],"predecessor-version":[{"id":57503,"href":"https:\/\/www.grieta.org.mx\/index.php\/wp-json\/wp\/v2\/posts\/57499\/revisions\/57503"}],"wp:featuredmedia":[{"embeddable":true,"href":"https:\/\/www.grieta.org.mx\/index.php\/wp-json\/wp\/v2\/media\/57500"}],"wp:attachment":[{"href":"https:\/\/www.grieta.org.mx\/index.php\/wp-json\/wp\/v2\/media?parent=57499"}],"wp:term":[{"taxonomy":"category","embeddable":true,"href":"https:\/\/www.grieta.org.mx\/index.php\/wp-json\/wp\/v2\/categories?post=57499"},{"taxonomy":"post_tag","embeddable":true,"href":"https:\/\/www.grieta.org.mx\/index.php\/wp-json\/wp\/v2\/tags?post=57499"}],"curies":[{"name":"wp","href":"https:\/\/api.w.org\/{rel}","templated":true}]}}