{"id":57444,"date":"2021-03-08T12:00:17","date_gmt":"2021-03-08T18:00:17","guid":{"rendered":"http:\/\/www.grieta.org.mx\/?p=57444"},"modified":"2021-03-09T13:06:10","modified_gmt":"2021-03-09T19:06:10","slug":"marchan-mujeres-en-quintana-roo-colectivos-feministas-toman-las-calles-en-cancun-chetumal-y-playa-del-carmen","status":"publish","type":"post","link":"https:\/\/www.grieta.org.mx\/index.php\/2021\/03\/08\/marchan-mujeres-en-quintana-roo-colectivos-feministas-toman-las-calles-en-cancun-chetumal-y-playa-del-carmen\/","title":{"rendered":"Marchan mujeres en Quintana Roo: Colectivos feministas toman las calles en Canc\u00fan, Chetumal y Playa del Carmen"},"content":{"rendered":"<p><img loading=\"lazy\" decoding=\"async\" data-attachment-id=\"57448\" data-permalink=\"https:\/\/www.grieta.org.mx\/index.php\/2021\/03\/08\/marchan-mujeres-en-quintana-roo-colectivos-feministas-toman-las-calles-en-cancun-chetumal-y-playa-del-carmen\/marcha8mqroo\/\" data-orig-file=\"https:\/\/www.grieta.org.mx\/wp-content\/uploads\/2021\/03\/Marcha8MQRoo.png\" data-orig-size=\"692,516\" data-comments-opened=\"0\" data-image-meta=\"{&quot;aperture&quot;:&quot;0&quot;,&quot;credit&quot;:&quot;&quot;,&quot;camera&quot;:&quot;&quot;,&quot;caption&quot;:&quot;&quot;,&quot;created_timestamp&quot;:&quot;0&quot;,&quot;copyright&quot;:&quot;&quot;,&quot;focal_length&quot;:&quot;0&quot;,&quot;iso&quot;:&quot;0&quot;,&quot;shutter_speed&quot;:&quot;0&quot;,&quot;title&quot;:&quot;&quot;,&quot;orientation&quot;:&quot;0&quot;}\" data-image-title=\"Marcha8MQRoo\" data-image-description=\"\" data-image-caption=\"\" data-medium-file=\"https:\/\/www.grieta.org.mx\/wp-content\/uploads\/2021\/03\/Marcha8MQRoo-300x224.png\" data-large-file=\"https:\/\/www.grieta.org.mx\/wp-content\/uploads\/2021\/03\/Marcha8MQRoo.png\" class=\"alignnone size-full wp-image-57448\" src=\"http:\/\/www.grieta.org.mx\/wp-content\/uploads\/2021\/03\/Marcha8MQRoo.png\" alt=\"\" width=\"692\" height=\"516\" srcset=\"https:\/\/www.grieta.org.mx\/wp-content\/uploads\/2021\/03\/Marcha8MQRoo.png 692w, https:\/\/www.grieta.org.mx\/wp-content\/uploads\/2021\/03\/Marcha8MQRoo-300x224.png 300w, https:\/\/www.grieta.org.mx\/wp-content\/uploads\/2021\/03\/Marcha8MQRoo-671x500.png 671w\" sizes=\"auto, (max-width: 692px) 100vw, 692px\" \/><\/p>\n<p>Por Sara\u00ed Reyes y Rafael Brice\u00f1o \/ Noticaribe<\/p>\n<p>CANC\u00daN, MX.- Integrantes de colectivos feministas y de la sociedad civil se manifestaron esta tarde en Canc\u00fan, Chetumal y Playa del Carmen, para conmemorar el D\u00eda internacional de la Mujer.<br \/>\nMARCHA CANC\u00daN | Marchan colectivos feministas en zona hotelera para conmemorar el #8M. Inmigrante Danes se suma por desaparici\u00f3n de su hijas en Espa\u00f1a<br \/>\n<img loading=\"lazy\" decoding=\"async\" data-attachment-id=\"57453\" data-permalink=\"https:\/\/www.grieta.org.mx\/index.php\/2021\/03\/08\/marchan-mujeres-en-quintana-roo-colectivos-feministas-toman-las-calles-en-cancun-chetumal-y-playa-del-carmen\/marcha8mcancun\/\" data-orig-file=\"https:\/\/www.grieta.org.mx\/wp-content\/uploads\/2021\/03\/Marcha8MCancun.png\" data-orig-size=\"687,421\" data-comments-opened=\"0\" data-image-meta=\"{&quot;aperture&quot;:&quot;0&quot;,&quot;credit&quot;:&quot;&quot;,&quot;camera&quot;:&quot;&quot;,&quot;caption&quot;:&quot;&quot;,&quot;created_timestamp&quot;:&quot;0&quot;,&quot;copyright&quot;:&quot;&quot;,&quot;focal_length&quot;:&quot;0&quot;,&quot;iso&quot;:&quot;0&quot;,&quot;shutter_speed&quot;:&quot;0&quot;,&quot;title&quot;:&quot;&quot;,&quot;orientation&quot;:&quot;0&quot;}\" data-image-title=\"Marcha8MCancun\" data-image-description=\"\" data-image-caption=\"\" data-medium-file=\"https:\/\/www.grieta.org.mx\/wp-content\/uploads\/2021\/03\/Marcha8MCancun-300x184.png\" data-large-file=\"https:\/\/www.grieta.org.mx\/wp-content\/uploads\/2021\/03\/Marcha8MCancun.png\" class=\"alignnone size-medium wp-image-57453\" src=\"http:\/\/www.grieta.org.mx\/wp-content\/uploads\/2021\/03\/Marcha8MCancun-300x184.png\" alt=\"\" width=\"300\" height=\"184\" srcset=\"https:\/\/www.grieta.org.mx\/wp-content\/uploads\/2021\/03\/Marcha8MCancun-300x184.png 300w, https:\/\/www.grieta.org.mx\/wp-content\/uploads\/2021\/03\/Marcha8MCancun.png 687w\" sizes=\"auto, (max-width: 300px) 100vw, 300px\" \/><img loading=\"lazy\" decoding=\"async\" data-attachment-id=\"57454\" data-permalink=\"https:\/\/www.grieta.org.mx\/index.php\/2021\/03\/08\/marchan-mujeres-en-quintana-roo-colectivos-feministas-toman-las-calles-en-cancun-chetumal-y-playa-del-carmen\/marcha8mcancun2\/\" data-orig-file=\"https:\/\/www.grieta.org.mx\/wp-content\/uploads\/2021\/03\/Marcha8MCancun2.png\" data-orig-size=\"688,421\" data-comments-opened=\"0\" data-image-meta=\"{&quot;aperture&quot;:&quot;0&quot;,&quot;credit&quot;:&quot;&quot;,&quot;camera&quot;:&quot;&quot;,&quot;caption&quot;:&quot;&quot;,&quot;created_timestamp&quot;:&quot;0&quot;,&quot;copyright&quot;:&quot;&quot;,&quot;focal_length&quot;:&quot;0&quot;,&quot;iso&quot;:&quot;0&quot;,&quot;shutter_speed&quot;:&quot;0&quot;,&quot;title&quot;:&quot;&quot;,&quot;orientation&quot;:&quot;0&quot;}\" data-image-title=\"Marcha8MCancun2\" data-image-description=\"\" data-image-caption=\"\" data-medium-file=\"https:\/\/www.grieta.org.mx\/wp-content\/uploads\/2021\/03\/Marcha8MCancun2-300x184.png\" data-large-file=\"https:\/\/www.grieta.org.mx\/wp-content\/uploads\/2021\/03\/Marcha8MCancun2.png\" class=\"alignnone size-medium wp-image-57454\" src=\"http:\/\/www.grieta.org.mx\/wp-content\/uploads\/2021\/03\/Marcha8MCancun2-300x184.png\" alt=\"\" width=\"300\" height=\"184\" srcset=\"https:\/\/www.grieta.org.mx\/wp-content\/uploads\/2021\/03\/Marcha8MCancun2-300x184.png 300w, https:\/\/www.grieta.org.mx\/wp-content\/uploads\/2021\/03\/Marcha8MCancun2.png 688w\" sizes=\"auto, (max-width: 300px) 100vw, 300px\" \/><img loading=\"lazy\" decoding=\"async\" data-attachment-id=\"57455\" data-permalink=\"https:\/\/www.grieta.org.mx\/index.php\/2021\/03\/08\/marchan-mujeres-en-quintana-roo-colectivos-feministas-toman-las-calles-en-cancun-chetumal-y-playa-del-carmen\/marcha8mcancun3\/\" data-orig-file=\"https:\/\/www.grieta.org.mx\/wp-content\/uploads\/2021\/03\/Marcha8MCancun3.png\" data-orig-size=\"688,417\" data-comments-opened=\"0\" data-image-meta=\"{&quot;aperture&quot;:&quot;0&quot;,&quot;credit&quot;:&quot;&quot;,&quot;camera&quot;:&quot;&quot;,&quot;caption&quot;:&quot;&quot;,&quot;created_timestamp&quot;:&quot;0&quot;,&quot;copyright&quot;:&quot;&quot;,&quot;focal_length&quot;:&quot;0&quot;,&quot;iso&quot;:&quot;0&quot;,&quot;shutter_speed&quot;:&quot;0&quot;,&quot;title&quot;:&quot;&quot;,&quot;orientation&quot;:&quot;0&quot;}\" data-image-title=\"Marcha8MCancun3\" data-image-description=\"\" data-image-caption=\"\" data-medium-file=\"https:\/\/www.grieta.org.mx\/wp-content\/uploads\/2021\/03\/Marcha8MCancun3-300x182.png\" data-large-file=\"https:\/\/www.grieta.org.mx\/wp-content\/uploads\/2021\/03\/Marcha8MCancun3.png\" class=\"alignnone size-medium wp-image-57455\" src=\"http:\/\/www.grieta.org.mx\/wp-content\/uploads\/2021\/03\/Marcha8MCancun3-300x182.png\" alt=\"\" width=\"300\" height=\"182\" srcset=\"https:\/\/www.grieta.org.mx\/wp-content\/uploads\/2021\/03\/Marcha8MCancun3-300x182.png 300w, https:\/\/www.grieta.org.mx\/wp-content\/uploads\/2021\/03\/Marcha8MCancun3.png 688w\" sizes=\"auto, (max-width: 300px) 100vw, 300px\" \/><img loading=\"lazy\" decoding=\"async\" data-attachment-id=\"57456\" data-permalink=\"https:\/\/www.grieta.org.mx\/index.php\/2021\/03\/08\/marchan-mujeres-en-quintana-roo-colectivos-feministas-toman-las-calles-en-cancun-chetumal-y-playa-del-carmen\/marcha8mcancun4\/\" data-orig-file=\"https:\/\/www.grieta.org.mx\/wp-content\/uploads\/2021\/03\/Marcha8MCancun4.png\" data-orig-size=\"689,418\" data-comments-opened=\"0\" data-image-meta=\"{&quot;aperture&quot;:&quot;0&quot;,&quot;credit&quot;:&quot;&quot;,&quot;camera&quot;:&quot;&quot;,&quot;caption&quot;:&quot;&quot;,&quot;created_timestamp&quot;:&quot;0&quot;,&quot;copyright&quot;:&quot;&quot;,&quot;focal_length&quot;:&quot;0&quot;,&quot;iso&quot;:&quot;0&quot;,&quot;shutter_speed&quot;:&quot;0&quot;,&quot;title&quot;:&quot;&quot;,&quot;orientation&quot;:&quot;0&quot;}\" data-image-title=\"Marcha8MCancun4\" data-image-description=\"\" data-image-caption=\"\" data-medium-file=\"https:\/\/www.grieta.org.mx\/wp-content\/uploads\/2021\/03\/Marcha8MCancun4-300x182.png\" data-large-file=\"https:\/\/www.grieta.org.mx\/wp-content\/uploads\/2021\/03\/Marcha8MCancun4.png\" class=\"alignnone size-medium wp-image-57456\" src=\"http:\/\/www.grieta.org.mx\/wp-content\/uploads\/2021\/03\/Marcha8MCancun4-300x182.png\" alt=\"\" width=\"300\" height=\"182\" srcset=\"https:\/\/www.grieta.org.mx\/wp-content\/uploads\/2021\/03\/Marcha8MCancun4-300x182.png 300w, https:\/\/www.grieta.org.mx\/wp-content\/uploads\/2021\/03\/Marcha8MCancun4.png 689w\" sizes=\"auto, (max-width: 300px) 100vw, 300px\" \/><img loading=\"lazy\" decoding=\"async\" data-attachment-id=\"57457\" data-permalink=\"https:\/\/www.grieta.org.mx\/index.php\/2021\/03\/08\/marchan-mujeres-en-quintana-roo-colectivos-feministas-toman-las-calles-en-cancun-chetumal-y-playa-del-carmen\/marcha8mcancun5\/\" data-orig-file=\"https:\/\/www.grieta.org.mx\/wp-content\/uploads\/2021\/03\/Marcha8MCancun5.png\" data-orig-size=\"540,376\" data-comments-opened=\"0\" data-image-meta=\"{&quot;aperture&quot;:&quot;0&quot;,&quot;credit&quot;:&quot;&quot;,&quot;camera&quot;:&quot;&quot;,&quot;caption&quot;:&quot;&quot;,&quot;created_timestamp&quot;:&quot;0&quot;,&quot;copyright&quot;:&quot;&quot;,&quot;focal_length&quot;:&quot;0&quot;,&quot;iso&quot;:&quot;0&quot;,&quot;shutter_speed&quot;:&quot;0&quot;,&quot;title&quot;:&quot;&quot;,&quot;orientation&quot;:&quot;0&quot;}\" data-image-title=\"Marcha8MCancun5\" data-image-description=\"\" data-image-caption=\"\" data-medium-file=\"https:\/\/www.grieta.org.mx\/wp-content\/uploads\/2021\/03\/Marcha8MCancun5-300x209.png\" data-large-file=\"https:\/\/www.grieta.org.mx\/wp-content\/uploads\/2021\/03\/Marcha8MCancun5.png\" class=\"alignnone size-medium wp-image-57457\" src=\"http:\/\/www.grieta.org.mx\/wp-content\/uploads\/2021\/03\/Marcha8MCancun5-300x209.png\" alt=\"\" width=\"300\" height=\"209\" srcset=\"https:\/\/www.grieta.org.mx\/wp-content\/uploads\/2021\/03\/Marcha8MCancun5-300x209.png 300w, https:\/\/www.grieta.org.mx\/wp-content\/uploads\/2021\/03\/Marcha8MCancun5.png 540w\" sizes=\"auto, (max-width: 300px) 100vw, 300px\" \/><\/p>\n<p>Bajo la lluvia m\u00e1s de 500 mujeres marcharon en la zona hotelera de Canc\u00fan este 8 de marzo para conmemorar el d\u00eda internacional de la mujer y visibilizar la lucha que han emprendido en la b\u00fasqueda de los derechos plenos de las mujeres y para levantar la voz para que se haga justicia a las v\u00edctimas de violencia.<\/p>\n<p><iframe loading=\"lazy\" src=\"https:\/\/www.facebook.com\/plugins\/video.php?href=https%3A%2F%2Fwww.facebook.com%2FNoticaribePeninsular%2Fvideos%2F256764216106965%2F&#038;show_text=0&#038;width=560\" width=\"560\" height=\"315\" style=\"border:none;overflow:hidden\" scrolling=\"no\" frameborder=\"0\" allowfullscreen=\"true\" allow=\"autoplay; clipboard-write; encrypted-media; picture-in-picture; web-share\" allowFullScreen=\"true\"><\/iframe><\/p>\n<p>La marcha pac\u00edfica dio inicio a la altura del kil\u00f3metro 4 frente al teatro de Canc\u00fan, avanz\u00f3 por el bulevar Kukulc\u00e1n, hasta llegar a la explanada de la asta bandera donde exigieron que sus voces sean escuchadas.<\/p>\n<p>Ah\u00ed llam\u00f3 la atenci\u00f3n la participaci\u00f3n de Rene Kristoffersen, quien el pasado 15 de marzo cuando radicaba en Europa, su esposa, su hija Amanda de 4 a\u00f1os y Eve, una beb\u00e9 de tan solo 6 semanas fue encontradas muertas en un domicilio de Gibraltan Espa\u00f1a y motivado por esta p\u00e9rdida decidi\u00f3 acompa\u00f1ar a las mujeres para pedir un alto a los feminicidios y no haya violencia de ning\u00fan tipo hacia las mujeres.<\/p>\n<p><iframe loading=\"lazy\" src=\"https:\/\/www.facebook.com\/plugins\/video.php?href=https%3A%2F%2Fwww.facebook.com%2FNoticaribePeninsular%2Fvideos%2F3685002561568779%2F&#038;show_text=0&#038;width=560\" width=\"560\" height=\"315\" style=\"border:none;overflow:hidden\" scrolling=\"no\" frameborder=\"0\" allowfullscreen=\"true\" allow=\"autoplay; clipboard-write; encrypted-media; picture-in-picture; web-share\" allowFullScreen=\"true\"><\/iframe><\/p>\n<p>Con pancartas en mano, tambi\u00e9n se pudo observar a varias madres de familia acompa\u00f1adas de sus hijas marcharon en el contingente, lanzando consignas de justicia por todas las mujeres desaparecidas y que han sufrido violencia de todo tipo.<\/p>\n<p>Encabezada por una gran manta que dec\u00eda \u201cPARA NOSOTRAS TODOS LOS DIAS SON DE MUERTAS. ASESINADAS. NI UNA MENOS\u201d, las feministas marcharon llevaron como c\u00f3digo de vestir prendas en color negro con alg\u00fan detalle en verde o morado, adem\u00e1s de carteles y pancartas con frases exigiendo las garant\u00edas a sus derechos.<\/p>\n<p>La marcha paraliz\u00f3 el tr\u00e1fico del carril que va del centro de Canc\u00fan hacia la zona hotelera, ya que esta calle fue tomada en su totalidad, situaci\u00f3n que caus\u00f3 descontento entre los trabajadores, turistas y residentes que transitaron por la zona.<\/p>\n<p>Al llegar a la asta bandera el contingente se disip\u00f3 por la fuerte lluvia que se dej\u00f3 caer y solo un reducido grupo se mantuvo para hacer escuchar su voz, pidiendo justicia, equidad e igualdad.<\/p>\n<p>MARCHA CHETUMAL | LAS MUJERES VOTAMOS Y VETAMOS EN ESTAS ELECCIONES: Participan m\u00e1s de 500 mujeres en marcha conmemorativa al D\u00eda Internacional de la Mujer<br \/>\n<img loading=\"lazy\" decoding=\"async\" data-attachment-id=\"57470\" data-permalink=\"https:\/\/www.grieta.org.mx\/index.php\/2021\/03\/08\/marchan-mujeres-en-quintana-roo-colectivos-feministas-toman-las-calles-en-cancun-chetumal-y-playa-del-carmen\/marcha8mchetumal\/\" data-orig-file=\"https:\/\/www.grieta.org.mx\/wp-content\/uploads\/2021\/03\/Marcha8MChetumal.png\" data-orig-size=\"554,410\" data-comments-opened=\"0\" data-image-meta=\"{&quot;aperture&quot;:&quot;0&quot;,&quot;credit&quot;:&quot;&quot;,&quot;camera&quot;:&quot;&quot;,&quot;caption&quot;:&quot;&quot;,&quot;created_timestamp&quot;:&quot;0&quot;,&quot;copyright&quot;:&quot;&quot;,&quot;focal_length&quot;:&quot;0&quot;,&quot;iso&quot;:&quot;0&quot;,&quot;shutter_speed&quot;:&quot;0&quot;,&quot;title&quot;:&quot;&quot;,&quot;orientation&quot;:&quot;0&quot;}\" data-image-title=\"Marcha8MChetumal\" data-image-description=\"\" data-image-caption=\"\" data-medium-file=\"https:\/\/www.grieta.org.mx\/wp-content\/uploads\/2021\/03\/Marcha8MChetumal-300x222.png\" data-large-file=\"https:\/\/www.grieta.org.mx\/wp-content\/uploads\/2021\/03\/Marcha8MChetumal.png\" src=\"http:\/\/www.grieta.org.mx\/wp-content\/uploads\/2021\/03\/Marcha8MChetumal-300x222.png\" alt=\"\" width=\"300\" height=\"222\" class=\"alignnone size-medium wp-image-57470\" srcset=\"https:\/\/www.grieta.org.mx\/wp-content\/uploads\/2021\/03\/Marcha8MChetumal-300x222.png 300w, https:\/\/www.grieta.org.mx\/wp-content\/uploads\/2021\/03\/Marcha8MChetumal.png 554w\" sizes=\"auto, (max-width: 300px) 100vw, 300px\" \/><img loading=\"lazy\" decoding=\"async\" data-attachment-id=\"57473\" data-permalink=\"https:\/\/www.grieta.org.mx\/index.php\/2021\/03\/08\/marchan-mujeres-en-quintana-roo-colectivos-feministas-toman-las-calles-en-cancun-chetumal-y-playa-del-carmen\/marcha8mchetumal5\/\" data-orig-file=\"https:\/\/www.grieta.org.mx\/wp-content\/uploads\/2021\/03\/Marcha8MChetumal5.png\" data-orig-size=\"551,415\" data-comments-opened=\"0\" data-image-meta=\"{&quot;aperture&quot;:&quot;0&quot;,&quot;credit&quot;:&quot;&quot;,&quot;camera&quot;:&quot;&quot;,&quot;caption&quot;:&quot;&quot;,&quot;created_timestamp&quot;:&quot;0&quot;,&quot;copyright&quot;:&quot;&quot;,&quot;focal_length&quot;:&quot;0&quot;,&quot;iso&quot;:&quot;0&quot;,&quot;shutter_speed&quot;:&quot;0&quot;,&quot;title&quot;:&quot;&quot;,&quot;orientation&quot;:&quot;0&quot;}\" data-image-title=\"Marcha8MChetumal5\" data-image-description=\"\" data-image-caption=\"\" data-medium-file=\"https:\/\/www.grieta.org.mx\/wp-content\/uploads\/2021\/03\/Marcha8MChetumal5-300x226.png\" data-large-file=\"https:\/\/www.grieta.org.mx\/wp-content\/uploads\/2021\/03\/Marcha8MChetumal5.png\" src=\"http:\/\/www.grieta.org.mx\/wp-content\/uploads\/2021\/03\/Marcha8MChetumal5-300x226.png\" alt=\"\" width=\"300\" height=\"226\" class=\"alignnone size-medium wp-image-57473\" srcset=\"https:\/\/www.grieta.org.mx\/wp-content\/uploads\/2021\/03\/Marcha8MChetumal5-300x226.png 300w, https:\/\/www.grieta.org.mx\/wp-content\/uploads\/2021\/03\/Marcha8MChetumal5.png 551w\" sizes=\"auto, (max-width: 300px) 100vw, 300px\" \/><img loading=\"lazy\" decoding=\"async\" data-attachment-id=\"57474\" data-permalink=\"https:\/\/www.grieta.org.mx\/index.php\/2021\/03\/08\/marchan-mujeres-en-quintana-roo-colectivos-feministas-toman-las-calles-en-cancun-chetumal-y-playa-del-carmen\/marcha8mchetumal6\/\" data-orig-file=\"https:\/\/www.grieta.org.mx\/wp-content\/uploads\/2021\/03\/Marcha8MChetumal6.png\" data-orig-size=\"543,411\" data-comments-opened=\"0\" data-image-meta=\"{&quot;aperture&quot;:&quot;0&quot;,&quot;credit&quot;:&quot;&quot;,&quot;camera&quot;:&quot;&quot;,&quot;caption&quot;:&quot;&quot;,&quot;created_timestamp&quot;:&quot;0&quot;,&quot;copyright&quot;:&quot;&quot;,&quot;focal_length&quot;:&quot;0&quot;,&quot;iso&quot;:&quot;0&quot;,&quot;shutter_speed&quot;:&quot;0&quot;,&quot;title&quot;:&quot;&quot;,&quot;orientation&quot;:&quot;0&quot;}\" data-image-title=\"Marcha8MChetumal6\" data-image-description=\"\" data-image-caption=\"\" data-medium-file=\"https:\/\/www.grieta.org.mx\/wp-content\/uploads\/2021\/03\/Marcha8MChetumal6-300x227.png\" data-large-file=\"https:\/\/www.grieta.org.mx\/wp-content\/uploads\/2021\/03\/Marcha8MChetumal6.png\" src=\"http:\/\/www.grieta.org.mx\/wp-content\/uploads\/2021\/03\/Marcha8MChetumal6-300x227.png\" alt=\"\" width=\"300\" height=\"227\" class=\"alignnone size-medium wp-image-57474\" srcset=\"https:\/\/www.grieta.org.mx\/wp-content\/uploads\/2021\/03\/Marcha8MChetumal6-300x227.png 300w, https:\/\/www.grieta.org.mx\/wp-content\/uploads\/2021\/03\/Marcha8MChetumal6.png 543w\" sizes=\"auto, (max-width: 300px) 100vw, 300px\" \/><img loading=\"lazy\" decoding=\"async\" data-attachment-id=\"57471\" data-permalink=\"https:\/\/www.grieta.org.mx\/index.php\/2021\/03\/08\/marchan-mujeres-en-quintana-roo-colectivos-feministas-toman-las-calles-en-cancun-chetumal-y-playa-del-carmen\/marcha8mchetumal2\/\" data-orig-file=\"https:\/\/www.grieta.org.mx\/wp-content\/uploads\/2021\/03\/Marcha8MChetumal2.png\" data-orig-size=\"562,418\" data-comments-opened=\"0\" data-image-meta=\"{&quot;aperture&quot;:&quot;0&quot;,&quot;credit&quot;:&quot;&quot;,&quot;camera&quot;:&quot;&quot;,&quot;caption&quot;:&quot;&quot;,&quot;created_timestamp&quot;:&quot;0&quot;,&quot;copyright&quot;:&quot;&quot;,&quot;focal_length&quot;:&quot;0&quot;,&quot;iso&quot;:&quot;0&quot;,&quot;shutter_speed&quot;:&quot;0&quot;,&quot;title&quot;:&quot;&quot;,&quot;orientation&quot;:&quot;0&quot;}\" data-image-title=\"Marcha8MChetumal2\" data-image-description=\"\" data-image-caption=\"\" data-medium-file=\"https:\/\/www.grieta.org.mx\/wp-content\/uploads\/2021\/03\/Marcha8MChetumal2-300x223.png\" data-large-file=\"https:\/\/www.grieta.org.mx\/wp-content\/uploads\/2021\/03\/Marcha8MChetumal2.png\" src=\"http:\/\/www.grieta.org.mx\/wp-content\/uploads\/2021\/03\/Marcha8MChetumal2-300x223.png\" alt=\"\" width=\"300\" height=\"223\" class=\"alignnone size-medium wp-image-57471\" srcset=\"https:\/\/www.grieta.org.mx\/wp-content\/uploads\/2021\/03\/Marcha8MChetumal2-300x223.png 300w, https:\/\/www.grieta.org.mx\/wp-content\/uploads\/2021\/03\/Marcha8MChetumal2.png 562w\" sizes=\"auto, (max-width: 300px) 100vw, 300px\" \/><img loading=\"lazy\" decoding=\"async\" data-attachment-id=\"57472\" data-permalink=\"https:\/\/www.grieta.org.mx\/index.php\/2021\/03\/08\/marchan-mujeres-en-quintana-roo-colectivos-feministas-toman-las-calles-en-cancun-chetumal-y-playa-del-carmen\/marcha8mchetumal3\/\" data-orig-file=\"https:\/\/www.grieta.org.mx\/wp-content\/uploads\/2021\/03\/Marcha8MChetumal3.png\" data-orig-size=\"540,410\" data-comments-opened=\"0\" data-image-meta=\"{&quot;aperture&quot;:&quot;0&quot;,&quot;credit&quot;:&quot;&quot;,&quot;camera&quot;:&quot;&quot;,&quot;caption&quot;:&quot;&quot;,&quot;created_timestamp&quot;:&quot;0&quot;,&quot;copyright&quot;:&quot;&quot;,&quot;focal_length&quot;:&quot;0&quot;,&quot;iso&quot;:&quot;0&quot;,&quot;shutter_speed&quot;:&quot;0&quot;,&quot;title&quot;:&quot;&quot;,&quot;orientation&quot;:&quot;0&quot;}\" data-image-title=\"Marcha8MChetumal3\" data-image-description=\"\" data-image-caption=\"\" data-medium-file=\"https:\/\/www.grieta.org.mx\/wp-content\/uploads\/2021\/03\/Marcha8MChetumal3-300x228.png\" data-large-file=\"https:\/\/www.grieta.org.mx\/wp-content\/uploads\/2021\/03\/Marcha8MChetumal3.png\" src=\"http:\/\/www.grieta.org.mx\/wp-content\/uploads\/2021\/03\/Marcha8MChetumal3-300x228.png\" alt=\"\" width=\"300\" height=\"228\" class=\"alignnone size-medium wp-image-57472\" srcset=\"https:\/\/www.grieta.org.mx\/wp-content\/uploads\/2021\/03\/Marcha8MChetumal3-300x228.png 300w, https:\/\/www.grieta.org.mx\/wp-content\/uploads\/2021\/03\/Marcha8MChetumal3.png 540w\" sizes=\"auto, (max-width: 300px) 100vw, 300px\" \/><img loading=\"lazy\" decoding=\"async\" data-attachment-id=\"57477\" data-permalink=\"https:\/\/www.grieta.org.mx\/index.php\/2021\/03\/08\/marchan-mujeres-en-quintana-roo-colectivos-feministas-toman-las-calles-en-cancun-chetumal-y-playa-del-carmen\/marcha8mchetumal4\/\" data-orig-file=\"https:\/\/www.grieta.org.mx\/wp-content\/uploads\/2021\/03\/Marcha8MChetumal4.png\" data-orig-size=\"297,408\" data-comments-opened=\"0\" data-image-meta=\"{&quot;aperture&quot;:&quot;0&quot;,&quot;credit&quot;:&quot;&quot;,&quot;camera&quot;:&quot;&quot;,&quot;caption&quot;:&quot;&quot;,&quot;created_timestamp&quot;:&quot;0&quot;,&quot;copyright&quot;:&quot;&quot;,&quot;focal_length&quot;:&quot;0&quot;,&quot;iso&quot;:&quot;0&quot;,&quot;shutter_speed&quot;:&quot;0&quot;,&quot;title&quot;:&quot;&quot;,&quot;orientation&quot;:&quot;0&quot;}\" data-image-title=\"Marcha8MChetumal4\" data-image-description=\"\" data-image-caption=\"\" data-medium-file=\"https:\/\/www.grieta.org.mx\/wp-content\/uploads\/2021\/03\/Marcha8MChetumal4-218x300.png\" data-large-file=\"https:\/\/www.grieta.org.mx\/wp-content\/uploads\/2021\/03\/Marcha8MChetumal4.png\" src=\"http:\/\/www.grieta.org.mx\/wp-content\/uploads\/2021\/03\/Marcha8MChetumal4-218x300.png\" alt=\"\" width=\"218\" height=\"300\" class=\"alignnone size-medium wp-image-57477\" srcset=\"https:\/\/www.grieta.org.mx\/wp-content\/uploads\/2021\/03\/Marcha8MChetumal4-218x300.png 218w, https:\/\/www.grieta.org.mx\/wp-content\/uploads\/2021\/03\/Marcha8MChetumal4.png 297w\" sizes=\"auto, (max-width: 218px) 100vw, 218px\" \/><\/p>\n<p>Tras manifestar que no quieren instituciones omisas que s\u00f3lo simulan acciones, integrantes de diferentes colectivos que marcharon para conmemorar el D\u00eda Internacional de la Mujer afirmaron que no permitir\u00e1n que la administraci\u00f3n del gobernador Carlos Joaqu\u00edn Gonz\u00e1lez siga violentando de manera flagrante a las miles de mujeres que salen a la calle a luchar por sus derechos y criminalizando a las defensoras de derechos humanos.<\/p>\n<p>Despu\u00e9s de recorrer la avenida H\u00e9roes, saliendo del Museo de la Cultura, pasar por la explanada de la Bandera y terminar en el edificio del poder legislativo advirtieron a los 13 diputados que votaron contra la despenalizaci\u00f3n del aborto en Quintana Roo \u201cno olvidaremos sus nombres. Las mujeres tambi\u00e9n votamos y vetamos en estos procesos electorales\u201d.<\/p>\n<p><iframe loading=\"lazy\" src=\"https:\/\/www.facebook.com\/plugins\/video.php?href=https%3A%2F%2Fwww.facebook.com%2FNoticaribePeninsular%2Fvideos%2F127747899276994%2F&#038;show_text=0&#038;width=560\" width=\"560\" height=\"315\" style=\"border:none;overflow:hidden\" scrolling=\"no\" frameborder=\"0\" allowfullscreen=\"true\" allow=\"autoplay; clipboard-write; encrypted-media; picture-in-picture; web-share\" allowFullScreen=\"true\"><\/iframe><\/p>\n<p>Asimismo, a la Fiscal\u00eda General de Justicia del Estado le dijeron que no permitieran que sigan simulando con miles de protocolos que no redundan en el acceso efectivo a la justicia para las miles de mujeres que son violentadas o asesinadas.<\/p>\n<p>Hoy le decimos a todo el aparato del Estado, que no tendr\u00e1n nunca m\u00e1s la comodidad de nuestro silencio, y que nuestra rabia y nuestra lucha no cesar\u00e1 hasta que no haya una sola mujer asesinada, hasta que no haya una sola mujer violentada, hasta que la vida de las mujeres valga m\u00e1s que los monumentos, hasta que se garantice la vida digna de las mujeres, advirtieron.<\/p>\n<p><iframe loading=\"lazy\" src=\"https:\/\/www.facebook.com\/plugins\/video.php?href=https%3A%2F%2Fwww.facebook.com%2FNoticaribePeninsular%2Fvideos%2F127747899276994%2F&#038;show_text=0&#038;width=560\" width=\"560\" height=\"315\" style=\"border:none;overflow:hidden\" scrolling=\"no\" frameborder=\"0\" allowfullscreen=\"true\" allow=\"autoplay; clipboard-write; encrypted-media; picture-in-picture; web-share\" allowFullScreen=\"true\"><\/iframe><\/p>\n<p>La marcha reuni\u00f3 a unas 500 mujeres que portaron cartulinas para expresar su exigencia de un alto a la violencia contra la mujer y transcurri\u00f3 en forma pacifica. Las participantes pegaron en el letrero que identifica a Chetumal como punto de entrada de M\u00e9xico hojas y cartulinas con mensajes que identifican su movimiento.<\/p>\n<p>MARCHA PLAYA | Manifestaci\u00f3n de mujeres recorre la Quinta Avenida y termina frente al Palacio Municipal<\/p>\n<p><img loading=\"lazy\" decoding=\"async\" data-attachment-id=\"57490\" data-permalink=\"https:\/\/www.grieta.org.mx\/index.php\/2021\/03\/08\/marchan-mujeres-en-quintana-roo-colectivos-feministas-toman-las-calles-en-cancun-chetumal-y-playa-del-carmen\/marcha8mplaya\/\" data-orig-file=\"https:\/\/www.grieta.org.mx\/wp-content\/uploads\/2021\/03\/Marcha8MPlaya.png\" data-orig-size=\"551,411\" data-comments-opened=\"0\" data-image-meta=\"{&quot;aperture&quot;:&quot;0&quot;,&quot;credit&quot;:&quot;&quot;,&quot;camera&quot;:&quot;&quot;,&quot;caption&quot;:&quot;&quot;,&quot;created_timestamp&quot;:&quot;0&quot;,&quot;copyright&quot;:&quot;&quot;,&quot;focal_length&quot;:&quot;0&quot;,&quot;iso&quot;:&quot;0&quot;,&quot;shutter_speed&quot;:&quot;0&quot;,&quot;title&quot;:&quot;&quot;,&quot;orientation&quot;:&quot;0&quot;}\" data-image-title=\"Marcha8MPlaya\" data-image-description=\"\" data-image-caption=\"\" data-medium-file=\"https:\/\/www.grieta.org.mx\/wp-content\/uploads\/2021\/03\/Marcha8MPlaya-300x224.png\" data-large-file=\"https:\/\/www.grieta.org.mx\/wp-content\/uploads\/2021\/03\/Marcha8MPlaya.png\" src=\"http:\/\/www.grieta.org.mx\/wp-content\/uploads\/2021\/03\/Marcha8MPlaya-300x224.png\" alt=\"\" width=\"300\" height=\"224\" class=\"alignnone size-medium wp-image-57490\" srcset=\"https:\/\/www.grieta.org.mx\/wp-content\/uploads\/2021\/03\/Marcha8MPlaya-300x224.png 300w, https:\/\/www.grieta.org.mx\/wp-content\/uploads\/2021\/03\/Marcha8MPlaya.png 551w\" sizes=\"auto, (max-width: 300px) 100vw, 300px\" \/><img loading=\"lazy\" decoding=\"async\" data-attachment-id=\"57492\" data-permalink=\"https:\/\/www.grieta.org.mx\/index.php\/2021\/03\/08\/marchan-mujeres-en-quintana-roo-colectivos-feministas-toman-las-calles-en-cancun-chetumal-y-playa-del-carmen\/marcha8mplaya2\/\" data-orig-file=\"https:\/\/www.grieta.org.mx\/wp-content\/uploads\/2021\/03\/Marcha8MPlaya2.png\" data-orig-size=\"545,403\" data-comments-opened=\"0\" data-image-meta=\"{&quot;aperture&quot;:&quot;0&quot;,&quot;credit&quot;:&quot;&quot;,&quot;camera&quot;:&quot;&quot;,&quot;caption&quot;:&quot;&quot;,&quot;created_timestamp&quot;:&quot;0&quot;,&quot;copyright&quot;:&quot;&quot;,&quot;focal_length&quot;:&quot;0&quot;,&quot;iso&quot;:&quot;0&quot;,&quot;shutter_speed&quot;:&quot;0&quot;,&quot;title&quot;:&quot;&quot;,&quot;orientation&quot;:&quot;0&quot;}\" data-image-title=\"Marcha8MPlaya2\" data-image-description=\"\" data-image-caption=\"\" data-medium-file=\"https:\/\/www.grieta.org.mx\/wp-content\/uploads\/2021\/03\/Marcha8MPlaya2-300x222.png\" data-large-file=\"https:\/\/www.grieta.org.mx\/wp-content\/uploads\/2021\/03\/Marcha8MPlaya2.png\" src=\"http:\/\/www.grieta.org.mx\/wp-content\/uploads\/2021\/03\/Marcha8MPlaya2-300x222.png\" alt=\"\" width=\"300\" height=\"222\" class=\"alignnone size-medium wp-image-57492\" srcset=\"https:\/\/www.grieta.org.mx\/wp-content\/uploads\/2021\/03\/Marcha8MPlaya2-300x222.png 300w, https:\/\/www.grieta.org.mx\/wp-content\/uploads\/2021\/03\/Marcha8MPlaya2.png 545w\" sizes=\"auto, (max-width: 300px) 100vw, 300px\" \/><img loading=\"lazy\" decoding=\"async\" data-attachment-id=\"57493\" data-permalink=\"https:\/\/www.grieta.org.mx\/index.php\/2021\/03\/08\/marchan-mujeres-en-quintana-roo-colectivos-feministas-toman-las-calles-en-cancun-chetumal-y-playa-del-carmen\/marcha8mplaya3\/\" data-orig-file=\"https:\/\/www.grieta.org.mx\/wp-content\/uploads\/2021\/03\/Marcha8MPlaya3.png\" data-orig-size=\"550,403\" data-comments-opened=\"0\" data-image-meta=\"{&quot;aperture&quot;:&quot;0&quot;,&quot;credit&quot;:&quot;&quot;,&quot;camera&quot;:&quot;&quot;,&quot;caption&quot;:&quot;&quot;,&quot;created_timestamp&quot;:&quot;0&quot;,&quot;copyright&quot;:&quot;&quot;,&quot;focal_length&quot;:&quot;0&quot;,&quot;iso&quot;:&quot;0&quot;,&quot;shutter_speed&quot;:&quot;0&quot;,&quot;title&quot;:&quot;&quot;,&quot;orientation&quot;:&quot;0&quot;}\" data-image-title=\"Marcha8MPlaya3\" data-image-description=\"\" data-image-caption=\"\" data-medium-file=\"https:\/\/www.grieta.org.mx\/wp-content\/uploads\/2021\/03\/Marcha8MPlaya3-300x220.png\" data-large-file=\"https:\/\/www.grieta.org.mx\/wp-content\/uploads\/2021\/03\/Marcha8MPlaya3.png\" src=\"http:\/\/www.grieta.org.mx\/wp-content\/uploads\/2021\/03\/Marcha8MPlaya3-300x220.png\" alt=\"\" width=\"300\" height=\"220\" class=\"alignnone size-medium wp-image-57493\" srcset=\"https:\/\/www.grieta.org.mx\/wp-content\/uploads\/2021\/03\/Marcha8MPlaya3-300x220.png 300w, https:\/\/www.grieta.org.mx\/wp-content\/uploads\/2021\/03\/Marcha8MPlaya3.png 550w\" sizes=\"auto, (max-width: 300px) 100vw, 300px\" \/><img loading=\"lazy\" decoding=\"async\" data-attachment-id=\"57494\" data-permalink=\"https:\/\/www.grieta.org.mx\/index.php\/2021\/03\/08\/marchan-mujeres-en-quintana-roo-colectivos-feministas-toman-las-calles-en-cancun-chetumal-y-playa-del-carmen\/marcha8mplaya4\/\" data-orig-file=\"https:\/\/www.grieta.org.mx\/wp-content\/uploads\/2021\/03\/Marcha8MPlaya4.png\" data-orig-size=\"549,423\" data-comments-opened=\"0\" data-image-meta=\"{&quot;aperture&quot;:&quot;0&quot;,&quot;credit&quot;:&quot;&quot;,&quot;camera&quot;:&quot;&quot;,&quot;caption&quot;:&quot;&quot;,&quot;created_timestamp&quot;:&quot;0&quot;,&quot;copyright&quot;:&quot;&quot;,&quot;focal_length&quot;:&quot;0&quot;,&quot;iso&quot;:&quot;0&quot;,&quot;shutter_speed&quot;:&quot;0&quot;,&quot;title&quot;:&quot;&quot;,&quot;orientation&quot;:&quot;0&quot;}\" data-image-title=\"Marcha8MPlaya4\" data-image-description=\"\" data-image-caption=\"\" data-medium-file=\"https:\/\/www.grieta.org.mx\/wp-content\/uploads\/2021\/03\/Marcha8MPlaya4-300x231.png\" data-large-file=\"https:\/\/www.grieta.org.mx\/wp-content\/uploads\/2021\/03\/Marcha8MPlaya4.png\" src=\"http:\/\/www.grieta.org.mx\/wp-content\/uploads\/2021\/03\/Marcha8MPlaya4-300x231.png\" alt=\"\" width=\"300\" height=\"231\" class=\"alignnone size-medium wp-image-57494\" srcset=\"https:\/\/www.grieta.org.mx\/wp-content\/uploads\/2021\/03\/Marcha8MPlaya4-300x231.png 300w, https:\/\/www.grieta.org.mx\/wp-content\/uploads\/2021\/03\/Marcha8MPlaya4.png 549w\" sizes=\"auto, (max-width: 300px) 100vw, 300px\" \/><img loading=\"lazy\" decoding=\"async\" data-attachment-id=\"57495\" data-permalink=\"https:\/\/www.grieta.org.mx\/index.php\/2021\/03\/08\/marchan-mujeres-en-quintana-roo-colectivos-feministas-toman-las-calles-en-cancun-chetumal-y-playa-del-carmen\/marcha8mplaya5\/\" data-orig-file=\"https:\/\/www.grieta.org.mx\/wp-content\/uploads\/2021\/03\/Marcha8MPlaya5.png\" data-orig-size=\"649,396\" data-comments-opened=\"0\" data-image-meta=\"{&quot;aperture&quot;:&quot;0&quot;,&quot;credit&quot;:&quot;&quot;,&quot;camera&quot;:&quot;&quot;,&quot;caption&quot;:&quot;&quot;,&quot;created_timestamp&quot;:&quot;0&quot;,&quot;copyright&quot;:&quot;&quot;,&quot;focal_length&quot;:&quot;0&quot;,&quot;iso&quot;:&quot;0&quot;,&quot;shutter_speed&quot;:&quot;0&quot;,&quot;title&quot;:&quot;&quot;,&quot;orientation&quot;:&quot;0&quot;}\" data-image-title=\"Marcha8MPlaya5\" data-image-description=\"\" data-image-caption=\"\" data-medium-file=\"https:\/\/www.grieta.org.mx\/wp-content\/uploads\/2021\/03\/Marcha8MPlaya5-300x183.png\" data-large-file=\"https:\/\/www.grieta.org.mx\/wp-content\/uploads\/2021\/03\/Marcha8MPlaya5.png\" src=\"http:\/\/www.grieta.org.mx\/wp-content\/uploads\/2021\/03\/Marcha8MPlaya5-300x183.png\" alt=\"\" width=\"300\" height=\"183\" class=\"alignnone size-medium wp-image-57495\" srcset=\"https:\/\/www.grieta.org.mx\/wp-content\/uploads\/2021\/03\/Marcha8MPlaya5-300x183.png 300w, https:\/\/www.grieta.org.mx\/wp-content\/uploads\/2021\/03\/Marcha8MPlaya5.png 649w\" sizes=\"auto, (max-width: 300px) 100vw, 300px\" \/><img loading=\"lazy\" decoding=\"async\" data-attachment-id=\"57496\" data-permalink=\"https:\/\/www.grieta.org.mx\/index.php\/2021\/03\/08\/marchan-mujeres-en-quintana-roo-colectivos-feministas-toman-las-calles-en-cancun-chetumal-y-playa-del-carmen\/marcha8mplaya6\/\" data-orig-file=\"https:\/\/www.grieta.org.mx\/wp-content\/uploads\/2021\/03\/Marcha8MPlaya6.png\" data-orig-size=\"681,411\" data-comments-opened=\"0\" data-image-meta=\"{&quot;aperture&quot;:&quot;0&quot;,&quot;credit&quot;:&quot;&quot;,&quot;camera&quot;:&quot;&quot;,&quot;caption&quot;:&quot;&quot;,&quot;created_timestamp&quot;:&quot;0&quot;,&quot;copyright&quot;:&quot;&quot;,&quot;focal_length&quot;:&quot;0&quot;,&quot;iso&quot;:&quot;0&quot;,&quot;shutter_speed&quot;:&quot;0&quot;,&quot;title&quot;:&quot;&quot;,&quot;orientation&quot;:&quot;0&quot;}\" data-image-title=\"Marcha8MPlaya6\" data-image-description=\"\" data-image-caption=\"\" data-medium-file=\"https:\/\/www.grieta.org.mx\/wp-content\/uploads\/2021\/03\/Marcha8MPlaya6-300x181.png\" data-large-file=\"https:\/\/www.grieta.org.mx\/wp-content\/uploads\/2021\/03\/Marcha8MPlaya6.png\" src=\"http:\/\/www.grieta.org.mx\/wp-content\/uploads\/2021\/03\/Marcha8MPlaya6-300x181.png\" alt=\"\" width=\"300\" height=\"181\" class=\"alignnone size-medium wp-image-57496\" srcset=\"https:\/\/www.grieta.org.mx\/wp-content\/uploads\/2021\/03\/Marcha8MPlaya6-300x181.png 300w, https:\/\/www.grieta.org.mx\/wp-content\/uploads\/2021\/03\/Marcha8MPlaya6.png 681w\" sizes=\"auto, (max-width: 300px) 100vw, 300px\" \/><\/p>\n<p>M\u00e1s de 800 mujeres se manifestaron hoy en Playa del Carmen, en exigencia de sus derechos y en contra de la violencia de g\u00e9nero, en el marco del D\u00eda Internacional de la Mujer.<\/p>\n<p>Un primer contingente, de unas 250 activistas, avanz\u00f3 por la Quinta Avenida desde la CTM, para dirigirse hacia la plaza 28 de Julio, frente al Palacio Municipal.<\/p>\n<p><iframe loading=\"lazy\" src=\"https:\/\/www.facebook.com\/plugins\/video.php?href=https%3A%2F%2Fwww.facebook.com%2FNoticaribePeninsular%2Fvideos%2F127747899276994%2F&#038;show_text=0&#038;width=560\" width=\"560\" height=\"315\" style=\"border:none;overflow:hidden\" scrolling=\"no\" frameborder=\"0\" allowfullscreen=\"true\" allow=\"autoplay; clipboard-write; encrypted-media; picture-in-picture; web-share\" allowFullScreen=\"true\"><\/iframe><\/p>\n<p>Para cuando llegaron a su destino, el n\u00famero de participantes pr\u00e1cticamente se hab\u00eda cuadruplicado, gran parte de ellas vestidas de negro y con cintas o pa\u00f1oletas violetas (en contra de la violencia de g\u00e9nero) y verdes (en favor de la legalizaci\u00f3n del aborto).<\/p>\n<p>\u201cSomos el grito de las que ya no tienen voz\u201d, \u201cQuintana Roo feminicida\u201d, \u201cHombres, no queremos su festejo, queremos su respeto\u201d, \u201caborto seguro y legal\u201d, eran algunos de los mensajes que portaban en cartulinas o mantas.<\/p>\n<p><iframe loading=\"lazy\" src=\"https:\/\/www.facebook.com\/plugins\/video.php?href=https%3A%2F%2Fwww.facebook.com%2FNoticaribePeninsular%2Fvideos%2F127747899276994%2F&#038;show_text=0&#038;width=560\" width=\"560\" height=\"315\" style=\"border:none;overflow:hidden\" scrolling=\"no\" frameborder=\"0\" allowfullscreen=\"true\" allow=\"autoplay; clipboard-write; encrypted-media; picture-in-picture; web-share\" allowFullScreen=\"true\"><\/iframe><\/p>\n<p>En la plaza, distintas activistas tomaron la voz, con auxilio de un micr\u00f3fono, para exigir el fin de los feminicidios y la violencia de g\u00e9nero, todo mientras la mayor\u00eda coreaba sus c\u00e1nticos o mensajes alusivos a su causa.<\/p>\n<p>Todo el evento transcurri\u00f3 de manera pac\u00edfica. (Con informaci\u00f3n de Infoqroo y Agencia SIM)<\/p>\n<p><a href=\"https:\/\/noticaribe.com.mx\/2021\/03\/08\/marchan-mujeres-en-quintana-roo-colectivos-feministas-toman-las-calles-en-cancun-chetumal-y-playa-del-carmen\/\" target=\"_blank\" rel=\"noopener\">https:\/\/noticaribe.com.mx\/2021\/03\/08\/marchan-mujeres-en-quintana-roo-colectivos-feministas-toman-las-calles-en-cancun-chetumal-y-playa-del-carmen\/<\/a><\/p>\n","protected":false},"excerpt":{"rendered":"<p>Por Sara\u00ed Reyes y Rafael Brice\u00f1o \/ Noticaribe CANC\u00daN, MX.- Integrantes de colectivos feministas y de la sociedad civil se manifestaron esta tarde en Canc\u00fan, Chetumal y Playa del Carmen, &hellip; <a href=\"https:\/\/www.grieta.org.mx\/index.php\/2021\/03\/08\/marchan-mujeres-en-quintana-roo-colectivos-feministas-toman-las-calles-en-cancun-chetumal-y-playa-del-carmen\/\" class=\"more-link\">Leer m\u00e1s<\/a><\/p>\n","protected":false},"author":2,"featured_media":57448,"comment_status":"closed","ping_status":"closed","sticky":false,"template":"","format":"standard","meta":{"ngg_post_thumbnail":0,"_jetpack_newsletter_access":"","_jetpack_dont_email_post_to_subs":false,"_jetpack_newsletter_tier_id":0,"_jetpack_memberships_contains_paywalled_content":false,"_jetpack_memberships_contains_paid_content":false,"footnotes":""},"categories":[80,3169,3840,2,28,3165],"tags":[2272,2248,2317,3147],"class_list":["post-57444","post","type-post","status-publish","format-standard","has-post-thumbnail","hentry","category-cintillo","category-lucha-de-las-mujeres-en-quintana-roo","category-lucha-como-mujeres-que-somos","category-noticias-nacionales","category-quintana-roo","category-resistencias","tag-dia-internacional-de-la-mujer","tag-luchas-de-las-mujeres","tag-manifestaciones-de-mujeres","tag-movilizaciones-de-mujeres","entry"],"jetpack_featured_media_url":"https:\/\/www.grieta.org.mx\/wp-content\/uploads\/2021\/03\/Marcha8MQRoo.png","jetpack_sharing_enabled":true,"jetpack_shortlink":"https:\/\/wp.me\/p7ZJR4-eWw","jetpack_likes_enabled":false,"jetpack-related-posts":[{"id":68742,"url":"https:\/\/www.grieta.org.mx\/index.php\/2024\/03\/08\/colectivos-de-mujeres-marchan-en-playa-del-carmen-y-tulum-quintana-roo\/","url_meta":{"origin":57444,"position":0},"title":"Colectivos de mujeres marchan en Playa del Carmen y Tulum (Quintana Roo)","author":"grieta","date":"8 marzo, 2024","format":false,"excerpt":"Ra\u00fal Gamboa\/Quadrat\u00edn Quintana Roo SOLIDARIDAD, QRoo, 8 de marzo de 2024.- Cientos de mujeres marcharon este viernes para celebrar y reclamar sus derechos en el D\u00eda Internacional de la Mujer. En Tulum, el colectivo march\u00f3 por la avenida principal de la ciudad mientras coreaban frases como \u201c\u00a1Ni una m\u00e1s, ni\u2026","rel":"","context":"En &quot;CINTILLO&quot;","block_context":{"text":"CINTILLO","link":"https:\/\/www.grieta.org.mx\/index.php\/category\/cintillo\/"},"img":{"alt_text":"","src":"https:\/\/i0.wp.com\/www.grieta.org.mx\/wp-content\/uploads\/2024\/04\/MujeresTulum-e1712177947596.jpg?resize=350%2C200&ssl=1","width":350,"height":200,"srcset":"https:\/\/i0.wp.com\/www.grieta.org.mx\/wp-content\/uploads\/2024\/04\/MujeresTulum-e1712177947596.jpg?resize=350%2C200&ssl=1 1x, https:\/\/i0.wp.com\/www.grieta.org.mx\/wp-content\/uploads\/2024\/04\/MujeresTulum-e1712177947596.jpg?resize=525%2C300&ssl=1 1.5x, https:\/\/i0.wp.com\/www.grieta.org.mx\/wp-content\/uploads\/2024\/04\/MujeresTulum-e1712177947596.jpg?resize=700%2C400&ssl=1 2x"},"classes":[]},{"id":69534,"url":"https:\/\/www.grieta.org.mx\/index.php\/2024\/08\/30\/marchan-por-desaparecidos-en-cancun-y-chetumal-quintana-roo\/","url_meta":{"origin":57444,"position":1},"title":"Marchan por desaparecidos en Canc\u00fan y Chetumal (Quintana Roo)","author":"grieta","date":"30 agosto, 2024","format":false,"excerpt":"Noticaribe CANC\u00daN, MX.- Madres y otros familiares de personas desaparecidos marcharon hoy en Canc\u00fan y en Chetumal para conmemorar el D\u00eda de la B\u00fasqueda de Personas. En Canc\u00fan, dos colectivos, el \u201d Verdad y Justicia\u201d, as\u00ed como las \u201cMadres Buscadoras\u201d marcharon por separado rumbo al Palacio Municipal. Integrantes de \u201cVerdad,\u2026","rel":"","context":"En &quot;CINTILLO&quot;","block_context":{"text":"CINTILLO","link":"https:\/\/www.grieta.org.mx\/index.php\/category\/cintillo\/"},"img":{"alt_text":"","src":"https:\/\/i0.wp.com\/www.grieta.org.mx\/wp-content\/uploads\/2024\/08\/Marchan-e1725139943721.jpg?resize=350%2C200&ssl=1","width":350,"height":200,"srcset":"https:\/\/i0.wp.com\/www.grieta.org.mx\/wp-content\/uploads\/2024\/08\/Marchan-e1725139943721.jpg?resize=350%2C200&ssl=1 1x, https:\/\/i0.wp.com\/www.grieta.org.mx\/wp-content\/uploads\/2024\/08\/Marchan-e1725139943721.jpg?resize=525%2C300&ssl=1 1.5x, https:\/\/i0.wp.com\/www.grieta.org.mx\/wp-content\/uploads\/2024\/08\/Marchan-e1725139943721.jpg?resize=700%2C400&ssl=1 2x"},"classes":[]},{"id":71282,"url":"https:\/\/www.grieta.org.mx\/index.php\/2025\/03\/08\/marchan-por-el-8m-alrededor-de-5-mil-mujeres-en-cancun-exigen-fin-a-la-violencia-de-genero-quintana-roo\/","url_meta":{"origin":57444,"position":2},"title":"Marchan por el 8M alrededor de 5 mil mujeres en Canc\u00fan; exigen fin a la violencia de g\u00e9nero (Quintana Roo)","author":"grieta","date":"8 marzo, 2025","format":false,"excerpt":"Noticaribe CANC\u00daN, MX.- Alrededor de cinco mil mujeres marchan esta tarde en el centro de la ciudad, por el D\u00eda Internacional de la Mujer, para exigir el fin a la violencia de g\u00e9nero y denunciar negligencia por parte de las autoridades. Las manifestantes salieron del Malec\u00f3n Tajamar, para despu\u00e9s avanzar\u2026","rel":"","context":"En &quot;CINTILLO&quot;","block_context":{"text":"CINTILLO","link":"https:\/\/www.grieta.org.mx\/index.php\/category\/cintillo\/"},"img":{"alt_text":"","src":"https:\/\/i0.wp.com\/www.grieta.org.mx\/wp-content\/uploads\/2025\/03\/8mCancun-e1741915699809.jpg?resize=350%2C200&ssl=1","width":350,"height":200,"srcset":"https:\/\/i0.wp.com\/www.grieta.org.mx\/wp-content\/uploads\/2025\/03\/8mCancun-e1741915699809.jpg?resize=350%2C200&ssl=1 1x, https:\/\/i0.wp.com\/www.grieta.org.mx\/wp-content\/uploads\/2025\/03\/8mCancun-e1741915699809.jpg?resize=525%2C300&ssl=1 1.5x, https:\/\/i0.wp.com\/www.grieta.org.mx\/wp-content\/uploads\/2025\/03\/8mCancun-e1741915699809.jpg?resize=700%2C400&ssl=1 2x"},"classes":[]},{"id":57499,"url":"https:\/\/www.grieta.org.mx\/index.php\/2021\/03\/09\/marchan-mujeres-de-quintana-roo-en-demanda-de-justicia-e-igualdad\/","url_meta":{"origin":57444,"position":3},"title":"Marchan mujeres de Quintana Roo en demanda de justicia e igualdad","author":"grieta","date":"9 marzo, 2021","format":false,"excerpt":"Gustavo Guardian \/ Yucat\u00e1n a la Mano En los 11 municipios las mujeres demandaron acciones para poner fin a la violencia de g\u00e9nero. Justicia, igualdad y equidad: mujeres de todos los municipios de Quintana Roo se manifestaron y marcharon para conmemorar el D\u00eda Internacional de la Mujer. Colectivos de mujeres\u2026","rel":"","context":"En &quot;CINTILLO&quot;","block_context":{"text":"CINTILLO","link":"https:\/\/www.grieta.org.mx\/index.php\/category\/cintillo\/"},"img":{"alt_text":"","src":"https:\/\/i0.wp.com\/www.grieta.org.mx\/wp-content\/uploads\/2021\/03\/Marcha8MQroo2-e1615317135899.png?resize=350%2C200&ssl=1","width":350,"height":200,"srcset":"https:\/\/i0.wp.com\/www.grieta.org.mx\/wp-content\/uploads\/2021\/03\/Marcha8MQroo2-e1615317135899.png?resize=350%2C200&ssl=1 1x, https:\/\/i0.wp.com\/www.grieta.org.mx\/wp-content\/uploads\/2021\/03\/Marcha8MQroo2-e1615317135899.png?resize=525%2C300&ssl=1 1.5x, https:\/\/i0.wp.com\/www.grieta.org.mx\/wp-content\/uploads\/2021\/03\/Marcha8MQroo2-e1615317135899.png?resize=700%2C400&ssl=1 2x"},"classes":[]},{"id":56198,"url":"https:\/\/www.grieta.org.mx\/index.php\/2021\/01\/09\/feministas-se-manifiestan-para-recordar-represion-policial-en-cancun\/","url_meta":{"origin":57444,"position":4},"title":"Feministas se manifiestan para recordar represi\u00f3n policial en Canc\u00fan","author":"grieta","date":"9 enero, 2021","format":false,"excerpt":"Alonso Cupul \/ MegaNews CANC\u00daN.- Nuevamente el Palacio Municipal de Benito Ju\u00e1rez y la Plaza de la Reforma, se convirtieron en el escenario de una manifestaci\u00f3n feminista para recordar la represi\u00f3n policial del pasado 9 de noviembre del 2020, cuando decenas de mujeres y hombres ped\u00edan justicia por los feminicidios.\u2026","rel":"","context":"En &quot;CINTILLO&quot;","block_context":{"text":"CINTILLO","link":"https:\/\/www.grieta.org.mx\/index.php\/category\/cintillo\/"},"img":{"alt_text":"","src":"https:\/\/i0.wp.com\/www.grieta.org.mx\/wp-content\/uploads\/2021\/01\/FeministasCancun.png?resize=350%2C200&ssl=1","width":350,"height":200,"srcset":"https:\/\/i0.wp.com\/www.grieta.org.mx\/wp-content\/uploads\/2021\/01\/FeministasCancun.png?resize=350%2C200&ssl=1 1x, https:\/\/i0.wp.com\/www.grieta.org.mx\/wp-content\/uploads\/2021\/01\/FeministasCancun.png?resize=525%2C300&ssl=1 1.5x, https:\/\/i0.wp.com\/www.grieta.org.mx\/wp-content\/uploads\/2021\/01\/FeministasCancun.png?resize=700%2C400&ssl=1 2x"},"classes":[]},{"id":64553,"url":"https:\/\/www.grieta.org.mx\/index.php\/2022\/07\/07\/denuncian-colectivos-feministas-cinco-anos-de-simulaciones-en-la-atencion-de-alerta-de-violencia-de-genero-contra-la-mujer-emitida-para-7-de-los-11-municipios-de-quintana-roo\/","url_meta":{"origin":57444,"position":5},"title":"Denuncian colectivos feministas cinco a\u00f1os de simulaciones en la atenci\u00f3n de Alerta de Violencia de G\u00e9nero contra la Mujer emitida para 7 de los 11 municipios de Quintana Roo","author":"grieta","date":"7 julio, 2022","format":false,"excerpt":"Rafael Brice\u00f1o \/ Noticaribe CHETUMAL, MX. \u2013 Al cumplirse este 7 de julio cinco a\u00f1os de la emisi\u00f3n de la alerta de Violencia de G\u00e9nero contra las Mujeres para siete de los 11 municipios de Quintana Roo, colectivos denunciaron que el contexto feminicida no ha disminuido y que al contrario\u2026","rel":"","context":"En &quot;CINTILLO&quot;","block_context":{"text":"CINTILLO","link":"https:\/\/www.grieta.org.mx\/index.php\/category\/cintillo\/"},"img":{"alt_text":"","src":"https:\/\/i0.wp.com\/www.grieta.org.mx\/wp-content\/uploads\/2022\/08\/Feminicidios-e1659649098230.png?resize=350%2C200&ssl=1","width":350,"height":200,"srcset":"https:\/\/i0.wp.com\/www.grieta.org.mx\/wp-content\/uploads\/2022\/08\/Feminicidios-e1659649098230.png?resize=350%2C200&ssl=1 1x, https:\/\/i0.wp.com\/www.grieta.org.mx\/wp-content\/uploads\/2022\/08\/Feminicidios-e1659649098230.png?resize=525%2C300&ssl=1 1.5x, https:\/\/i0.wp.com\/www.grieta.org.mx\/wp-content\/uploads\/2022\/08\/Feminicidios-e1659649098230.png?resize=700%2C400&ssl=1 2x"},"classes":[]}],"_links":{"self":[{"href":"https:\/\/www.grieta.org.mx\/index.php\/wp-json\/wp\/v2\/posts\/57444","targetHints":{"allow":["GET"]}}],"collection":[{"href":"https:\/\/www.grieta.org.mx\/index.php\/wp-json\/wp\/v2\/posts"}],"about":[{"href":"https:\/\/www.grieta.org.mx\/index.php\/wp-json\/wp\/v2\/types\/post"}],"author":[{"embeddable":true,"href":"https:\/\/www.grieta.org.mx\/index.php\/wp-json\/wp\/v2\/users\/2"}],"replies":[{"embeddable":true,"href":"https:\/\/www.grieta.org.mx\/index.php\/wp-json\/wp\/v2\/comments?post=57444"}],"version-history":[{"count":1,"href":"https:\/\/www.grieta.org.mx\/index.php\/wp-json\/wp\/v2\/posts\/57444\/revisions"}],"predecessor-version":[{"id":57498,"href":"https:\/\/www.grieta.org.mx\/index.php\/wp-json\/wp\/v2\/posts\/57444\/revisions\/57498"}],"wp:featuredmedia":[{"embeddable":true,"href":"https:\/\/www.grieta.org.mx\/index.php\/wp-json\/wp\/v2\/media\/57448"}],"wp:attachment":[{"href":"https:\/\/www.grieta.org.mx\/index.php\/wp-json\/wp\/v2\/media?parent=57444"}],"wp:term":[{"taxonomy":"category","embeddable":true,"href":"https:\/\/www.grieta.org.mx\/index.php\/wp-json\/wp\/v2\/categories?post=57444"},{"taxonomy":"post_tag","embeddable":true,"href":"https:\/\/www.grieta.org.mx\/index.php\/wp-json\/wp\/v2\/tags?post=57444"}],"curies":[{"name":"wp","href":"https:\/\/api.w.org\/{rel}","templated":true}]}}