{"id":5743,"date":"2015-06-29T18:06:45","date_gmt":"2015-06-29T18:06:45","guid":{"rendered":"http:\/\/50.22.11.12\/~grietaor\/?p=5743"},"modified":"2016-03-27T18:17:04","modified_gmt":"2016-03-27T18:17:04","slug":"pescadores-protestan-tras-un-ano-de-conflicto-por-la-construccion-de-una-marina-en-yucatan","status":"publish","type":"post","link":"https:\/\/www.grieta.org.mx\/index.php\/2015\/06\/29\/pescadores-protestan-tras-un-ano-de-conflicto-por-la-construccion-de-una-marina-en-yucatan\/","title":{"rendered":"Pescadores protestan tras un a\u00f1o de conflicto por la construcci\u00f3n de una marina en Yucat\u00e1n"},"content":{"rendered":"<p><strong>29\/06\/15. <\/strong><a href=\"http:\/\/grieta.org.mx\/index.php\/2015\/06\/29\/amenazan-pescadores-con-hacer-justicia-con-su-propia-mano-en-yucatan\/\">Amenazan pescadores con hacer justicia con su propia mano en Yucat\u00e1n<\/a><br \/>\n<em>Milenio<\/em><\/p>\n","protected":false},"excerpt":{"rendered":"<p>29\/06\/15. Amenazan pescadores con hacer justicia con su propia mano en Yucat\u00e1n Milenio<\/p>\n","protected":false},"author":2,"featured_media":21928,"comment_status":"closed","ping_status":"open","sticky":false,"template":"","format":"standard","meta":{"ngg_post_thumbnail":0,"_jetpack_newsletter_access":"","_jetpack_dont_email_post_to_subs":false,"_jetpack_newsletter_tier_id":0,"_jetpack_memberships_contains_paywalled_content":false,"_jetpack_memberships_contains_paid_content":false,"footnotes":""},"categories":[2,36],"tags":[],"class_list":["post-5743","post","type-post","status-publish","format-standard","has-post-thumbnail","hentry","category-noticias-nacionales","category-yucatan","entry"],"jetpack_featured_media_url":"https:\/\/www.grieta.org.mx\/wp-content\/uploads\/2018\/03\/14524434_1106112876131411_958039263622046936_o.jpg","jetpack_sharing_enabled":true,"jetpack_shortlink":"https:\/\/wp.me\/p7ZJR4-1uD","jetpack_likes_enabled":false,"jetpack-related-posts":[{"id":68714,"url":"https:\/\/www.grieta.org.mx\/index.php\/2024\/03\/28\/bloquean-entrada-a-rio-lagartos-en-yucatan-pescadores-denuncian-abusos\/","url_meta":{"origin":5743,"position":0},"title":"Bloquean entrada a R\u00edo Lagartos en Yucat\u00e1n; pescadores denuncian abusos","author":"grieta","date":"28 marzo, 2024","format":false,"excerpt":"Yazm\u00edn Rodr\u00edguez Galaz \/ El Universal R\u00edo Lagartos, Yucat\u00e1n.- En plena temporada vacacional, pescadores de este puerto del oriente del Estado, que se dedican a la prestaci\u00f3n de servicios tur\u00edsticos, cerraron el acceso al puerto como medida de presi\u00f3n, ante los presuntos abusos que comete la Capitan\u00eda del Puerto. Largas\u2026","rel":"","context":"En &quot;Abuso Autoridades en Yucat\u00e1n&quot;","block_context":{"text":"Abuso Autoridades en Yucat\u00e1n","link":"https:\/\/www.grieta.org.mx\/index.php\/category\/noticias-nacionales\/yucatan\/abuso-autoridades-en-yucatan\/"},"img":{"alt_text":"","src":"https:\/\/i0.wp.com\/www.grieta.org.mx\/wp-content\/uploads\/2024\/03\/Pescadores-e1711914173595.jpg?resize=350%2C200&ssl=1","width":350,"height":200,"srcset":"https:\/\/i0.wp.com\/www.grieta.org.mx\/wp-content\/uploads\/2024\/03\/Pescadores-e1711914173595.jpg?resize=350%2C200&ssl=1 1x, https:\/\/i0.wp.com\/www.grieta.org.mx\/wp-content\/uploads\/2024\/03\/Pescadores-e1711914173595.jpg?resize=525%2C300&ssl=1 1.5x, https:\/\/i0.wp.com\/www.grieta.org.mx\/wp-content\/uploads\/2024\/03\/Pescadores-e1711914173595.jpg?resize=700%2C400&ssl=1 2x"},"classes":[]},{"id":41562,"url":"https:\/\/www.grieta.org.mx\/index.php\/2019\/11\/25\/sisal-arde-en-llamas-piden-justicia-para-pescadores-chocados-por-patrulla-naval-yucatan\/","url_meta":{"origin":5743,"position":1},"title":"Sisal arde en llamas: piden justicia para pescadores chocados por patrulla naval (Yucat\u00e1n)","author":"grieta","date":"25 noviembre, 2019","format":false,"excerpt":"Yucat\u00e1n Ahora Enardecidos vecinos de Sisal realizan desde hace algunas horas protestas en demanda de justicia para los pescadores embestidos por una patrulla interceptora de la Marina, a unos 13 kil\u00f3metros mar adentro. Los vecinos piden que les entreguen los cuerpos de los dos pescadores fallecidos y que se proceda\u2026","rel":"","context":"En &quot;Abuso Autoridades en Yucat\u00e1n&quot;","block_context":{"text":"Abuso Autoridades en Yucat\u00e1n","link":"https:\/\/www.grieta.org.mx\/index.php\/category\/noticias-nacionales\/yucatan\/abuso-autoridades-en-yucatan\/"},"img":{"alt_text":"","src":"https:\/\/i0.wp.com\/www.grieta.org.mx\/wp-content\/uploads\/2019\/11\/Sisal1-e1574817688976.png?resize=350%2C200&ssl=1","width":350,"height":200,"srcset":"https:\/\/i0.wp.com\/www.grieta.org.mx\/wp-content\/uploads\/2019\/11\/Sisal1-e1574817688976.png?resize=350%2C200&ssl=1 1x, https:\/\/i0.wp.com\/www.grieta.org.mx\/wp-content\/uploads\/2019\/11\/Sisal1-e1574817688976.png?resize=525%2C300&ssl=1 1.5x, https:\/\/i0.wp.com\/www.grieta.org.mx\/wp-content\/uploads\/2019\/11\/Sisal1-e1574817688976.png?resize=700%2C400&ssl=1 2x"},"classes":[]},{"id":47776,"url":"https:\/\/www.grieta.org.mx\/index.php\/2020\/04\/06\/desesperados-por-la-contingencia-pescadores-protestaron-en-progreso\/","url_meta":{"origin":5743,"position":2},"title":"Desesperados por la contingencia, pescadores protestaron en Progreso","author":"grieta","date":"6 abril, 2020","format":false,"excerpt":"Debido a que las que actividades econ\u00f3micas est\u00e1n paralizadas por la emergencia sanitaria del Covid-19, no pueden salir a pescar ni a trabajar de alba\u00f1iler\u00eda, por lo que se han quedado sin dinero. Al final, el ayuntamiento del puerto les ofreci\u00f3 150 pesos en vales de despensa. Por Redacci\u00f3n \/\u2026","rel":"","context":"En &quot;CINTILLO&quot;","block_context":{"text":"CINTILLO","link":"https:\/\/www.grieta.org.mx\/index.php\/category\/cintillo\/"},"img":{"alt_text":"","src":"https:\/\/i0.wp.com\/www.grieta.org.mx\/wp-content\/uploads\/2020\/04\/pescadores-560x416.jpg?resize=350%2C200&ssl=1","width":350,"height":200,"srcset":"https:\/\/i0.wp.com\/www.grieta.org.mx\/wp-content\/uploads\/2020\/04\/pescadores-560x416.jpg?resize=350%2C200&ssl=1 1x, https:\/\/i0.wp.com\/www.grieta.org.mx\/wp-content\/uploads\/2020\/04\/pescadores-560x416.jpg?resize=525%2C300&ssl=1 1.5x"},"classes":[]},{"id":67540,"url":"https:\/\/www.grieta.org.mx\/index.php\/2023\/08\/18\/pescadores-de-sisal-protestan-energicamente-en-palacio-de-gobierno-yucatan\/","url_meta":{"origin":5743,"position":3},"title":"Pescadores de Sisal protestan en\u00e9rgicamente en Palacio de Gobierno (Yucat\u00e1n)","author":"grieta","date":"18 agosto, 2023","format":false,"excerpt":"Por Guillermo Castillo \/ Fotos de Lorenzo Hern\u00e1ndez \/ Haz Ruido Exigen una indemnizaci\u00f3n por las afectaciones ambientales y a su actividad econ\u00f3mica por el encallamiento de un barco en Arrecife Madagascar. En la protesta destrozaron maderas y se\u00f1al\u00e9ticas, desarmaron andamios y prendieron fuego. M\u00e9rida, Yucat\u00e1n, 18 de agosto de\u2026","rel":"","context":"En &quot;CINTILLO&quot;","block_context":{"text":"CINTILLO","link":"https:\/\/www.grieta.org.mx\/index.php\/category\/cintillo\/"},"img":{"alt_text":"","src":"https:\/\/i0.wp.com\/www.grieta.org.mx\/wp-content\/uploads\/2023\/08\/Sisal-e1692659954451.jpg?resize=350%2C200&ssl=1","width":350,"height":200,"srcset":"https:\/\/i0.wp.com\/www.grieta.org.mx\/wp-content\/uploads\/2023\/08\/Sisal-e1692659954451.jpg?resize=350%2C200&ssl=1 1x, https:\/\/i0.wp.com\/www.grieta.org.mx\/wp-content\/uploads\/2023\/08\/Sisal-e1692659954451.jpg?resize=525%2C300&ssl=1 1.5x, https:\/\/i0.wp.com\/www.grieta.org.mx\/wp-content\/uploads\/2023\/08\/Sisal-e1692659954451.jpg?resize=700%2C400&ssl=1 2x"},"classes":[]},{"id":5744,"url":"https:\/\/www.grieta.org.mx\/index.php\/2015\/06\/29\/amenazan-pescadores-con-hacer-justicia-con-su-propia-mano-en-yucatan\/","url_meta":{"origin":5743,"position":4},"title":"Amenazan pescadores con hacer justicia con su propia mano en Yucat\u00e1n","author":"grieta","date":"29 junio, 2015","format":false,"excerpt":"M\u00c9RIDA, Yuc.- Tras casi un a\u00f1o de conflicto por la construcci\u00f3n de una marina que invadi\u00f3 del canal de navegaci\u00f3n, y ante la falta de respuesta de las autoridades, pescadores cerraron el puerto, quemaron una lancha y destruyeron cuatro pilotes. Adem\u00e1s, durante la protesta, emplazaron a las autoridades a resolver\u2026","rel":"","context":"En &quot;CINTILLO&quot;","block_context":{"text":"CINTILLO","link":"https:\/\/www.grieta.org.mx\/index.php\/category\/cintillo\/"},"img":{"alt_text":"","src":"https:\/\/i0.wp.com\/www.grieta.org.mx\/wp-content\/uploads\/2018\/03\/14524434_1106112876131411_958039263622046936_o.jpg?resize=350%2C200&ssl=1","width":350,"height":200,"srcset":"https:\/\/i0.wp.com\/www.grieta.org.mx\/wp-content\/uploads\/2018\/03\/14524434_1106112876131411_958039263622046936_o.jpg?resize=350%2C200&ssl=1 1x, https:\/\/i0.wp.com\/www.grieta.org.mx\/wp-content\/uploads\/2018\/03\/14524434_1106112876131411_958039263622046936_o.jpg?resize=525%2C300&ssl=1 1.5x, https:\/\/i0.wp.com\/www.grieta.org.mx\/wp-content\/uploads\/2018\/03\/14524434_1106112876131411_958039263622046936_o.jpg?resize=700%2C400&ssl=1 2x"},"classes":[]},{"id":71162,"url":"https:\/\/www.grieta.org.mx\/index.php\/2025\/02\/25\/otra-privatizacion-ilegal-de-playas-ahora-en-yucalpeten-yucatan\/","url_meta":{"origin":5743,"position":5},"title":"Otra privatizaci\u00f3n ilegal de playas, ahora en Yucalpet\u00e9n (Yucat\u00e1n)","author":"grieta","date":"25 febrero, 2025","format":false,"excerpt":"Redacci\u00f3n\/Sol Yucat\u00e1n Habitantes de Progreso han denunciado la privatizaci\u00f3n ilegal de playas en la zona de Yucalpet\u00e9n, donde un complejo habitacional en construcci\u00f3n ha comenzado a bloquear el acceso al mar. Guardias de seguridad impiden el paso a pescadores y visitantes. La historia de Canc\u00fan se repite en Yucat\u00e1n. Habitantes\u2026","rel":"","context":"En &quot;CINTILLO&quot;","block_context":{"text":"CINTILLO","link":"https:\/\/www.grieta.org.mx\/index.php\/category\/cintillo\/"},"img":{"alt_text":"","src":"https:\/\/i0.wp.com\/www.grieta.org.mx\/wp-content\/uploads\/2025\/02\/Yucalpeten-e1740755140271.jpg?resize=350%2C200&ssl=1","width":350,"height":200,"srcset":"https:\/\/i0.wp.com\/www.grieta.org.mx\/wp-content\/uploads\/2025\/02\/Yucalpeten-e1740755140271.jpg?resize=350%2C200&ssl=1 1x, https:\/\/i0.wp.com\/www.grieta.org.mx\/wp-content\/uploads\/2025\/02\/Yucalpeten-e1740755140271.jpg?resize=525%2C300&ssl=1 1.5x, https:\/\/i0.wp.com\/www.grieta.org.mx\/wp-content\/uploads\/2025\/02\/Yucalpeten-e1740755140271.jpg?resize=700%2C400&ssl=1 2x"},"classes":[]}],"_links":{"self":[{"href":"https:\/\/www.grieta.org.mx\/index.php\/wp-json\/wp\/v2\/posts\/5743","targetHints":{"allow":["GET"]}}],"collection":[{"href":"https:\/\/www.grieta.org.mx\/index.php\/wp-json\/wp\/v2\/posts"}],"about":[{"href":"https:\/\/www.grieta.org.mx\/index.php\/wp-json\/wp\/v2\/types\/post"}],"author":[{"embeddable":true,"href":"https:\/\/www.grieta.org.mx\/index.php\/wp-json\/wp\/v2\/users\/2"}],"replies":[{"embeddable":true,"href":"https:\/\/www.grieta.org.mx\/index.php\/wp-json\/wp\/v2\/comments?post=5743"}],"version-history":[{"count":1,"href":"https:\/\/www.grieta.org.mx\/index.php\/wp-json\/wp\/v2\/posts\/5743\/revisions"}],"predecessor-version":[{"id":5746,"href":"https:\/\/www.grieta.org.mx\/index.php\/wp-json\/wp\/v2\/posts\/5743\/revisions\/5746"}],"wp:featuredmedia":[{"embeddable":true,"href":"https:\/\/www.grieta.org.mx\/index.php\/wp-json\/wp\/v2\/media\/21928"}],"wp:attachment":[{"href":"https:\/\/www.grieta.org.mx\/index.php\/wp-json\/wp\/v2\/media?parent=5743"}],"wp:term":[{"taxonomy":"category","embeddable":true,"href":"https:\/\/www.grieta.org.mx\/index.php\/wp-json\/wp\/v2\/categories?post=5743"},{"taxonomy":"post_tag","embeddable":true,"href":"https:\/\/www.grieta.org.mx\/index.php\/wp-json\/wp\/v2\/tags?post=5743"}],"curies":[{"name":"wp","href":"https:\/\/api.w.org\/{rel}","templated":true}]}}