{"id":57408,"date":"2021-03-09T11:48:52","date_gmt":"2021-03-09T17:48:52","guid":{"rendered":"http:\/\/www.grieta.org.mx\/?p=57408"},"modified":"2021-03-09T11:48:52","modified_gmt":"2021-03-09T17:48:52","slug":"con-cadena-humana-veracruzanas-buscan-detener-violencia-contra-mujeres-y-ninas","status":"publish","type":"post","link":"https:\/\/www.grieta.org.mx\/index.php\/2021\/03\/09\/con-cadena-humana-veracruzanas-buscan-detener-violencia-contra-mujeres-y-ninas\/","title":{"rendered":"Con cadena humana veracruzanas buscan detener violencia contra mujeres y ni\u00f1as"},"content":{"rendered":"<p><img loading=\"lazy\" decoding=\"async\" data-attachment-id=\"57409\" data-permalink=\"https:\/\/www.grieta.org.mx\/index.php\/2021\/03\/09\/con-cadena-humana-veracruzanas-buscan-detener-violencia-contra-mujeres-y-ninas\/screenshot_2021-03-09-con-cadena-humana-veracruzanas-buscan-detener-violencia-contra-mujeres-y-ninas\/\" data-orig-file=\"https:\/\/www.grieta.org.mx\/wp-content\/uploads\/2021\/03\/Screenshot_2021-03-09-Con-cadena-humana-veracruzanas-buscan-detener-violencia-contra-mujeres-y-ninas.png\" data-orig-size=\"962,721\" data-comments-opened=\"0\" data-image-meta=\"{&quot;aperture&quot;:&quot;0&quot;,&quot;credit&quot;:&quot;&quot;,&quot;camera&quot;:&quot;&quot;,&quot;caption&quot;:&quot;&quot;,&quot;created_timestamp&quot;:&quot;0&quot;,&quot;copyright&quot;:&quot;&quot;,&quot;focal_length&quot;:&quot;0&quot;,&quot;iso&quot;:&quot;0&quot;,&quot;shutter_speed&quot;:&quot;0&quot;,&quot;title&quot;:&quot;&quot;,&quot;orientation&quot;:&quot;0&quot;}\" data-image-title=\"Screenshot_2021-03-09 Con cadena humana veracruzanas buscan detener violencia contra mujeres y ni\u00f1as\" data-image-description=\"\" data-image-caption=\"\" data-medium-file=\"https:\/\/www.grieta.org.mx\/wp-content\/uploads\/2021\/03\/Screenshot_2021-03-09-Con-cadena-humana-veracruzanas-buscan-detener-violencia-contra-mujeres-y-ninas-300x225.png\" data-large-file=\"https:\/\/www.grieta.org.mx\/wp-content\/uploads\/2021\/03\/Screenshot_2021-03-09-Con-cadena-humana-veracruzanas-buscan-detener-violencia-contra-mujeres-y-ninas.png\" class=\"alignnone wp-image-57409\" src=\"http:\/\/www.grieta.org.mx\/wp-content\/uploads\/2021\/03\/Screenshot_2021-03-09-Con-cadena-humana-veracruzanas-buscan-detener-violencia-contra-mujeres-y-ninas-300x225.png\" alt=\"\" width=\"800\" height=\"600\" srcset=\"https:\/\/www.grieta.org.mx\/wp-content\/uploads\/2021\/03\/Screenshot_2021-03-09-Con-cadena-humana-veracruzanas-buscan-detener-violencia-contra-mujeres-y-ninas-300x225.png 300w, https:\/\/www.grieta.org.mx\/wp-content\/uploads\/2021\/03\/Screenshot_2021-03-09-Con-cadena-humana-veracruzanas-buscan-detener-violencia-contra-mujeres-y-ninas-768x576.png 768w, https:\/\/www.grieta.org.mx\/wp-content\/uploads\/2021\/03\/Screenshot_2021-03-09-Con-cadena-humana-veracruzanas-buscan-detener-violencia-contra-mujeres-y-ninas-667x500.png 667w, https:\/\/www.grieta.org.mx\/wp-content\/uploads\/2021\/03\/Screenshot_2021-03-09-Con-cadena-humana-veracruzanas-buscan-detener-violencia-contra-mujeres-y-ninas.png 962w\" sizes=\"auto, (max-width: 800px) 100vw, 800px\" \/><\/p>\n<p>Josefina Lugo \/ Imagen de Veracruz<\/p>\n<p>Hartas de la violencia las mujeres veracruzanas hicieron escuchar su voz y visibilizar la grave situaci\u00f3n que viven diariamente en la entidad y en el pa\u00eds, a trav\u00e9s de dos movimientos, uno en el bulevar y otro en el z\u00f3calo de Veracruz, en donde participaron cientos de mujeres de todas las edades, este 8 de marzo.<\/p>\n<p>Gracias al apoyo de mujeres de todas las edades, ni\u00f1as incluso, y de la ciudadan\u00eda en general el movimiento de &#8220;Jarochas en Cadena&#8221;, promovido por la Colectiva Brujas del Mar logr\u00f3 tejer una gran cadena humana, cuyo punto de inicio fue en el asta bandera ubicada en el bulevar, y que se extendi\u00f3 hacia ambos lados varias cuadras, recibi\u00f3 muestras de apoyo de los automovilistas que pasaban sonando el claxon de sus veh\u00edculos y levantando las manos en se\u00f1al de solidaridad.<\/p>\n<p>Mujeres de todas las edades estuvieron presentes en esta movilizaci\u00f3n pac\u00edfica, entre ellas muchas j\u00f3venes como Daniela Hillman Robles y Paulina Ayestaran, quienes se sumaron en apoyo de todas las mujeres que han sido v\u00edctimas.<\/p>\n<p>&#8220;Estoy aqu\u00ed por el hecho de ser mujer, ver todo lo que est\u00e1 pasando en el pa\u00eds, con much\u00edsimo gusto y pasi\u00f3n yo estoy presente para demostrar solidaridad, para demostrar apoyo y para decir que yo estoy harta de todo lo que est\u00e1 pasando, y voy a contribuir de la manera que yo pueda&#8221;, afirm\u00f3 Hillman Robles.<\/p>\n<p>Agreg\u00f3 que quiere que todas las chicas sepan que, a pesar de todo lo que est\u00e1 pasando, cuentan con gente que las apoya.<\/p>\n<p>&#8220;Queremos que est\u00e9n bien y que sepan que no est\u00e1n solas, pues esta lucha es de todos&#8221;, subray\u00f3.<\/p>\n<p>Por su parte Paulina Ayestar\u00e1n dijo ser solidaria con el movimiento, la motivan todas las mujeres presentes.<\/p>\n<p>&#8220;Afortunadamente no conozco a ninguna mujer v\u00edctima de agresi\u00f3n, pero no dudo que haya muchas que no conozco y que no tienen la voz para decirlo&#8221;, explic\u00f3.<\/p>\n<p>Agreg\u00f3 que cuando sale a la calle constantemente se siente en mucho peligro.<\/p>\n<p>&#8220;Todo el tiempo, siempre salgo con alg\u00fan tipo de protecci\u00f3n o s\u00ed no improvisar algo y con los cuidados para evitar que algo me pueda pasar en alg\u00fan momento&#8221;, lament\u00f3.<\/p>\n<p>Reiter\u00f3 que juntas tienen que luchar no solo un d\u00eda, ya que es una lucha de todo el tiempo y tiene que cambiar la cultura machista en la que se vive.<\/p>\n<p>Claudia Mart\u00ednez, quien forma parte de la Colectiva Colmena Verde explic\u00f3 que en el z\u00f3calo de Veracruz las mujeres plasmaron mensajes que posteriormente van a colocar en esas calles peligrosas del primer cuadro de la ciudad, mismas que aparecen en el mapa de riesgo, que hace dos a\u00f1os presentaron como puntos inseguros para la mujer.<\/p>\n<p>&#8220;Es un espacio para visibilizar la violencia de la que son v\u00edctimas las ni\u00f1as y las mujeres, un espacio para que las mujeres se expresen, y nosotras nos encargaremos de llevar a su vez esta palabra a todas esas calles del centro veracruzano&#8221;, explic\u00f3.<\/p>\n<p>Record\u00f3 que es important\u00edsimo que se organicen todas.<\/p>\n<p>&#8220;Colmena Verde siempre se ha preocupado y se ha dedicado a la parte educativa y cultural del tema por ello estamos aqu\u00ed, venimos llegando del Encuentro Nacional de Mujeres, fue un encuentro nacional, incluso internacional en M\u00e9xico. Yo creo que todos nos damos cuenta de lo que est\u00e1 sucediendo&#8221;, concluy\u00f3.<\/p>\n<p><img loading=\"lazy\" decoding=\"async\" data-attachment-id=\"57410\" data-permalink=\"https:\/\/www.grieta.org.mx\/index.php\/2021\/03\/09\/con-cadena-humana-veracruzanas-buscan-detener-violencia-contra-mujeres-y-ninas\/screenshot_2021-03-09-con-cadena-humana-veracruzanas-buscan-detener-violencia-contra-mujeres-y-ninas6\/\" data-orig-file=\"https:\/\/www.grieta.org.mx\/wp-content\/uploads\/2021\/03\/Screenshot_2021-03-09-Con-cadena-humana-veracruzanas-buscan-detener-violencia-contra-mujeres-y-ninas6.png\" data-orig-size=\"962,721\" data-comments-opened=\"0\" data-image-meta=\"{&quot;aperture&quot;:&quot;0&quot;,&quot;credit&quot;:&quot;&quot;,&quot;camera&quot;:&quot;&quot;,&quot;caption&quot;:&quot;&quot;,&quot;created_timestamp&quot;:&quot;0&quot;,&quot;copyright&quot;:&quot;&quot;,&quot;focal_length&quot;:&quot;0&quot;,&quot;iso&quot;:&quot;0&quot;,&quot;shutter_speed&quot;:&quot;0&quot;,&quot;title&quot;:&quot;&quot;,&quot;orientation&quot;:&quot;0&quot;}\" data-image-title=\"Screenshot_2021-03-09 Con cadena humana veracruzanas buscan detener violencia contra mujeres y ni\u00f1as(6)\" data-image-description=\"\" data-image-caption=\"\" data-medium-file=\"https:\/\/www.grieta.org.mx\/wp-content\/uploads\/2021\/03\/Screenshot_2021-03-09-Con-cadena-humana-veracruzanas-buscan-detener-violencia-contra-mujeres-y-ninas6-300x225.png\" data-large-file=\"https:\/\/www.grieta.org.mx\/wp-content\/uploads\/2021\/03\/Screenshot_2021-03-09-Con-cadena-humana-veracruzanas-buscan-detener-violencia-contra-mujeres-y-ninas6.png\" class=\"alignnone wp-image-57410\" src=\"http:\/\/www.grieta.org.mx\/wp-content\/uploads\/2021\/03\/Screenshot_2021-03-09-Con-cadena-humana-veracruzanas-buscan-detener-violencia-contra-mujeres-y-ninas6-300x225.png\" alt=\"\" width=\"720\" height=\"540\" srcset=\"https:\/\/www.grieta.org.mx\/wp-content\/uploads\/2021\/03\/Screenshot_2021-03-09-Con-cadena-humana-veracruzanas-buscan-detener-violencia-contra-mujeres-y-ninas6-300x225.png 300w, https:\/\/www.grieta.org.mx\/wp-content\/uploads\/2021\/03\/Screenshot_2021-03-09-Con-cadena-humana-veracruzanas-buscan-detener-violencia-contra-mujeres-y-ninas6-768x576.png 768w, https:\/\/www.grieta.org.mx\/wp-content\/uploads\/2021\/03\/Screenshot_2021-03-09-Con-cadena-humana-veracruzanas-buscan-detener-violencia-contra-mujeres-y-ninas6-667x500.png 667w, https:\/\/www.grieta.org.mx\/wp-content\/uploads\/2021\/03\/Screenshot_2021-03-09-Con-cadena-humana-veracruzanas-buscan-detener-violencia-contra-mujeres-y-ninas6.png 962w\" sizes=\"auto, (max-width: 720px) 100vw, 720px\" \/><\/p>\n<p><img loading=\"lazy\" decoding=\"async\" data-attachment-id=\"57411\" data-permalink=\"https:\/\/www.grieta.org.mx\/index.php\/2021\/03\/09\/con-cadena-humana-veracruzanas-buscan-detener-violencia-contra-mujeres-y-ninas\/screenshot_2021-03-09-con-cadena-humana-veracruzanas-buscan-detener-violencia-contra-mujeres-y-ninas5\/\" data-orig-file=\"https:\/\/www.grieta.org.mx\/wp-content\/uploads\/2021\/03\/Screenshot_2021-03-09-Con-cadena-humana-veracruzanas-buscan-detener-violencia-contra-mujeres-y-ninas5.png\" data-orig-size=\"962,721\" data-comments-opened=\"0\" data-image-meta=\"{&quot;aperture&quot;:&quot;0&quot;,&quot;credit&quot;:&quot;&quot;,&quot;camera&quot;:&quot;&quot;,&quot;caption&quot;:&quot;&quot;,&quot;created_timestamp&quot;:&quot;0&quot;,&quot;copyright&quot;:&quot;&quot;,&quot;focal_length&quot;:&quot;0&quot;,&quot;iso&quot;:&quot;0&quot;,&quot;shutter_speed&quot;:&quot;0&quot;,&quot;title&quot;:&quot;&quot;,&quot;orientation&quot;:&quot;0&quot;}\" data-image-title=\"Screenshot_2021-03-09 Con cadena humana veracruzanas buscan detener violencia contra mujeres y ni\u00f1as(5)\" data-image-description=\"\" data-image-caption=\"\" data-medium-file=\"https:\/\/www.grieta.org.mx\/wp-content\/uploads\/2021\/03\/Screenshot_2021-03-09-Con-cadena-humana-veracruzanas-buscan-detener-violencia-contra-mujeres-y-ninas5-300x225.png\" data-large-file=\"https:\/\/www.grieta.org.mx\/wp-content\/uploads\/2021\/03\/Screenshot_2021-03-09-Con-cadena-humana-veracruzanas-buscan-detener-violencia-contra-mujeres-y-ninas5.png\" class=\"alignnone wp-image-57411\" src=\"http:\/\/www.grieta.org.mx\/wp-content\/uploads\/2021\/03\/Screenshot_2021-03-09-Con-cadena-humana-veracruzanas-buscan-detener-violencia-contra-mujeres-y-ninas5-300x225.png\" alt=\"\" width=\"720\" height=\"540\" srcset=\"https:\/\/www.grieta.org.mx\/wp-content\/uploads\/2021\/03\/Screenshot_2021-03-09-Con-cadena-humana-veracruzanas-buscan-detener-violencia-contra-mujeres-y-ninas5-300x225.png 300w, https:\/\/www.grieta.org.mx\/wp-content\/uploads\/2021\/03\/Screenshot_2021-03-09-Con-cadena-humana-veracruzanas-buscan-detener-violencia-contra-mujeres-y-ninas5-768x576.png 768w, https:\/\/www.grieta.org.mx\/wp-content\/uploads\/2021\/03\/Screenshot_2021-03-09-Con-cadena-humana-veracruzanas-buscan-detener-violencia-contra-mujeres-y-ninas5-667x500.png 667w, https:\/\/www.grieta.org.mx\/wp-content\/uploads\/2021\/03\/Screenshot_2021-03-09-Con-cadena-humana-veracruzanas-buscan-detener-violencia-contra-mujeres-y-ninas5.png 962w\" sizes=\"auto, (max-width: 720px) 100vw, 720px\" \/><\/p>\n<p><img loading=\"lazy\" decoding=\"async\" data-attachment-id=\"57412\" data-permalink=\"https:\/\/www.grieta.org.mx\/index.php\/2021\/03\/09\/con-cadena-humana-veracruzanas-buscan-detener-violencia-contra-mujeres-y-ninas\/screenshot_2021-03-09-con-cadena-humana-veracruzanas-buscan-detener-violencia-contra-mujeres-y-ninas4\/\" data-orig-file=\"https:\/\/www.grieta.org.mx\/wp-content\/uploads\/2021\/03\/Screenshot_2021-03-09-Con-cadena-humana-veracruzanas-buscan-detener-violencia-contra-mujeres-y-ninas4.png\" data-orig-size=\"962,721\" data-comments-opened=\"0\" data-image-meta=\"{&quot;aperture&quot;:&quot;0&quot;,&quot;credit&quot;:&quot;&quot;,&quot;camera&quot;:&quot;&quot;,&quot;caption&quot;:&quot;&quot;,&quot;created_timestamp&quot;:&quot;0&quot;,&quot;copyright&quot;:&quot;&quot;,&quot;focal_length&quot;:&quot;0&quot;,&quot;iso&quot;:&quot;0&quot;,&quot;shutter_speed&quot;:&quot;0&quot;,&quot;title&quot;:&quot;&quot;,&quot;orientation&quot;:&quot;0&quot;}\" data-image-title=\"Screenshot_2021-03-09 Con cadena humana veracruzanas buscan detener violencia contra mujeres y ni\u00f1as(4)\" data-image-description=\"\" data-image-caption=\"\" data-medium-file=\"https:\/\/www.grieta.org.mx\/wp-content\/uploads\/2021\/03\/Screenshot_2021-03-09-Con-cadena-humana-veracruzanas-buscan-detener-violencia-contra-mujeres-y-ninas4-300x225.png\" data-large-file=\"https:\/\/www.grieta.org.mx\/wp-content\/uploads\/2021\/03\/Screenshot_2021-03-09-Con-cadena-humana-veracruzanas-buscan-detener-violencia-contra-mujeres-y-ninas4.png\" class=\"alignnone wp-image-57412\" src=\"http:\/\/www.grieta.org.mx\/wp-content\/uploads\/2021\/03\/Screenshot_2021-03-09-Con-cadena-humana-veracruzanas-buscan-detener-violencia-contra-mujeres-y-ninas4-300x225.png\" alt=\"\" width=\"720\" height=\"540\" srcset=\"https:\/\/www.grieta.org.mx\/wp-content\/uploads\/2021\/03\/Screenshot_2021-03-09-Con-cadena-humana-veracruzanas-buscan-detener-violencia-contra-mujeres-y-ninas4-300x225.png 300w, https:\/\/www.grieta.org.mx\/wp-content\/uploads\/2021\/03\/Screenshot_2021-03-09-Con-cadena-humana-veracruzanas-buscan-detener-violencia-contra-mujeres-y-ninas4-768x576.png 768w, https:\/\/www.grieta.org.mx\/wp-content\/uploads\/2021\/03\/Screenshot_2021-03-09-Con-cadena-humana-veracruzanas-buscan-detener-violencia-contra-mujeres-y-ninas4-667x500.png 667w, https:\/\/www.grieta.org.mx\/wp-content\/uploads\/2021\/03\/Screenshot_2021-03-09-Con-cadena-humana-veracruzanas-buscan-detener-violencia-contra-mujeres-y-ninas4.png 962w\" sizes=\"auto, (max-width: 720px) 100vw, 720px\" \/><\/p>\n<p><img loading=\"lazy\" decoding=\"async\" data-attachment-id=\"57413\" data-permalink=\"https:\/\/www.grieta.org.mx\/index.php\/2021\/03\/09\/con-cadena-humana-veracruzanas-buscan-detener-violencia-contra-mujeres-y-ninas\/screenshot_2021-03-09-con-cadena-humana-veracruzanas-buscan-detener-violencia-contra-mujeres-y-ninas3\/\" data-orig-file=\"https:\/\/www.grieta.org.mx\/wp-content\/uploads\/2021\/03\/Screenshot_2021-03-09-Con-cadena-humana-veracruzanas-buscan-detener-violencia-contra-mujeres-y-ninas3.png\" data-orig-size=\"962,721\" data-comments-opened=\"0\" data-image-meta=\"{&quot;aperture&quot;:&quot;0&quot;,&quot;credit&quot;:&quot;&quot;,&quot;camera&quot;:&quot;&quot;,&quot;caption&quot;:&quot;&quot;,&quot;created_timestamp&quot;:&quot;0&quot;,&quot;copyright&quot;:&quot;&quot;,&quot;focal_length&quot;:&quot;0&quot;,&quot;iso&quot;:&quot;0&quot;,&quot;shutter_speed&quot;:&quot;0&quot;,&quot;title&quot;:&quot;&quot;,&quot;orientation&quot;:&quot;0&quot;}\" data-image-title=\"Screenshot_2021-03-09 Con cadena humana veracruzanas buscan detener violencia contra mujeres y ni\u00f1as(3)\" data-image-description=\"\" data-image-caption=\"\" data-medium-file=\"https:\/\/www.grieta.org.mx\/wp-content\/uploads\/2021\/03\/Screenshot_2021-03-09-Con-cadena-humana-veracruzanas-buscan-detener-violencia-contra-mujeres-y-ninas3-300x225.png\" data-large-file=\"https:\/\/www.grieta.org.mx\/wp-content\/uploads\/2021\/03\/Screenshot_2021-03-09-Con-cadena-humana-veracruzanas-buscan-detener-violencia-contra-mujeres-y-ninas3.png\" class=\"alignnone wp-image-57413\" src=\"http:\/\/www.grieta.org.mx\/wp-content\/uploads\/2021\/03\/Screenshot_2021-03-09-Con-cadena-humana-veracruzanas-buscan-detener-violencia-contra-mujeres-y-ninas3-300x225.png\" alt=\"\" width=\"720\" height=\"540\" srcset=\"https:\/\/www.grieta.org.mx\/wp-content\/uploads\/2021\/03\/Screenshot_2021-03-09-Con-cadena-humana-veracruzanas-buscan-detener-violencia-contra-mujeres-y-ninas3-300x225.png 300w, https:\/\/www.grieta.org.mx\/wp-content\/uploads\/2021\/03\/Screenshot_2021-03-09-Con-cadena-humana-veracruzanas-buscan-detener-violencia-contra-mujeres-y-ninas3-768x576.png 768w, https:\/\/www.grieta.org.mx\/wp-content\/uploads\/2021\/03\/Screenshot_2021-03-09-Con-cadena-humana-veracruzanas-buscan-detener-violencia-contra-mujeres-y-ninas3-667x500.png 667w, https:\/\/www.grieta.org.mx\/wp-content\/uploads\/2021\/03\/Screenshot_2021-03-09-Con-cadena-humana-veracruzanas-buscan-detener-violencia-contra-mujeres-y-ninas3.png 962w\" sizes=\"auto, (max-width: 720px) 100vw, 720px\" \/><\/p>\n<p><img loading=\"lazy\" decoding=\"async\" data-attachment-id=\"57419\" data-permalink=\"https:\/\/www.grieta.org.mx\/index.php\/2021\/03\/09\/con-cadena-humana-veracruzanas-buscan-detener-violencia-contra-mujeres-y-ninas\/screenshot_2021-03-09-con-cadena-humana-veracruzanas-buscan-detener-violencia-contra-mujeres-y-ninas8\/\" data-orig-file=\"https:\/\/www.grieta.org.mx\/wp-content\/uploads\/2021\/03\/Screenshot_2021-03-09-Con-cadena-humana-veracruzanas-buscan-detener-violencia-contra-mujeres-y-ninas8.png\" data-orig-size=\"962,721\" data-comments-opened=\"0\" data-image-meta=\"{&quot;aperture&quot;:&quot;0&quot;,&quot;credit&quot;:&quot;&quot;,&quot;camera&quot;:&quot;&quot;,&quot;caption&quot;:&quot;&quot;,&quot;created_timestamp&quot;:&quot;0&quot;,&quot;copyright&quot;:&quot;&quot;,&quot;focal_length&quot;:&quot;0&quot;,&quot;iso&quot;:&quot;0&quot;,&quot;shutter_speed&quot;:&quot;0&quot;,&quot;title&quot;:&quot;&quot;,&quot;orientation&quot;:&quot;0&quot;}\" data-image-title=\"Screenshot_2021-03-09 Con cadena humana veracruzanas buscan detener violencia contra mujeres y ni\u00f1as(8)\" data-image-description=\"\" data-image-caption=\"\" data-medium-file=\"https:\/\/www.grieta.org.mx\/wp-content\/uploads\/2021\/03\/Screenshot_2021-03-09-Con-cadena-humana-veracruzanas-buscan-detener-violencia-contra-mujeres-y-ninas8-300x225.png\" data-large-file=\"https:\/\/www.grieta.org.mx\/wp-content\/uploads\/2021\/03\/Screenshot_2021-03-09-Con-cadena-humana-veracruzanas-buscan-detener-violencia-contra-mujeres-y-ninas8.png\" class=\"alignnone wp-image-57419\" src=\"http:\/\/www.grieta.org.mx\/wp-content\/uploads\/2021\/03\/Screenshot_2021-03-09-Con-cadena-humana-veracruzanas-buscan-detener-violencia-contra-mujeres-y-ninas8-300x225.png\" alt=\"\" width=\"720\" height=\"540\" srcset=\"https:\/\/www.grieta.org.mx\/wp-content\/uploads\/2021\/03\/Screenshot_2021-03-09-Con-cadena-humana-veracruzanas-buscan-detener-violencia-contra-mujeres-y-ninas8-300x225.png 300w, https:\/\/www.grieta.org.mx\/wp-content\/uploads\/2021\/03\/Screenshot_2021-03-09-Con-cadena-humana-veracruzanas-buscan-detener-violencia-contra-mujeres-y-ninas8-768x576.png 768w, https:\/\/www.grieta.org.mx\/wp-content\/uploads\/2021\/03\/Screenshot_2021-03-09-Con-cadena-humana-veracruzanas-buscan-detener-violencia-contra-mujeres-y-ninas8-667x500.png 667w, https:\/\/www.grieta.org.mx\/wp-content\/uploads\/2021\/03\/Screenshot_2021-03-09-Con-cadena-humana-veracruzanas-buscan-detener-violencia-contra-mujeres-y-ninas8.png 962w\" sizes=\"auto, (max-width: 720px) 100vw, 720px\" \/><\/p>\n<p><img loading=\"lazy\" decoding=\"async\" data-attachment-id=\"57414\" data-permalink=\"https:\/\/www.grieta.org.mx\/index.php\/2021\/03\/09\/con-cadena-humana-veracruzanas-buscan-detener-violencia-contra-mujeres-y-ninas\/screenshot_2021-03-09-con-cadena-humana-veracruzanas-buscan-detener-violencia-contra-mujeres-y-ninas2\/\" data-orig-file=\"https:\/\/www.grieta.org.mx\/wp-content\/uploads\/2021\/03\/Screenshot_2021-03-09-Con-cadena-humana-veracruzanas-buscan-detener-violencia-contra-mujeres-y-ninas2.png\" data-orig-size=\"962,721\" data-comments-opened=\"0\" data-image-meta=\"{&quot;aperture&quot;:&quot;0&quot;,&quot;credit&quot;:&quot;&quot;,&quot;camera&quot;:&quot;&quot;,&quot;caption&quot;:&quot;&quot;,&quot;created_timestamp&quot;:&quot;0&quot;,&quot;copyright&quot;:&quot;&quot;,&quot;focal_length&quot;:&quot;0&quot;,&quot;iso&quot;:&quot;0&quot;,&quot;shutter_speed&quot;:&quot;0&quot;,&quot;title&quot;:&quot;&quot;,&quot;orientation&quot;:&quot;0&quot;}\" data-image-title=\"Screenshot_2021-03-09 Con cadena humana veracruzanas buscan detener violencia contra mujeres y ni\u00f1as(2)\" data-image-description=\"\" data-image-caption=\"\" data-medium-file=\"https:\/\/www.grieta.org.mx\/wp-content\/uploads\/2021\/03\/Screenshot_2021-03-09-Con-cadena-humana-veracruzanas-buscan-detener-violencia-contra-mujeres-y-ninas2-300x225.png\" data-large-file=\"https:\/\/www.grieta.org.mx\/wp-content\/uploads\/2021\/03\/Screenshot_2021-03-09-Con-cadena-humana-veracruzanas-buscan-detener-violencia-contra-mujeres-y-ninas2.png\" class=\"alignnone wp-image-57414\" src=\"http:\/\/www.grieta.org.mx\/wp-content\/uploads\/2021\/03\/Screenshot_2021-03-09-Con-cadena-humana-veracruzanas-buscan-detener-violencia-contra-mujeres-y-ninas2-300x225.png\" alt=\"\" width=\"720\" height=\"540\" srcset=\"https:\/\/www.grieta.org.mx\/wp-content\/uploads\/2021\/03\/Screenshot_2021-03-09-Con-cadena-humana-veracruzanas-buscan-detener-violencia-contra-mujeres-y-ninas2-300x225.png 300w, https:\/\/www.grieta.org.mx\/wp-content\/uploads\/2021\/03\/Screenshot_2021-03-09-Con-cadena-humana-veracruzanas-buscan-detener-violencia-contra-mujeres-y-ninas2-768x576.png 768w, https:\/\/www.grieta.org.mx\/wp-content\/uploads\/2021\/03\/Screenshot_2021-03-09-Con-cadena-humana-veracruzanas-buscan-detener-violencia-contra-mujeres-y-ninas2-667x500.png 667w, https:\/\/www.grieta.org.mx\/wp-content\/uploads\/2021\/03\/Screenshot_2021-03-09-Con-cadena-humana-veracruzanas-buscan-detener-violencia-contra-mujeres-y-ninas2.png 962w\" sizes=\"auto, (max-width: 720px) 100vw, 720px\" \/><\/p>\n<p><img loading=\"lazy\" decoding=\"async\" data-attachment-id=\"57415\" data-permalink=\"https:\/\/www.grieta.org.mx\/index.php\/2021\/03\/09\/con-cadena-humana-veracruzanas-buscan-detener-violencia-contra-mujeres-y-ninas\/screenshot_2021-03-09-con-cadena-humana-veracruzanas-buscan-detener-violencia-contra-mujeres-y-ninas1\/\" data-orig-file=\"https:\/\/www.grieta.org.mx\/wp-content\/uploads\/2021\/03\/Screenshot_2021-03-09-Con-cadena-humana-veracruzanas-buscan-detener-violencia-contra-mujeres-y-ninas1.png\" data-orig-size=\"962,721\" data-comments-opened=\"0\" data-image-meta=\"{&quot;aperture&quot;:&quot;0&quot;,&quot;credit&quot;:&quot;&quot;,&quot;camera&quot;:&quot;&quot;,&quot;caption&quot;:&quot;&quot;,&quot;created_timestamp&quot;:&quot;0&quot;,&quot;copyright&quot;:&quot;&quot;,&quot;focal_length&quot;:&quot;0&quot;,&quot;iso&quot;:&quot;0&quot;,&quot;shutter_speed&quot;:&quot;0&quot;,&quot;title&quot;:&quot;&quot;,&quot;orientation&quot;:&quot;0&quot;}\" data-image-title=\"Screenshot_2021-03-09 Con cadena humana veracruzanas buscan detener violencia contra mujeres y ni\u00f1as(1)\" data-image-description=\"\" data-image-caption=\"\" data-medium-file=\"https:\/\/www.grieta.org.mx\/wp-content\/uploads\/2021\/03\/Screenshot_2021-03-09-Con-cadena-humana-veracruzanas-buscan-detener-violencia-contra-mujeres-y-ninas1-300x225.png\" data-large-file=\"https:\/\/www.grieta.org.mx\/wp-content\/uploads\/2021\/03\/Screenshot_2021-03-09-Con-cadena-humana-veracruzanas-buscan-detener-violencia-contra-mujeres-y-ninas1.png\" class=\"alignnone wp-image-57415\" src=\"http:\/\/www.grieta.org.mx\/wp-content\/uploads\/2021\/03\/Screenshot_2021-03-09-Con-cadena-humana-veracruzanas-buscan-detener-violencia-contra-mujeres-y-ninas1-300x225.png\" alt=\"\" width=\"720\" height=\"540\" srcset=\"https:\/\/www.grieta.org.mx\/wp-content\/uploads\/2021\/03\/Screenshot_2021-03-09-Con-cadena-humana-veracruzanas-buscan-detener-violencia-contra-mujeres-y-ninas1-300x225.png 300w, https:\/\/www.grieta.org.mx\/wp-content\/uploads\/2021\/03\/Screenshot_2021-03-09-Con-cadena-humana-veracruzanas-buscan-detener-violencia-contra-mujeres-y-ninas1-768x576.png 768w, https:\/\/www.grieta.org.mx\/wp-content\/uploads\/2021\/03\/Screenshot_2021-03-09-Con-cadena-humana-veracruzanas-buscan-detener-violencia-contra-mujeres-y-ninas1-667x500.png 667w, https:\/\/www.grieta.org.mx\/wp-content\/uploads\/2021\/03\/Screenshot_2021-03-09-Con-cadena-humana-veracruzanas-buscan-detener-violencia-contra-mujeres-y-ninas1.png 962w\" sizes=\"auto, (max-width: 720px) 100vw, 720px\" \/><\/p>\n<p><img loading=\"lazy\" decoding=\"async\" data-attachment-id=\"57417\" data-permalink=\"https:\/\/www.grieta.org.mx\/index.php\/2021\/03\/09\/con-cadena-humana-veracruzanas-buscan-detener-violencia-contra-mujeres-y-ninas\/screenshot_2021-03-09-con-cadena-humana-veracruzanas-buscan-detener-violencia-contra-mujeres-y-ninas7\/\" data-orig-file=\"https:\/\/www.grieta.org.mx\/wp-content\/uploads\/2021\/03\/Screenshot_2021-03-09-Con-cadena-humana-veracruzanas-buscan-detener-violencia-contra-mujeres-y-ninas7.png\" data-orig-size=\"962,721\" data-comments-opened=\"0\" data-image-meta=\"{&quot;aperture&quot;:&quot;0&quot;,&quot;credit&quot;:&quot;&quot;,&quot;camera&quot;:&quot;&quot;,&quot;caption&quot;:&quot;&quot;,&quot;created_timestamp&quot;:&quot;0&quot;,&quot;copyright&quot;:&quot;&quot;,&quot;focal_length&quot;:&quot;0&quot;,&quot;iso&quot;:&quot;0&quot;,&quot;shutter_speed&quot;:&quot;0&quot;,&quot;title&quot;:&quot;&quot;,&quot;orientation&quot;:&quot;0&quot;}\" data-image-title=\"Screenshot_2021-03-09 Con cadena humana veracruzanas buscan detener violencia contra mujeres y ni\u00f1as(7)\" data-image-description=\"\" data-image-caption=\"\" data-medium-file=\"https:\/\/www.grieta.org.mx\/wp-content\/uploads\/2021\/03\/Screenshot_2021-03-09-Con-cadena-humana-veracruzanas-buscan-detener-violencia-contra-mujeres-y-ninas7-300x225.png\" data-large-file=\"https:\/\/www.grieta.org.mx\/wp-content\/uploads\/2021\/03\/Screenshot_2021-03-09-Con-cadena-humana-veracruzanas-buscan-detener-violencia-contra-mujeres-y-ninas7.png\" class=\"alignnone wp-image-57417\" src=\"http:\/\/www.grieta.org.mx\/wp-content\/uploads\/2021\/03\/Screenshot_2021-03-09-Con-cadena-humana-veracruzanas-buscan-detener-violencia-contra-mujeres-y-ninas7-300x225.png\" alt=\"\" width=\"720\" height=\"540\" srcset=\"https:\/\/www.grieta.org.mx\/wp-content\/uploads\/2021\/03\/Screenshot_2021-03-09-Con-cadena-humana-veracruzanas-buscan-detener-violencia-contra-mujeres-y-ninas7-300x225.png 300w, https:\/\/www.grieta.org.mx\/wp-content\/uploads\/2021\/03\/Screenshot_2021-03-09-Con-cadena-humana-veracruzanas-buscan-detener-violencia-contra-mujeres-y-ninas7-768x576.png 768w, https:\/\/www.grieta.org.mx\/wp-content\/uploads\/2021\/03\/Screenshot_2021-03-09-Con-cadena-humana-veracruzanas-buscan-detener-violencia-contra-mujeres-y-ninas7-667x500.png 667w, https:\/\/www.grieta.org.mx\/wp-content\/uploads\/2021\/03\/Screenshot_2021-03-09-Con-cadena-humana-veracruzanas-buscan-detener-violencia-contra-mujeres-y-ninas7.png 962w\" sizes=\"auto, (max-width: 720px) 100vw, 720px\" \/><\/p>\n<p><a href=\"https:\/\/imagendeveracruz.mx\/veracruz\/con-cadena-humana-veracruzanas-buscan-detener-violencia-contra-mujeres-y-ninas\/50079494\" target=\"_blank\" rel=\"noopener\">https:\/\/imagendeveracruz.mx\/veracruz\/con-cadena-humana-veracruzanas-buscan-detener-violencia-contra-mujeres-y-ninas\/50079494<\/a><\/p>\n","protected":false},"excerpt":{"rendered":"<p>Josefina Lugo \/ Imagen de Veracruz Hartas de la violencia las mujeres veracruzanas hicieron escuchar su voz y visibilizar la grave situaci\u00f3n que viven diariamente en la entidad y en &hellip; <a href=\"https:\/\/www.grieta.org.mx\/index.php\/2021\/03\/09\/con-cadena-humana-veracruzanas-buscan-detener-violencia-contra-mujeres-y-ninas\/\" class=\"more-link\">Leer m\u00e1s<\/a><\/p>\n","protected":false},"author":2,"featured_media":57409,"comment_status":"closed","ping_status":"closed","sticky":false,"template":"","format":"standard","meta":{"ngg_post_thumbnail":0,"_jetpack_newsletter_access":"","_jetpack_dont_email_post_to_subs":false,"_jetpack_newsletter_tier_id":0,"_jetpack_memberships_contains_paywalled_content":false,"_jetpack_memberships_contains_paid_content":false,"footnotes":""},"categories":[80,3840,3257,2,3165,35],"tags":[3146,2248,3099],"class_list":["post-57408","post","type-post","status-publish","format-standard","has-post-thumbnail","hentry","category-cintillo","category-lucha-como-mujeres-que-somos","category-luchas-de-las-mujeres-en-veracruz","category-noticias-nacionales","category-resistencias","category-veracruz","tag-8m","tag-luchas-de-las-mujeres","tag-luchas-de-mujeres","entry"],"jetpack_featured_media_url":"https:\/\/www.grieta.org.mx\/wp-content\/uploads\/2021\/03\/Screenshot_2021-03-09-Con-cadena-humana-veracruzanas-buscan-detener-violencia-contra-mujeres-y-ninas.png","jetpack_sharing_enabled":true,"jetpack_shortlink":"https:\/\/wp.me\/p7ZJR4-eVW","jetpack_likes_enabled":false,"jetpack-related-posts":[{"id":53692,"url":"https:\/\/www.grieta.org.mx\/index.php\/2020\/09\/16\/feministas-realizan-el-antigrita-en-el-zocalo-de-veracruz\/","url_meta":{"origin":57408,"position":0},"title":"Feministas realizan el &#8220;antigrita&#8221; en el Z\u00f3calo de Veracruz","author":"Admin","date":"16 septiembre, 2020","format":false,"excerpt":"Lorena Garc\u00eda \/ La silla rota Veracruz En manifestaci\u00f3n portaron banderas de M\u00e9xico y quemaron un mu\u00f1eco de tela que representaba al Presidente de la Rep\u00fablica Andr\u00e9s Manuel L\u00f3pez Obrador Veracruz, Ver.- Congregadas en el Z\u00f3calo de Veracruz, activistas de los derechos de las mujeres realizaron el \"antigrita\", para protestar\u2026","rel":"","context":"En &quot;CINTILLO&quot;","block_context":{"text":"CINTILLO","link":"https:\/\/www.grieta.org.mx\/index.php\/category\/cintillo\/"},"img":{"alt_text":"","src":"https:\/\/i0.wp.com\/www.grieta.org.mx\/wp-content\/uploads\/2020\/09\/d6413029ef4f4db3b663ee5187826e5a-focus-0-0-983-557.jpg?resize=350%2C200&ssl=1","width":350,"height":200,"srcset":"https:\/\/i0.wp.com\/www.grieta.org.mx\/wp-content\/uploads\/2020\/09\/d6413029ef4f4db3b663ee5187826e5a-focus-0-0-983-557.jpg?resize=350%2C200&ssl=1 1x, https:\/\/i0.wp.com\/www.grieta.org.mx\/wp-content\/uploads\/2020\/09\/d6413029ef4f4db3b663ee5187826e5a-focus-0-0-983-557.jpg?resize=525%2C300&ssl=1 1.5x, https:\/\/i0.wp.com\/www.grieta.org.mx\/wp-content\/uploads\/2020\/09\/d6413029ef4f4db3b663ee5187826e5a-focus-0-0-983-557.jpg?resize=700%2C400&ssl=1 2x"},"classes":[]},{"id":47309,"url":"https:\/\/www.grieta.org.mx\/index.php\/2020\/04\/02\/feminicidios-emergencia-nacional-colocan-manta-contra-la-violencia-veracruz\/","url_meta":{"origin":57408,"position":1},"title":"&#8220;Feminicidios emergencia nacional&#8221;; colocan manta contra la violencia (Veracruz)","author":"Admin","date":"2 abril, 2020","format":false,"excerpt":"V\u00cdCTOR M. TORIZ \/ La silla rota Una manta con el mensaje \"Feminicidios Emergencia Nacional; No + violencia de g\u00e9nero\", fue colocada en la glorieta de \"Los voladores de Papantla\", en la zona tur\u00edstica de Boca del R\u00edo. El mensaje fue elaborado por integrantes de la colectiva feminista Colmena Verde,\u2026","rel":"","context":"En &quot;CINTILLO&quot;","block_context":{"text":"CINTILLO","link":"https:\/\/www.grieta.org.mx\/index.php\/category\/cintillo\/"},"img":{"alt_text":"","src":"https:\/\/i0.wp.com\/www.grieta.org.mx\/wp-content\/uploads\/2020\/04\/whatsappimage20200402at09.57.33-focus-0-0-983-557.jpg?resize=350%2C200&ssl=1","width":350,"height":200,"srcset":"https:\/\/i0.wp.com\/www.grieta.org.mx\/wp-content\/uploads\/2020\/04\/whatsappimage20200402at09.57.33-focus-0-0-983-557.jpg?resize=350%2C200&ssl=1 1x, https:\/\/i0.wp.com\/www.grieta.org.mx\/wp-content\/uploads\/2020\/04\/whatsappimage20200402at09.57.33-focus-0-0-983-557.jpg?resize=525%2C300&ssl=1 1.5x, https:\/\/i0.wp.com\/www.grieta.org.mx\/wp-content\/uploads\/2020\/04\/whatsappimage20200402at09.57.33-focus-0-0-983-557.jpg?resize=700%2C400&ssl=1 2x"},"classes":[]},{"id":47278,"url":"https:\/\/www.grieta.org.mx\/index.php\/2020\/03\/25\/activistas-temen-violencia-contra-mujeres-en-cuarentena-veracruz\/","url_meta":{"origin":57408,"position":2},"title":"Activistas temen violencia contra mujeres en cuarentena (Veracruz)","author":"Admin","date":"25 marzo, 2020","format":false,"excerpt":"Abigail Montoya \/ Al calor pol\u00edtico La cuarentena por coronavirus deja vulnerables a las mujeres que viven violencia familiar, afirm\u00f3 la vocera de la Colectiva \u201cColmena Verde\u201d, Nancy Torres, quien afirm\u00f3 que han recibido 7 solicitudes de apoyo por agresiones. Explic\u00f3 que la violencia psicol\u00f3gica y verbal, es com\u00fan pero\u2026","rel":"","context":"En &quot;CINTILLO&quot;","block_context":{"text":"CINTILLO","link":"https:\/\/www.grieta.org.mx\/index.php\/category\/cintillo\/"},"img":{"alt_text":"","src":"https:\/\/i0.wp.com\/www.grieta.org.mx\/wp-content\/uploads\/2020\/04\/144330nancy_torres1.jpg?resize=350%2C200&ssl=1","width":350,"height":200,"srcset":"https:\/\/i0.wp.com\/www.grieta.org.mx\/wp-content\/uploads\/2020\/04\/144330nancy_torres1.jpg?resize=350%2C200&ssl=1 1x, https:\/\/i0.wp.com\/www.grieta.org.mx\/wp-content\/uploads\/2020\/04\/144330nancy_torres1.jpg?resize=525%2C300&ssl=1 1.5x"},"classes":[]},{"id":11265,"url":"https:\/\/www.grieta.org.mx\/index.php\/2016\/04\/25\/movilizacion-contra-la-violencia-hacia-las-mujeres-en-veracruz\/","url_meta":{"origin":57408,"position":3},"title":"Movilizaci\u00f3n contra la violencia hacia las mujeres en Veracruz","author":"grieta","date":"25 abril, 2016","format":false,"excerpt":"25\/04\/16. \"Vivas se las llevaron, vivas las queremos de Vuelta\" AVC Noticias 24\/04\/16. Marchan para denunciar 46 mujeres asesinadas y 107 ni\u00f1as desaparecidas en Veracruz Plumas Libres","rel":"","context":"En &quot;NOTICIAS NACIONALES&quot;","block_context":{"text":"NOTICIAS NACIONALES","link":"https:\/\/www.grieta.org.mx\/index.php\/category\/noticias-nacionales\/"},"img":{"alt_text":"","src":"https:\/\/i0.wp.com\/www.grieta.org.mx\/wp-content\/uploads\/2018\/03\/14524434_1106112876131411_958039263622046936_o.jpg?resize=350%2C200&ssl=1","width":350,"height":200,"srcset":"https:\/\/i0.wp.com\/www.grieta.org.mx\/wp-content\/uploads\/2018\/03\/14524434_1106112876131411_958039263622046936_o.jpg?resize=350%2C200&ssl=1 1x, https:\/\/i0.wp.com\/www.grieta.org.mx\/wp-content\/uploads\/2018\/03\/14524434_1106112876131411_958039263622046936_o.jpg?resize=525%2C300&ssl=1 1.5x, https:\/\/i0.wp.com\/www.grieta.org.mx\/wp-content\/uploads\/2018\/03\/14524434_1106112876131411_958039263622046936_o.jpg?resize=700%2C400&ssl=1 2x"},"classes":[]},{"id":11260,"url":"https:\/\/www.grieta.org.mx\/index.php\/2016\/04\/24\/marchan-para-denunciar-46-mujeres-asesinadas-y-107-ninas-desaparecidas-en-veracruz\/","url_meta":{"origin":57408,"position":4},"title":"Marchan para denunciar 46 mujeres asesinadas y 107 ni\u00f1as desaparecidas en Veracruz","author":"grieta","date":"24 abril, 2016","format":false,"excerpt":"Xalapa, Ver.- Bajo el lema \u201c#VivaNosQueremos\u201d, cientos de mujeres marcharon para denunciar que en lo que va del 2016 se registraron 46 veracruzanas asesinadas, 107 ni\u00f1as desaparecidas y 283 reportes de violencia. En el marco de la movilizaci\u00f3n nacional contra la violencia machista, la capital del estado se sum\u00f3 a\u2026","rel":"","context":"En &quot;CINTILLO&quot;","block_context":{"text":"CINTILLO","link":"https:\/\/www.grieta.org.mx\/index.php\/category\/cintillo\/"},"img":{"alt_text":"","src":"https:\/\/i0.wp.com\/www.grieta.org.mx\/wp-content\/uploads\/2018\/03\/14524434_1106112876131411_958039263622046936_o.jpg?resize=350%2C200&ssl=1","width":350,"height":200,"srcset":"https:\/\/i0.wp.com\/www.grieta.org.mx\/wp-content\/uploads\/2018\/03\/14524434_1106112876131411_958039263622046936_o.jpg?resize=350%2C200&ssl=1 1x, https:\/\/i0.wp.com\/www.grieta.org.mx\/wp-content\/uploads\/2018\/03\/14524434_1106112876131411_958039263622046936_o.jpg?resize=525%2C300&ssl=1 1.5x, https:\/\/i0.wp.com\/www.grieta.org.mx\/wp-content\/uploads\/2018\/03\/14524434_1106112876131411_958039263622046936_o.jpg?resize=700%2C400&ssl=1 2x"},"classes":[]},{"id":7314,"url":"https:\/\/www.grieta.org.mx\/index.php\/2015\/09\/14\/feminicidios-en-veracruz-refleja-la-violencia-extrema-hacia-mujeres-uv\/","url_meta":{"origin":57408,"position":5},"title":"Feminicidios en Veracruz refleja la violencia extrema hacia mujeres: UV","author":"Admin","date":"14 septiembre, 2015","format":false,"excerpt":"La coordinadora regional de la Unidad de G\u00e9nero de la Universidad Veracruzana (UV), Mar\u00eda Jos\u00e9 Garc\u00eda Oramas consider\u00f3 que los feminicidios registrados en Veracruz reflejan la violencia extrema que existe hacia las mujeres de la entidad De ser necesario, dijo, la alerta de g\u00e9nero debe usarse como una figura en\u2026","rel":"","context":"En &quot;CINTILLO&quot;","block_context":{"text":"CINTILLO","link":"https:\/\/www.grieta.org.mx\/index.php\/category\/cintillo\/"},"img":{"alt_text":"","src":"https:\/\/i0.wp.com\/www.grieta.org.mx\/wp-content\/uploads\/2018\/03\/14524434_1106112876131411_958039263622046936_o.jpg?resize=350%2C200&ssl=1","width":350,"height":200,"srcset":"https:\/\/i0.wp.com\/www.grieta.org.mx\/wp-content\/uploads\/2018\/03\/14524434_1106112876131411_958039263622046936_o.jpg?resize=350%2C200&ssl=1 1x, https:\/\/i0.wp.com\/www.grieta.org.mx\/wp-content\/uploads\/2018\/03\/14524434_1106112876131411_958039263622046936_o.jpg?resize=525%2C300&ssl=1 1.5x, https:\/\/i0.wp.com\/www.grieta.org.mx\/wp-content\/uploads\/2018\/03\/14524434_1106112876131411_958039263622046936_o.jpg?resize=700%2C400&ssl=1 2x"},"classes":[]}],"_links":{"self":[{"href":"https:\/\/www.grieta.org.mx\/index.php\/wp-json\/wp\/v2\/posts\/57408","targetHints":{"allow":["GET"]}}],"collection":[{"href":"https:\/\/www.grieta.org.mx\/index.php\/wp-json\/wp\/v2\/posts"}],"about":[{"href":"https:\/\/www.grieta.org.mx\/index.php\/wp-json\/wp\/v2\/types\/post"}],"author":[{"embeddable":true,"href":"https:\/\/www.grieta.org.mx\/index.php\/wp-json\/wp\/v2\/users\/2"}],"replies":[{"embeddable":true,"href":"https:\/\/www.grieta.org.mx\/index.php\/wp-json\/wp\/v2\/comments?post=57408"}],"version-history":[{"count":1,"href":"https:\/\/www.grieta.org.mx\/index.php\/wp-json\/wp\/v2\/posts\/57408\/revisions"}],"predecessor-version":[{"id":57434,"href":"https:\/\/www.grieta.org.mx\/index.php\/wp-json\/wp\/v2\/posts\/57408\/revisions\/57434"}],"wp:featuredmedia":[{"embeddable":true,"href":"https:\/\/www.grieta.org.mx\/index.php\/wp-json\/wp\/v2\/media\/57409"}],"wp:attachment":[{"href":"https:\/\/www.grieta.org.mx\/index.php\/wp-json\/wp\/v2\/media?parent=57408"}],"wp:term":[{"taxonomy":"category","embeddable":true,"href":"https:\/\/www.grieta.org.mx\/index.php\/wp-json\/wp\/v2\/categories?post=57408"},{"taxonomy":"post_tag","embeddable":true,"href":"https:\/\/www.grieta.org.mx\/index.php\/wp-json\/wp\/v2\/tags?post=57408"}],"curies":[{"name":"wp","href":"https:\/\/api.w.org\/{rel}","templated":true}]}}