{"id":57387,"date":"2021-03-07T22:50:59","date_gmt":"2021-03-08T04:50:59","guid":{"rendered":"http:\/\/www.grieta.org.mx\/?p=57387"},"modified":"2021-03-08T23:04:30","modified_gmt":"2021-03-09T05:04:30","slug":"policia-viola-a-la-esposa-de-un-hombre-que-fue-detenido-en-saltillo-coahuila-es-aprehendido","status":"publish","type":"post","link":"https:\/\/www.grieta.org.mx\/index.php\/2021\/03\/07\/policia-viola-a-la-esposa-de-un-hombre-que-fue-detenido-en-saltillo-coahuila-es-aprehendido\/","title":{"rendered":"Polic\u00eda viola a la esposa de un hombre que fue detenido en Saltillo, Coahuila; es aprehendido"},"content":{"rendered":"<figure id=\"attachment_57388\" aria-describedby=\"caption-attachment-57388\" style=\"width: 800px\" class=\"wp-caption alignnone\"><img loading=\"lazy\" decoding=\"async\" data-attachment-id=\"57388\" data-permalink=\"https:\/\/www.grieta.org.mx\/index.php\/2021\/03\/07\/policia-viola-a-la-esposa-de-un-hombre-que-fue-detenido-en-saltillo-coahuila-es-aprehendido\/se-0703-9\/\" data-orig-file=\"https:\/\/www.grieta.org.mx\/wp-content\/uploads\/2021\/03\/se-0703-9.jpg\" data-orig-size=\"1100,580\" data-comments-opened=\"0\" data-image-meta=\"{&quot;aperture&quot;:&quot;0&quot;,&quot;credit&quot;:&quot;&quot;,&quot;camera&quot;:&quot;&quot;,&quot;caption&quot;:&quot;&quot;,&quot;created_timestamp&quot;:&quot;0&quot;,&quot;copyright&quot;:&quot;&quot;,&quot;focal_length&quot;:&quot;0&quot;,&quot;iso&quot;:&quot;0&quot;,&quot;shutter_speed&quot;:&quot;0&quot;,&quot;title&quot;:&quot;&quot;,&quot;orientation&quot;:&quot;0&quot;}\" data-image-title=\"se-0703-9\" data-image-description=\"\" data-image-caption=\"&lt;p&gt;En la foto se muestra el lugar donde se dieron los hechos. Foto: Vanguardia&lt;\/p&gt;\n\" data-medium-file=\"https:\/\/www.grieta.org.mx\/wp-content\/uploads\/2021\/03\/se-0703-9-300x158.jpg\" data-large-file=\"https:\/\/www.grieta.org.mx\/wp-content\/uploads\/2021\/03\/se-0703-9-1024x540.jpg\" class=\"wp-image-57388\" src=\"http:\/\/www.grieta.org.mx\/wp-content\/uploads\/2021\/03\/se-0703-9.jpg\" alt=\"\" width=\"800\" height=\"422\" srcset=\"https:\/\/www.grieta.org.mx\/wp-content\/uploads\/2021\/03\/se-0703-9.jpg 1100w, https:\/\/www.grieta.org.mx\/wp-content\/uploads\/2021\/03\/se-0703-9-300x158.jpg 300w, https:\/\/www.grieta.org.mx\/wp-content\/uploads\/2021\/03\/se-0703-9-1024x540.jpg 1024w, https:\/\/www.grieta.org.mx\/wp-content\/uploads\/2021\/03\/se-0703-9-768x405.jpg 768w, https:\/\/www.grieta.org.mx\/wp-content\/uploads\/2021\/03\/se-0703-9-948x500.jpg 948w\" sizes=\"auto, (max-width: 800px) 100vw, 800px\" \/><figcaption id=\"caption-attachment-57388\" class=\"wp-caption-text\">En la foto se muestra el lugar donde se dieron los hechos. Foto: Vanguardia<\/figcaption><\/figure>\n<h3>El sujeto confes\u00f3 que realiz\u00f3 su culpa, los hechos ocurrieron el pasado 5 de marzo en la caseta denominada la pluma que se ubica en la parte posterior de la delegaci\u00f3n sureste de la Fiscal\u00eda General del Estado, cuando la afectada se present\u00f3 para preguntar por la situaci\u00f3n de su esposo, que se encontraba bajo investigaci\u00f3n por robo.<\/h3>\n<p>SIN EMBARGO\/ VANGUARDIA MX<\/p>\n<p>Saltillo, 7 de marzo (Vanguardia).- Un\u00a0<strong>elemento de la Agencia de Investigaci\u00f3n Criminal<\/strong>\u00a0ser\u00e1 ingresado al\u00a0<strong>reclusorio varonil<\/strong>, luego de haber sido denunciado por el\u00a0<strong>delito de violaci\u00f3n<\/strong>.<\/p>\n<p>En el Centro de Justicia para el Empoderamiento de la Mujer en lugar de brindarle ayuda a la v\u00edctima la rechazaron y le trataron de brindar protecci\u00f3n al polic\u00eda involucrado, Juan Manuel \u201cN\u201d.<\/p>\n<p>De hecho catalogaron al detective como serio y de confianza, porque ten\u00eda m\u00e1s 35 a\u00f1os en la instituci\u00f3n y apunt\u00f3 de tramitar su jubilaci\u00f3n.<\/p>\n<p>El detective confes\u00f3 los hechos que ocurrieron la tarde del viernes 5 de marzo en la caseta denominada la pluma que se ubica en la parte posterior de la delegaci\u00f3n sureste de la Fiscal\u00eda General del Estado, (FGE).<\/p>\n<p>La afectada de 31 a\u00f1os de edad se present\u00f3 a la instituci\u00f3n para preguntar por la situaci\u00f3n de su esposo que se encontraba bajo investigaci\u00f3n por robo.<\/p>\n<figure id=\"attachment_57389\" aria-describedby=\"caption-attachment-57389\" style=\"width: 800px\" class=\"wp-caption alignnone\"><img loading=\"lazy\" decoding=\"async\" data-attachment-id=\"57389\" data-permalink=\"https:\/\/www.grieta.org.mx\/index.php\/2021\/03\/07\/policia-viola-a-la-esposa-de-un-hombre-que-fue-detenido-en-saltillo-coahuila-es-aprehendido\/se-0703-11\/\" data-orig-file=\"https:\/\/www.grieta.org.mx\/wp-content\/uploads\/2021\/03\/se-0703-11.jpg\" data-orig-size=\"700,466\" data-comments-opened=\"0\" data-image-meta=\"{&quot;aperture&quot;:&quot;0&quot;,&quot;credit&quot;:&quot;&quot;,&quot;camera&quot;:&quot;&quot;,&quot;caption&quot;:&quot;&quot;,&quot;created_timestamp&quot;:&quot;0&quot;,&quot;copyright&quot;:&quot;&quot;,&quot;focal_length&quot;:&quot;0&quot;,&quot;iso&quot;:&quot;0&quot;,&quot;shutter_speed&quot;:&quot;0&quot;,&quot;title&quot;:&quot;&quot;,&quot;orientation&quot;:&quot;0&quot;}\" data-image-title=\"se-0703-11\" data-image-description=\"\" data-image-caption=\"&lt;p&gt;Las funcionarias del empoderamiento le informaron a la v\u00edctima que la investigaci\u00f3n terminar\u00eda bajo un convenio. Foto: Vanguardia&lt;\/p&gt;\n\" data-medium-file=\"https:\/\/www.grieta.org.mx\/wp-content\/uploads\/2021\/03\/se-0703-11-300x200.jpg\" data-large-file=\"https:\/\/www.grieta.org.mx\/wp-content\/uploads\/2021\/03\/se-0703-11.jpg\" class=\"wp-image-57389\" src=\"http:\/\/www.grieta.org.mx\/wp-content\/uploads\/2021\/03\/se-0703-11.jpg\" alt=\"\" width=\"800\" height=\"533\" srcset=\"https:\/\/www.grieta.org.mx\/wp-content\/uploads\/2021\/03\/se-0703-11.jpg 700w, https:\/\/www.grieta.org.mx\/wp-content\/uploads\/2021\/03\/se-0703-11-300x200.jpg 300w\" sizes=\"auto, (max-width: 800px) 100vw, 800px\" \/><figcaption id=\"caption-attachment-57389\" class=\"wp-caption-text\">Las funcionarias del empoderamiento le informaron a la v\u00edctima que la investigaci\u00f3n terminar\u00eda bajo un convenio. Foto: Vanguardia<\/figcaption><\/figure>\n<p>C\u00f3mo no fue bien recibida en las oficinas del segundo grupo de robos la enviaron a \u201cdesfilar\u201d de oficina a oficina. Tras no ser atendida por ning\u00fan funcionario llego directo a la \u201cpluma\u201d c\u00f3mo le llaman a la caseta que est\u00e1 a cargo del polic\u00eda Juan Manuel G\u00e1mez.<\/p>\n<p>El polic\u00eda es el encargado de dar acceso y salida de patrullas.<\/p>\n<p>Al enterarse de la situaci\u00f3n, Juan Manuel se ofreci\u00f3 ayudarla le dijo que pasar\u00e1 a la caseta.<\/p>\n<p>La mujer le dijo que solo llevaba comida a su esposo porque no ten\u00eda esperanzas de verlo por los p\u00e9simos tratos que recibi\u00f3 en la instituci\u00f3n.<\/p>\n<p>Con enga\u00f1os, fue conducida al interior de la caseta, ah\u00ed fue violentada consumando la agresi\u00f3n sexual y posteriormente fue amenazada de muerte.<\/p>\n<p>La afectada no se qued\u00f3 tranquila y parti\u00f3 rumbo al empoderamiento de la mujer donde su situaci\u00f3n se convirti\u00f3 en una pesadilla.<\/p>\n<p>La funcionaria de nombre Martha Rivero no la quiso atender y en lugar de ingresarla a una ayuda psicol\u00f3gica la rechaz\u00f3.<\/p>\n<p>Le dijo que primero diera aviso al 911, con tal de no recibir su denuncia.<\/p>\n<p>Invadida de una crisis de histeria, la afectada hizo la labor por su propia cuenta.<\/p>\n<p>Se meti\u00f3 directo a las oficinas de la Polic\u00eda Investigadora para suplicar ayuda y a\u00fan as\u00ed no le dieron importancia.<\/p>\n<p>Hasta el que el jefe de grupo de la investigadora Agust\u00edn Mercado orden\u00f3 el aseguramiento del acusado.<\/p>\n<p>Luego llevaron a dictamen a la afectada y en la prueba qu\u00edmica se confirm\u00f3 que ten\u00eda semen el cual corresponde plenamente al del polic\u00eda Juan Manuel G\u00e1mez.<\/p>\n<figure id=\"attachment_57390\" aria-describedby=\"caption-attachment-57390\" style=\"width: 800px\" class=\"wp-caption alignnone\"><img loading=\"lazy\" decoding=\"async\" data-attachment-id=\"57390\" data-permalink=\"https:\/\/www.grieta.org.mx\/index.php\/2021\/03\/07\/policia-viola-a-la-esposa-de-un-hombre-que-fue-detenido-en-saltillo-coahuila-es-aprehendido\/se-0703-10\/\" data-orig-file=\"https:\/\/www.grieta.org.mx\/wp-content\/uploads\/2021\/03\/se-0703-10.jpg\" data-orig-size=\"700,466\" data-comments-opened=\"0\" data-image-meta=\"{&quot;aperture&quot;:&quot;0&quot;,&quot;credit&quot;:&quot;&quot;,&quot;camera&quot;:&quot;&quot;,&quot;caption&quot;:&quot;&quot;,&quot;created_timestamp&quot;:&quot;0&quot;,&quot;copyright&quot;:&quot;&quot;,&quot;focal_length&quot;:&quot;0&quot;,&quot;iso&quot;:&quot;0&quot;,&quot;shutter_speed&quot;:&quot;0&quot;,&quot;title&quot;:&quot;&quot;,&quot;orientation&quot;:&quot;0&quot;}\" data-image-title=\"se-0703-10\" data-image-description=\"\" data-image-caption=\"&lt;p&gt;En el Centro de Justicia para el Empoderamiento de la Mujer no ayudaron a la v\u00edctima e intentaron brindarle protecci\u00f3n al violador. Foto: Vanguardia&lt;\/p&gt;\n\" data-medium-file=\"https:\/\/www.grieta.org.mx\/wp-content\/uploads\/2021\/03\/se-0703-10-300x200.jpg\" data-large-file=\"https:\/\/www.grieta.org.mx\/wp-content\/uploads\/2021\/03\/se-0703-10.jpg\" class=\"wp-image-57390\" src=\"http:\/\/www.grieta.org.mx\/wp-content\/uploads\/2021\/03\/se-0703-10.jpg\" alt=\"\" width=\"800\" height=\"533\" srcset=\"https:\/\/www.grieta.org.mx\/wp-content\/uploads\/2021\/03\/se-0703-10.jpg 700w, https:\/\/www.grieta.org.mx\/wp-content\/uploads\/2021\/03\/se-0703-10-300x200.jpg 300w\" sizes=\"auto, (max-width: 800px) 100vw, 800px\" \/><figcaption id=\"caption-attachment-57390\" class=\"wp-caption-text\">En el Centro de Justicia para el Empoderamiento de la Mujer no ayudaron a la v\u00edctima e intentaron brindarle protecci\u00f3n al violador. Foto: Vanguardia<\/figcaption><\/figure>\n<p>A pesar de estas evidencias, el personal del Ministerio P\u00fablico del Centro de Justicia y Empoderamiento de la Mujer, en lugar de proteger a la v\u00edctima, segu\u00edan protegiendo al polic\u00eda.<\/p>\n<p>Hasta que el asunto lleg\u00f3 a manos del delegado regional Everardo Lazo Chapa y ordenaron la investigaci\u00f3n.<\/p>\n<p>&nbsp;<\/p>\n<p>Pero a\u00fan as\u00ed las funcionarias del empoderamiento le informaron que la investigaci\u00f3n terminar\u00eda bajo un convenio.<\/p>\n<p>El polic\u00eda le iba a depositar como supuesta reparaci\u00f3n la cantidad de 30 mil pesos y la afectada no quer\u00eda dinero solo castigo porque se sent\u00eda sin protecci\u00f3n con su esposo en la c\u00e1rcel y ella atacada.<\/p>\n<p>Fuentes extra oficiales de la FGE, informaron que al acusado le saldr\u00e1 la orden de aprehensi\u00f3n por el cargo de violaci\u00f3n.<\/p>\n<p>Para las pr\u00f3ximas horas de este lunes tendr\u00e1 que estar en el penal varonil de Saltillo.<\/p>\n<p><a href=\"https:\/\/www.sinembargo.mx\/07-03-2021\/3948140\" target=\"_blank\" rel=\"noopener\">https:\/\/www.sinembargo.mx\/07-03-2021\/3948140<\/a><\/p>\n","protected":false},"excerpt":{"rendered":"<p>El sujeto confes\u00f3 que realiz\u00f3 su culpa, los hechos ocurrieron el pasado 5 de marzo en la caseta denominada la pluma que se ubica en la parte posterior de la &hellip; <a href=\"https:\/\/www.grieta.org.mx\/index.php\/2021\/03\/07\/policia-viola-a-la-esposa-de-un-hombre-que-fue-detenido-en-saltillo-coahuila-es-aprehendido\/\" class=\"more-link\">Leer m\u00e1s<\/a><\/p>\n","protected":false},"author":2,"featured_media":57388,"comment_status":"closed","ping_status":"closed","sticky":false,"template":"","format":"standard","meta":{"ngg_post_thumbnail":0,"_jetpack_newsletter_access":"","_jetpack_dont_email_post_to_subs":false,"_jetpack_newsletter_tier_id":0,"_jetpack_memberships_contains_paywalled_content":false,"_jetpack_memberships_contains_paid_content":false,"footnotes":""},"categories":[80,419,2,2394,1033],"tags":[2204,3001],"class_list":["post-57387","post","type-post","status-publish","format-standard","has-post-thumbnail","hentry","category-cintillo","category-coahuila","category-noticias-nacionales","category-violencia-contra-las-mujeres-en-coahuila","category-violencia-de-las-fuerzas-represivas-en-coahuila","tag-abuso-de-fuerzas-represivas","tag-violacion","entry"],"jetpack_featured_media_url":"https:\/\/www.grieta.org.mx\/wp-content\/uploads\/2021\/03\/se-0703-9.jpg","jetpack_sharing_enabled":true,"jetpack_shortlink":"https:\/\/wp.me\/p7ZJR4-eVB","jetpack_likes_enabled":false,"jetpack-related-posts":[{"id":40462,"url":"https:\/\/www.grieta.org.mx\/index.php\/2019\/10\/25\/involucran-en-10-homicidios-a-policias-de-corporaciones-de-coahuila\/","url_meta":{"origin":57387,"position":0},"title":"Involucran en 10 homicidios a polic\u00edas de corporaciones de Coahuila","author":"grieta","date":"25 octubre, 2019","format":false,"excerpt":"Armando R\u00edos\/ VANGUARDIA MX Analiza la Fiscal\u00eda General muerte de hombre baleado en Mirasierra Adem\u00e1s del caso del profesor de m\u00fasica de la Secci\u00f3n 5 asesinado en 2017, entre 2018 y 2019 la Comisi\u00f3n de los Derechos Humanos del Estado de Coahuila ha registrado un total de 10 casos donde\u2026","rel":"","context":"En &quot;CINTILLO&quot;","block_context":{"text":"CINTILLO","link":"https:\/\/www.grieta.org.mx\/index.php\/category\/cintillo\/"},"img":{"alt_text":"","src":"https:\/\/i0.wp.com\/www.grieta.org.mx\/wp-content\/uploads\/2019\/10\/polic%C3%ADas-municipio-torre%C3%B3n.jpg?resize=350%2C200&ssl=1","width":350,"height":200,"srcset":"https:\/\/i0.wp.com\/www.grieta.org.mx\/wp-content\/uploads\/2019\/10\/polic%C3%ADas-municipio-torre%C3%B3n.jpg?resize=350%2C200&ssl=1 1x, https:\/\/i0.wp.com\/www.grieta.org.mx\/wp-content\/uploads\/2019\/10\/polic%C3%ADas-municipio-torre%C3%B3n.jpg?resize=525%2C300&ssl=1 1.5x, https:\/\/i0.wp.com\/www.grieta.org.mx\/wp-content\/uploads\/2019\/10\/polic%C3%ADas-municipio-torre%C3%B3n.jpg?resize=700%2C400&ssl=1 2x"},"classes":[]},{"id":37404,"url":"https:\/\/www.grieta.org.mx\/index.php\/2019\/08\/01\/nos-abrieron-fuego-como-si-fueramos-animales-testigo-afirma-que-policias-quitaron-la-vida-a-migrante-hondureno-en-saltillo-coahuila\/","url_meta":{"origin":57387,"position":1},"title":"&#8220;Nos abrieron fuego como si fu\u00e9ramos animales&#8221;&#8230; testigo afirma que polic\u00edas quitaron la vida a migrante hondure\u00f1o en Saltillo (Coahuila)","author":"grieta","date":"1 agosto, 2019","format":false,"excerpt":"Armando R\u00edos\/ LA VANGUARDIA MX Un testigo del asesinato ocurrido ayer, en el que polic\u00edas dispararon en contra de un migrante, habl\u00f3 sobre los hechos asegurando que ellos no agredieron a los oficiales y no estaban armados https:\/\/www.facebook.com\/VanguardiaMx\/videos\/2379688592107622\/ Migrante testigo de asesinato ocurrido ayer en la colonia San Miguel, donde\u2026","rel":"","context":"En &quot;CINTILLO&quot;","block_context":{"text":"CINTILLO","link":"https:\/\/www.grieta.org.mx\/index.php\/category\/cintillo\/"},"img":{"alt_text":"","src":"https:\/\/i0.wp.com\/www.grieta.org.mx\/wp-content\/uploads\/2019\/08\/asesinato-de-migrante.jpg?resize=350%2C200&ssl=1","width":350,"height":200,"srcset":"https:\/\/i0.wp.com\/www.grieta.org.mx\/wp-content\/uploads\/2019\/08\/asesinato-de-migrante.jpg?resize=350%2C200&ssl=1 1x, https:\/\/i0.wp.com\/www.grieta.org.mx\/wp-content\/uploads\/2019\/08\/asesinato-de-migrante.jpg?resize=525%2C300&ssl=1 1.5x, https:\/\/i0.wp.com\/www.grieta.org.mx\/wp-content\/uploads\/2019\/08\/asesinato-de-migrante.jpg?resize=700%2C400&ssl=1 2x"},"classes":[]},{"id":6715,"url":"https:\/\/www.grieta.org.mx\/index.php\/2016\/09\/13\/conflictos-laborales-en-coahuila\/","url_meta":{"origin":57387,"position":2},"title":"Conflictos laborales en Coahuila","author":"grieta","date":"13 septiembre, 2016","format":false,"excerpt":"Alba\u00f1iles que construyen CEFERESO en Coahuila paran labores 12\/09\/16. Sigue el mal trato a alba\u00f1iles en Cefereso; no tienen servicio m\u00e9dico Vanguardia 02\/09\/16. Alba\u00f1iles levantan los muros del CEFERESO, desde su propia c\u00e1rcel Vanguardia Paran trabajadores de limpieza en Saltillo 13\/09\/16. Sin funcionar 30% de camiones de la basura El\u2026","rel":"","context":"En &quot;Coahuila&quot;","block_context":{"text":"Coahuila","link":"https:\/\/www.grieta.org.mx\/index.php\/category\/noticias-nacionales\/coahuila\/"},"img":{"alt_text":"","src":"https:\/\/i0.wp.com\/www.grieta.org.mx\/wp-content\/uploads\/2018\/03\/14524434_1106112876131411_958039263622046936_o.jpg?resize=350%2C200&ssl=1","width":350,"height":200,"srcset":"https:\/\/i0.wp.com\/www.grieta.org.mx\/wp-content\/uploads\/2018\/03\/14524434_1106112876131411_958039263622046936_o.jpg?resize=350%2C200&ssl=1 1x, https:\/\/i0.wp.com\/www.grieta.org.mx\/wp-content\/uploads\/2018\/03\/14524434_1106112876131411_958039263622046936_o.jpg?resize=525%2C300&ssl=1 1.5x, https:\/\/i0.wp.com\/www.grieta.org.mx\/wp-content\/uploads\/2018\/03\/14524434_1106112876131411_958039263622046936_o.jpg?resize=700%2C400&ssl=1 2x"},"classes":[]},{"id":22084,"url":"https:\/\/www.grieta.org.mx\/index.php\/2018\/03\/08\/golpea-fuerza-coahuila-a-familia-y-de-paso-allanan-y-roban-en-vivienda\/","url_meta":{"origin":57387,"position":3},"title":"Golpea Fuerza Coahuila a familia y de paso allanan y roban en vivienda","author":"grieta","date":"8 marzo, 2018","format":false,"excerpt":"El Dem\u00f3crata Saltillo, Coah., 08 de marzo de 2018.- Elementos de Fuerza Coahuila golpearon a una pareja, adem\u00e1s de robarle el dinero y aparatos que llevaban consigo. Una nueva denuncia p\u00fablica por abuso de autoridad, allanamiento y privaci\u00f3n de la libertad en contra ese cuerpo polic\u00edaco fue presentada en la\u2026","rel":"","context":"En &quot;CINTILLO&quot;","block_context":{"text":"CINTILLO","link":"https:\/\/www.grieta.org.mx\/index.php\/category\/cintillo\/"},"img":{"alt_text":"","src":"https:\/\/i0.wp.com\/www.grieta.org.mx\/wp-content\/uploads\/2018\/03\/Fuerza-Coahuila-Familia.jpg?resize=350%2C200&ssl=1","width":350,"height":200,"srcset":"https:\/\/i0.wp.com\/www.grieta.org.mx\/wp-content\/uploads\/2018\/03\/Fuerza-Coahuila-Familia.jpg?resize=350%2C200&ssl=1 1x, https:\/\/i0.wp.com\/www.grieta.org.mx\/wp-content\/uploads\/2018\/03\/Fuerza-Coahuila-Familia.jpg?resize=525%2C300&ssl=1 1.5x, https:\/\/i0.wp.com\/www.grieta.org.mx\/wp-content\/uploads\/2018\/03\/Fuerza-Coahuila-Familia.jpg?resize=700%2C400&ssl=1 2x"},"classes":[]},{"id":9853,"url":"https:\/\/www.grieta.org.mx\/index.php\/2016\/09\/13\/fuerza-coahuila-asesina-a-dos-jovenes-y-monta-escena-de-enfrentamiento\/","url_meta":{"origin":57387,"position":4},"title":"Montajes, asesinatos y abusos por parte de Fuerza Coahuila y polic\u00eda estatal de Coahuila","author":"grieta","date":"13 septiembre, 2016","format":false,"excerpt":"13\/09\/16. Acusa a elementos de Fuerza Coahuila de matar al perro El Z\u00f3calo de Saltillo 12\/09\/16. Ocasionan accidentes escoltas y polic\u00edas de Fuerza Coahuila El Heraldo de Saltillo 10\/09\/16. Fuerza Coahuila allana casa y golpea a personas Vanguardia 09\/09\/16. Denuncian a polic\u00edas de Saltillo por abuso de autoridad y agresiones\u2026","rel":"","context":"En &quot;Coahuila&quot;","block_context":{"text":"Coahuila","link":"https:\/\/www.grieta.org.mx\/index.php\/category\/noticias-nacionales\/coahuila\/"},"img":{"alt_text":"","src":"https:\/\/i0.wp.com\/www.grieta.org.mx\/wp-content\/uploads\/2018\/03\/14524434_1106112876131411_958039263622046936_o.jpg?resize=350%2C200&ssl=1","width":350,"height":200,"srcset":"https:\/\/i0.wp.com\/www.grieta.org.mx\/wp-content\/uploads\/2018\/03\/14524434_1106112876131411_958039263622046936_o.jpg?resize=350%2C200&ssl=1 1x, https:\/\/i0.wp.com\/www.grieta.org.mx\/wp-content\/uploads\/2018\/03\/14524434_1106112876131411_958039263622046936_o.jpg?resize=525%2C300&ssl=1 1.5x, https:\/\/i0.wp.com\/www.grieta.org.mx\/wp-content\/uploads\/2018\/03\/14524434_1106112876131411_958039263622046936_o.jpg?resize=700%2C400&ssl=1 2x"},"classes":[]},{"id":6683,"url":"https:\/\/www.grieta.org.mx\/index.php\/2016\/02\/08\/coahuilenses-se-movilizan-para-detener-construccion-de-basurero-toxico\/","url_meta":{"origin":57387,"position":5},"title":"Coahuilenses se movilizan para detener construcci\u00f3n de basurero t\u00f3xico","author":"grieta","date":"8 febrero, 2016","format":false,"excerpt":"08\/02\/16. Marchan contra basurero t\u00f3xico Reforma 28\/10\/15. Contin\u00faa la lucha contra el Cimari en General Cepeda Vanguardia 27\/10\/15. Pobladores del norte de M\u00e9xico rechazan vivir con 64,000 toneladas de desechos t\u00f3xicos La opini\u00f3n 26\/10\/15. Va SEMSA contra los allanadores del CIMARI Z\u00f3calo Saltillo 20\/10\/15. Va CIMARI contra ejidatarios Z\u00f3calo Saltillo\u2026","rel":"","context":"En &quot;Coahuila&quot;","block_context":{"text":"Coahuila","link":"https:\/\/www.grieta.org.mx\/index.php\/category\/noticias-nacionales\/coahuila\/"},"img":{"alt_text":"","src":"https:\/\/i0.wp.com\/www.grieta.org.mx\/wp-content\/uploads\/2018\/03\/14524434_1106112876131411_958039263622046936_o.jpg?resize=350%2C200&ssl=1","width":350,"height":200,"srcset":"https:\/\/i0.wp.com\/www.grieta.org.mx\/wp-content\/uploads\/2018\/03\/14524434_1106112876131411_958039263622046936_o.jpg?resize=350%2C200&ssl=1 1x, https:\/\/i0.wp.com\/www.grieta.org.mx\/wp-content\/uploads\/2018\/03\/14524434_1106112876131411_958039263622046936_o.jpg?resize=525%2C300&ssl=1 1.5x, https:\/\/i0.wp.com\/www.grieta.org.mx\/wp-content\/uploads\/2018\/03\/14524434_1106112876131411_958039263622046936_o.jpg?resize=700%2C400&ssl=1 2x"},"classes":[]}],"_links":{"self":[{"href":"https:\/\/www.grieta.org.mx\/index.php\/wp-json\/wp\/v2\/posts\/57387","targetHints":{"allow":["GET"]}}],"collection":[{"href":"https:\/\/www.grieta.org.mx\/index.php\/wp-json\/wp\/v2\/posts"}],"about":[{"href":"https:\/\/www.grieta.org.mx\/index.php\/wp-json\/wp\/v2\/types\/post"}],"author":[{"embeddable":true,"href":"https:\/\/www.grieta.org.mx\/index.php\/wp-json\/wp\/v2\/users\/2"}],"replies":[{"embeddable":true,"href":"https:\/\/www.grieta.org.mx\/index.php\/wp-json\/wp\/v2\/comments?post=57387"}],"version-history":[{"count":1,"href":"https:\/\/www.grieta.org.mx\/index.php\/wp-json\/wp\/v2\/posts\/57387\/revisions"}],"predecessor-version":[{"id":57391,"href":"https:\/\/www.grieta.org.mx\/index.php\/wp-json\/wp\/v2\/posts\/57387\/revisions\/57391"}],"wp:featuredmedia":[{"embeddable":true,"href":"https:\/\/www.grieta.org.mx\/index.php\/wp-json\/wp\/v2\/media\/57388"}],"wp:attachment":[{"href":"https:\/\/www.grieta.org.mx\/index.php\/wp-json\/wp\/v2\/media?parent=57387"}],"wp:term":[{"taxonomy":"category","embeddable":true,"href":"https:\/\/www.grieta.org.mx\/index.php\/wp-json\/wp\/v2\/categories?post=57387"},{"taxonomy":"post_tag","embeddable":true,"href":"https:\/\/www.grieta.org.mx\/index.php\/wp-json\/wp\/v2\/tags?post=57387"}],"curies":[{"name":"wp","href":"https:\/\/api.w.org\/{rel}","templated":true}]}}