{"id":57354,"date":"2021-03-03T13:53:22","date_gmt":"2021-03-03T19:53:22","guid":{"rendered":"http:\/\/www.grieta.org.mx\/?p=57354"},"modified":"2021-03-08T14:02:46","modified_gmt":"2021-03-08T20:02:46","slug":"un-salto-de-vida-exige-se-impida-sobreexplotacion-de-acuiferos-jalisco","status":"publish","type":"post","link":"https:\/\/www.grieta.org.mx\/index.php\/2021\/03\/03\/un-salto-de-vida-exige-se-impida-sobreexplotacion-de-acuiferos-jalisco\/","title":{"rendered":"Un Salto de Vida exige se impida sobreexplotaci\u00f3n de acu\u00edferos (Jalisco)"},"content":{"rendered":"<p><img loading=\"lazy\" decoding=\"async\" data-attachment-id=\"57355\" data-permalink=\"https:\/\/www.grieta.org.mx\/index.php\/2021\/03\/03\/un-salto-de-vida-exige-se-impida-sobreexplotacion-de-acuiferos-jalisco\/2021-03-03_01-03-11___3398\/\" data-orig-file=\"https:\/\/www.grieta.org.mx\/wp-content\/uploads\/2021\/03\/2021-03-03_01-03-11___3398.jpg\" data-orig-size=\"750,500\" data-comments-opened=\"0\" data-image-meta=\"{&quot;aperture&quot;:&quot;0&quot;,&quot;credit&quot;:&quot;&quot;,&quot;camera&quot;:&quot;&quot;,&quot;caption&quot;:&quot;&quot;,&quot;created_timestamp&quot;:&quot;0&quot;,&quot;copyright&quot;:&quot;&quot;,&quot;focal_length&quot;:&quot;0&quot;,&quot;iso&quot;:&quot;0&quot;,&quot;shutter_speed&quot;:&quot;0&quot;,&quot;title&quot;:&quot;&quot;,&quot;orientation&quot;:&quot;1&quot;}\" data-image-title=\"2021-03-03_01-03-11___3398\" data-image-description=\"\" data-image-caption=\"\" data-medium-file=\"https:\/\/www.grieta.org.mx\/wp-content\/uploads\/2021\/03\/2021-03-03_01-03-11___3398-300x200.jpg\" data-large-file=\"https:\/\/www.grieta.org.mx\/wp-content\/uploads\/2021\/03\/2021-03-03_01-03-11___3398.jpg\" class=\" wp-image-57355 aligncenter\" src=\"http:\/\/www.grieta.org.mx\/wp-content\/uploads\/2021\/03\/2021-03-03_01-03-11___3398.jpg\" alt=\"\" width=\"801\" height=\"535\" srcset=\"https:\/\/www.grieta.org.mx\/wp-content\/uploads\/2021\/03\/2021-03-03_01-03-11___3398.jpg 750w, https:\/\/www.grieta.org.mx\/wp-content\/uploads\/2021\/03\/2021-03-03_01-03-11___3398-300x200.jpg 300w\" sizes=\"auto, (max-width: 801px) 100vw, 801px\" \/><\/p>\n<p>Foto: Twitter @unsaltodevidaac<\/p>\n<p>Lauro Rodr\u00edguez \/ El Diario NTR<\/p>\n<p>Un Salto de Vida extern\u00f3 su inconformidad por el incumplimiento del gobierno municipal de El Salto ante una suspensi\u00f3n definitiva contra el fraccionamiento El Mirador de Casas Bali.<\/p>\n<p>La agrupaci\u00f3n asegur\u00f3 que la empresa contin\u00faa con actividades y, pese a los tandeos de agua potable que habr\u00e1 en la Zona Metropolitana de Guadalajara (ZMG) por la escasez del l\u00edquido, exigen al municipio que acate la suspensi\u00f3n para que Casa Bali deje de explotar los acu\u00edferos de la zona.<\/p>\n<p>\u201cA pesar de eso, el Gobierno Municipal El Salto, permite que Casas Bali siga haciendo una extracci\u00f3n ilegal de las aguas en el acu\u00edfero en el cual nos asentamos, que es el de Toluquilla, el m\u00e1s sobreexplotado de todo Jalisco. Eso no solo nos pone en riesgo a los habitantes nativos sino, principalmente, a los nuevos habitantes de El Mirador, quienes ya sufren de desabasto porque la empresa prioriza el agua que utiliza en la construcci\u00f3n ilegal de viviendas, violando la clausura todos los d\u00edas en complicidad con el ayuntamiento\u201d, se\u00f1alaron.<\/p>\n<p>El temor se funda en que El Salto es parte de la ZMG por lo que hay riesgo de que el desabasto de agua potable pueda alcanzarlos. Adem\u00e1s, el proyecto que anunci\u00f3 el presidente municipal con licencia Ricardo Santill\u00e1n Cort\u00e9s, precisamente se basa en disponer de agua de la presa Calder\u00f3n, misma que tuvo que cerrar ante su nivel bajo.<\/p>\n<p>\u201cEstamos a una semana de que se cumpla el tiempo que anunci\u00f3 Enrique Alfaro Ram\u00edrez para que la presa Calder\u00f3n se quede sin agua. Ya se programan los recortes en m\u00e1s de 200 colonias de la ZMG, pero recuerden que el anunci\u00f3 que hizo Ricardo Santill\u00e1n hace un a\u00f1o para resolver los problemas de abasto de la cabecera era en referencia al abastecimiento de esta misma presa\u201d.<\/p>\n<p>Exigen que, si \u201cla gente en la ZMG no paga el agua, se la cortan o la reducen. Si una empresa como Casas Bali extrae millones de litros sin permiso, el ayuntamiento mira para otro lado\u201d.<\/p>\n<p><a href=\"https:\/\/www.ntrguadalajara.com\/post.php?id_nota=163149\">https:\/\/www.ntrguadalajara.com\/post.php?id_nota=163149<\/a><\/p>\n","protected":false},"excerpt":{"rendered":"<p>Foto: Twitter @unsaltodevidaac Lauro Rodr\u00edguez \/ El Diario NTR Un Salto de Vida extern\u00f3 su inconformidad por el incumplimiento del gobierno municipal de El Salto ante una suspensi\u00f3n definitiva contra &hellip; <a href=\"https:\/\/www.grieta.org.mx\/index.php\/2021\/03\/03\/un-salto-de-vida-exige-se-impida-sobreexplotacion-de-acuiferos-jalisco\/\" class=\"more-link\">Leer m\u00e1s<\/a><\/p>\n","protected":false},"author":2,"featured_media":57355,"comment_status":"closed","ping_status":"closed","sticky":false,"template":"","format":"standard","meta":{"ngg_post_thumbnail":0,"_jetpack_newsletter_access":"","_jetpack_dont_email_post_to_subs":false,"_jetpack_newsletter_tier_id":0,"_jetpack_memberships_contains_paywalled_content":false,"_jetpack_memberships_contains_paid_content":false,"footnotes":""},"categories":[80,2374,20,2,2342],"tags":[2403,1558,1120,2614],"class_list":["post-57354","post","type-post","status-publish","format-standard","has-post-thumbnail","hentry","category-cintillo","category-conflictos-por-desarrollos-inmobiliarios-en-jalisco","category-jalisco","category-noticias-nacionales","category-privatizacion-del-agua-en-jalisco","tag-crisis-del-agua","tag-desabasto-de-agua","tag-falta-de-agua","tag-sobreexplotacion-de-mantos-acuiferos","entry"],"jetpack_featured_media_url":"https:\/\/www.grieta.org.mx\/wp-content\/uploads\/2021\/03\/2021-03-03_01-03-11___3398.jpg","jetpack_sharing_enabled":true,"jetpack_shortlink":"https:\/\/wp.me\/p7ZJR4-eV4","jetpack_likes_enabled":false,"jetpack-related-posts":[{"id":5751,"url":"https:\/\/www.grieta.org.mx\/index.php\/2016\/09\/09\/contaminacion-y-danos-a-la-salud-por-desechos-urbanos-e-industriales-en-jalisco\/","url_meta":{"origin":57354,"position":0},"title":"Conflictos por contaminaci\u00f3n y da\u00f1os a la salud debido a desechos urbanos e industriales en Jalisco","author":"grieta","date":"9 septiembre, 2016","format":false,"excerpt":"Habitantes del Salto contra la contaminaci\u00f3n del Rio Santiago 09\/09\/16. El R\u00edo Santiago una cat\u00e1strofe ambientalSomos el Medio 07\/01\/15. R\u00edo entre metales pesados M\u00e1s por m\u00e1s Guadalajara\/Cr\u00f3nica de Sociales 08\/10\/15. Demandaremos a empresas por da\u00f1os al medio ambiente P\u00e1gina 24 Jalisco 02\/08\/15. M\u00e1s muertes cerca de r\u00edo contaminado Ntr Guadajara\u2026","rel":"","context":"En &quot;Jalisco&quot;","block_context":{"text":"Jalisco","link":"https:\/\/www.grieta.org.mx\/index.php\/category\/noticias-nacionales\/jalisco\/"},"img":{"alt_text":"","src":"https:\/\/i0.wp.com\/www.grieta.org.mx\/wp-content\/uploads\/2018\/03\/14524434_1106112876131411_958039263622046936_o.jpg?resize=350%2C200&ssl=1","width":350,"height":200,"srcset":"https:\/\/i0.wp.com\/www.grieta.org.mx\/wp-content\/uploads\/2018\/03\/14524434_1106112876131411_958039263622046936_o.jpg?resize=350%2C200&ssl=1 1x, https:\/\/i0.wp.com\/www.grieta.org.mx\/wp-content\/uploads\/2018\/03\/14524434_1106112876131411_958039263622046936_o.jpg?resize=525%2C300&ssl=1 1.5x, https:\/\/i0.wp.com\/www.grieta.org.mx\/wp-content\/uploads\/2018\/03\/14524434_1106112876131411_958039263622046936_o.jpg?resize=700%2C400&ssl=1 2x"},"classes":[]},{"id":58493,"url":"https:\/\/www.grieta.org.mx\/index.php\/2021\/04\/11\/denuncian-agresion-contra-un-salto-de-vida-jalisco\/","url_meta":{"origin":57354,"position":1},"title":"Denuncian agresi\u00f3n contra Un Salto de Vida (Jalisco)","author":"grieta","date":"11 abril, 2021","format":false,"excerpt":"Foto:\u00a0 Jorge Alberto Mendoza Redacci\u00f3n \/ El Diario NTR La agrupaci\u00f3n Un Salto de Vida, cuya lucha es por la salud y por un medio ambiente sano en la cuenca Chapala-Santiago, denunci\u00f3 una agresi\u00f3n hacia dos integrantes del colectivo y su familia. De acuerdo con un comunicado, el s\u00e1bado en\u2026","rel":"","context":"En &quot;CINTILLO&quot;","block_context":{"text":"CINTILLO","link":"https:\/\/www.grieta.org.mx\/index.php\/category\/cintillo\/"},"img":{"alt_text":"","src":"https:\/\/i0.wp.com\/www.grieta.org.mx\/wp-content\/uploads\/2021\/04\/2021-04-11_09-04-00___8866.jpg?resize=350%2C200&ssl=1","width":350,"height":200,"srcset":"https:\/\/i0.wp.com\/www.grieta.org.mx\/wp-content\/uploads\/2021\/04\/2021-04-11_09-04-00___8866.jpg?resize=350%2C200&ssl=1 1x, https:\/\/i0.wp.com\/www.grieta.org.mx\/wp-content\/uploads\/2021\/04\/2021-04-11_09-04-00___8866.jpg?resize=525%2C300&ssl=1 1.5x, https:\/\/i0.wp.com\/www.grieta.org.mx\/wp-content\/uploads\/2021\/04\/2021-04-11_09-04-00___8866.jpg?resize=700%2C400&ssl=1 2x"},"classes":[]},{"id":71821,"url":"https:\/\/www.grieta.org.mx\/index.php\/2025\/05\/27\/habitantes-de-el-salto-denuncian-megaproyecto-termoelectrico-pretenden-seguir-tratandonos-como-zona-de-sacrificio-jalisco\/","url_meta":{"origin":57354,"position":2},"title":"Habitantes de El Salto denuncian megaproyecto termoel\u00e9ctrico: \u201cPretenden seguir trat\u00e1ndonos como zona de sacrificio\u201d (Jalisco)","author":"grieta","date":"27 mayo, 2025","format":false,"excerpt":"Imagen: Shiebi Aguilar Mario Marlo \/ Somos El Medio El Salto, Jalisco, 27 de mayo 2025.- Comunidades organizadas de El Salto y Juanacatl\u00e1n advirtieron sobre la reactivaci\u00f3n del proyecto termoel\u00e9ctrico El Salto I, promovido por la empresa Ad Astra Energ\u00eda del Grupo VAZ, con v\u00ednculos con las corporaciones transnacionales Anschutz\u2026","rel":"","context":"En &quot;CINTILLO&quot;","block_context":{"text":"CINTILLO","link":"https:\/\/www.grieta.org.mx\/index.php\/category\/cintillo\/"},"img":{"alt_text":"","src":"https:\/\/i0.wp.com\/www.grieta.org.mx\/wp-content\/uploads\/2025\/06\/WhatsApp-Image-2025-02-28-at-4.07.33-PM-2.webp?resize=350%2C200&ssl=1","width":350,"height":200,"srcset":"https:\/\/i0.wp.com\/www.grieta.org.mx\/wp-content\/uploads\/2025\/06\/WhatsApp-Image-2025-02-28-at-4.07.33-PM-2.webp?resize=350%2C200&ssl=1 1x, https:\/\/i0.wp.com\/www.grieta.org.mx\/wp-content\/uploads\/2025\/06\/WhatsApp-Image-2025-02-28-at-4.07.33-PM-2.webp?resize=525%2C300&ssl=1 1.5x, https:\/\/i0.wp.com\/www.grieta.org.mx\/wp-content\/uploads\/2025\/06\/WhatsApp-Image-2025-02-28-at-4.07.33-PM-2.webp?resize=700%2C400&ssl=1 2x, https:\/\/i0.wp.com\/www.grieta.org.mx\/wp-content\/uploads\/2025\/06\/WhatsApp-Image-2025-02-28-at-4.07.33-PM-2.webp?resize=1050%2C600&ssl=1 3x, https:\/\/i0.wp.com\/www.grieta.org.mx\/wp-content\/uploads\/2025\/06\/WhatsApp-Image-2025-02-28-at-4.07.33-PM-2.webp?resize=1400%2C800&ssl=1 4x"},"classes":[]},{"id":65951,"url":"https:\/\/www.grieta.org.mx\/index.php\/2022\/12\/07\/heineken-apoya-captacion-de-lluvia-y-acapara-agua-jalisco\/","url_meta":{"origin":57354,"position":3},"title":"Heineken apoya captaci\u00f3n de lluvia&#8230; y acapara agua (Jalisco)","author":"grieta","date":"7 diciembre, 2022","format":false,"excerpt":"Imagen: Tomada de la Internet Jos\u00e9 Toral \/ El Diario NTR Mientras su marca Heineken promociona el apoyo a la captaci\u00f3n de agua de lluvia, la cervecer\u00eda Cuauht\u00e9moc-Moctezuma es la tercera empresa que m\u00e1s acapara agua subterr\u00e1nea en Jalisco para explotaci\u00f3n industrial. Este mi\u00e9rcoles, el gobierno de Jalisco anunci\u00f3 una\u2026","rel":"","context":"En &quot;CINTILLO&quot;","block_context":{"text":"CINTILLO","link":"https:\/\/www.grieta.org.mx\/index.php\/category\/cintillo\/"},"img":{"alt_text":"","src":"https:\/\/i0.wp.com\/www.grieta.org.mx\/wp-content\/uploads\/2022\/12\/2022-12-07_08-12-45___7453.jpg?resize=350%2C200&ssl=1","width":350,"height":200,"srcset":"https:\/\/i0.wp.com\/www.grieta.org.mx\/wp-content\/uploads\/2022\/12\/2022-12-07_08-12-45___7453.jpg?resize=350%2C200&ssl=1 1x, https:\/\/i0.wp.com\/www.grieta.org.mx\/wp-content\/uploads\/2022\/12\/2022-12-07_08-12-45___7453.jpg?resize=525%2C300&ssl=1 1.5x, https:\/\/i0.wp.com\/www.grieta.org.mx\/wp-content\/uploads\/2022\/12\/2022-12-07_08-12-45___7453.jpg?resize=700%2C400&ssl=1 2x"},"classes":[]},{"id":16273,"url":"https:\/\/www.grieta.org.mx\/index.php\/2016\/07\/07\/habitantes-de-el-salto-denuncian-residuos-de-metales-en-agua-potable-video\/","url_meta":{"origin":57354,"position":4},"title":"Habitantes de El Salto denuncian residuos de metales en agua potable (video)","author":"grieta","date":"7 julio, 2016","format":false,"excerpt":"","rel":"","context":"En &quot;CINTILLO&quot;","block_context":{"text":"CINTILLO","link":"https:\/\/www.grieta.org.mx\/index.php\/category\/cintillo\/"},"img":{"alt_text":"","src":"https:\/\/i0.wp.com\/www.grieta.org.mx\/wp-content\/uploads\/2018\/03\/14524434_1106112876131411_958039263622046936_o.jpg?resize=350%2C200&ssl=1","width":350,"height":200,"srcset":"https:\/\/i0.wp.com\/www.grieta.org.mx\/wp-content\/uploads\/2018\/03\/14524434_1106112876131411_958039263622046936_o.jpg?resize=350%2C200&ssl=1 1x, https:\/\/i0.wp.com\/www.grieta.org.mx\/wp-content\/uploads\/2018\/03\/14524434_1106112876131411_958039263622046936_o.jpg?resize=525%2C300&ssl=1 1.5x, https:\/\/i0.wp.com\/www.grieta.org.mx\/wp-content\/uploads\/2018\/03\/14524434_1106112876131411_958039263622046936_o.jpg?resize=700%2C400&ssl=1 2x"},"classes":[]},{"id":44382,"url":"https:\/\/www.grieta.org.mx\/index.php\/2020\/02\/02\/se-agrava-sobreexplotacion-de-mantos-acuiferos-en-aguascalientes\/","url_meta":{"origin":57354,"position":5},"title":"Se agrava sobreexplotaci\u00f3n de mantos acu\u00edferos en Aguascalientes","author":"grieta","date":"2 febrero, 2020","format":false,"excerpt":"Redacci\u00f3n\/El Clarinete 2 febrero 2020 Aguascalientes, Ags.-Los cinco acu\u00edferos con los que cuenta nuestro estado se encuentran totalmente sobreexplotados, a tal grado que se estima que anualmente su abatimiento es de hasta un metro, inform\u00f3 con preocupaci\u00f3n el Secretario de Sustentabilidad, Medio Ambiente y Agua (SSMA), Julio C\u00e9sar Medina .-\u00bfQu\u00e9\u2026","rel":"","context":"En &quot;Aguascalientes&quot;","block_context":{"text":"Aguascalientes","link":"https:\/\/www.grieta.org.mx\/index.php\/category\/noticias-nacionales\/aguascalientes\/"},"img":{"alt_text":"","src":"https:\/\/i0.wp.com\/www.grieta.org.mx\/wp-content\/uploads\/2020\/02\/sin-agua-800x500-2-800x500.jpg?resize=350%2C200&ssl=1","width":350,"height":200,"srcset":"https:\/\/i0.wp.com\/www.grieta.org.mx\/wp-content\/uploads\/2020\/02\/sin-agua-800x500-2-800x500.jpg?resize=350%2C200&ssl=1 1x, https:\/\/i0.wp.com\/www.grieta.org.mx\/wp-content\/uploads\/2020\/02\/sin-agua-800x500-2-800x500.jpg?resize=525%2C300&ssl=1 1.5x, https:\/\/i0.wp.com\/www.grieta.org.mx\/wp-content\/uploads\/2020\/02\/sin-agua-800x500-2-800x500.jpg?resize=700%2C400&ssl=1 2x"},"classes":[]}],"_links":{"self":[{"href":"https:\/\/www.grieta.org.mx\/index.php\/wp-json\/wp\/v2\/posts\/57354","targetHints":{"allow":["GET"]}}],"collection":[{"href":"https:\/\/www.grieta.org.mx\/index.php\/wp-json\/wp\/v2\/posts"}],"about":[{"href":"https:\/\/www.grieta.org.mx\/index.php\/wp-json\/wp\/v2\/types\/post"}],"author":[{"embeddable":true,"href":"https:\/\/www.grieta.org.mx\/index.php\/wp-json\/wp\/v2\/users\/2"}],"replies":[{"embeddable":true,"href":"https:\/\/www.grieta.org.mx\/index.php\/wp-json\/wp\/v2\/comments?post=57354"}],"version-history":[{"count":1,"href":"https:\/\/www.grieta.org.mx\/index.php\/wp-json\/wp\/v2\/posts\/57354\/revisions"}],"predecessor-version":[{"id":57356,"href":"https:\/\/www.grieta.org.mx\/index.php\/wp-json\/wp\/v2\/posts\/57354\/revisions\/57356"}],"wp:featuredmedia":[{"embeddable":true,"href":"https:\/\/www.grieta.org.mx\/index.php\/wp-json\/wp\/v2\/media\/57355"}],"wp:attachment":[{"href":"https:\/\/www.grieta.org.mx\/index.php\/wp-json\/wp\/v2\/media?parent=57354"}],"wp:term":[{"taxonomy":"category","embeddable":true,"href":"https:\/\/www.grieta.org.mx\/index.php\/wp-json\/wp\/v2\/categories?post=57354"},{"taxonomy":"post_tag","embeddable":true,"href":"https:\/\/www.grieta.org.mx\/index.php\/wp-json\/wp\/v2\/tags?post=57354"}],"curies":[{"name":"wp","href":"https:\/\/api.w.org\/{rel}","templated":true}]}}