{"id":57342,"date":"2021-03-06T11:36:47","date_gmt":"2021-03-06T17:36:47","guid":{"rendered":"http:\/\/www.grieta.org.mx\/?p=57342"},"modified":"2021-03-08T11:51:30","modified_gmt":"2021-03-08T17:51:30","slug":"abuso-sexual-y-trata-de-personas-al-amparo-del-poder-en-mexico-y-en-colima","status":"publish","type":"post","link":"https:\/\/www.grieta.org.mx\/index.php\/2021\/03\/06\/abuso-sexual-y-trata-de-personas-al-amparo-del-poder-en-mexico-y-en-colima\/","title":{"rendered":"Abuso sexual y trata de personas al amparo del poder en M\u00e9xico\u2026 y en Colima"},"content":{"rendered":"<p><img loading=\"lazy\" decoding=\"async\" data-attachment-id=\"57343\" data-permalink=\"https:\/\/www.grieta.org.mx\/index.php\/2021\/03\/06\/abuso-sexual-y-trata-de-personas-al-amparo-del-poder-en-mexico-y-en-colima\/impunidad\/\" data-orig-file=\"https:\/\/www.grieta.org.mx\/wp-content\/uploads\/2021\/03\/Impunidad.png\" data-orig-size=\"1005,529\" data-comments-opened=\"0\" data-image-meta=\"{&quot;aperture&quot;:&quot;0&quot;,&quot;credit&quot;:&quot;&quot;,&quot;camera&quot;:&quot;&quot;,&quot;caption&quot;:&quot;&quot;,&quot;created_timestamp&quot;:&quot;0&quot;,&quot;copyright&quot;:&quot;&quot;,&quot;focal_length&quot;:&quot;0&quot;,&quot;iso&quot;:&quot;0&quot;,&quot;shutter_speed&quot;:&quot;0&quot;,&quot;title&quot;:&quot;&quot;,&quot;orientation&quot;:&quot;0&quot;}\" data-image-title=\"Impunidad\" data-image-description=\"\" data-image-caption=\"\" data-medium-file=\"https:\/\/www.grieta.org.mx\/wp-content\/uploads\/2021\/03\/Impunidad-300x158.png\" data-large-file=\"https:\/\/www.grieta.org.mx\/wp-content\/uploads\/2021\/03\/Impunidad.png\" class=\" wp-image-57343 aligncenter\" src=\"http:\/\/www.grieta.org.mx\/wp-content\/uploads\/2021\/03\/Impunidad.png\" alt=\"\" width=\"800\" height=\"421\" srcset=\"https:\/\/www.grieta.org.mx\/wp-content\/uploads\/2021\/03\/Impunidad.png 1005w, https:\/\/www.grieta.org.mx\/wp-content\/uploads\/2021\/03\/Impunidad-300x158.png 300w, https:\/\/www.grieta.org.mx\/wp-content\/uploads\/2021\/03\/Impunidad-768x404.png 768w, https:\/\/www.grieta.org.mx\/wp-content\/uploads\/2021\/03\/Impunidad-950x500.png 950w\" sizes=\"auto, (max-width: 800px) 100vw, 800px\" \/><\/p>\n<p>Imagen: Diario Avanzada<\/p>\n<p>Redacci\u00f3n \/ Diario Avanzada<\/p>\n<p>Colima, M\u00e9xico, Avanzada (06\/03\/2021).- En los \u00faltimos a\u00f1os han brotado graves casos de abuso sexual al amparo de las cumbres del poder, no s\u00f3lo en M\u00e9xico, sino tambi\u00e9n en Colima, muchos de ellos contra menores de edad, que han quedado en la impunidad.<\/p>\n<p>La situaci\u00f3n m\u00e1s notoria en Colima es la ocurrida el cuatro de marzo de 2019 en la casa del entonces secretario de Turismo del gobierno estatal, Efra\u00edn Heriberto Rodr\u00edguez Angulo, donde se desarrollaba una fiesta en la que fue asesinado el adolescente Josu\u00e9.<\/p>\n<p>Aunque hubo muchas incongruencias en la declaraci\u00f3n del funcionario, quien asegur\u00f3 que la tragedia se gener\u00f3 por un asalto cometido por un grupo armado en su casa, la Fiscal\u00eda General del Estado (FGE) no ha esclarecido lo que realmente ocurri\u00f3.<\/p>\n<p>Un aspecto delicado fueron las evidencias surgidas en su momento en el sentido de que en esa fiesta en la casa del funcionario estaban presentes sexoservidores, por lo que la presencia de adolescentes como Josu\u00e9 y al menos otro m\u00e1s en ese ambiente presumiblemente impropio para ellos, podr\u00eda configurar el delito de corrupci\u00f3n de menores por el que evidentemente tendr\u00eda que responder el due\u00f1o de la casa.<\/p>\n<p>De acuerdo con Eric Maga\u00f1a, padre de Josu\u00e9, el ahora exsecretario de Turismo goza de la protecci\u00f3n de la Fiscal\u00eda y del gobernador de Colima, Jos\u00e9 Ignacio Peralta S\u00e1nchez.<\/p>\n<p>Un caso que ha llamado la atenci\u00f3n a nivel nacional es el del aspirante de Morena a la gubernatura de Guerrero, F\u00e9lix Salgado Macedonio, quien a pesar de enfrentar varias acusaciones por presunta violaci\u00f3n a abuso sexual ha sido respaldado por diversas instancias del partido en el poder, desde el dirigente nacional, Mario Delgado carrillo, hasta el presidente de la Rep\u00fablica, Andr\u00e9s Manuel L\u00f3pez Obrador.<\/p>\n<p>Alrededor de este asunto, el movimiento feminista de M\u00e9xico ha elevado protestas exigiendo a Morena que no aceptara su candidatura, por lo que se prev\u00e9 que esta exigencia se convierta en una de las principales demandas de las marchas de este ocho de marzo, D\u00eda Internacional de la Mujer.<\/p>\n<p>En Puebla, el caso del exgobernador Mario Mar\u00edn se convirti\u00f3 en un emblema de los v\u00ednculos del negocio de la trata de personas con los sectores del poder pol\u00edtico, luego de que este mandatario se prest\u00f3 a reprimir a la periodista Lydia Cacho, luego de que \u00e9sta denunci\u00f3 a una red de trata de personas en Canc\u00fan, que involucraba a poderosos empresarios ligados a Mar\u00edn, bautizado como el \u201cgober precioso\u201d.<\/p>\n<p>La detenci\u00f3n del l\u00edder de la Iglesia de la Luz del Mundo en Estados Unidos, acusado de abuso sexual y otros delitos, sac\u00f3 a relucir los v\u00ednculos que ten\u00eda ese personaje con gobernantes en M\u00e9xico, incluido la cercan\u00eda con el gobernador de Colima, Jos\u00e9 Ignacio Peralta, quien al menos en una ocasi\u00f3n fue fotografiado en un evento religioso de esa congregaci\u00f3n fundada en Guadalajara.<\/p>\n<p>Un reportaje de investigaci\u00f3n realizado por el equipo de la periodista Carmen Aristegui desvel\u00f3 en 2014 una presunta red de prostituci\u00f3n que manejaba el dirigente del PRI en el entonces Distrito Federal, quien adem\u00e1s de su implicaci\u00f3n delictiva en la prostituci\u00f3n de mujeres j\u00f3venes a las que atra\u00eda con el enga\u00f1o de ofrecerles empleo, lo hac\u00eda con recursos p\u00fablicos que recib\u00eda su partido en la capital del pa\u00eds.<\/p>\n<p>Aunque en su momento se realiz\u00f3 una investigaci\u00f3n hacia este personaje, Cuauht\u00e9moc Guti\u00e9rrez de la Torre, no se lleg\u00f3 al fondo del asunto, pero hace unos meses de reabri\u00f3 el caso.<\/p>\n<p><a href=\"https:\/\/www.diarioavanzada.com.mx\/?p=20709\">https:\/\/www.diarioavanzada.com.mx\/?p=20709<\/a><\/p>\n","protected":false},"excerpt":{"rendered":"<p>Imagen: Diario Avanzada Redacci\u00f3n \/ Diario Avanzada Colima, M\u00e9xico, Avanzada (06\/03\/2021).- En los \u00faltimos a\u00f1os han brotado graves casos de abuso sexual al amparo de las cumbres del poder, no &hellip; <a href=\"https:\/\/www.grieta.org.mx\/index.php\/2021\/03\/06\/abuso-sexual-y-trata-de-personas-al-amparo-del-poder-en-mexico-y-en-colima\/\" class=\"more-link\">Leer m\u00e1s<\/a><\/p>\n","protected":false},"author":2,"featured_media":57343,"comment_status":"closed","ping_status":"closed","sticky":false,"template":"","format":"standard","meta":{"ngg_post_thumbnail":0,"_jetpack_newsletter_access":"","_jetpack_dont_email_post_to_subs":false,"_jetpack_newsletter_tier_id":0,"_jetpack_memberships_contains_paywalled_content":false,"_jetpack_memberships_contains_paid_content":false,"footnotes":""},"categories":[80,13,1827,3112,2,83,1983],"tags":[1820,3776,3645,2785,2169,417,3065],"class_list":["post-57342","post","type-post","status-publish","format-standard","has-post-thumbnail","hentry","category-cintillo","category-colima","category-la-ninez-en-la-tormenta-capitalista","category-la-ninez-en-la-tormenta-en-colima","category-noticias-nacionales","category-temas-nacionales","category-violencia-contra-mujeres-en-colima","tag-abuso-sexual-infantil","tag-la-ninez-en-la-tormenta-capitalista","tag-redes-de-explotacion-sexual-infantil","tag-redes-de-trata-de-migrantes-en-eu","tag-trafico-de-personas","tag-trata-de-personas","tag-violencia-contra-la-ninez","entry"],"jetpack_featured_media_url":"https:\/\/www.grieta.org.mx\/wp-content\/uploads\/2021\/03\/Impunidad.png","jetpack_sharing_enabled":true,"jetpack_shortlink":"https:\/\/wp.me\/p7ZJR4-eUS","jetpack_likes_enabled":false,"jetpack-related-posts":[{"id":59124,"url":"https:\/\/www.grieta.org.mx\/index.php\/2021\/05\/01\/sufren-abuso-sexual-infantil-24-de-cada-100-mil-infantes-en-colima\/","url_meta":{"origin":57342,"position":0},"title":"Sufren abuso sexual infantil 24 de cada 100 mil infantes en Colima","author":"grieta","date":"1 mayo, 2021","format":false,"excerpt":"Imagen: Diario Avanzada Heidi de Le\u00f3n Guti\u00e9rrez \/ Diario Avanzada Colima, M\u00e9xico, Avanzada (01\/05\/2021).- Los altos \u00edndices de violencia que se registran en el estado, no s\u00f3lo afectan a los adultos, tambi\u00e9n a los ni\u00f1os y las ni\u00f1as, quienes son v\u00edctimas de diversos delitos, como el abuso sexual o conductas\u2026","rel":"","context":"En &quot;CINTILLO&quot;","block_context":{"text":"CINTILLO","link":"https:\/\/www.grieta.org.mx\/index.php\/category\/cintillo\/"},"img":{"alt_text":"","src":"https:\/\/i0.wp.com\/www.grieta.org.mx\/wp-content\/uploads\/2021\/05\/Nin%CC%83o-Proletario-1.jpg?resize=350%2C200&ssl=1","width":350,"height":200,"srcset":"https:\/\/i0.wp.com\/www.grieta.org.mx\/wp-content\/uploads\/2021\/05\/Nin%CC%83o-Proletario-1.jpg?resize=350%2C200&ssl=1 1x, https:\/\/i0.wp.com\/www.grieta.org.mx\/wp-content\/uploads\/2021\/05\/Nin%CC%83o-Proletario-1.jpg?resize=525%2C300&ssl=1 1.5x, https:\/\/i0.wp.com\/www.grieta.org.mx\/wp-content\/uploads\/2021\/05\/Nin%CC%83o-Proletario-1.jpg?resize=700%2C400&ssl=1 2x"},"classes":[]},{"id":59708,"url":"https:\/\/www.grieta.org.mx\/index.php\/2021\/06\/01\/en-colima-tambien-existen-casos-de-abuso-sexual-infantil-en-las-escuelas\/","url_meta":{"origin":57342,"position":1},"title":"En Colima tambi\u00e9n existen casos de abuso sexual infantil en las escuelas","author":"grieta","date":"1 junio, 2021","format":false,"excerpt":"Imagen: Diario Avanzada Heidi de Le\u00f3n Guti\u00e9rrez \/ Diario Avanzada Colima, M\u00e9xico, Avanzada (01\/06\/2021).- La Oficina de Defensor\u00eda de los Derechos de la Infancia (ODI) revel\u00f3 que en 18 planteles escolares de siete estados del pa\u00eds existen patrones similares para abusar sexualmente de los menores de edad, y aunque en\u2026","rel":"","context":"En &quot;CINTILLO&quot;","block_context":{"text":"CINTILLO","link":"https:\/\/www.grieta.org.mx\/index.php\/category\/cintillo\/"},"img":{"alt_text":"","src":"https:\/\/i0.wp.com\/www.grieta.org.mx\/wp-content\/uploads\/2021\/06\/explotacio%CC%81n-1.png?resize=350%2C200&ssl=1","width":350,"height":200,"srcset":"https:\/\/i0.wp.com\/www.grieta.org.mx\/wp-content\/uploads\/2021\/06\/explotacio%CC%81n-1.png?resize=350%2C200&ssl=1 1x, https:\/\/i0.wp.com\/www.grieta.org.mx\/wp-content\/uploads\/2021\/06\/explotacio%CC%81n-1.png?resize=525%2C300&ssl=1 1.5x"},"classes":[]},{"id":65945,"url":"https:\/\/www.grieta.org.mx\/index.php\/2022\/12\/04\/colima-entre-los-estados-mas-inseguros-para-ninas-y-adolescentes\/","url_meta":{"origin":57342,"position":2},"title":"Colima, entre los estados m\u00e1s inseguros para ni\u00f1as y adolescentes","author":"grieta","date":"4 diciembre, 2022","format":false,"excerpt":"Imagen: Diario Avanzada Heidi de Le\u00f3n Guti\u00e9rrez \/ Diario Avanzada Colima, M\u00e9xico, Avanzada (04\/12\/2022).- Colima se encuentra entre los 14 estados m\u00e1s inseguros para las ni\u00f1as y adolescentes, de acuerdo al monitoreo que realiz\u00f3 la organizaci\u00f3n: Aqu\u00ed estamos: feminicidio infantil en M\u00e9xico. El reporte fue elaborado por un grupo de\u2026","rel":"","context":"En &quot;CINTILLO&quot;","block_context":{"text":"CINTILLO","link":"https:\/\/www.grieta.org.mx\/index.php\/category\/cintillo\/"},"img":{"alt_text":"","src":"https:\/\/i0.wp.com\/www.grieta.org.mx\/wp-content\/uploads\/2022\/12\/image-25-1.png?resize=350%2C200&ssl=1","width":350,"height":200,"srcset":"https:\/\/i0.wp.com\/www.grieta.org.mx\/wp-content\/uploads\/2022\/12\/image-25-1.png?resize=350%2C200&ssl=1 1x, https:\/\/i0.wp.com\/www.grieta.org.mx\/wp-content\/uploads\/2022\/12\/image-25-1.png?resize=525%2C300&ssl=1 1.5x"},"classes":[]},{"id":57840,"url":"https:\/\/www.grieta.org.mx\/index.php\/2021\/03\/16\/hay-399-mujeres-desaparecidas-en-colima-segun-el-fiscal-ninguna-es-por-trata\/","url_meta":{"origin":57342,"position":3},"title":"Hay 399 mujeres desaparecidas en Colima, seg\u00fan el Fiscal ninguna es por trata","author":"grieta","date":"16 marzo, 2021","format":false,"excerpt":"Imagen: Diario Avanzada Heidi de Le\u00f3n Guti\u00e9rrez \/ Diario Avanzada Colima, M\u00e9xico, Avanzada (16\/03\/2021).- En el estado de Colima existen 399 mujeres desaparecidas, de las cuales 105 son adolescentes o menores de edad, seg\u00fan los datos m\u00e1s actualizados con los que cuenta la secretar\u00eda de Gobernaci\u00f3n. La cifra anterior se\u2026","rel":"","context":"En &quot;CINTILLO&quot;","block_context":{"text":"CINTILLO","link":"https:\/\/www.grieta.org.mx\/index.php\/category\/cintillo\/"},"img":{"alt_text":"","src":"https:\/\/i0.wp.com\/www.grieta.org.mx\/wp-content\/uploads\/2021\/03\/159821306_436976120888799_9136011263406433812_n.jpg?resize=350%2C200&ssl=1","width":350,"height":200,"srcset":"https:\/\/i0.wp.com\/www.grieta.org.mx\/wp-content\/uploads\/2021\/03\/159821306_436976120888799_9136011263406433812_n.jpg?resize=350%2C200&ssl=1 1x, https:\/\/i0.wp.com\/www.grieta.org.mx\/wp-content\/uploads\/2021\/03\/159821306_436976120888799_9136011263406433812_n.jpg?resize=525%2C300&ssl=1 1.5x, https:\/\/i0.wp.com\/www.grieta.org.mx\/wp-content\/uploads\/2021\/03\/159821306_436976120888799_9136011263406433812_n.jpg?resize=700%2C400&ssl=1 2x, https:\/\/i0.wp.com\/www.grieta.org.mx\/wp-content\/uploads\/2021\/03\/159821306_436976120888799_9136011263406433812_n.jpg?resize=1050%2C600&ssl=1 3x"},"classes":[]},{"id":69557,"url":"https:\/\/www.grieta.org.mx\/index.php\/2024\/08\/28\/colima-ocupa-el-sexto-lugar-en-corrupcion-de-menores\/","url_meta":{"origin":57342,"position":4},"title":"Colima ocupa el sexto lugar en corrupci\u00f3n de menores","author":"grieta","date":"28 agosto, 2024","format":false,"excerpt":"Imagen: Diario Avanzada Heidi de Le\u00f3n Guti\u00e9rrez \/ Diario Avanzada Colima, M\u00e9xico, Avanzada (28\/08\/2024).- Colima se encuentra en el sexto lugar a nivel nacional en casos de corrupci\u00f3n de menores, un delito que ha cobrado relevancia en la entidad. Este a\u00f1o, se han registrado 13 casos, lo que coloca a\u2026","rel":"","context":"En &quot;CINTILLO&quot;","block_context":{"text":"CINTILLO","link":"https:\/\/www.grieta.org.mx\/index.php\/category\/cintillo\/"},"img":{"alt_text":"","src":"https:\/\/i0.wp.com\/www.grieta.org.mx\/wp-content\/uploads\/2024\/09\/aaa-21.jpg?resize=350%2C200&ssl=1","width":350,"height":200,"srcset":"https:\/\/i0.wp.com\/www.grieta.org.mx\/wp-content\/uploads\/2024\/09\/aaa-21.jpg?resize=350%2C200&ssl=1 1x, https:\/\/i0.wp.com\/www.grieta.org.mx\/wp-content\/uploads\/2024\/09\/aaa-21.jpg?resize=525%2C300&ssl=1 1.5x, https:\/\/i0.wp.com\/www.grieta.org.mx\/wp-content\/uploads\/2024\/09\/aaa-21.jpg?resize=700%2C400&ssl=1 2x"},"classes":[]},{"id":71623,"url":"https:\/\/www.grieta.org.mx\/index.php\/2025\/04\/30\/dia-del-nino-en-colima-mas-balas-que-juegos\/","url_meta":{"origin":57342,"position":5},"title":"D\u00eda del Ni\u00f1o en Colima: m\u00e1s balas que juegos","author":"grieta","date":"30 abril, 2025","format":false,"excerpt":"Imagen: Diario Avanzada Heidi de Le\u00f3n Guti\u00e9rrez \/ Diario Avanzada Colima, M\u00e9xico, Avanzada (30\/04\/2025).- En el marco de la celebraci\u00f3n del D\u00eda del Ni\u00f1o, Colima no tiene mucho que festejar. Las infancias en la entidad enfrentan \u00a0la violencia, el crimen organizado y la desaparici\u00f3n. Los hechos anteriores se han convertido\u2026","rel":"","context":"En &quot;CINTILLO&quot;","block_context":{"text":"CINTILLO","link":"https:\/\/www.grieta.org.mx\/index.php\/category\/cintillo\/"},"img":{"alt_text":"","src":"https:\/\/i0.wp.com\/www.grieta.org.mx\/wp-content\/uploads\/2025\/05\/35f04a10-6e20-4b56-93db-5e43b3ac4158-1.png?resize=350%2C200&ssl=1","width":350,"height":200,"srcset":"https:\/\/i0.wp.com\/www.grieta.org.mx\/wp-content\/uploads\/2025\/05\/35f04a10-6e20-4b56-93db-5e43b3ac4158-1.png?resize=350%2C200&ssl=1 1x, https:\/\/i0.wp.com\/www.grieta.org.mx\/wp-content\/uploads\/2025\/05\/35f04a10-6e20-4b56-93db-5e43b3ac4158-1.png?resize=525%2C300&ssl=1 1.5x, https:\/\/i0.wp.com\/www.grieta.org.mx\/wp-content\/uploads\/2025\/05\/35f04a10-6e20-4b56-93db-5e43b3ac4158-1.png?resize=700%2C400&ssl=1 2x"},"classes":[]}],"_links":{"self":[{"href":"https:\/\/www.grieta.org.mx\/index.php\/wp-json\/wp\/v2\/posts\/57342","targetHints":{"allow":["GET"]}}],"collection":[{"href":"https:\/\/www.grieta.org.mx\/index.php\/wp-json\/wp\/v2\/posts"}],"about":[{"href":"https:\/\/www.grieta.org.mx\/index.php\/wp-json\/wp\/v2\/types\/post"}],"author":[{"embeddable":true,"href":"https:\/\/www.grieta.org.mx\/index.php\/wp-json\/wp\/v2\/users\/2"}],"replies":[{"embeddable":true,"href":"https:\/\/www.grieta.org.mx\/index.php\/wp-json\/wp\/v2\/comments?post=57342"}],"version-history":[{"count":1,"href":"https:\/\/www.grieta.org.mx\/index.php\/wp-json\/wp\/v2\/posts\/57342\/revisions"}],"predecessor-version":[{"id":57344,"href":"https:\/\/www.grieta.org.mx\/index.php\/wp-json\/wp\/v2\/posts\/57342\/revisions\/57344"}],"wp:featuredmedia":[{"embeddable":true,"href":"https:\/\/www.grieta.org.mx\/index.php\/wp-json\/wp\/v2\/media\/57343"}],"wp:attachment":[{"href":"https:\/\/www.grieta.org.mx\/index.php\/wp-json\/wp\/v2\/media?parent=57342"}],"wp:term":[{"taxonomy":"category","embeddable":true,"href":"https:\/\/www.grieta.org.mx\/index.php\/wp-json\/wp\/v2\/categories?post=57342"},{"taxonomy":"post_tag","embeddable":true,"href":"https:\/\/www.grieta.org.mx\/index.php\/wp-json\/wp\/v2\/tags?post=57342"}],"curies":[{"name":"wp","href":"https:\/\/api.w.org\/{rel}","templated":true}]}}