{"id":5729,"date":"2015-11-01T17:56:17","date_gmt":"2015-11-01T17:56:17","guid":{"rendered":"http:\/\/50.22.11.12\/~grietaor\/?p=5729"},"modified":"2016-03-27T17:59:10","modified_gmt":"2016-03-27T17:59:10","slug":"5-mil-personas-marcharon-contra-feminicidios-en-cancun","status":"publish","type":"post","link":"https:\/\/www.grieta.org.mx\/index.php\/2015\/11\/01\/5-mil-personas-marcharon-contra-feminicidios-en-cancun\/","title":{"rendered":"5 mil personas marcharon contra feminicidios en Canc\u00fan"},"content":{"rendered":"<p>CANC\u00daN.- M\u00e1s de cinco mil personas al grito de \u201cjusticia, justicia\u201d en la explanada municipal, exigieron a representantes de los tres \u00f3rdenes de gobierno poner fin a los feminicidios en este centro vacacional y reiteraron la urgencia de poner en la agenda este il\u00edcito.<\/p>\n<p>En un mitin que se realiz\u00f3 en la Plaza de la Reforma, al que antecedi\u00f3 una marcha silenciosa de casi dos horas a lo largo de dos de las principales avenidas de este centro vacacional, estudiantes de la Universidad del Caribe, dieron lectura a un pliego petitorio de ocho puntos, entre los que destac\u00f3 el dar seguimiento real al caso de Karen Carrasco, estudiante de esa casa de estudios, asesinada esta semana de manera violenta, adem\u00e1s de haber sido abusada sexualmente.<\/p>\n<p>Adem\u00e1s se exigi\u00f3 el seguimiento de todos los casos anteriores a trav\u00e9s del principio de justicia, verdad y transparencia.<\/p>\n<p>El colectivo estudiantil demand\u00f3 al gobierno del estado ejercer los recursos necesarios para crear condiciones a la poblaci\u00f3n a fin de vivir de manera segura y sin violencia de g\u00e9nero, as\u00ed como que los resultados de las investigaciones salgan a la luz y se emitan informes cada lunes sobre el caso de Karen hasta que se resuelva.<\/p>\n<p>Se hizo \u00e9nfasis en la ineficiencia de las autoridades de la Procuradur\u00eda de Justicia del Estado para atender la problem\u00e1tica y demandaron al gobierno \u201cdejar de gastar en publicidad falsa y enga\u00f1osa sobre la realidad de este destino, y utilizar los recursos en recuperar los espacios y lotes abandonados, entre ellos en el que fue asesinada nuestra compa\u00f1era\u201d.<\/p>\n<p>Finalmente, solicitaron que no haya represalias en contra de personas e instituciones que participaron en la protesta pac\u00edfica.<\/p>\n<p>Al llegar alrededor de las seis de la tarde a la explanada, el contingente se top\u00f3 con una Plaza de la Reforma ocupada por las actividades del D\u00eda de Muertos, aunque al final se les cedi\u00f3 el espacio para el mitin, sin que hubiera contratiempos.<\/p>\n<p>La activista Tere Carmona asever\u00f3 que \u201cantes de justicia necesitamos verdad, pues no vivimos en el para\u00edso, es una ilusi\u00f3n y una mentira que pretenden vender como marca\u201d. Calific\u00f3 a la autoridad como inepta e insensible y exigi\u00f3 que la muerte de Karen se tipifique como feminicidio y se trate como tal, adem\u00e1s \u201cexigimos que esta forma de violencia contra las mujeres se active como alerta de g\u00e9nero en Quintana Roo\u201d.<\/p>\n<p>El contingente de m\u00e1s de cinco mil personas, encabezado por estudiantes de la Universidad del Caribe realiz\u00f3 previamente una caminata en silencio para exigir un alto a los feminicidios en Canc\u00fan.<\/p>\n<p>Con una gran manta en la que se destac\u00f3 la leyenda \u201cKaren no est\u00e1s sola\u201d el derrotero parti\u00f3 de la c\u00e9ntrica avenida Bonampak, a la altura del centro comercial m\u00e1s importante de la ciudad, para seguir a lo largo de la Avenida Tulum hasta el palacio municipal.<\/p>\n<p>La marcha se organiz\u00f3 para exigir justicia en torno al reciente asesinato de la estudiante de 19 a\u00f1os, adem\u00e1s de otros casos que han quedado impunes.<\/p>\n<p>A la convocatoria masiva, que por primera vez se hace contra el feminicidio en el principal destino tur\u00edstico del pa\u00eds, se sumaron otras universidades y centros estudiantiles, adem\u00e1s de organizaciones civiles y la comunidad cancunense.<\/p>\n<p><a href=\"http:\/\/www.elfinanciero.com.mx\/nacional\/mil-personas-marcharon-contra-feminicidios-en-cancun.html\" target=\"_blank\">www.elfinanciero.com.mx\/nacional\/mil-personas-marcharon-contra-feminicidios-en-cancun.html<\/a><\/p>\n","protected":false},"excerpt":{"rendered":"<p>CANC\u00daN.- M\u00e1s de cinco mil personas al grito de \u201cjusticia, justicia\u201d en la explanada municipal, exigieron a representantes de los tres \u00f3rdenes de gobierno poner fin a los feminicidios en &hellip; <a href=\"https:\/\/www.grieta.org.mx\/index.php\/2015\/11\/01\/5-mil-personas-marcharon-contra-feminicidios-en-cancun\/\" class=\"more-link\">Leer m\u00e1s<\/a><\/p>\n","protected":false},"author":2,"featured_media":21928,"comment_status":"closed","ping_status":"open","sticky":false,"template":"","format":"standard","meta":{"ngg_post_thumbnail":0,"_jetpack_newsletter_access":"","_jetpack_dont_email_post_to_subs":false,"_jetpack_newsletter_tier_id":0,"_jetpack_memberships_contains_paywalled_content":false,"_jetpack_memberships_contains_paid_content":false,"footnotes":""},"categories":[80,151],"tags":[81],"class_list":["post-5729","post","type-post","status-publish","format-standard","has-post-thumbnail","hentry","category-cintillo","category-quintana-roo","tag-feminicidios","entry"],"jetpack_featured_media_url":"https:\/\/www.grieta.org.mx\/wp-content\/uploads\/2018\/03\/14524434_1106112876131411_958039263622046936_o.jpg","jetpack_sharing_enabled":true,"jetpack_shortlink":"https:\/\/wp.me\/p7ZJR4-1up","jetpack_likes_enabled":false,"jetpack-related-posts":[{"id":5710,"url":"https:\/\/www.grieta.org.mx\/index.php\/2016\/08\/03\/feminicidios-en-quintana-roo\/","url_meta":{"origin":5729,"position":0},"title":"Feminicidios en Quintana Roo","author":"grieta","date":"3 agosto, 2016","format":false,"excerpt":"03\/08\/16. Otro feminicidio en Canc\u00fan y otra manifestaci\u00f3n ignorada por las autoridades NoticaribeNews 25\/07\/16. Feminicidios o no; siguen matando mujeres en Canc\u00fan y la Riviera Maya. Una decena de casos en lo que va del a\u00f1o NoticaribeNews 24\/04\/16. Alcanzan feminicidios a mujeres extranjeras en la Riviera Maya. Detienen a sujeto\u2026","rel":"","context":"En &quot;Feminicidios&quot;","block_context":{"text":"Feminicidios","link":"https:\/\/www.grieta.org.mx\/index.php\/category\/temas-nacionales\/feminicidios\/"},"img":{"alt_text":"","src":"https:\/\/i0.wp.com\/www.grieta.org.mx\/wp-content\/uploads\/2018\/03\/14524434_1106112876131411_958039263622046936_o.jpg?resize=350%2C200&ssl=1","width":350,"height":200,"srcset":"https:\/\/i0.wp.com\/www.grieta.org.mx\/wp-content\/uploads\/2018\/03\/14524434_1106112876131411_958039263622046936_o.jpg?resize=350%2C200&ssl=1 1x, https:\/\/i0.wp.com\/www.grieta.org.mx\/wp-content\/uploads\/2018\/03\/14524434_1106112876131411_958039263622046936_o.jpg?resize=525%2C300&ssl=1 1.5x, https:\/\/i0.wp.com\/www.grieta.org.mx\/wp-content\/uploads\/2018\/03\/14524434_1106112876131411_958039263622046936_o.jpg?resize=700%2C400&ssl=1 2x"},"classes":[]},{"id":23810,"url":"https:\/\/www.grieta.org.mx\/index.php\/2018\/06\/18\/estudiantes-protestan-por-violencia-y-feminicidios-en-cancun\/","url_meta":{"origin":5729,"position":1},"title":"Estudiantes protestan por violencia y feminicidios en Canc\u00fan","author":"grieta","date":"18 junio, 2018","format":false,"excerpt":"CANC\u00daN, Q.ROO.- Estudiantes y familiares de v\u00edctimas de violencia contra la mujer protestaron a la afueras del Ayuntamiento de Benito Ju\u00e1rez para exigir que las autoridades investiguen a profundidad y parar la violencia en el destino tur\u00edstico. Con mantas que exig\u00edan justicia para las v\u00edctimas de feminicidios m\u00e1s de 20\u2026","rel":"","context":"En &quot;CINTILLO&quot;","block_context":{"text":"CINTILLO","link":"https:\/\/www.grieta.org.mx\/index.php\/category\/cintillo\/"},"img":{"alt_text":"","src":"https:\/\/i0.wp.com\/www.grieta.org.mx\/wp-content\/uploads\/2018\/06\/ProtestaFeminicidiosCancun2.png?resize=350%2C200&ssl=1","width":350,"height":200,"srcset":"https:\/\/i0.wp.com\/www.grieta.org.mx\/wp-content\/uploads\/2018\/06\/ProtestaFeminicidiosCancun2.png?resize=350%2C200&ssl=1 1x, https:\/\/i0.wp.com\/www.grieta.org.mx\/wp-content\/uploads\/2018\/06\/ProtestaFeminicidiosCancun2.png?resize=525%2C300&ssl=1 1.5x"},"classes":[]},{"id":13334,"url":"https:\/\/www.grieta.org.mx\/index.php\/2016\/05\/30\/registra-zacatecas-13-feminicidios-en-2016\/","url_meta":{"origin":5729,"position":2},"title":"Registra Zacatecas 13 feminicidios en 2016","author":"grieta","date":"30 mayo, 2016","format":false,"excerpt":"CLAUDIA BELMONTES | NTRZACATECAS.COM Zacatecas.- En lo que va del a\u00f1o se han registrado 13 feminicidios en el estado, de los cuales, 4 se dieron en mayo, inform\u00f3 Mara Mu\u00f1oz Galv\u00e1n, directora del Centro de Justicia para las Mujeres de la Procuradur\u00eda General de Justicia del Estado (PGJE). Asegur\u00f3 que\u2026","rel":"","context":"En &quot;CINTILLO&quot;","block_context":{"text":"CINTILLO","link":"https:\/\/www.grieta.org.mx\/index.php\/category\/cintillo\/"},"img":{"alt_text":"","src":"https:\/\/i0.wp.com\/www.grieta.org.mx\/wp-content\/uploads\/2016\/05\/f2.jpg?resize=350%2C200&ssl=1","width":350,"height":200,"srcset":"https:\/\/i0.wp.com\/www.grieta.org.mx\/wp-content\/uploads\/2016\/05\/f2.jpg?resize=350%2C200&ssl=1 1x, https:\/\/i0.wp.com\/www.grieta.org.mx\/wp-content\/uploads\/2016\/05\/f2.jpg?resize=525%2C300&ssl=1 1.5x, https:\/\/i0.wp.com\/www.grieta.org.mx\/wp-content\/uploads\/2016\/05\/f2.jpg?resize=700%2C400&ssl=1 2x"},"classes":[]},{"id":5724,"url":"https:\/\/www.grieta.org.mx\/index.php\/2015\/11\/02\/miles-marchan-en-cancun-contra-feminicidios-y-horas-despues-asesinan-a-otra-mujer\/","url_meta":{"origin":5729,"position":3},"title":"Miles marchan en Canc\u00fan contra feminicidios y horas despu\u00e9s asesinan a otra mujer","author":"grieta","date":"2 noviembre, 2015","format":false,"excerpt":"Ciudad de M\u00e9xico, 2 de noviembre (SinEmbargo).- Unas cuantas horas despu\u00e9s de que aproximadamente 5 mil personas marcharon contra los feminicidios en Canc\u00fan, Quintana Roo, una joven fue encontrada apu\u00f1alada hoy por la ma\u00f1ana, con lo que ya suman tres homicidios de mujeres en menos de un mes. Ayer, la\u2026","rel":"","context":"En &quot;CINTILLO&quot;","block_context":{"text":"CINTILLO","link":"https:\/\/www.grieta.org.mx\/index.php\/category\/cintillo\/"},"img":{"alt_text":"","src":"https:\/\/i0.wp.com\/www.grieta.org.mx\/wp-content\/uploads\/2018\/03\/14524434_1106112876131411_958039263622046936_o.jpg?resize=350%2C200&ssl=1","width":350,"height":200,"srcset":"https:\/\/i0.wp.com\/www.grieta.org.mx\/wp-content\/uploads\/2018\/03\/14524434_1106112876131411_958039263622046936_o.jpg?resize=350%2C200&ssl=1 1x, https:\/\/i0.wp.com\/www.grieta.org.mx\/wp-content\/uploads\/2018\/03\/14524434_1106112876131411_958039263622046936_o.jpg?resize=525%2C300&ssl=1 1.5x, https:\/\/i0.wp.com\/www.grieta.org.mx\/wp-content\/uploads\/2018\/03\/14524434_1106112876131411_958039263622046936_o.jpg?resize=700%2C400&ssl=1 2x"},"classes":[]},{"id":50621,"url":"https:\/\/www.grieta.org.mx\/index.php\/2020\/05\/20\/la-pandemia-de-mano-de-la-violencia-intrafamiliar-quintana-roo\/","url_meta":{"origin":5729,"position":4},"title":"La pandemia de mano de la violencia intrafamiliar (Quintana Roo)","author":"grieta","date":"20 mayo, 2020","format":false,"excerpt":"RUB\u00c9N TORRES \/ Luces del Siglo Violencia intrafamiliar; supera los mil 770 que tiene Yucat\u00e1n y los mil 800 de Campeche CANC\u00daN, Q. ROO.- La letalidad del Covid-19 va de la mano con el incremento de 23 por ciento de las llamadas de auxilio al 911, sobre violencia familiar en\u2026","rel":"","context":"En &quot;CINTILLO&quot;","block_context":{"text":"CINTILLO","link":"https:\/\/www.grieta.org.mx\/index.php\/category\/cintillo\/"},"img":{"alt_text":"","src":"https:\/\/i0.wp.com\/www.grieta.org.mx\/wp-content\/uploads\/2020\/06\/4A-N2-LLAMADAS-AUXILIO.jpeg?resize=350%2C200&ssl=1","width":350,"height":200,"srcset":"https:\/\/i0.wp.com\/www.grieta.org.mx\/wp-content\/uploads\/2020\/06\/4A-N2-LLAMADAS-AUXILIO.jpeg?resize=350%2C200&ssl=1 1x, https:\/\/i0.wp.com\/www.grieta.org.mx\/wp-content\/uploads\/2020\/06\/4A-N2-LLAMADAS-AUXILIO.jpeg?resize=525%2C300&ssl=1 1.5x"},"classes":[]},{"id":56198,"url":"https:\/\/www.grieta.org.mx\/index.php\/2021\/01\/09\/feministas-se-manifiestan-para-recordar-represion-policial-en-cancun\/","url_meta":{"origin":5729,"position":5},"title":"Feministas se manifiestan para recordar represi\u00f3n policial en Canc\u00fan","author":"grieta","date":"9 enero, 2021","format":false,"excerpt":"Alonso Cupul \/ MegaNews CANC\u00daN.- Nuevamente el Palacio Municipal de Benito Ju\u00e1rez y la Plaza de la Reforma, se convirtieron en el escenario de una manifestaci\u00f3n feminista para recordar la represi\u00f3n policial del pasado 9 de noviembre del 2020, cuando decenas de mujeres y hombres ped\u00edan justicia por los feminicidios.\u2026","rel":"","context":"En &quot;CINTILLO&quot;","block_context":{"text":"CINTILLO","link":"https:\/\/www.grieta.org.mx\/index.php\/category\/cintillo\/"},"img":{"alt_text":"","src":"https:\/\/i0.wp.com\/www.grieta.org.mx\/wp-content\/uploads\/2021\/01\/FeministasCancun.png?resize=350%2C200&ssl=1","width":350,"height":200,"srcset":"https:\/\/i0.wp.com\/www.grieta.org.mx\/wp-content\/uploads\/2021\/01\/FeministasCancun.png?resize=350%2C200&ssl=1 1x, https:\/\/i0.wp.com\/www.grieta.org.mx\/wp-content\/uploads\/2021\/01\/FeministasCancun.png?resize=525%2C300&ssl=1 1.5x, https:\/\/i0.wp.com\/www.grieta.org.mx\/wp-content\/uploads\/2021\/01\/FeministasCancun.png?resize=700%2C400&ssl=1 2x"},"classes":[]}],"_links":{"self":[{"href":"https:\/\/www.grieta.org.mx\/index.php\/wp-json\/wp\/v2\/posts\/5729","targetHints":{"allow":["GET"]}}],"collection":[{"href":"https:\/\/www.grieta.org.mx\/index.php\/wp-json\/wp\/v2\/posts"}],"about":[{"href":"https:\/\/www.grieta.org.mx\/index.php\/wp-json\/wp\/v2\/types\/post"}],"author":[{"embeddable":true,"href":"https:\/\/www.grieta.org.mx\/index.php\/wp-json\/wp\/v2\/users\/2"}],"replies":[{"embeddable":true,"href":"https:\/\/www.grieta.org.mx\/index.php\/wp-json\/wp\/v2\/comments?post=5729"}],"version-history":[{"count":1,"href":"https:\/\/www.grieta.org.mx\/index.php\/wp-json\/wp\/v2\/posts\/5729\/revisions"}],"predecessor-version":[{"id":5733,"href":"https:\/\/www.grieta.org.mx\/index.php\/wp-json\/wp\/v2\/posts\/5729\/revisions\/5733"}],"wp:featuredmedia":[{"embeddable":true,"href":"https:\/\/www.grieta.org.mx\/index.php\/wp-json\/wp\/v2\/media\/21928"}],"wp:attachment":[{"href":"https:\/\/www.grieta.org.mx\/index.php\/wp-json\/wp\/v2\/media?parent=5729"}],"wp:term":[{"taxonomy":"category","embeddable":true,"href":"https:\/\/www.grieta.org.mx\/index.php\/wp-json\/wp\/v2\/categories?post=5729"},{"taxonomy":"post_tag","embeddable":true,"href":"https:\/\/www.grieta.org.mx\/index.php\/wp-json\/wp\/v2\/tags?post=5729"}],"curies":[{"name":"wp","href":"https:\/\/api.w.org\/{rel}","templated":true}]}}