{"id":57276,"date":"2021-02-26T20:52:32","date_gmt":"2021-02-27T02:52:32","guid":{"rendered":"http:\/\/www.grieta.org.mx\/?p=57276"},"modified":"2021-03-01T21:09:12","modified_gmt":"2021-03-02T03:09:12","slug":"nos-estan-arrebatando-la-vida-de-quienes-mas-amamos-colima","status":"publish","type":"post","link":"https:\/\/www.grieta.org.mx\/index.php\/2021\/02\/26\/nos-estan-arrebatando-la-vida-de-quienes-mas-amamos-colima\/","title":{"rendered":"\u201cNos est\u00e1n arrebatando la vida de quienes m\u00e1s amamos\u201d (Colima)"},"content":{"rendered":"<p><img loading=\"lazy\" decoding=\"async\" data-attachment-id=\"57277\" data-permalink=\"https:\/\/www.grieta.org.mx\/index.php\/2021\/02\/26\/nos-estan-arrebatando-la-vida-de-quienes-mas-amamos-colima\/red\/\" data-orig-file=\"https:\/\/www.grieta.org.mx\/wp-content\/uploads\/2021\/03\/red.png\" data-orig-size=\"496,604\" data-comments-opened=\"0\" data-image-meta=\"{&quot;aperture&quot;:&quot;0&quot;,&quot;credit&quot;:&quot;&quot;,&quot;camera&quot;:&quot;&quot;,&quot;caption&quot;:&quot;&quot;,&quot;created_timestamp&quot;:&quot;0&quot;,&quot;copyright&quot;:&quot;&quot;,&quot;focal_length&quot;:&quot;0&quot;,&quot;iso&quot;:&quot;0&quot;,&quot;shutter_speed&quot;:&quot;0&quot;,&quot;title&quot;:&quot;&quot;,&quot;orientation&quot;:&quot;0&quot;}\" data-image-title=\"red\" data-image-description=\"\" data-image-caption=\"\" data-medium-file=\"https:\/\/www.grieta.org.mx\/wp-content\/uploads\/2021\/03\/red-246x300.png\" data-large-file=\"https:\/\/www.grieta.org.mx\/wp-content\/uploads\/2021\/03\/red.png\" class=\"size-full wp-image-57277 aligncenter\" src=\"http:\/\/www.grieta.org.mx\/wp-content\/uploads\/2021\/03\/red.png\" alt=\"\" width=\"496\" height=\"604\" srcset=\"https:\/\/www.grieta.org.mx\/wp-content\/uploads\/2021\/03\/red.png 496w, https:\/\/www.grieta.org.mx\/wp-content\/uploads\/2021\/03\/red-246x300.png 246w, https:\/\/www.grieta.org.mx\/wp-content\/uploads\/2021\/03\/red-411x500.png 411w\" sizes=\"auto, (max-width: 496px) 100vw, 496px\" \/><\/p>\n<p>Imagen: Diario Avanzada<\/p>\n<p>Heidi de Le\u00f3n Guti\u00e9rrez \/ Diario Avanzada<\/p>\n<p>Colima, M\u00e9xico, Avanzada (26\/02\/2021).- Las fotograf\u00edas de los desaparecidos en Colima inundan las redes sociales. La tragedia se cuenta por decenas, por centenas hasta llegar a\u00a0las mil 400 denuncias en la entidad.<\/p>\n<p>Ante ese hecho, integrantes de la Red de Desaparecidos se\u00f1alaron que en la entidad hay un estado fallido,\u00a0que tiene m\u00e1s de mil 400 denuncias por desaparici\u00f3n.<\/p>\n<p>El posicionamiento en la p\u00e1gina de la Red se hizo tras la localizaci\u00f3n de los cuerpos sin vida de tres j\u00f3venes que desaparecieron cuando se dirig\u00edan a una fiesta en Manzanillo y fueron localizados semienterrados en una fosa clandestina de la comunidad de El Chavar\u00edn.<\/p>\n<p>En el mismo escrito se menciona la indolencia de la autoridad para resolver los casos de desaparici\u00f3n\u00a0y tambi\u00e9n se se\u00f1ala que en Colima, \u201cnos est\u00e1n arrebatando lo que m\u00e1s amamos\u201d.<\/p>\n<p>En la publicaci\u00f3n aparece la fotograf\u00eda de los tres j\u00f3venes que fueron localizados asesinados y tambi\u00e9n, las im\u00e1genes de David Verduzco y sus dos amigos, quienes desaparecieron hace 3 a\u00f1os y 9 meses.<\/p>\n<p>En dicha publicaci\u00f3n, la Red lament\u00f3 que en el caso de David y sus amigos, el Ministerio P\u00fablico no haya priorizado la investigaci\u00f3n y por ende, hasta la fecha contin\u00faan desaparecidos.<\/p>\n<p>Sobre el hallazgo de los tres j\u00f3venes en una fosa en Manzanillo, la Red puntualiz\u00f3: \u201cHoy estoy de luto, un luto que no es m\u00edo y me duele tener que agradecer a la vida, a Dios,\u00a0al universo o a lo que sea que mueva lo bueno, porque estos j\u00f3venes ya tienen un lugar donde descansar, s\u00ed, s\u00ed es de locos tener que agradecer un asesinato. Pero en un estado fallido con m\u00e1s de 1400 denuncias por desaparici\u00f3n y a\u00f1os de dolor para quienes lo enfrentan, el saber que encontraron a su familiar ya es un gran consuelo. Ya tienen paz sus padres, Dios perm\u00edtenos encontrar la nuestra\u201d concluye el mensaje.<\/p>\n<p><a href=\"https:\/\/www.diarioavanzada.com.mx\/?p=20380\">https:\/\/www.diarioavanzada.com.mx\/?p=20380<\/a><\/p>\n","protected":false},"excerpt":{"rendered":"<p>Imagen: Diario Avanzada Heidi de Le\u00f3n Guti\u00e9rrez \/ Diario Avanzada Colima, M\u00e9xico, Avanzada (26\/02\/2021).- Las fotograf\u00edas de los desaparecidos en Colima inundan las redes sociales. La tragedia se cuenta por &hellip; <a href=\"https:\/\/www.grieta.org.mx\/index.php\/2021\/02\/26\/nos-estan-arrebatando-la-vida-de-quienes-mas-amamos-colima\/\" class=\"more-link\">Leer m\u00e1s<\/a><\/p>\n","protected":false},"author":2,"featured_media":57277,"comment_status":"closed","ping_status":"closed","sticky":false,"template":"","format":"standard","meta":{"ngg_post_thumbnail":0,"_jetpack_newsletter_access":"","_jetpack_dont_email_post_to_subs":false,"_jetpack_newsletter_tier_id":0,"_jetpack_memberships_contains_paywalled_content":false,"_jetpack_memberships_contains_paid_content":false,"footnotes":""},"categories":[80,13,87,1829,2,83],"tags":[1828,3018,1668,3509],"class_list":["post-57276","post","type-post","status-publish","format-standard","has-post-thumbnail","hentry","category-cintillo","category-colima","category-desaparecidos","category-desaparecidos-en-colima","category-noticias-nacionales","category-temas-nacionales","tag-busqueda-de-desaparecidos","tag-colectivos-de-busqueda-de-desaparecidos","tag-familiares-de-desaparecidos","tag-red-de-desaparecidos","entry"],"jetpack_featured_media_url":"https:\/\/www.grieta.org.mx\/wp-content\/uploads\/2021\/03\/red.png","jetpack_sharing_enabled":true,"jetpack_shortlink":"https:\/\/wp.me\/p7ZJR4-eTO","jetpack_likes_enabled":false,"jetpack-related-posts":[{"id":60398,"url":"https:\/\/www.grieta.org.mx\/index.php\/2021\/07\/06\/familias-de-colima-recorren-jalisco-buscando-a-sus-desaparecidos\/","url_meta":{"origin":57276,"position":0},"title":"Familias de Colima recorren Jalisco buscando a sus desaparecidos","author":"grieta","date":"6 julio, 2021","format":false,"excerpt":"Foto:\u00a0 Diario Avanzada Heidi de Le\u00f3n Guti\u00e9rrez \/ Diario Avanzada Colima, M\u00e9xico, Avanzada (06\/07\/2021).- Integrantes de la Red de Personas Desaparecidas en Colima se encuentran en Jalisco para buscar a sus familiares \u00a0en hospitales, albergues,\u00a0 centros penitenciarios \u00a0y en distintos puntos de esa entidad como parte de la Jornada Nacional\u2026","rel":"","context":"En &quot;CINTILLO&quot;","block_context":{"text":"CINTILLO","link":"https:\/\/www.grieta.org.mx\/index.php\/category\/cintillo\/"},"img":{"alt_text":"","src":"https:\/\/i0.wp.com\/www.grieta.org.mx\/wp-content\/uploads\/2021\/07\/Des.png?resize=350%2C200&ssl=1","width":350,"height":200},"classes":[]},{"id":55616,"url":"https:\/\/www.grieta.org.mx\/index.php\/2020\/12\/02\/ante-el-desamparo-gubernamental-familiares-de-desaparecidos-buscan-donaciones-colima\/","url_meta":{"origin":57276,"position":1},"title":"Ante el desamparo gubernamental, familiares de desaparecidos buscan donaciones (Colima)","author":"grieta","date":"2 diciembre, 2020","format":false,"excerpt":"Foto: Diario Avanzada Heidi de Le\u00f3n Guti\u00e9rrez \/ Diario Avanzada Colima, M\u00e9xico, Avanzada (2\/12\/2020).- Integrantes de la Red de Desaparecidos en el Estado de Colima solicitaron el apoyo econ\u00f3mico o en especie de la poblaci\u00f3n para poder comprar instrumentos que necesitan para las b\u00fasquedas que realizan en diferentes partes de\u2026","rel":"","context":"En &quot;CINTILLO&quot;","block_context":{"text":"CINTILLO","link":"https:\/\/www.grieta.org.mx\/index.php\/category\/cintillo\/"},"img":{"alt_text":"","src":"https:\/\/i0.wp.com\/www.grieta.org.mx\/wp-content\/uploads\/2020\/12\/image-3.png?resize=350%2C200&ssl=1","width":350,"height":200,"srcset":"https:\/\/i0.wp.com\/www.grieta.org.mx\/wp-content\/uploads\/2020\/12\/image-3.png?resize=350%2C200&ssl=1 1x, https:\/\/i0.wp.com\/www.grieta.org.mx\/wp-content\/uploads\/2020\/12\/image-3.png?resize=525%2C300&ssl=1 1.5x"},"classes":[]},{"id":61771,"url":"https:\/\/www.grieta.org.mx\/index.php\/2021\/09\/14\/colectivo-de-busqueda-de-personas-desaparecidas-lanza-campana-titulada-colima-fosa-comun\/","url_meta":{"origin":57276,"position":2},"title":"Colectivo de B\u00fasqueda de Personas Desaparecidas lanza campa\u00f1a titulada \u201cColima, fosa com\u00fan\u201d","author":"grieta","date":"14 septiembre, 2021","format":false,"excerpt":"Foto: Diario Avanzada Heidi de Le\u00f3n Guti\u00e9rrez \/ Diario Avanzada Colima, M\u00e9xico, Avanzada (14\/09\/2021).- El Colectivo de B\u00fasqueda\u00a0de Personas Desaparecidas acudi\u00f3 a los municipios de Manzanillo y Armer\u00eda donde mostr\u00f3 cientos de fotograf\u00edas de las personas desaparecidas en la entidad, en su mayor\u00eda j\u00f3venes, con la finalidad de mostrarle a\u2026","rel":"","context":"En &quot;CINTILLO&quot;","block_context":{"text":"CINTILLO","link":"https:\/\/www.grieta.org.mx\/index.php\/category\/cintillo\/"},"img":{"alt_text":"","src":"https:\/\/i0.wp.com\/www.grieta.org.mx\/wp-content\/uploads\/2021\/09\/241876284_4180575305399212_479619397822599422_n.jpg?resize=350%2C200&ssl=1","width":350,"height":200,"srcset":"https:\/\/i0.wp.com\/www.grieta.org.mx\/wp-content\/uploads\/2021\/09\/241876284_4180575305399212_479619397822599422_n.jpg?resize=350%2C200&ssl=1 1x, https:\/\/i0.wp.com\/www.grieta.org.mx\/wp-content\/uploads\/2021\/09\/241876284_4180575305399212_479619397822599422_n.jpg?resize=525%2C300&ssl=1 1.5x, https:\/\/i0.wp.com\/www.grieta.org.mx\/wp-content\/uploads\/2021\/09\/241876284_4180575305399212_479619397822599422_n.jpg?resize=700%2C400&ssl=1 2x"},"classes":[]},{"id":67523,"url":"https:\/\/www.grieta.org.mx\/index.php\/2023\/08\/19\/se-manifestaran-por-la-aparicion-con-vida-de-carlos-donaldo-colima\/","url_meta":{"origin":57276,"position":3},"title":"Se manifestar\u00e1n por la aparici\u00f3n con vida de Carlos Donaldo (Colima)","author":"grieta","date":"19 agosto, 2023","format":false,"excerpt":"Imagen: Diario Avanzada Heidi de Le\u00f3n Guti\u00e9rrez \/ Diario Avanzada Colima, M\u00e9xico, Avanzada (19\/08\/2023).- La Red de Desaparecidos en Colima convoc\u00f3 a la sociedad en general a sumarse a la marcha\u00a0por la aparici\u00f3n con vida de Carlos Donaldo Campos Sep\u00falveda, quien fue privado de su libertad el 20 de agosto\u2026","rel":"","context":"En &quot;CINTILLO&quot;","block_context":{"text":"CINTILLO","link":"https:\/\/www.grieta.org.mx\/index.php\/category\/cintillo\/"},"img":{"alt_text":"","src":"https:\/\/i0.wp.com\/www.grieta.org.mx\/wp-content\/uploads\/2023\/08\/Carlos-Donaldo.webp?resize=350%2C200&ssl=1","width":350,"height":200},"classes":[]},{"id":45341,"url":"https:\/\/www.grieta.org.mx\/index.php\/2020\/02\/28\/aumenta-la-cantidad-de-personas-desaparecidas-en-colima\/","url_meta":{"origin":57276,"position":4},"title":"Aumenta la cantidad de personas desaparecidas en Colima","author":"grieta","date":"28 febrero, 2020","format":false,"excerpt":"Foto: Diario Avanzada Heisi de Le\u00f3n Guti\u00e9rrez \/ Diario Avanzada Colima, M\u00e9xico, Avanzada (27\/02\/2020).- Daryan Naydelin Garc\u00eda, de 18 a\u00f1os de edad, desapareci\u00f3 en Queser\u00eda el 21 de febrero de este a\u00f1o y ese mismo d\u00eda, pero en Alzada, fue vista por \u00faltima vez Karla Yesenia Ponce Alcaraz. Mientras que\u2026","rel":"","context":"En &quot;CINTILLO&quot;","block_context":{"text":"CINTILLO","link":"https:\/\/www.grieta.org.mx\/index.php\/category\/cintillo\/"},"img":{"alt_text":"","src":"https:\/\/i0.wp.com\/www.grieta.org.mx\/wp-content\/uploads\/2020\/02\/Desaparecidos-en-Colima.jpg?resize=350%2C200&ssl=1","width":350,"height":200,"srcset":"https:\/\/i0.wp.com\/www.grieta.org.mx\/wp-content\/uploads\/2020\/02\/Desaparecidos-en-Colima.jpg?resize=350%2C200&ssl=1 1x, https:\/\/i0.wp.com\/www.grieta.org.mx\/wp-content\/uploads\/2020\/02\/Desaparecidos-en-Colima.jpg?resize=525%2C300&ssl=1 1.5x, https:\/\/i0.wp.com\/www.grieta.org.mx\/wp-content\/uploads\/2020\/02\/Desaparecidos-en-Colima.jpg?resize=700%2C400&ssl=1 2x"},"classes":[]},{"id":64330,"url":"https:\/\/www.grieta.org.mx\/index.php\/2022\/05\/31\/colectivo-exige-cambio-completo-de-quienes-nos-protegen-por-ser-parte-del-crimen-organizado-colima\/","url_meta":{"origin":57276,"position":5},"title":"Colectivo exige cambio completo de qui\u00e9nes nos protegen, por ser \u201cparte del Crimen organizado\u201d (Colima)","author":"grieta","date":"31 mayo, 2022","format":false,"excerpt":"Foto: Diario Avanzada Redacci\u00f3n \/ Diario Avanzada Colima, M\u00e9xico, Avanzada (31\/05\/2022).- La Red de Desaparecidos en Colima A.C. fij\u00f3 un posicionamiento en el que expresaron su indignaci\u00f3n luego de que el vocero Adri\u00e1n Joya revictimizara y violara los derechos humanos de los familiares de personas desaparecidas. En una rueda de\u2026","rel":"","context":"En &quot;CINTILLO&quot;","block_context":{"text":"CINTILLO","link":"https:\/\/www.grieta.org.mx\/index.php\/category\/cintillo\/"},"img":{"alt_text":"","src":"https:\/\/i0.wp.com\/www.grieta.org.mx\/wp-content\/uploads\/2022\/06\/image-211.png?resize=350%2C200&ssl=1","width":350,"height":200,"srcset":"https:\/\/i0.wp.com\/www.grieta.org.mx\/wp-content\/uploads\/2022\/06\/image-211.png?resize=350%2C200&ssl=1 1x, https:\/\/i0.wp.com\/www.grieta.org.mx\/wp-content\/uploads\/2022\/06\/image-211.png?resize=525%2C300&ssl=1 1.5x"},"classes":[]}],"_links":{"self":[{"href":"https:\/\/www.grieta.org.mx\/index.php\/wp-json\/wp\/v2\/posts\/57276","targetHints":{"allow":["GET"]}}],"collection":[{"href":"https:\/\/www.grieta.org.mx\/index.php\/wp-json\/wp\/v2\/posts"}],"about":[{"href":"https:\/\/www.grieta.org.mx\/index.php\/wp-json\/wp\/v2\/types\/post"}],"author":[{"embeddable":true,"href":"https:\/\/www.grieta.org.mx\/index.php\/wp-json\/wp\/v2\/users\/2"}],"replies":[{"embeddable":true,"href":"https:\/\/www.grieta.org.mx\/index.php\/wp-json\/wp\/v2\/comments?post=57276"}],"version-history":[{"count":1,"href":"https:\/\/www.grieta.org.mx\/index.php\/wp-json\/wp\/v2\/posts\/57276\/revisions"}],"predecessor-version":[{"id":57280,"href":"https:\/\/www.grieta.org.mx\/index.php\/wp-json\/wp\/v2\/posts\/57276\/revisions\/57280"}],"wp:featuredmedia":[{"embeddable":true,"href":"https:\/\/www.grieta.org.mx\/index.php\/wp-json\/wp\/v2\/media\/57277"}],"wp:attachment":[{"href":"https:\/\/www.grieta.org.mx\/index.php\/wp-json\/wp\/v2\/media?parent=57276"}],"wp:term":[{"taxonomy":"category","embeddable":true,"href":"https:\/\/www.grieta.org.mx\/index.php\/wp-json\/wp\/v2\/categories?post=57276"},{"taxonomy":"post_tag","embeddable":true,"href":"https:\/\/www.grieta.org.mx\/index.php\/wp-json\/wp\/v2\/tags?post=57276"}],"curies":[{"name":"wp","href":"https:\/\/api.w.org\/{rel}","templated":true}]}}