{"id":57248,"date":"2021-02-22T18:51:38","date_gmt":"2021-02-23T00:51:38","guid":{"rendered":"http:\/\/www.grieta.org.mx\/?p=57248"},"modified":"2021-02-28T18:59:20","modified_gmt":"2021-03-01T00:59:20","slug":"resistir-contra-un-proyecto-que-se-lleno-de-sangre-a-dos-anos-del-asesinato-de-samir-flores","status":"publish","type":"post","link":"https:\/\/www.grieta.org.mx\/index.php\/2021\/02\/22\/resistir-contra-un-proyecto-que-se-lleno-de-sangre-a-dos-anos-del-asesinato-de-samir-flores\/","title":{"rendered":"Resistir contra un proyecto que se llen\u00f3 de sangre: a dos a\u00f1os del asesinato de Samir Flores"},"content":{"rendered":"<p><img loading=\"lazy\" decoding=\"async\" data-attachment-id=\"57249\" data-permalink=\"https:\/\/www.grieta.org.mx\/index.php\/2021\/02\/22\/resistir-contra-un-proyecto-que-se-lleno-de-sangre-a-dos-anos-del-asesinato-de-samir-flores\/samir-y-mega-proyecto-1\/\" data-orig-file=\"https:\/\/www.grieta.org.mx\/wp-content\/uploads\/2021\/02\/Samir-y-mega-proyecto-1.jpeg\" data-orig-size=\"900,506\" data-comments-opened=\"0\" data-image-meta=\"{&quot;aperture&quot;:&quot;0&quot;,&quot;credit&quot;:&quot;&quot;,&quot;camera&quot;:&quot;&quot;,&quot;caption&quot;:&quot;&quot;,&quot;created_timestamp&quot;:&quot;0&quot;,&quot;copyright&quot;:&quot;&quot;,&quot;focal_length&quot;:&quot;0&quot;,&quot;iso&quot;:&quot;0&quot;,&quot;shutter_speed&quot;:&quot;0&quot;,&quot;title&quot;:&quot;&quot;,&quot;orientation&quot;:&quot;0&quot;}\" data-image-title=\"Samir-y-mega-proyecto-1\" data-image-description=\"\" data-image-caption=\"\" data-medium-file=\"https:\/\/www.grieta.org.mx\/wp-content\/uploads\/2021\/02\/Samir-y-mega-proyecto-1-300x169.jpeg\" data-large-file=\"https:\/\/www.grieta.org.mx\/wp-content\/uploads\/2021\/02\/Samir-y-mega-proyecto-1.jpeg\" class=\"alignnone wp-image-57249\" src=\"http:\/\/www.grieta.org.mx\/wp-content\/uploads\/2021\/02\/Samir-y-mega-proyecto-1.jpeg\" alt=\"\" width=\"800\" height=\"450\" srcset=\"https:\/\/www.grieta.org.mx\/wp-content\/uploads\/2021\/02\/Samir-y-mega-proyecto-1.jpeg 900w, https:\/\/www.grieta.org.mx\/wp-content\/uploads\/2021\/02\/Samir-y-mega-proyecto-1-300x169.jpeg 300w, https:\/\/www.grieta.org.mx\/wp-content\/uploads\/2021\/02\/Samir-y-mega-proyecto-1-768x432.jpeg 768w, https:\/\/www.grieta.org.mx\/wp-content\/uploads\/2021\/02\/Samir-y-mega-proyecto-1-889x500.jpeg 889w\" sizes=\"auto, (max-width: 800px) 100vw, 800px\" \/><\/p>\n<p>Aranzaz\u00fa Ayala Mart\u00ednez \/ Lado B<\/p>\n<p>\u201cDefinitivamente este proyecto se tiene que largar de ac\u00e1. Porque adem\u00e1s ya se ba\u00f1\u00f3 de sangre, y a\u00fan as\u00ed siguen queri\u00e9ndolo impulsar\u201d. Las palabras de Teresa Castellanos, habitante de Huexca, Morelos, y defensora del territorio, son claras y fuertes: la termoel\u00e9ctrica de Huexca, parte del Proyecto Integral Morelos (PIM), s\u00f3lo ha tra\u00eddo cosas malas: da\u00f1os ambientales, divisi\u00f3n de la comunidad, represi\u00f3n y muerte. <\/p>\n<p>El 20 de febrero de 2019, hace dos a\u00f1os, Samir Flores, comunicador de la radio comunitaria de Amilcingo, Morelos, fue asesinado en la puerta de su casa, justo dos d\u00edas antes de que el gobierno federal hiciera una consulta popular para definir el destino de la termoel\u00e9ctrica. A la fecha, no se sabe qui\u00e9nes fueron los asesinos de Samir y no hay justicia; esto, pese a que en septiembre del 2020 el gobernador de Morelos, Cuauht\u00e9moc Blanco, dijo en entrevista que el Fiscal de la entidad sabe qui\u00e9nes mataron al comunicador comunitario, pero que ten\u00eda miedo de revelar sus identidades.<\/p>\n<p>El Frente de Pueblos en Defensa de la Tierra y el Agua Morelos-Puebla-Tlaxcala (Fpdta) convoc\u00f3 a una jornada de tres d\u00edas de actividades virtuales y presenciales \u2014con todas las medidas de seguridad e higiene\u2014 en memoria de Samir, y para seguir articulando la defensa del territorio, del 19 al 21 de febrero. <\/p>\n<p>El viernes 19 se hizo una manifestaci\u00f3n en Cuernavaca; el s\u00e1bado 20 una misa y ceremonia en Amilcingo, y el domingo 21 se realiz\u00f3 el \u201cEncuentro  nacional e internacional por la vida, la defensa del agua, contra el coronavirus y contra los megaproyectos en Huexca\u201d.<\/p>\n<p>Ese \u00faltimo evento se hizo en el plant\u00f3n de Huexca, al que asistieron cerca de 150 personas, representando a m\u00e1s de 25 organizaciones nacionales e internacionales, todas sum\u00e1ndose a la defensa de la vida y a la lucha por el territorio.<br \/>\nCFE inici\u00f3 con pruebas<\/p>\n<p>Al entrar a Huexca, lo primero que se ve es la gigantesca termoel\u00e9ctrica: torres, cables, alambre de p\u00faas, y un zumbido potente que emana del complejo resguardado por un muro gris. Frente a la entrada principal de la termoel\u00e9ctrica est\u00e1n las lonas y mesas instaladas por el Fpdta para el plant\u00f3n, en el mismo lugar donde se reunieron para honrar la memoria de Samir Flores y reiterar el rechazo al PIM. El plant\u00f3n se mantiene vivo por los integrantes del Frente, que se van rotando para estar a diario desde las nueve de la ma\u00f1ana y al menos hasta las seis de la tarde: a veces son s\u00f3lo dos personas, a veces 30, pero el lugar nunca se queda abandonado.<\/p>\n<p>De espaldas a la termoel\u00e9ctrica, Tere hace un recuento de lo que ha pasado durante los \u00faltimos meses, desde el 12 de diciembre del 2020 cuando se instal\u00f3 el plant\u00f3n. Aunque, en teor\u00eda, la central de la Comisi\u00f3n Federal de Electricidad (CFE) todav\u00eda no funciona, hace poco el personal estuvo haciendo pruebas. <\/p>\n<p>A principios de a\u00f1o, los habitantes de Huexca escucharon el fuerte ruido que hace la termoel\u00e9ctrica cuando trabaja, y vieron c\u00f3mo entraban pipas y pipas de agua al complejo. Tere cuestiona el que hayan llevado agua limpia (la cual sacaron de un balneario cercano, de acuerdo con lo documentado por el Fpdta), porque se supone que la termoel\u00e9ctrica trabajar\u00eda s\u00f3lo con aguas residuales.  <\/p>\n<p>Desde el plant\u00f3n han visto c\u00f3mo la Guardia Nacional entra a las instalaciones de la CFE; al menos 150 elementos han estado dentro de la termoel\u00e9ctrica y tienen vigilancia permanente, tomando fotos y videos de los defensores del territorio y del agua.<br \/>\nEl PIM, en la incertidumbre<\/p>\n<p>Actualmente, hay al menos ocho amparos que paran temporalmente el funcionamiento del PIM, tres de los cuales fueron impulsados por las comunidades poblanas de Zacatepec, Calpan y Atzala. Estos tres recursos legales est\u00e1n a\u00fan en la etapa de desahogo de pruebas, por lo que la obra no puede echarse a andar hasta que haya una resoluci\u00f3n.<\/p>\n<p>El gobierno federal anunci\u00f3 en 2020 que el PIM estar\u00eda en marcha a finales de a\u00f1o, pero hasta ahora sigue parado. Los integrantes del Fpdta no saben con certeza qu\u00e9 va a pasar, pero de lo que s\u00ed est\u00e1n seguros es que seguir\u00e1n resistiendo. Desde 2012 han denunciado y evidenciado los problemas que traer\u00eda la obra; en el caso de Puebla, el Gasoducto Morelos atravesar\u00eda zona de alto riesgo volc\u00e1nico y alta incidencia de robo de hidrocarburos.<\/p>\n<p>Pese a la incertidumbre, hay algo que las comunidades tienen muy claro: la lucha y la uni\u00f3n. En palabras de Tere Castellanos, todas las personas que integran el Fpdta son una sola familia. \u201cY esta familia no se rompe por m\u00e1s tropiezos y piedras que pueda haber en el camino\u201d.<\/p>\n<p><a href=\"https:\/\/www.ladobe.com.mx\/2021\/02\/resistir-contra-un-proyecto-que-se-lleno-de-sangre-a-dos-anos-del-asesinato-de-samir-flores\/\" rel=\"noopener\" target=\"_blank\">https:\/\/www.ladobe.com.mx\/2021\/02\/resistir-contra-un-proyecto-que-se-lleno-de-sangre-a-dos-anos-del-asesinato-de-samir-flores\/<\/a><\/p>\n","protected":false},"excerpt":{"rendered":"<p>Aranzaz\u00fa Ayala Mart\u00ednez \/ Lado B \u201cDefinitivamente este proyecto se tiene que largar de ac\u00e1. Porque adem\u00e1s ya se ba\u00f1\u00f3 de sangre, y a\u00fan as\u00ed siguen queri\u00e9ndolo impulsar\u201d. Las palabras &hellip; <a href=\"https:\/\/www.grieta.org.mx\/index.php\/2021\/02\/22\/resistir-contra-un-proyecto-que-se-lleno-de-sangre-a-dos-anos-del-asesinato-de-samir-flores\/\" class=\"more-link\">Leer m\u00e1s<\/a><\/p>\n","protected":false},"author":2,"featured_media":57249,"comment_status":"closed","ping_status":"closed","sticky":false,"template":"","format":"standard","meta":{"ngg_post_thumbnail":0,"_jetpack_newsletter_access":"","_jetpack_dont_email_post_to_subs":false,"_jetpack_newsletter_tier_id":0,"_jetpack_memberships_contains_paywalled_content":false,"_jetpack_memberships_contains_paid_content":false,"footnotes":""},"categories":[54,55,80,970,1,954,3,22,2,44,1171],"tags":[2087,2471],"class_list":["post-57248","post","type-post","status-publish","format-standard","has-post-thumbnail","hentry","category-10-huexca","category-11-amilcingo","category-cintillo","category-esp-morelos","category-espejos-de-la-resistencia","category-espejos-estados","category-megaproyectos","category-morelos","category-noticias-nacionales","category-proyecto-integral-morelos","category-rechazo-al-proyecto-integral-morelos-pim-en-morelos","tag-rechazo-a-la-termoelectrica-en-huexca","tag-samir","entry"],"jetpack_featured_media_url":"https:\/\/www.grieta.org.mx\/wp-content\/uploads\/2021\/02\/Samir-y-mega-proyecto-1.jpeg","jetpack_sharing_enabled":true,"jetpack_shortlink":"https:\/\/wp.me\/p7ZJR4-eTm","jetpack_likes_enabled":false,"jetpack-related-posts":[{"id":44227,"url":"https:\/\/www.grieta.org.mx\/index.php\/2020\/02\/07\/exigen-cancelar-termoelectrica-huexca-y-esclarecer-asesinato-de-samir-flores-morelos\/","url_meta":{"origin":57248,"position":0},"title":"Exigen Cancelar termoel\u00e9ctrica Huexca y esclarecer asesinato de Samir Flores (Morelos)","author":"grieta","date":"7 febrero, 2020","format":false,"excerpt":"Redacci\u00f3n \/ La Verdad La Asamblea de los Pueblos de Morelos asegur\u00f3 que a casi un a\u00f1o del asesinato de Samir Flores, la fiscal\u00eda de Morelos poco a investigado al respecto Integrantes de la Asamblea de los Pueblos de Morelos en Defensa del Territorio exigieron al presidente Andr\u00e9s Manuel L\u00f3pez\u2026","rel":"","context":"En &quot;10. Huexca&quot;","block_context":{"text":"10. Huexca","link":"https:\/\/www.grieta.org.mx\/index.php\/category\/espejos-de-la-resistencia\/10-huexca\/"},"img":{"alt_text":"","src":"https:\/\/i0.wp.com\/www.grieta.org.mx\/wp-content\/uploads\/2020\/02\/Screenshot_2020-02-12-Exigen-Cancelar-termoel%C3%A9ctrica-Huexca-y-esclarecer-asesinato-de-Samir-Flores.png?resize=350%2C200&ssl=1","width":350,"height":200,"srcset":"https:\/\/i0.wp.com\/www.grieta.org.mx\/wp-content\/uploads\/2020\/02\/Screenshot_2020-02-12-Exigen-Cancelar-termoel%C3%A9ctrica-Huexca-y-esclarecer-asesinato-de-Samir-Flores.png?resize=350%2C200&ssl=1 1x, https:\/\/i0.wp.com\/www.grieta.org.mx\/wp-content\/uploads\/2020\/02\/Screenshot_2020-02-12-Exigen-Cancelar-termoel%C3%A9ctrica-Huexca-y-esclarecer-asesinato-de-Samir-Flores.png?resize=525%2C300&ssl=1 1.5x, https:\/\/i0.wp.com\/www.grieta.org.mx\/wp-content\/uploads\/2020\/02\/Screenshot_2020-02-12-Exigen-Cancelar-termoel%C3%A9ctrica-Huexca-y-esclarecer-asesinato-de-Samir-Flores.png?resize=700%2C400&ssl=1 2x"},"classes":[]},{"id":39461,"url":"https:\/\/www.grieta.org.mx\/index.php\/2019\/08\/20\/exigen-que-asesinato-del-activista-samir-flores-lo-investigue-fgr-morelos\/","url_meta":{"origin":57248,"position":1},"title":"Exigen que asesinato del activista Samir Flores lo investigue FGR (Morelos)","author":"grieta","date":"20 agosto, 2019","format":false,"excerpt":"Redacci\u00f3n \/ \u00c1ngulo 7 A seis meses del asesinato del opositor del Proyecto Integral Morelos (PIM), Samir Flores Soberanes, el Frente de Pueblos en Defensa de la Tierra y el Agua (Fpdta) exigi\u00f3 que el asesinato de sea investigado por la FGR, ya que acusan de ineficiente a la de\u2026","rel":"","context":"En &quot;10. Huexca&quot;","block_context":{"text":"10. Huexca","link":"https:\/\/www.grieta.org.mx\/index.php\/category\/espejos-de-la-resistencia\/10-huexca\/"},"img":{"alt_text":"","src":"https:\/\/i0.wp.com\/www.grieta.org.mx\/wp-content\/uploads\/2019\/09\/https-_www.angulo7.com_.mx_wp-content_uploads_2019_02_activista-Samir-Flores-Soberanes-PIM-1.jpg?resize=350%2C200&ssl=1","width":350,"height":200,"srcset":"https:\/\/i0.wp.com\/www.grieta.org.mx\/wp-content\/uploads\/2019\/09\/https-_www.angulo7.com_.mx_wp-content_uploads_2019_02_activista-Samir-Flores-Soberanes-PIM-1.jpg?resize=350%2C200&ssl=1 1x, https:\/\/i0.wp.com\/www.grieta.org.mx\/wp-content\/uploads\/2019\/09\/https-_www.angulo7.com_.mx_wp-content_uploads_2019_02_activista-Samir-Flores-Soberanes-PIM-1.jpg?resize=525%2C300&ssl=1 1.5x"},"classes":[]},{"id":40871,"url":"https:\/\/www.grieta.org.mx\/index.php\/2019\/10\/18\/conmemoraran-8-meses-del-asesinato-de-samir-morelos\/","url_meta":{"origin":57248,"position":2},"title":"Conmemorar\u00e1n 8 meses del asesinato de Samir (Morelos)","author":"grieta","date":"18 octubre, 2019","format":false,"excerpt":"Emmanuel Ruiz \/ El Sol de Cuernavaca Llevar\u00e1n a cabo cine debates en Jantetelco, Huexca y Amilcingo, a partir del pr\u00f3ximo jueves Se proyectar\u00e1 el documental Recuperando el para\u00edso, sobre la defensa del territorio\/GUDE SERV\u00cdN \"Un documental sobre la organizaci\u00f3n del pueblo ind\u00edgena de Santa Mar\u00eda Ostula, que logr\u00f3 detener\u2026","rel":"","context":"En &quot;10. Huexca&quot;","block_context":{"text":"10. Huexca","link":"https:\/\/www.grieta.org.mx\/index.php\/category\/espejos-de-la-resistencia\/10-huexca\/"},"img":{"alt_text":"","src":"https:\/\/i0.wp.com\/www.grieta.org.mx\/wp-content\/uploads\/2019\/11\/Se-proyectar%C3%A1-el-documental-Recuperando-el-para%C3%ADso-sobre-la-defensa-del-territorio-GUDE-SERV%C3%8DN.jpg?resize=350%2C200&ssl=1","width":350,"height":200,"srcset":"https:\/\/i0.wp.com\/www.grieta.org.mx\/wp-content\/uploads\/2019\/11\/Se-proyectar%C3%A1-el-documental-Recuperando-el-para%C3%ADso-sobre-la-defensa-del-territorio-GUDE-SERV%C3%8DN.jpg?resize=350%2C200&ssl=1 1x, https:\/\/i0.wp.com\/www.grieta.org.mx\/wp-content\/uploads\/2019\/11\/Se-proyectar%C3%A1-el-documental-Recuperando-el-para%C3%ADso-sobre-la-defensa-del-territorio-GUDE-SERV%C3%8DN.jpg?resize=525%2C300&ssl=1 1.5x, https:\/\/i0.wp.com\/www.grieta.org.mx\/wp-content\/uploads\/2019\/11\/Se-proyectar%C3%A1-el-documental-Recuperando-el-para%C3%ADso-sobre-la-defensa-del-territorio-GUDE-SERV%C3%8DN.jpg?resize=700%2C400&ssl=1 2x"},"classes":[]},{"id":40938,"url":"https:\/\/www.grieta.org.mx\/index.php\/2019\/11\/04\/ataques-a-comunidades-por-termoelectrica-de-huexca-llegan-a-la-ue-morelos\/","url_meta":{"origin":57248,"position":3},"title":"Ataques a comunidades por Termoel\u00e9ctrica de Huexca llegan a la UE (Morelos)","author":"grieta","date":"4 noviembre, 2019","format":false,"excerpt":"H\u00e9ctor Ra\u00fal Gonz\u00e1lez \/ Bajo Palabra El eurodiputado, Miguel Urban Crespo, dice en video tener conocimiento del caso y declara sus intenciones de llevarlo al Parlamento Europeo. Cuernavaca, Morelos.- Las violaciones a los Derechos Humanos cometidos por la imposici\u00f3n del Proyecto Integral Morelos (PIM), del cual forma parte la Central\u2026","rel":"","context":"En &quot;10. Huexca&quot;","block_context":{"text":"10. Huexca","link":"https:\/\/www.grieta.org.mx\/index.php\/category\/espejos-de-la-resistencia\/10-huexca\/"},"img":{"alt_text":"","src":"https:\/\/i0.wp.com\/www.grieta.org.mx\/wp-content\/uploads\/2019\/11\/Screenshot_2019-11-05-Ataques-a-comunidades-por-Termoel%C3%A9ctrica-de-Huexca-llegan-a-la-UE.png?resize=350%2C200&ssl=1","width":350,"height":200,"srcset":"https:\/\/i0.wp.com\/www.grieta.org.mx\/wp-content\/uploads\/2019\/11\/Screenshot_2019-11-05-Ataques-a-comunidades-por-Termoel%C3%A9ctrica-de-Huexca-llegan-a-la-UE.png?resize=350%2C200&ssl=1 1x, https:\/\/i0.wp.com\/www.grieta.org.mx\/wp-content\/uploads\/2019\/11\/Screenshot_2019-11-05-Ataques-a-comunidades-por-Termoel%C3%A9ctrica-de-Huexca-llegan-a-la-UE.png?resize=525%2C300&ssl=1 1.5x, https:\/\/i0.wp.com\/www.grieta.org.mx\/wp-content\/uploads\/2019\/11\/Screenshot_2019-11-05-Ataques-a-comunidades-por-Termoel%C3%A9ctrica-de-Huexca-llegan-a-la-UE.png?resize=700%2C400&ssl=1 2x, https:\/\/i0.wp.com\/www.grieta.org.mx\/wp-content\/uploads\/2019\/11\/Screenshot_2019-11-05-Ataques-a-comunidades-por-Termoel%C3%A9ctrica-de-Huexca-llegan-a-la-UE.png?resize=1050%2C600&ssl=1 3x"},"classes":[]},{"id":56863,"url":"https:\/\/www.grieta.org.mx\/index.php\/2021\/02\/01\/pobladores-y-ejidatarios-de-yecapixtla-acusan-traicion-total-de-amlo-por-continuar-obras-de-termoelectrica-de-huexca-video\/","url_meta":{"origin":57248,"position":4},"title":"Pobladores y ejidatarios de Yecapixtla acusan \u201ctraici\u00f3n total\u201d de AMLO por continuar obras de termoel\u00e9ctrica de Huexca (Video)","author":"grieta","date":"1 febrero, 2021","format":false,"excerpt":"Cecilia Reynoso \/ Latinus Ejidatarios y habitantes de la comunidad ind\u00edgena de Yecapixtla, Morelos, acusan que el presidente L\u00f3pez Obrador y su gobierno cometen una \u201ctraici\u00f3n total\u201d al continuar las obras de la termoel\u00e9ctrica de Huexca, construida por la Comisi\u00f3n Federal de Electricidad (CFE) de 2012 a 2017. La termoel\u00e9ctrica\u2026","rel":"","context":"En &quot;10. Huexca&quot;","block_context":{"text":"10. Huexca","link":"https:\/\/www.grieta.org.mx\/index.php\/category\/espejos-de-la-resistencia\/10-huexca\/"},"img":{"alt_text":"","src":"https:\/\/i0.wp.com\/www.grieta.org.mx\/wp-content\/uploads\/2021\/02\/Screenshot_2021-02-09-Pobladores-y-ejidatarios-de-Yecapixtla-acusan-traicion-total-de-AMLO-por-continuar-obras-de-termoel....png?resize=350%2C200&ssl=1","width":350,"height":200,"srcset":"https:\/\/i0.wp.com\/www.grieta.org.mx\/wp-content\/uploads\/2021\/02\/Screenshot_2021-02-09-Pobladores-y-ejidatarios-de-Yecapixtla-acusan-traicion-total-de-AMLO-por-continuar-obras-de-termoel....png?resize=350%2C200&ssl=1 1x, https:\/\/i0.wp.com\/www.grieta.org.mx\/wp-content\/uploads\/2021\/02\/Screenshot_2021-02-09-Pobladores-y-ejidatarios-de-Yecapixtla-acusan-traicion-total-de-AMLO-por-continuar-obras-de-termoel....png?resize=525%2C300&ssl=1 1.5x, https:\/\/i0.wp.com\/www.grieta.org.mx\/wp-content\/uploads\/2021\/02\/Screenshot_2021-02-09-Pobladores-y-ejidatarios-de-Yecapixtla-acusan-traicion-total-de-AMLO-por-continuar-obras-de-termoel....png?resize=700%2C400&ssl=1 2x"},"classes":[]},{"id":39420,"url":"https:\/\/www.grieta.org.mx\/index.php\/2019\/08\/09\/activistas-reiteran-rechazo-a-la-termoelectrica-de-huexca-morelos\/","url_meta":{"origin":57248,"position":5},"title":"Activistas reiteran rechazo a la termoel\u00e9ctrica de Huexca (Morelos)","author":"grieta","date":"9 agosto, 2019","format":false,"excerpt":"Guadalupe \u00c1lvarez Rojas \/ La Uni\u00f3n de Morelos Durante evento por el 140 aniversario luctuoso de Zapata, en Ayala, solicitaron la intervenci\u00f3n de AMLO para echar abajo el proyecto. Ayala.- En el marco del CXL aniversario del natalicio del General Emiliano Zapata Salazar, integrantes de la Asamblea Permanente de los\u2026","rel":"","context":"En &quot;10. Huexca&quot;","block_context":{"text":"10. Huexca","link":"https:\/\/www.grieta.org.mx\/index.php\/category\/espejos-de-la-resistencia\/10-huexca\/"},"img":{"alt_text":"","src":"https:\/\/i0.wp.com\/www.grieta.org.mx\/wp-content\/uploads\/2019\/09\/2e321c5dc6cc6b910a4223f216f1c29c_L.jpg?resize=350%2C200&ssl=1","width":350,"height":200,"srcset":"https:\/\/i0.wp.com\/www.grieta.org.mx\/wp-content\/uploads\/2019\/09\/2e321c5dc6cc6b910a4223f216f1c29c_L.jpg?resize=350%2C200&ssl=1 1x, https:\/\/i0.wp.com\/www.grieta.org.mx\/wp-content\/uploads\/2019\/09\/2e321c5dc6cc6b910a4223f216f1c29c_L.jpg?resize=525%2C300&ssl=1 1.5x, https:\/\/i0.wp.com\/www.grieta.org.mx\/wp-content\/uploads\/2019\/09\/2e321c5dc6cc6b910a4223f216f1c29c_L.jpg?resize=700%2C400&ssl=1 2x, https:\/\/i0.wp.com\/www.grieta.org.mx\/wp-content\/uploads\/2019\/09\/2e321c5dc6cc6b910a4223f216f1c29c_L.jpg?resize=1050%2C600&ssl=1 3x"},"classes":[]}],"_links":{"self":[{"href":"https:\/\/www.grieta.org.mx\/index.php\/wp-json\/wp\/v2\/posts\/57248","targetHints":{"allow":["GET"]}}],"collection":[{"href":"https:\/\/www.grieta.org.mx\/index.php\/wp-json\/wp\/v2\/posts"}],"about":[{"href":"https:\/\/www.grieta.org.mx\/index.php\/wp-json\/wp\/v2\/types\/post"}],"author":[{"embeddable":true,"href":"https:\/\/www.grieta.org.mx\/index.php\/wp-json\/wp\/v2\/users\/2"}],"replies":[{"embeddable":true,"href":"https:\/\/www.grieta.org.mx\/index.php\/wp-json\/wp\/v2\/comments?post=57248"}],"version-history":[{"count":1,"href":"https:\/\/www.grieta.org.mx\/index.php\/wp-json\/wp\/v2\/posts\/57248\/revisions"}],"predecessor-version":[{"id":57250,"href":"https:\/\/www.grieta.org.mx\/index.php\/wp-json\/wp\/v2\/posts\/57248\/revisions\/57250"}],"wp:featuredmedia":[{"embeddable":true,"href":"https:\/\/www.grieta.org.mx\/index.php\/wp-json\/wp\/v2\/media\/57249"}],"wp:attachment":[{"href":"https:\/\/www.grieta.org.mx\/index.php\/wp-json\/wp\/v2\/media?parent=57248"}],"wp:term":[{"taxonomy":"category","embeddable":true,"href":"https:\/\/www.grieta.org.mx\/index.php\/wp-json\/wp\/v2\/categories?post=57248"},{"taxonomy":"post_tag","embeddable":true,"href":"https:\/\/www.grieta.org.mx\/index.php\/wp-json\/wp\/v2\/tags?post=57248"}],"curies":[{"name":"wp","href":"https:\/\/api.w.org\/{rel}","templated":true}]}}