{"id":57205,"date":"2021-02-24T23:05:09","date_gmt":"2021-02-25T05:05:09","guid":{"rendered":"http:\/\/www.grieta.org.mx\/?p=57205"},"modified":"2021-02-28T18:41:57","modified_gmt":"2021-03-01T00:41:57","slug":"4-anos-de-feminicidio-de-maria-jose-familia-acusa-inaccion-de-autoridades","status":"publish","type":"post","link":"https:\/\/www.grieta.org.mx\/index.php\/2021\/02\/24\/4-anos-de-feminicidio-de-maria-jose-familia-acusa-inaccion-de-autoridades\/","title":{"rendered":"4 a\u00f1os de feminicidio de Mar\u00eda Jos\u00e9 : familia acusa inacci\u00f3n de autoridades (Michoac\u00e1n)"},"content":{"rendered":"<blockquote><p><strong>Mar\u00eda Jos\u00e9 desapareci\u00f3 el 17 de febrero de 2017 en Morelia, despu\u00e9s de ir a un bar en el que un hombre la abord\u00f3 y salieron juntos del sitio. Un d\u00eda despu\u00e9s su cuerpo fue hallado sin vida.<\/strong><\/p><\/blockquote>\n<figure id=\"attachment_57206\" aria-describedby=\"caption-attachment-57206\" style=\"width: 750px\" class=\"wp-caption alignnone\"><img loading=\"lazy\" decoding=\"async\" data-attachment-id=\"57206\" data-permalink=\"https:\/\/www.grieta.org.mx\/index.php\/2021\/02\/24\/4-anos-de-feminicidio-de-maria-jose-familia-acusa-inaccion-de-autoridades\/feminicidio_maria_jose_michoacan-e1613621392836\/\" data-orig-file=\"https:\/\/www.grieta.org.mx\/wp-content\/uploads\/2021\/02\/feminicidio_maria_jose_michoacan-e1613621392836.jpeg\" data-orig-size=\"1739,908\" data-comments-opened=\"0\" data-image-meta=\"{&quot;aperture&quot;:&quot;0&quot;,&quot;credit&quot;:&quot;&quot;,&quot;camera&quot;:&quot;&quot;,&quot;caption&quot;:&quot;&quot;,&quot;created_timestamp&quot;:&quot;0&quot;,&quot;copyright&quot;:&quot;&quot;,&quot;focal_length&quot;:&quot;0&quot;,&quot;iso&quot;:&quot;0&quot;,&quot;shutter_speed&quot;:&quot;0&quot;,&quot;title&quot;:&quot;&quot;,&quot;orientation&quot;:&quot;0&quot;}\" data-image-title=\"feminicidio_maria_jose_michoacan-e1613621392836\" data-image-description=\"\" data-image-caption=\"&lt;p&gt;Foto: Cuartoscuro&lt;\/p&gt;\n\" data-medium-file=\"https:\/\/www.grieta.org.mx\/wp-content\/uploads\/2021\/02\/feminicidio_maria_jose_michoacan-e1613621392836-300x157.jpeg\" data-large-file=\"https:\/\/www.grieta.org.mx\/wp-content\/uploads\/2021\/02\/feminicidio_maria_jose_michoacan-e1613621392836-1024x535.jpeg\" class=\"wp-image-57206\" src=\"http:\/\/www.grieta.org.mx\/wp-content\/uploads\/2021\/02\/feminicidio_maria_jose_michoacan-e1613621392836.jpeg\" alt=\"\" width=\"750\" height=\"392\" srcset=\"https:\/\/www.grieta.org.mx\/wp-content\/uploads\/2021\/02\/feminicidio_maria_jose_michoacan-e1613621392836.jpeg 1739w, https:\/\/www.grieta.org.mx\/wp-content\/uploads\/2021\/02\/feminicidio_maria_jose_michoacan-e1613621392836-300x157.jpeg 300w, https:\/\/www.grieta.org.mx\/wp-content\/uploads\/2021\/02\/feminicidio_maria_jose_michoacan-e1613621392836-1024x535.jpeg 1024w, https:\/\/www.grieta.org.mx\/wp-content\/uploads\/2021\/02\/feminicidio_maria_jose_michoacan-e1613621392836-768x401.jpeg 768w, https:\/\/www.grieta.org.mx\/wp-content\/uploads\/2021\/02\/feminicidio_maria_jose_michoacan-e1613621392836-1536x802.jpeg 1536w, https:\/\/www.grieta.org.mx\/wp-content\/uploads\/2021\/02\/feminicidio_maria_jose_michoacan-e1613621392836-958x500.jpeg 958w\" sizes=\"auto, (max-width: 750px) 100vw, 750px\" \/><figcaption id=\"caption-attachment-57206\" class=\"wp-caption-text\">Foto: Cuartoscuro<\/figcaption><\/figure>\n<p>Por Itxaro Arteta, 18 de febrero de 2021<\/p>\n<p>El pap\u00e1 de Mar\u00eda Jos\u00e9 Medina Flores dice que crey\u00f3 que con el tiempo se le ir\u00eda pasando la tristeza, pero no ha sido as\u00ed y no hay un solo d\u00eda que no piense en su hija desde que hace cuatro a\u00f1os fue asesinada en Morelia, Michoac\u00e1n, sin que haya ni un solo detenido ni avances claros en la investigaci\u00f3n por feminicidio.<\/p>\n<p>Jos\u00e9 Armando Medina y su familia viven en Salvatierra, Guanajuato. Mar\u00eda Jos\u00e9 estaba estudiando Veterinaria en la Universidad Michoacana de San Nicol\u00e1s de Hidalgo y cada fin de semana volv\u00eda a casa. Hasta que el 18 de febrero de 2017 su cuerpo fue encontrado sin vida. Mar\u00eda Jos\u00e9 ya no volvi\u00f3, y en lugar de eso, su padre lleva ya cuatro a\u00f1os yendo a la ciudad en la que perdi\u00f3 a su hija, tan solo para toparse con pared.<\/p>\n<p>Lo m\u00e1s cerca que sinti\u00f3 estar de que se hiciera justicia fue a los dos a\u00f1os del crimen. La Fiscal\u00eda General del Estado de Michoac\u00e1n (FGE) le inform\u00f3 que hab\u00eda localizado en la red social Facebook a un hombre que parec\u00eda ser la \u00faltima persona con quien se vio hablando a Mar\u00eda Jos\u00e9 en videos de la puerta de un bar.<\/p>\n<p>\u201cMe da la impresi\u00f3n, a estas alturas\u2026 no, no me da la impresi\u00f3n, tengo la certeza de que no est\u00e1n haciendo nada porque una vez que logran identificar al tipo, dan con \u00e9l, dan con el nombre, dan con el domicilio, lo citan y se presenta a declarar. Pero pues obviamente en la declaraci\u00f3n \u00e9l no iba a decir \u2018s\u00ed, yo fui o yo hice esto\u2019. Al contrario, yo despu\u00e9s fui a ver qu\u00e9 hab\u00eda pasado y me dicen: no, pues no pas\u00f3 nada, \u00e9l dijo que no estuvo ah\u00ed\u201d, relata.<\/p>\n<p>El sujeto era tambi\u00e9n de Guanajuato, del municipio de Uriangato, a menos de una hora de distancia de Salvatierra y el mismo de donde son originarios los amigos con los que Mar\u00eda Jos\u00e9 sali\u00f3 esa noche. Pero todos negaron conocerlo, aunque en Facebook, uno de ellos s\u00ed ten\u00eda contacto con uno de los amigos con los que el sospechoso reconoci\u00f3 haber ido a ese bar de Morelia en otra ocasi\u00f3n.<\/p>\n<p>\u201cDe los otros tres, creo que nada m\u00e1s uno fue a declarar y que no ten\u00eda nada que ver. Y los otros dos, los citaron pero que no hab\u00edan ido, y as\u00ed se la llevaron una buena cantidad de d\u00edas o meses, que no iban y no iban, y seg\u00fan esto, me dec\u00edan que ellos no pod\u00edan hacer nada cuando es una Fiscal\u00eda del Estado, me dicen que no pueden hacer nada en otro estado, no pueden molestar a nadie en otro estado, como si fueran pa\u00edses independientes. Y pues el caso es que estas tipos no fueron, le encargaron la entrevista al Ministerio P\u00fablico de Uriangato, nom\u00e1s fue uno y el otro nunca apareci\u00f3\u201d, recuerda.<\/p>\n<p>Mar\u00eda Jos\u00e9 desapareci\u00f3 la madrugada del viernes 17 de febrero de 2017 despu\u00e9s de ir a un bar con unos amigos estudiantes de Derecho. Los videos muestran que en la mesa de al lado hab\u00eda cuatro j\u00f3venes, uno de ellos la abord\u00f3 y en alg\u00fan momento salieron juntos del bar. Despu\u00e9s de eso, ella intent\u00f3 llamar por tel\u00e9fono a varios amigos y amigas, pero nadie le contest\u00f3 y no se supo m\u00e1s de qu\u00e9 le pas\u00f3 despu\u00e9s de eso.<\/p>\n<p>Su familia empez\u00f3 a buscarla en la tarde para saber a qu\u00e9 hora regresaba a Salvatierra, pero su tel\u00e9fono ya no daba tono. Entonces viaj\u00f3 a primera hora del s\u00e1bado a Morelia, y unas horas despu\u00e9s recibi\u00f3 la noticia que cambiar\u00eda todo: se hab\u00eda encontrado el cad\u00e1ver de una chica que fue violada, golpeada y asesinada con un disparo en un paraje rumbo a At\u00e9cuaro, unos kil\u00f3metros al sur de la ciudad. Era el cuerpo de Mar\u00eda Jos\u00e9.<\/p>\n<p>\u201cA partir de ah\u00ed empez\u00f3 un viacrucis, porque hay que estar declarando, hay que estar al pendiente de la investigaci\u00f3n, hay que estar acudiendo las veces que sea necesarias a presentar pruebas, a presentar testigos. Pero me voy dando cuenta desde que pasa el primer a\u00f1o, pues que no tienen nada; pasa el segundo, pasa el tercero, el cuarto a\u00f1o va a pasar. Yo me desespero porque las veces que he ido me devuelvo con una patada en el trasero. Muchas de las veces que he ido ni me reciben, y me reciben pero solo con previa cita. Y el problema no es ese, sino que cada que voy pues no tienen nada\u201d, lamenta su padre en entrevista.<\/p>\n<p>Jos\u00e9 Armando ni siquiera ha podido hojear la carpeta de investigaci\u00f3n. Nunca se la ofrecieron, dice, y tampoco tienen abogado de oficio, as\u00ed que mucho despu\u00e9s se enter\u00f3 de que ten\u00eda derecho a tener una copia. Pero una vez que se las pidi\u00f3, le dijeron que justo ese d\u00eda, no la ten\u00edan ah\u00ed, en la Fiscal\u00eda de Investigaci\u00f3n y Persecuci\u00f3n del Homicidio Doloso contra la Mujer y Feminicidio.<\/p>\n<p>Otra pista de la que lamenta que no se hizo nada para obtener m\u00e1s, es de las llamadas que intent\u00f3 hacer su hija la \u00faltima noche de su vida. En la s\u00e1bana de llamadas aparec\u00eda que hab\u00eda marcado varios n\u00fameros, unos fueron ubicados como compa\u00f1eros de la misma universidad de Morelia, pero otro era uno de Salvatierra que no identificaban.<\/p>\n<p>Hace poco, se present\u00f3 a casa de la familia Medina Flores un vecino que le cont\u00f3 a los padres que era de \u00e9l ese registro, y adem\u00e1s de la llamada, recibi\u00f3 mensajes de Whatsapp. En ellos Mar\u00eda Jos\u00e9 le dec\u00eda que se sent\u00eda muy inc\u00f3moda porque estaba en un bar y hab\u00eda llegado un muchacho con el que una vez pas\u00f3 \u201calgo malo\u201d que en ese momento no quer\u00eda contar. Es decir, la prueba de que s\u00ed conoc\u00eda a quien estaba en la otra mesa esa noche.<\/p>\n<p>Dieron aviso a la Fiscal\u00eda de Michoac\u00e1n y hasta 15 d\u00edas despu\u00e9s fueron a buscar al vecino, que para ese entonces, se ech\u00f3 para atr\u00e1s, neg\u00f3 tener informaci\u00f3n, y no hubo nada que lo obligara a entregar esos mensajes.<\/p>\n<p>En septiembre pasado, Jos\u00e9 Armando vio en las noticias el caso de Jessica Gonz\u00e1lez Villase\u00f1or, otra joven casi de la misma edad de su hija que fue asesinada. Vio c\u00f3mo se public\u00f3 por todos lados la fotograf\u00eda del presunto asesino, Diego Urik N, la Fiscal\u00eda ofreci\u00f3 una recompensa de un mill\u00f3n de pesos y emiti\u00f3 una Ficha Roja a la Interpol, hasta que fue detenido, y reclama que para el posible feminicida de su hija no haya habido m\u00e1s que una entrevista de la que lo dejaron ir porque neg\u00f3 ser el responsable.<\/p>\n<p>Animal Pol\u00edtico pregunt\u00f3 a la Fiscal\u00eda sobre avances del caso; la respuesta fue que han tenido reuniones para darle informaci\u00f3n al padre de Mar\u00eda Jos\u00e9, pero por seguir en investigaci\u00f3n no se puede dar ning\u00fan dato p\u00fablicamente.<\/p>\n<p>Este jueves, cuatro a\u00f1os despu\u00e9s del crimen que sigue impune, colectivas feministas de Morelia planean montar un memorial en honor de Mar\u00eda Jos\u00e9.<\/p>\n<p>Morelia fue en 2020 el onceavo lugar en feminicidios de todo el pa\u00eds, por encima de Ecatepec, con 9 casos registrados. Pero Michoac\u00e1n es uno de los estados que menos tipifica as\u00ed los asesinatos de mujeres y que m\u00e1s absuelve a los acusados, a pesar de ser una de las 14 entidades que tiene una Fiscal\u00eda especializada para ello. En 2020 solo clasific\u00f3 como feminicidio 21 de 250 homicidios femeninos, el 8.4%, cuando a nivel nacional fue el 25.8%.<\/p>\n<p>La Red Nacional de Organismos Civiles de Derechos Humanos Todos los Derechos para Todos y Todas (Red TDT) document\u00f3 en un informe publicado el a\u00f1o pasado que de 2017 hasta mediados de 2019, Michoac\u00e1n fue el estado con m\u00e1s condenas absolutorias en caso de feminicidios, 26, ligeramente por encima de las condenatorias.<\/p>\n<p><a href=\"https:\/\/www.animalpolitico.com\/2021\/02\/feminicidio-maria-jose-michoacan-4-anos-inaccion-autoridades\/\">https:\/\/www.animalpolitico.com\/2021\/02\/feminicidio-maria-jose-michoacan-4-anos-inaccion-autoridades\/<\/a><\/p>\n","protected":false},"excerpt":{"rendered":"<p>Mar\u00eda Jos\u00e9 desapareci\u00f3 el 17 de febrero de 2017 en Morelia, despu\u00e9s de ir a un bar en el que un hombre la abord\u00f3 y salieron juntos del sitio. Un &hellip; <a href=\"https:\/\/www.grieta.org.mx\/index.php\/2021\/02\/24\/4-anos-de-feminicidio-de-maria-jose-familia-acusa-inaccion-de-autoridades\/\" class=\"more-link\">Leer m\u00e1s<\/a><\/p>\n","protected":false},"author":2,"featured_media":57206,"comment_status":"closed","ping_status":"closed","sticky":false,"template":"","format":"standard","meta":{"ngg_post_thumbnail":0,"_jetpack_newsletter_access":"","_jetpack_dont_email_post_to_subs":false,"_jetpack_newsletter_tier_id":0,"_jetpack_memberships_contains_paywalled_content":false,"_jetpack_memberships_contains_paid_content":false,"footnotes":""},"categories":[80,906,21,2247],"tags":[1241,2738,81,2248,3019],"class_list":["post-57205","post","type-post","status-publish","format-standard","has-post-thumbnail","hentry","category-cintillo","category-feminicidios-en-michoacan","category-michoacan","category-violencia-contra-la-mujeres-en-michoacan","tag-autoridades-no-investigan","tag-autoridades-omisas","tag-feminicidios","tag-luchas-de-las-mujeres","tag-movilizaciones-contra-feminicidios","entry"],"jetpack_featured_media_url":"https:\/\/www.grieta.org.mx\/wp-content\/uploads\/2021\/02\/feminicidio_maria_jose_michoacan-e1613621392836.jpeg","jetpack_sharing_enabled":true,"jetpack_shortlink":"https:\/\/wp.me\/p7ZJR4-eSF","jetpack_likes_enabled":false,"jetpack-related-posts":[{"id":54041,"url":"https:\/\/www.grieta.org.mx\/index.php\/2020\/10\/03\/de-161-asesinadas-en-michoacan-solo-13-fueron-tipificadas-como-feminicidios\/","url_meta":{"origin":57205,"position":0},"title":"De 161 asesinadas en Michoac\u00e1n, s\u00f3lo 13 fueron tipificadas como feminicidios","author":"grieta","date":"3 octubre, 2020","format":false,"excerpt":"Mujeres piden a pol\u00edticos y gobernantes pasar de los mensajes a las acciones a favor del derecho de las mujeres a una vida sin violencia Zuhey Medina | El Sol de Morelia, 03 de octubre de 2020 Morelia, Michoac\u00e1n (OEM Infomex).- En lo que va de este 2020 se han\u2026","rel":"","context":"En &quot;CINTILLO&quot;","block_context":{"text":"CINTILLO","link":"https:\/\/www.grieta.org.mx\/index.php\/category\/cintillo\/"},"img":{"alt_text":"","src":"https:\/\/i0.wp.com\/www.grieta.org.mx\/wp-content\/uploads\/2020\/10\/feministas-1.jpg?resize=350%2C200&ssl=1","width":350,"height":200},"classes":[]},{"id":44749,"url":"https:\/\/www.grieta.org.mx\/index.php\/2020\/02\/18\/con-mantas-activistas-exigen-justicia-por-feminicidios-en-michoacan\/","url_meta":{"origin":57205,"position":1},"title":"Con mantas, activistas exigen justicia por feminicidios en Michoac\u00e1n","author":"grieta","date":"18 febrero, 2020","format":false,"excerpt":"Colectivos de mujeres cubrieron con una manta la fuente de \"Las Tarascas\" con la leyenda 'M\u00e9xico feminicida', para exigir cese la brutalidad en contra de las mujeres. Rogelio Agust\u00edn Esteban y Jocelyn Estrada, Milenio Digital Guerrero y Michoac\u00e1n \/ 18.02.2020 Colectivos de mujeres cubrieron con mantas la emblem\u00e1tica fuente de\u2026","rel":"","context":"En &quot;CINTILLO&quot;","block_context":{"text":"CINTILLO","link":"https:\/\/www.grieta.org.mx\/index.php\/category\/cintillo\/"},"img":{"alt_text":"","src":"https:\/\/i0.wp.com\/www.grieta.org.mx\/wp-content\/uploads\/2020\/02\/colectivos-mujeres-cubrieron-mantas-emblematica_124_0_749_466.jpeg?resize=350%2C200&ssl=1","width":350,"height":200,"srcset":"https:\/\/i0.wp.com\/www.grieta.org.mx\/wp-content\/uploads\/2020\/02\/colectivos-mujeres-cubrieron-mantas-emblematica_124_0_749_466.jpeg?resize=350%2C200&ssl=1 1x, https:\/\/i0.wp.com\/www.grieta.org.mx\/wp-content\/uploads\/2020\/02\/colectivos-mujeres-cubrieron-mantas-emblematica_124_0_749_466.jpeg?resize=525%2C300&ssl=1 1.5x, https:\/\/i0.wp.com\/www.grieta.org.mx\/wp-content\/uploads\/2020\/02\/colectivos-mujeres-cubrieron-mantas-emblematica_124_0_749_466.jpeg?resize=700%2C400&ssl=1 2x"},"classes":[]},{"id":43044,"url":"https:\/\/www.grieta.org.mx\/index.php\/2020\/01\/13\/a-la-semana-10-mujeres-reportadas-desaparecidas-en-michoacan-no-se-sabe-nada-del-25-de-ellas\/","url_meta":{"origin":57205,"position":2},"title":"A la semana 10 mujeres reportadas desaparecidas en Michoac\u00e1n; no se sabe nada del 25% de ellas","author":"grieta","date":"13 enero, 2020","format":false,"excerpt":"No importa la edad o a qu\u00e9 se dedican: las v\u00edctimas de desaparici\u00f3n son estudiantes, madres, mujeres que un d\u00eda estaban en casa, en su trabajo, pero despu\u00e9s no se supo nada de ellas Redacci\u00f3n \/ La Voz de Michoac\u00e1n, 13 de enero de 2020 Morelia, Michoac\u00e1n. Salieron a la\u2026","rel":"","context":"En &quot;CINTILLO&quot;","block_context":{"text":"CINTILLO","link":"https:\/\/www.grieta.org.mx\/index.php\/category\/cintillo\/"},"img":{"alt_text":"","src":"https:\/\/i0.wp.com\/www.grieta.org.mx\/wp-content\/uploads\/2020\/01\/Nilda-rosario.jpg?resize=350%2C200&ssl=1","width":350,"height":200,"srcset":"https:\/\/i0.wp.com\/www.grieta.org.mx\/wp-content\/uploads\/2020\/01\/Nilda-rosario.jpg?resize=350%2C200&ssl=1 1x, https:\/\/i0.wp.com\/www.grieta.org.mx\/wp-content\/uploads\/2020\/01\/Nilda-rosario.jpg?resize=525%2C300&ssl=1 1.5x, https:\/\/i0.wp.com\/www.grieta.org.mx\/wp-content\/uploads\/2020\/01\/Nilda-rosario.jpg?resize=700%2C400&ssl=1 2x"},"classes":[]},{"id":40937,"url":"https:\/\/www.grieta.org.mx\/index.php\/2019\/11\/03\/marchan-en-morelia-en-contra-de-los-feminicidios\/","url_meta":{"origin":57205,"position":3},"title":"Marchan en Morelia en contra de los feminicidios","author":"grieta","date":"3 noviembre, 2019","format":false,"excerpt":"Por: Josimar Lara\/@josimar2188 \/ MiMorelia.com, 03 de noviembre de 2019 Morelia, Michoac\u00e1n (MiMorelia.com).- Un grupo de mujeres de la ciudad de Morelia se unieron este 3 de noviembre a la convocatoria nacional de \u201cD\u00eda de Muertas\u201d, con una marcha realizada en el Centro Hist\u00f3rico de la capital michoacana; para recordar\u2026","rel":"","context":"En &quot;CINTILLO&quot;","block_context":{"text":"CINTILLO","link":"https:\/\/www.grieta.org.mx\/index.php\/category\/cintillo\/"},"img":{"alt_text":"","src":"https:\/\/i0.wp.com\/www.grieta.org.mx\/wp-content\/uploads\/2019\/11\/feminicidios.jpg?resize=350%2C200&ssl=1","width":350,"height":200,"srcset":"https:\/\/i0.wp.com\/www.grieta.org.mx\/wp-content\/uploads\/2019\/11\/feminicidios.jpg?resize=350%2C200&ssl=1 1x, https:\/\/i0.wp.com\/www.grieta.org.mx\/wp-content\/uploads\/2019\/11\/feminicidios.jpg?resize=525%2C300&ssl=1 1.5x"},"classes":[]},{"id":31757,"url":"https:\/\/www.grieta.org.mx\/index.php\/2019\/04\/03\/feminicidios-aumentaron-237-en-4-anos-michoacan\/","url_meta":{"origin":57205,"position":4},"title":"Feminicidios aumentaron 237% en 4 a\u00f1os (Michoac\u00e1n)","author":"grieta","date":"3 abril, 2019","format":false,"excerpt":"Rodrigo Caballero D\u00edaz, Investigaciones Disruptivas Inteligentes, 03 de abril Morelia.- Desde 2015, el n\u00famero de feminicidios registrados en M\u00e9xico aumentaron en un 237 por ciento seg\u00fan datos del Secretariado Ejecutivo del Sistema Nacional de Seguridad P\u00fablica (SESESP). Mientras en el primer bimestre de 2015 hubo un total de 62 feminicidios\u2026","rel":"","context":"En &quot;CINTILLO&quot;","block_context":{"text":"CINTILLO","link":"https:\/\/www.grieta.org.mx\/index.php\/category\/cintillo\/"},"img":{"alt_text":"","src":"https:\/\/i0.wp.com\/www.grieta.org.mx\/wp-content\/uploads\/2019\/04\/feminicidio.jpg?resize=350%2C200&ssl=1","width":350,"height":200,"srcset":"https:\/\/i0.wp.com\/www.grieta.org.mx\/wp-content\/uploads\/2019\/04\/feminicidio.jpg?resize=350%2C200&ssl=1 1x, https:\/\/i0.wp.com\/www.grieta.org.mx\/wp-content\/uploads\/2019\/04\/feminicidio.jpg?resize=525%2C300&ssl=1 1.5x, https:\/\/i0.wp.com\/www.grieta.org.mx\/wp-content\/uploads\/2019\/04\/feminicidio.jpg?resize=700%2C400&ssl=1 2x, https:\/\/i0.wp.com\/www.grieta.org.mx\/wp-content\/uploads\/2019\/04\/feminicidio.jpg?resize=1050%2C600&ssl=1 3x"},"classes":[]},{"id":53884,"url":"https:\/\/www.grieta.org.mx\/index.php\/2020\/09\/26\/niunamas-ni-una-asesinada-mas-feminicidio-de-jessica-desata-nuevas-protestas-en-morelia\/","url_meta":{"origin":57205,"position":5},"title":"#NiUnaM\u00e1s, ni una asesinada m\u00e1s: feminicidio de Jessica desata nuevas protestas en Morelia","author":"grieta","date":"26 septiembre, 2020","format":false,"excerpt":"De acuerdo con el SESNSP, la capital de Michoac\u00e1n es el sexto municipio del pa\u00eds con m\u00e1s carpetas de investigaci\u00f3n iniciadas por feminicidio Infobae, 26 de septiembre de 2020. Colectivos feministas del estado de Michoac\u00e1n convocaron a continuar este s\u00e1bado 26 de septiembre las jornada de protestas y as\u00ed exigir\u2026","rel":"","context":"En &quot;CINTILLO&quot;","block_context":{"text":"CINTILLO","link":"https:\/\/www.grieta.org.mx\/index.php\/category\/cintillo\/"},"img":{"alt_text":"","src":"https:\/\/i0.wp.com\/www.grieta.org.mx\/wp-content\/uploads\/2020\/09\/AITVXLUBUVCQ5CH55GD36L5T6A.jpg?resize=350%2C200&ssl=1","width":350,"height":200,"srcset":"https:\/\/i0.wp.com\/www.grieta.org.mx\/wp-content\/uploads\/2020\/09\/AITVXLUBUVCQ5CH55GD36L5T6A.jpg?resize=350%2C200&ssl=1 1x, https:\/\/i0.wp.com\/www.grieta.org.mx\/wp-content\/uploads\/2020\/09\/AITVXLUBUVCQ5CH55GD36L5T6A.jpg?resize=525%2C300&ssl=1 1.5x, https:\/\/i0.wp.com\/www.grieta.org.mx\/wp-content\/uploads\/2020\/09\/AITVXLUBUVCQ5CH55GD36L5T6A.jpg?resize=700%2C400&ssl=1 2x"},"classes":[]}],"_links":{"self":[{"href":"https:\/\/www.grieta.org.mx\/index.php\/wp-json\/wp\/v2\/posts\/57205","targetHints":{"allow":["GET"]}}],"collection":[{"href":"https:\/\/www.grieta.org.mx\/index.php\/wp-json\/wp\/v2\/posts"}],"about":[{"href":"https:\/\/www.grieta.org.mx\/index.php\/wp-json\/wp\/v2\/types\/post"}],"author":[{"embeddable":true,"href":"https:\/\/www.grieta.org.mx\/index.php\/wp-json\/wp\/v2\/users\/2"}],"replies":[{"embeddable":true,"href":"https:\/\/www.grieta.org.mx\/index.php\/wp-json\/wp\/v2\/comments?post=57205"}],"version-history":[{"count":1,"href":"https:\/\/www.grieta.org.mx\/index.php\/wp-json\/wp\/v2\/posts\/57205\/revisions"}],"predecessor-version":[{"id":57246,"href":"https:\/\/www.grieta.org.mx\/index.php\/wp-json\/wp\/v2\/posts\/57205\/revisions\/57246"}],"wp:featuredmedia":[{"embeddable":true,"href":"https:\/\/www.grieta.org.mx\/index.php\/wp-json\/wp\/v2\/media\/57206"}],"wp:attachment":[{"href":"https:\/\/www.grieta.org.mx\/index.php\/wp-json\/wp\/v2\/media?parent=57205"}],"wp:term":[{"taxonomy":"category","embeddable":true,"href":"https:\/\/www.grieta.org.mx\/index.php\/wp-json\/wp\/v2\/categories?post=57205"},{"taxonomy":"post_tag","embeddable":true,"href":"https:\/\/www.grieta.org.mx\/index.php\/wp-json\/wp\/v2\/tags?post=57205"}],"curies":[{"name":"wp","href":"https:\/\/api.w.org\/{rel}","templated":true}]}}