{"id":57171,"date":"2021-02-10T11:39:51","date_gmt":"2021-02-10T17:39:51","guid":{"rendered":"http:\/\/www.grieta.org.mx\/?p=57171"},"modified":"2021-02-22T11:44:11","modified_gmt":"2021-02-22T17:44:11","slug":"el-asesinato-de-julian-carrillo-un-patron-de-agresiones-contra-la-comunidad-raramuri-chihuahua","status":"publish","type":"post","link":"https:\/\/www.grieta.org.mx\/index.php\/2021\/02\/10\/el-asesinato-de-julian-carrillo-un-patron-de-agresiones-contra-la-comunidad-raramuri-chihuahua\/","title":{"rendered":"El asesinato de Juli\u00e1n Carrillo, un patr\u00f3n de agresiones contra la comunidad rar\u00e1muri (Chihuahua)"},"content":{"rendered":"<div class=\"container pt-4\">\n<div class=\"row justify-content-center\">\n<div class=\"col-md-10 col-12 p-0\">\n<figure class=\"figure d-block mt-3\"><img loading=\"lazy\" decoding=\"async\" class=\"card-img-top d-block full wp-post-image\" src=\"https:\/\/piedepagina.mx\/wp-content\/uploads\/2021\/02\/homicidio_Julian_carrillo_Raichali.jpg\" sizes=\"auto, (max-width: 992px) 100vw, 992px\" srcset=\"https:\/\/piedepagina.mx\/wp-content\/uploads\/2021\/02\/homicidio_Julian_carrillo_Raichali.jpg 992w, https:\/\/piedepagina.mx\/wp-content\/uploads\/2021\/02\/homicidio_Julian_carrillo_Raichali-480x300.jpg 480w, https:\/\/piedepagina.mx\/wp-content\/uploads\/2021\/02\/homicidio_Julian_carrillo_Raichali-768x480.jpg 768w\" alt=\"\" width=\"992\" height=\"620\" \/><\/figure>\n<\/div>\n<\/div>\n<\/div>\n<div class=\"container\">\n<div class=\"row justify-content-center\">\n<div class=\"col-lg-8 col-md-10 col-12 px-4 post\">\n<p><strong>Integrantes de la Fiscal\u00eda de derechos humanos en Chihuahua testificaron ante el tribunal por los homicidios del activista Juli\u00e1n Carrillo y su hijo, y advirtieron que esos cr\u00edmenes son parte de agresiones constantes a la comunidad que defiende su territorio de la tala ilegal<\/strong><\/p>\n<p>Texto y foto: Jaime Armend\u00e1riz \/ Ra\u00edchali<\/p>\n<p>CHIHUAHUA.- A dos d\u00edas de iniciado el juicio contra Feliciano Q. M. por el homicidio del activista Juli\u00e1n Carrillo y su hijo V\u00edctor, ocurridos en octubre del 2018 y febrero del 2016, respectivamente, se han presentado elementos para demostrar que no se trata de un hecho aislado, sino de una serie de agresiones desde el crimen organizado contra la comunidad Coloradas de la Virgen, municipio de Guadalupe y Calvo.<\/p>\n<p>Las audiencias se realizan en una sala en Parral. Por ah\u00ed han pasado hasta el momento a testificar dos analistas de contexto de la Fiscal\u00eda Especializada en Investigaci\u00f3n de Violaciones a los Derechos Humanos y Desaparici\u00f3n Forzada, y 2 integrantes de la comunidad.<\/p>\n<p>Los primeros presentaron durante el martes una investigaci\u00f3n de contexto ante los miembros del Tribunal de Enjuiciamiento, para explicar que los homicidios y otras agresiones se derivan por la defensa de la tierra que han realizado los habitantes, entre ellos Juli\u00e1n Carrillo.<\/p>\n<p>Adem\u00e1s, advirtieron que existe un patr\u00f3n en esos hechos violentos: cada vez que se emite una resoluci\u00f3n judicial que beneficie a la comunidad o perjudique a las personas que intentan despojarlos de la tierra, se registra una agresi\u00f3n.<\/p>\n<p>Esto coincide con una cronolog\u00eda realizada por Amnist\u00eda Internacional en 2019 en un\u00a0informe\u00a0en el cual conden\u00f3 al Estado Mexicano por no haber protegido a Carrillo.<\/p>\n<p>En el 2007 la Semarnat dio un permiso para talar el bosque de Coloradas de la Virgen. A partir de ah\u00ed los ind\u00edgenas y autoridades tradicionales exigieron anular los permisos y en 2013 se intensifican agresiones contra abogados de los l\u00edderes rar\u00e1muri.<\/p>\n<p>En 2014 Juli\u00e1n Carrillo y otros defensores de la tierra recibieron medidas de protecci\u00f3n. Un a\u00f1o despu\u00e9s el Tribunal Agrario suspendi\u00f3 los permisos para talar el bosque y como reacci\u00f3n la casa de Carrillo fue quemada y su hijo, asesinado; adem\u00e1s de otros 4 defensores en 2016.<\/p>\n<p>Para mayo del 2018, luego de varios recursos legales, el Tribunal Agrario solicit\u00f3 reiniciar el proceso de los permisos de tala, y 2 meses despu\u00e9s asesinaron al yerno de Juli\u00e1n y \u00e9ste \u00faltimo sali\u00f3 del estado, a donde volvi\u00f3 en octubre siguiente y fue asesinado.<\/p>\n<p>Durante esa lucha no solo la familia de Carrillo ha tenido que salir de Coloradas de la Virgen, sino que hay el registro de por lo menos otras 60 personas m\u00e1s.<\/p>\n<h3>Reparar el da\u00f1o a una comunidad<\/h3>\n<p>Con este juicio no se busca solo una sanci\u00f3n para el imputado, sino que exista una reparaci\u00f3n integral y que se entienda la dimensi\u00f3n de las afectaciones. Que se reconozca a la comunidad y que en una de las medidas de satisfacci\u00f3n se reconozca la lucha de Juli\u00e1n y como eso llev\u00f3 a las agresiones, subray\u00f3 Ruth Fierro, directora del Cedehm.<\/p>\n<p>Aparte, dijo, es necesario que al finalizar este proceso, el Estado garantice el retorno seguro de las personas desplazadas.<\/p>\n<p>Testigos temen agresiones por el v\u00ednculo del detenido con el crimen organizado<\/p>\n<p>Para este mi\u00e9rcoles 03 de febrero, en el segundo d\u00eda del juicio, acudi\u00f3 un testigo de identidad reservada y otro m\u00e1s como integrante de la comunidad. Ambos narraron ante los jueces los da\u00f1os que han sufrido por un grupo del crimen, y declararon tener conocimiento de los homicidios de Juli\u00e1n y su hijo.<\/p>\n<p>Pero tambi\u00e9n externaron el temor que les representa estar denunciando ante el tribunal, ya que en una parte relevante de las audiencias se ha vinculado al imputado con un grupo delincuencial.<\/p>\n<p>El juicio todav\u00eda tendr\u00e1 m\u00e1s testimonios y en la parte final la defensa del detenido presentar\u00e1 a 3 personas. El proceso podr\u00eda durar entre 2 semanas a un mes.<\/p>\n<p>Feliciano es la segunda persona que va a ser juzgado en el caso espec\u00edfico de Juli\u00e1n. El a\u00f1o pasado se estableci\u00f3 una sentencia de 2 a\u00f1os a un menor de edad detenido por el homicidio; se encuentra bajo custodia de un albergue para menores infractores.<\/p>\n<blockquote class=\"wp-embedded-content\" data-secret=\"IFr1A3Ubit\"><p><a href=\"https:\/\/raichali.com\/2021\/02\/04\/homicidio-de-julian-carrillo-un-patron-de-agresiones-a-la-comunidad-advierten-ante-jueces\/\">Homicidio de Juli\u00e1n Carrillo, un patr\u00f3n de agresiones a la comunidad, advierten ante jueces<\/a><\/p><\/blockquote>\n<p><iframe loading=\"lazy\" class=\"wp-embedded-content\" sandbox=\"allow-scripts\" security=\"restricted\" style=\"position: absolute; clip: rect(1px, 1px, 1px, 1px);\" title=\"&#8220;Homicidio de Juli\u00e1n Carrillo, un patr\u00f3n de agresiones a la comunidad, advierten ante jueces&#8221; &#8212; Raichali\" src=\"https:\/\/raichali.com\/2021\/02\/04\/homicidio-de-julian-carrillo-un-patron-de-agresiones-a-la-comunidad-advierten-ante-jueces\/embed\/#?secret=IFr1A3Ubit\" data-secret=\"IFr1A3Ubit\" width=\"600\" height=\"338\" frameborder=\"0\" marginwidth=\"0\" marginheight=\"0\" scrolling=\"no\"><\/iframe><\/p>\n<p>&nbsp;<\/p>\n<\/div>\n<\/div>\n<\/div>\n","protected":false},"excerpt":{"rendered":"<p>Integrantes de la Fiscal\u00eda de derechos humanos en Chihuahua testificaron ante el tribunal por los homicidios del activista Juli\u00e1n Carrillo y su hijo, y advirtieron que esos cr\u00edmenes son parte &hellip; <a href=\"https:\/\/www.grieta.org.mx\/index.php\/2021\/02\/10\/el-asesinato-de-julian-carrillo-un-patron-de-agresiones-contra-la-comunidad-raramuri-chihuahua\/\" class=\"more-link\">Leer m\u00e1s<\/a><\/p>\n","protected":false},"author":2,"featured_media":57172,"comment_status":"closed","ping_status":"closed","sticky":false,"template":"","format":"standard","meta":{"ngg_post_thumbnail":0,"_jetpack_newsletter_access":"","_jetpack_dont_email_post_to_subs":false,"_jetpack_newsletter_tier_id":0,"_jetpack_memberships_contains_paywalled_content":false,"_jetpack_memberships_contains_paid_content":false,"footnotes":""},"categories":[12,80,1029],"tags":[184,790,1596],"class_list":["post-57171","post","type-post","status-publish","format-standard","has-post-thumbnail","hentry","category-chihuahua","category-cintillo","category-conflictos-y-resistencias-del-pueblo-raramuri","tag-despojo","tag-pueblos-indigenas","tag-pueblos-originarios","entry"],"jetpack_featured_media_url":"https:\/\/www.grieta.org.mx\/wp-content\/uploads\/2021\/02\/homicidio_Julian_carrillo_Raichali.jpg","jetpack_sharing_enabled":true,"jetpack_shortlink":"https:\/\/wp.me\/p7ZJR4-eS7","jetpack_likes_enabled":false,"jetpack-related-posts":[{"id":40465,"url":"https:\/\/www.grieta.org.mx\/index.php\/2019\/10\/25\/a-un-ano-del-asesinato-del-defensor-raramuri-julian-carrillo-su-familia-sigue-desplazada-chihuahua\/","url_meta":{"origin":57171,"position":0},"title":"A un a\u00f1o del asesinato del defensor rar\u00e1muri Juli\u00e1n Carrillo, su familia sigue desplazada (Chihuahua)","author":"grieta","date":"25 octubre, 2019","format":false,"excerpt":"Alberto Pradilla\/Animal Pol\u00edtico Juli\u00e1n Carrillo, de 54 a\u00f1os, defensor rar\u00e1muri de la comunidad Coloradas de la Virgen, Chihuahua, fue asesinado hace exactamente un a\u00f1o. Su muerte fue la \u00faltima de una serie de homicidios en los que se ensa\u00f1aron con su familia. El 5 de febrero de 2016, su hijo\u2026","rel":"","context":"En &quot;Chihuahua&quot;","block_context":{"text":"Chihuahua","link":"https:\/\/www.grieta.org.mx\/index.php\/category\/noticias-nacionales\/chihuahua\/"},"img":{"alt_text":"","src":"https:\/\/i0.wp.com\/www.grieta.org.mx\/wp-content\/uploads\/2019\/10\/8-1024x683-1.jpg?resize=350%2C200&ssl=1","width":350,"height":200,"srcset":"https:\/\/i0.wp.com\/www.grieta.org.mx\/wp-content\/uploads\/2019\/10\/8-1024x683-1.jpg?resize=350%2C200&ssl=1 1x, https:\/\/i0.wp.com\/www.grieta.org.mx\/wp-content\/uploads\/2019\/10\/8-1024x683-1.jpg?resize=525%2C300&ssl=1 1.5x, https:\/\/i0.wp.com\/www.grieta.org.mx\/wp-content\/uploads\/2019\/10\/8-1024x683-1.jpg?resize=700%2C400&ssl=1 2x, https:\/\/i0.wp.com\/www.grieta.org.mx\/wp-content\/uploads\/2019\/10\/8-1024x683-1.jpg?resize=1050%2C600&ssl=1 3x"},"classes":[]},{"id":27359,"url":"https:\/\/www.grieta.org.mx\/index.php\/2018\/10\/25\/asesinan-a-defensor-raramuri-en-la-sierra-de-chihuahua\/","url_meta":{"origin":57171,"position":1},"title":"Asesinan a defensor rar\u00e1muri en la sierra de Chihuahua","author":"grieta","date":"25 octubre, 2018","format":false,"excerpt":"Tomada de Amnist\u00eda Internacional. REDACCI\u00d3N\/EL Diario de Chihuahua Chihuahua.- Durante la noche de este mi\u00e9rcoles, Juli\u00e1n Carrillo, defensor rar\u00e1muri de tierra y territorio del municipio Coloradas de la Virgen, Chihuahua, fue asesinado por un grupo de hombres armados. En entrevista para Animal Pol\u00edtico, Erika Guevara Rosas, directora para las Am\u00e9ricas\u2026","rel":"","context":"En &quot;Chihuahua&quot;","block_context":{"text":"Chihuahua","link":"https:\/\/www.grieta.org.mx\/index.php\/category\/noticias-nacionales\/chihuahua\/"},"img":{"alt_text":"","src":"https:\/\/i0.wp.com\/www.grieta.org.mx\/wp-content\/uploads\/2018\/10\/JULIAN-CARRILLO-RAR%C3%81MURI.jpg?resize=350%2C200&ssl=1","width":350,"height":200,"srcset":"https:\/\/i0.wp.com\/www.grieta.org.mx\/wp-content\/uploads\/2018\/10\/JULIAN-CARRILLO-RAR%C3%81MURI.jpg?resize=350%2C200&ssl=1 1x, https:\/\/i0.wp.com\/www.grieta.org.mx\/wp-content\/uploads\/2018\/10\/JULIAN-CARRILLO-RAR%C3%81MURI.jpg?resize=525%2C300&ssl=1 1.5x, https:\/\/i0.wp.com\/www.grieta.org.mx\/wp-content\/uploads\/2018\/10\/JULIAN-CARRILLO-RAR%C3%81MURI.jpg?resize=700%2C400&ssl=1 2x"},"classes":[]},{"id":33690,"url":"https:\/\/www.grieta.org.mx\/index.php\/2018\/10\/25\/asesinan-a-defensor-raramuri-en-chihuahua-en-dos-anos-mataron-a-5-de-sus-familiares\/","url_meta":{"origin":57171,"position":2},"title":"Asesinan a defensor rar\u00e1muri en Chihuahua; en dos a\u00f1os mataron a 5 de sus familiares","author":"grieta","date":"25 octubre, 2018","format":false,"excerpt":"Desde 2007 Juli\u00e1n Carrillo luchaba contra la explotaci\u00f3n de recursos naturales en los territorios ancestrales de la zona; en 2016 comenzaron las amenazas y los ataques. Mataron a dos de sus sobrinos, a su hijo y a su yerno. Amnist\u00eda Internacional exige justicia. Redacci\u00f3n\/ ANIMAL POL\u00cdTICO Durante la noche de\u2026","rel":"","context":"En &quot;Chihuahua&quot;","block_context":{"text":"Chihuahua","link":"https:\/\/www.grieta.org.mx\/index.php\/category\/noticias-nacionales\/chihuahua\/"},"img":{"alt_text":"","src":"https:\/\/i0.wp.com\/www.grieta.org.mx\/wp-content\/uploads\/2019\/05\/Raramuris_Semana_Santa-15-e1540496349621.jpg?resize=350%2C200&ssl=1","width":350,"height":200,"srcset":"https:\/\/i0.wp.com\/www.grieta.org.mx\/wp-content\/uploads\/2019\/05\/Raramuris_Semana_Santa-15-e1540496349621.jpg?resize=350%2C200&ssl=1 1x, https:\/\/i0.wp.com\/www.grieta.org.mx\/wp-content\/uploads\/2019\/05\/Raramuris_Semana_Santa-15-e1540496349621.jpg?resize=525%2C300&ssl=1 1.5x, https:\/\/i0.wp.com\/www.grieta.org.mx\/wp-content\/uploads\/2019\/05\/Raramuris_Semana_Santa-15-e1540496349621.jpg?resize=700%2C400&ssl=1 2x, https:\/\/i0.wp.com\/www.grieta.org.mx\/wp-content\/uploads\/2019\/05\/Raramuris_Semana_Santa-15-e1540496349621.jpg?resize=1050%2C600&ssl=1 3x, https:\/\/i0.wp.com\/www.grieta.org.mx\/wp-content\/uploads\/2019\/05\/Raramuris_Semana_Santa-15-e1540496349621.jpg?resize=1400%2C800&ssl=1 4x"},"classes":[]},{"id":40732,"url":"https:\/\/www.grieta.org.mx\/index.php\/2019\/10\/26\/plasman-en-mural-los-rostros-de-tres-defensores-indigenas-del-medio-ambiente-en-chihuahua\/","url_meta":{"origin":57171,"position":3},"title":"Plasman en mural los rostros de tres defensores ind\u00edgenas del medio ambiente en Chihuahua","author":"grieta","date":"26 octubre, 2019","format":false,"excerpt":"Patricia Mayorga\/Proceso CIUDAD DE M\u00c9XICO (apro).- Los rostros de Juli\u00e1n Carrillo Mart\u00ednez, Isidro Baldenegro L\u00f3pez y Juan Ontiveros Ramos, defensores ind\u00edgenas del medio ambiente, fueron plasmados en un mural en las instalaciones de la organizaci\u00f3n Alianza Sierra Madre, en la capital de Chihuahua. Los muralistas Antonio Leal Bejarano \u2018Terremoto\u2019 y\u2026","rel":"","context":"En &quot;Chihuahua&quot;","block_context":{"text":"Chihuahua","link":"https:\/\/www.grieta.org.mx\/index.php\/category\/noticias-nacionales\/chihuahua\/"},"img":{"alt_text":"","src":"https:\/\/i0.wp.com\/www.grieta.org.mx\/wp-content\/uploads\/2019\/10\/Alianza-Sierra-Madre-OK-870x522.jpg?resize=350%2C200&ssl=1","width":350,"height":200,"srcset":"https:\/\/i0.wp.com\/www.grieta.org.mx\/wp-content\/uploads\/2019\/10\/Alianza-Sierra-Madre-OK-870x522.jpg?resize=350%2C200&ssl=1 1x, https:\/\/i0.wp.com\/www.grieta.org.mx\/wp-content\/uploads\/2019\/10\/Alianza-Sierra-Madre-OK-870x522.jpg?resize=525%2C300&ssl=1 1.5x, https:\/\/i0.wp.com\/www.grieta.org.mx\/wp-content\/uploads\/2019\/10\/Alianza-Sierra-Madre-OK-870x522.jpg?resize=700%2C400&ssl=1 2x"},"classes":[]},{"id":33698,"url":"https:\/\/www.grieta.org.mx\/index.php\/2019\/05\/17\/mexico-asesinan-a-madre-e-hijo-defensores-de-tierra-y-territorio-de-la-sierra-tarahumara-y-familiares-de-lider-julian-carrillo-martinez-asesinado-en-2018\/","url_meta":{"origin":57171,"position":4},"title":"M\u00e9xico: Asesinan a madre e hijo, defensores de tierra y territorio de la Sierra Tarahumara y familiares de l\u00edder Juli\u00e1n Carrillo Mart\u00ednez asesinado en 2018","author":"grieta","date":"17 mayo, 2019","format":false,"excerpt":"BUSINESS-HUMANRIGHT\/ LA JORNADA \u201cMatan a madre e hijo, defensores de bosques en Chihuahua\u201d, 4 de mayo de 2019 \u2026Asesinos a sueldo ultimaron a Otilia Mart\u00ednez Cruz\u2026y a su hijo Gregorio Chaparro Cruz, de 20, en el municipio de Guadalupe y Calvo, en los l\u00edmites de Chihuahua y Sinaloa. Las v\u00edctimas\u2026","rel":"","context":"En &quot;Chihuahua&quot;","block_context":{"text":"Chihuahua","link":"https:\/\/www.grieta.org.mx\/index.php\/category\/noticias-nacionales\/chihuahua\/"},"img":{"alt_text":"","src":"https:\/\/i0.wp.com\/www.grieta.org.mx\/wp-content\/uploads\/2018\/03\/14524434_1106112876131411_958039263622046936_o.jpg?resize=350%2C200&ssl=1","width":350,"height":200,"srcset":"https:\/\/i0.wp.com\/www.grieta.org.mx\/wp-content\/uploads\/2018\/03\/14524434_1106112876131411_958039263622046936_o.jpg?resize=350%2C200&ssl=1 1x, https:\/\/i0.wp.com\/www.grieta.org.mx\/wp-content\/uploads\/2018\/03\/14524434_1106112876131411_958039263622046936_o.jpg?resize=525%2C300&ssl=1 1.5x, https:\/\/i0.wp.com\/www.grieta.org.mx\/wp-content\/uploads\/2018\/03\/14524434_1106112876131411_958039263622046936_o.jpg?resize=700%2C400&ssl=1 2x"},"classes":[]},{"id":27593,"url":"https:\/\/www.grieta.org.mx\/index.php\/2018\/11\/10\/historia-de-resistencia-y-lucha-del-lider-raramuri-asesinado-en-chihuahua\/","url_meta":{"origin":57171,"position":5},"title":"Historia de resistencia y lucha del l\u00edder rar\u00e1muri asesinado en Chihuahua","author":"grieta","date":"10 noviembre, 2018","format":false,"excerpt":"Patricia Mayorga\/ PROCESO CIUDAD DE M\u00c9XICO (apro).- V\u00edctor Juli\u00e1n Mart\u00ednez, l\u00edder social ind\u00edgena asesinado ayer en Coloradas de la Virgen del municipio de Guadalupe y Calvo, es un \u00edcono de la lucha por el territorio ubicado en una de las zonas m\u00e1s peligrosas de la regi\u00f3n y del pa\u00eds: el\u2026","rel":"","context":"En &quot;Chihuahua&quot;","block_context":{"text":"Chihuahua","link":"https:\/\/www.grieta.org.mx\/index.php\/category\/noticias-nacionales\/chihuahua\/"},"img":{"alt_text":"","src":"https:\/\/i0.wp.com\/www.grieta.org.mx\/wp-content\/uploads\/2018\/11\/victor-1078x750.jpg?resize=350%2C200&ssl=1","width":350,"height":200,"srcset":"https:\/\/i0.wp.com\/www.grieta.org.mx\/wp-content\/uploads\/2018\/11\/victor-1078x750.jpg?resize=350%2C200&ssl=1 1x, https:\/\/i0.wp.com\/www.grieta.org.mx\/wp-content\/uploads\/2018\/11\/victor-1078x750.jpg?resize=525%2C300&ssl=1 1.5x, https:\/\/i0.wp.com\/www.grieta.org.mx\/wp-content\/uploads\/2018\/11\/victor-1078x750.jpg?resize=700%2C400&ssl=1 2x, https:\/\/i0.wp.com\/www.grieta.org.mx\/wp-content\/uploads\/2018\/11\/victor-1078x750.jpg?resize=1050%2C600&ssl=1 3x"},"classes":[]}],"_links":{"self":[{"href":"https:\/\/www.grieta.org.mx\/index.php\/wp-json\/wp\/v2\/posts\/57171","targetHints":{"allow":["GET"]}}],"collection":[{"href":"https:\/\/www.grieta.org.mx\/index.php\/wp-json\/wp\/v2\/posts"}],"about":[{"href":"https:\/\/www.grieta.org.mx\/index.php\/wp-json\/wp\/v2\/types\/post"}],"author":[{"embeddable":true,"href":"https:\/\/www.grieta.org.mx\/index.php\/wp-json\/wp\/v2\/users\/2"}],"replies":[{"embeddable":true,"href":"https:\/\/www.grieta.org.mx\/index.php\/wp-json\/wp\/v2\/comments?post=57171"}],"version-history":[{"count":1,"href":"https:\/\/www.grieta.org.mx\/index.php\/wp-json\/wp\/v2\/posts\/57171\/revisions"}],"predecessor-version":[{"id":57173,"href":"https:\/\/www.grieta.org.mx\/index.php\/wp-json\/wp\/v2\/posts\/57171\/revisions\/57173"}],"wp:featuredmedia":[{"embeddable":true,"href":"https:\/\/www.grieta.org.mx\/index.php\/wp-json\/wp\/v2\/media\/57172"}],"wp:attachment":[{"href":"https:\/\/www.grieta.org.mx\/index.php\/wp-json\/wp\/v2\/media?parent=57171"}],"wp:term":[{"taxonomy":"category","embeddable":true,"href":"https:\/\/www.grieta.org.mx\/index.php\/wp-json\/wp\/v2\/categories?post=57171"},{"taxonomy":"post_tag","embeddable":true,"href":"https:\/\/www.grieta.org.mx\/index.php\/wp-json\/wp\/v2\/tags?post=57171"}],"curies":[{"name":"wp","href":"https:\/\/api.w.org\/{rel}","templated":true}]}}