{"id":57168,"date":"2021-02-07T11:33:52","date_gmt":"2021-02-07T17:33:52","guid":{"rendered":"http:\/\/www.grieta.org.mx\/?p=57168"},"modified":"2021-02-22T11:39:18","modified_gmt":"2021-02-22T17:39:18","slug":"medicas-y-pasantes-de-medicina-protestan-contra-acoso-y-agresiones-en-chihuahua","status":"publish","type":"post","link":"https:\/\/www.grieta.org.mx\/index.php\/2021\/02\/07\/medicas-y-pasantes-de-medicina-protestan-contra-acoso-y-agresiones-en-chihuahua\/","title":{"rendered":"M\u00e9dicas y pasantes de medicina protestan contra acoso y agresiones en Chihuahua"},"content":{"rendered":"<p>Proceso\/Patricia Mayorga<\/p>\n<p>CHIHUAHUA, Chih. (proceso.com.mx).- El homicidio de la joven pasante de Medicina, Mariana S\u00e1nchez D\u00e1vila en Chiapas, desat\u00f3 la indignaci\u00f3n de las estudiantes y egresadas de Medicina en Chihuahua, quienes desde hace a\u00f1os han denunciado los riesgos de trabajar\u00a0en zonas inseguras e incluso con sus propios compa\u00f1eros, sin que sus denuncias sean atendidas.<\/p>\n<p>En una marcha que inici\u00f3 en el hospital Morelos del Instituto Mexicano del Seguro Social, exigieron justicia para Mariana, y garant\u00edas para ejercer su labor de manera segura, porque no cuentan con protocolos claros y eficaces para denunciar delitos desde acoso sexual y laboral, hasta intimidaci\u00f3n de grupos delictivos.<\/p>\n<p>La marcha tuvo cuatro puntos estrat\u00e9gicos para elevar el nivel de exigencia, en donde colocaron batas blancas con sangre simulada con pintura roja. El primero fue el IMSS Morelos en la ciudad de Chihuahua, donde colocaron las batas. El segundo fue la rector\u00eda de la Universidad Aut\u00f3noma de Chihuahua, ubicada frente al palacio de gobierno y a un costado de la Fiscal\u00eda General del Estado.<\/p>\n<aside class=\"htmlinline\"><\/aside>\n<p>El tercero, la cruz de clavos colocada desde hace varios a\u00f1os en la plaza Hidalgo tambi\u00e9n frente al palacio de gobierno y que se ha convertido en el \u00edcono de la impunidad de feminicidios, homicidios contra l\u00edderes ambientales y otras v\u00edctimas de la violencia generalizada que vive la entidad.<\/p>\n<aside class=\"htmlinline\"><\/aside>\n<p>El cuarto punto fue en las antiguas instalaciones de la Facultad de Medicina de la UACH, que se encuentra a un costado del Hospital Central Universitario, hoy convertido en hospital covid.<\/p>\n<p>En el cierre de la marcha, estudiantes y egresadas dieron testimonio de los abusos de los que han sido v\u00edctimas, como la violaci\u00f3n sexual de un compa\u00f1ero de la misma aula, que hasta ahora contin\u00faa impune a pesar de las denucias ante las autoridades universitarias y judiciales.<\/p>\n<p>Recordaron tambi\u00e9n la situaci\u00f3n en la que mujeres y hombres pasantes de Medicina, realizan su servicio social principalmente en las zonas de riesgo, donde por lo menos se ha registrado un caso de desaparici\u00f3n en G\u00f3mez Far\u00edas. En esa regi\u00f3n fue desaparecido por un grupo delictivo que se lo llev\u00f3 de su casa para exigirle atenci\u00f3n m\u00e9dica, el doctor Blas Juan God\u00ednez, quien hasta ahora no ha aparecido.<\/p>\n<p>Otras j\u00f3venes tambi\u00e9n\u00a0han sido llevadas por integrantes de grupos delictivos para atender a sus heridos, aunque afortunadamente las han regresado con vida.<\/p>\n<p>La marcha fue convocada por el colectivo MedFemCuu y M\u00e9dicas con A, quienes tuvieron una amplia respuesta de estudiantes y egresados de Medicina. Se reunieron alrededor de 200 que caminaron al grito de &#8220;Mariana, escucha, estamos en tu lucha&#8221;.<\/p>\n<p>Las pancartas, entre otras frases demandaban justicia: &#8220;En Chihuahua y Chiapas desaparecen y matan m\u00e9dicos (as)&#8221;, &#8220;Protocolos para las (os) pasantes, \u00bfcu\u00e1ndo?&#8221;, &#8220;Las universidades nos niegan como alumnas (os) cuando somos internos y pasantes&#8221;, &#8220;Mi familia espera un m\u00e9dico, no un cad\u00e1ver #JusticiaParaMariana&#8221;, &#8220;Voy a servir a la comunidad, no a que me maten #JusticiaParaMariana&#8221;.<\/p>\n<p>Sof\u00eda Garc\u00eda, m\u00e9dica egresada de la UACh, quien tambi\u00e9n ha denunciado abusos sexuales, refiri\u00f3 que la pandemia puso en evidencia la precariedad de la inversi\u00f3n en el sistema de salud, lo que repercute en la falta de m\u00e9dicas y m\u00e9dicos en zonas rurales o de riesgo, que son cubiertas por quienes realizan el servicio social generalmente.<\/p>\n<p>Cristina Guti\u00e9rrez Sandoval, m\u00e9dica pasante de servicio social, destac\u00f3 el apoyo que hubo en la marcha que les uni\u00f3 en un s\u00f3lo sentimiento y reclamo de justicia.<\/p>\n<p>&#8220;Como pasante de servicio social estuve en una cl\u00ednica rural en un ambiente de hostilidad y machismo por la misma comunidad y las jerarqu\u00edas m\u00e9dicas. Con el asesor no hab\u00eda posibilidad de di\u00e1logo, se trabaja bajo una presi\u00f3n muy fuerte, no somos escuchados. Aunque yo me siento afortunada, a pesar de que era una plaza tipo C, porque la comunidad no fue una historia tr\u00e1gica, gracias a las enfermeras que hacian visible la violencia de g\u00e9nero. Pero no todas tienen la suerte que tuve&#8221;, comparti\u00f3 Cristina.<\/p>\n<p>Cont\u00f3 que el presidente municipal tambi\u00e9n la escuch\u00f3, entendi\u00f3 que las mujeres m\u00e9dicas ten\u00edan miedo al atender pacientes a cierta hora del d\u00eda. A partir de que habl\u00f3 con \u00e9l, las personas que requer\u00edan atenci\u00f3n m\u00e9dica por la noche, s\u00f3lo podr\u00edan ser atendidas si iban acompa\u00f1adas por una mujer.<\/p>\n<p>&#8220;En una pl\u00e1tica con adolescentes, hablando de sexualidad en un programa institucional, me preguntaron si yo ya hab\u00eda estado all\u00ed porque me parec\u00eda mucho a una m\u00e9dica anterior. Les dije que no. Y burl\u00e1ndose dijeron: &#8216;ah no, a la otra la mataron&#8217;. Es un ambiente muy normalizado con la violencia&#8221;.<\/p>\n<p><a href=\"https:\/\/www.proceso.com.mx\/nacional\/estados\/2021\/2\/7\/medicas-pasantes-de-medicina-protestan-contra-acoso-agresiones-en-chihuahua-257807.html\">https:\/\/www.proceso.com.mx\/nacional\/estados\/2021\/2\/7\/medicas-pasantes-de-medicina-protestan-contra-acoso-agresiones-en-chihuahua-257807.html\u00a0<\/a><\/p>\n","protected":false},"excerpt":{"rendered":"<p>Proceso\/Patricia Mayorga CHIHUAHUA, Chih. (proceso.com.mx).- El homicidio de la joven pasante de Medicina, Mariana S\u00e1nchez D\u00e1vila en Chiapas, desat\u00f3 la indignaci\u00f3n de las estudiantes y egresadas de Medicina en Chihuahua, &hellip; <a href=\"https:\/\/www.grieta.org.mx\/index.php\/2021\/02\/07\/medicas-y-pasantes-de-medicina-protestan-contra-acoso-y-agresiones-en-chihuahua\/\" class=\"more-link\">Leer m\u00e1s<\/a><\/p>\n","protected":false},"author":2,"featured_media":21928,"comment_status":"closed","ping_status":"closed","sticky":false,"template":"","format":"standard","meta":{"ngg_post_thumbnail":0,"_jetpack_newsletter_access":"","_jetpack_dont_email_post_to_subs":false,"_jetpack_newsletter_tier_id":0,"_jetpack_memberships_contains_paywalled_content":false,"_jetpack_memberships_contains_paid_content":false,"footnotes":""},"categories":[12,80,2815],"tags":[3254,3225],"class_list":["post-57168","post","type-post","status-publish","format-standard","has-post-thumbnail","hentry","category-chihuahua","category-cintillo","category-protestas-y-movilizaciones-de-mujeres-en-chihuahua","tag-agresiones-contra-personal-medico","tag-aumento-de-la-violencia-contra-las-mujeres","entry"],"jetpack_featured_media_url":"https:\/\/www.grieta.org.mx\/wp-content\/uploads\/2018\/03\/14524434_1106112876131411_958039263622046936_o.jpg","jetpack_sharing_enabled":true,"jetpack_shortlink":"https:\/\/wp.me\/p7ZJR4-eS4","jetpack_likes_enabled":false,"jetpack-related-posts":[{"id":10990,"url":"https:\/\/www.grieta.org.mx\/index.php\/2016\/04\/25\/movilizacion-contra-la-violencia-hacia-las-mujeres-en-chihuahua\/","url_meta":{"origin":57168,"position":0},"title":"Movilizaci\u00f3n contra la violencia hacia las mujeres en Chihuahua","author":"grieta","date":"25 abril, 2016","format":false,"excerpt":"24\/04\/16. Marchan mujeres para acabar con la violencia de g\u00e9nero en ChihuahuaEl diario de chihuahua .24\/04\/16 Protestan contra violencia de g\u00e9nero en ChihuahuaProceso 24\/04\/16. Bajo el lema de ''Vivas nos queremos'' marchan mujeres por la zona centro de CJArrobajuarez","rel":"","context":"En &quot;Chihuahua&quot;","block_context":{"text":"Chihuahua","link":"https:\/\/www.grieta.org.mx\/index.php\/category\/noticias-nacionales\/chihuahua\/"},"img":{"alt_text":"","src":"https:\/\/i0.wp.com\/www.grieta.org.mx\/wp-content\/uploads\/2018\/03\/14524434_1106112876131411_958039263622046936_o.jpg?resize=350%2C200&ssl=1","width":350,"height":200,"srcset":"https:\/\/i0.wp.com\/www.grieta.org.mx\/wp-content\/uploads\/2018\/03\/14524434_1106112876131411_958039263622046936_o.jpg?resize=350%2C200&ssl=1 1x, https:\/\/i0.wp.com\/www.grieta.org.mx\/wp-content\/uploads\/2018\/03\/14524434_1106112876131411_958039263622046936_o.jpg?resize=525%2C300&ssl=1 1.5x, https:\/\/i0.wp.com\/www.grieta.org.mx\/wp-content\/uploads\/2018\/03\/14524434_1106112876131411_958039263622046936_o.jpg?resize=700%2C400&ssl=1 2x"},"classes":[]},{"id":62542,"url":"https:\/\/www.grieta.org.mx\/index.php\/2021\/10\/29\/medicas-rechazan-foro-contra-violencia-sexual-en-la-uach-por-nuevo-secretario-academico-senalado-de-acosador\/","url_meta":{"origin":57168,"position":1},"title":"M\u00e9dicas rechazan foro contra violencia sexual en la UACH por nuevo secretario acad\u00e9mico se\u00f1alado de acosador","author":"grieta","date":"29 octubre, 2021","format":false,"excerpt":"Por Ra\u00fal Fernando\/Raichali Fotograf\u00eda de portada: Archivo de Ra\u00edchali\/Ra\u00fal Fernando Organizaciones de estudiantes, pasantes y m\u00e9dicas graduadas cancelaron su participaci\u00f3n en el \u201cPrimer foro universitario sobre el acoso y hostigamiento sexual y\/o laboral\u201d en la Universidad Aut\u00f3noma de Chihuahua despu\u00e9s del nombramiento de un doctor acusado de ser acosador sexual\u2026","rel":"","context":"En &quot;Chihuahua&quot;","block_context":{"text":"Chihuahua","link":"https:\/\/www.grieta.org.mx\/index.php\/category\/noticias-nacionales\/chihuahua\/"},"img":{"alt_text":"","src":"https:\/\/i0.wp.com\/www.grieta.org.mx\/wp-content\/uploads\/2021\/10\/0IE1kZOAsYUNF9RQ.jpg?resize=350%2C200&ssl=1","width":350,"height":200,"srcset":"https:\/\/i0.wp.com\/www.grieta.org.mx\/wp-content\/uploads\/2021\/10\/0IE1kZOAsYUNF9RQ.jpg?resize=350%2C200&ssl=1 1x, https:\/\/i0.wp.com\/www.grieta.org.mx\/wp-content\/uploads\/2021\/10\/0IE1kZOAsYUNF9RQ.jpg?resize=525%2C300&ssl=1 1.5x, https:\/\/i0.wp.com\/www.grieta.org.mx\/wp-content\/uploads\/2021\/10\/0IE1kZOAsYUNF9RQ.jpg?resize=700%2C400&ssl=1 2x, https:\/\/i0.wp.com\/www.grieta.org.mx\/wp-content\/uploads\/2021\/10\/0IE1kZOAsYUNF9RQ.jpg?resize=1050%2C600&ssl=1 3x, https:\/\/i0.wp.com\/www.grieta.org.mx\/wp-content\/uploads\/2021\/10\/0IE1kZOAsYUNF9RQ.jpg?resize=1400%2C800&ssl=1 4x"},"classes":[]},{"id":36206,"url":"https:\/\/www.grieta.org.mx\/index.php\/2018\/03\/21\/ambiente-adverso-para-periodistas-en-gobierno-de-corral-article-19-chihuahua\/","url_meta":{"origin":57168,"position":2},"title":"Ambiente adverso para periodistas en gobierno de Corral: Article 19 (Chihuahua)","author":"grieta","date":"21 marzo, 2018","format":false,"excerpt":"Red de Periodistas de Ju\u00e1rez En Chihuahua, el ambiente para los periodistas y defensores de la libertad de expresi\u00f3n es adverso debido a la violencia institucional que impera contra la prensa durante el gobierno de Javier Corral Jurado, de acuerdo con la organizaci\u00f3n ARTICLE 19. En su informe \u2018Democracia Simulada,\u2026","rel":"","context":"En &quot;Chihuahua&quot;","block_context":{"text":"Chihuahua","link":"https:\/\/www.grieta.org.mx\/index.php\/category\/noticias-nacionales\/chihuahua\/"},"img":{"alt_text":"","src":"https:\/\/i0.wp.com\/www.grieta.org.mx\/wp-content\/uploads\/2019\/07\/amordazada-libertad.jpg?resize=350%2C200&ssl=1","width":350,"height":200,"srcset":"https:\/\/i0.wp.com\/www.grieta.org.mx\/wp-content\/uploads\/2019\/07\/amordazada-libertad.jpg?resize=350%2C200&ssl=1 1x, https:\/\/i0.wp.com\/www.grieta.org.mx\/wp-content\/uploads\/2019\/07\/amordazada-libertad.jpg?resize=525%2C300&ssl=1 1.5x, https:\/\/i0.wp.com\/www.grieta.org.mx\/wp-content\/uploads\/2019\/07\/amordazada-libertad.jpg?resize=700%2C400&ssl=1 2x"},"classes":[]},{"id":11003,"url":"https:\/\/www.grieta.org.mx\/index.php\/2016\/04\/24\/protestan-contra-violencia-de-genero-en-chihuahua\/","url_meta":{"origin":57168,"position":3},"title":"Protestan contra violencia de g\u00e9nero en Chihuahua","author":"grieta","date":"24 abril, 2016","format":false,"excerpt":"En Ciudad Ju\u00e1rez se congregaron familiares de personas desaparecidas y las obreras que realizaron durante meses una huelga afuera de la maquiladora Lexmark para exigir mejores condiciones laborales y sueldos. El contingente de la ciudad de Chihuahua recorri\u00f3 la avenida Universidad e hizo cuatro paradas para realizar actos representativos de\u2026","rel":"","context":"En &quot;chihuahua&quot;","block_context":{"text":"chihuahua","link":"https:\/\/www.grieta.org.mx\/index.php\/category\/chihuahua\/"},"img":{"alt_text":"","src":"https:\/\/i0.wp.com\/www.grieta.org.mx\/wp-content\/uploads\/2018\/03\/14524434_1106112876131411_958039263622046936_o.jpg?resize=350%2C200&ssl=1","width":350,"height":200,"srcset":"https:\/\/i0.wp.com\/www.grieta.org.mx\/wp-content\/uploads\/2018\/03\/14524434_1106112876131411_958039263622046936_o.jpg?resize=350%2C200&ssl=1 1x, https:\/\/i0.wp.com\/www.grieta.org.mx\/wp-content\/uploads\/2018\/03\/14524434_1106112876131411_958039263622046936_o.jpg?resize=525%2C300&ssl=1 1.5x, https:\/\/i0.wp.com\/www.grieta.org.mx\/wp-content\/uploads\/2018\/03\/14524434_1106112876131411_958039263622046936_o.jpg?resize=700%2C400&ssl=1 2x"},"classes":[]},{"id":12080,"url":"https:\/\/www.grieta.org.mx\/index.php\/2016\/05\/09\/chihuahua-caravana-de-madres-de-desaparecidos-parte-a-cdmx\/","url_meta":{"origin":57168,"position":4},"title":"Chihuahua: caravana de madres de desaparecidos parte a CDMX","author":"grieta","date":"9 mayo, 2016","format":false,"excerpt":"La Jornada Rub\u00e9n Villalpando Madres de mujeres y hombres desaparecidos en el estado de Chihuahua partieron este d\u00eda en caravana a la ciudad de M\u00e9xico para manifestarse en contra de la indiferencia oficial en torno a estos casos y para expresar su decisi\u00f3n de proseguir en la luchar. Las madres\u2026","rel":"","context":"En &quot;chihuahua&quot;","block_context":{"text":"chihuahua","link":"https:\/\/www.grieta.org.mx\/index.php\/category\/chihuahua\/"},"img":{"alt_text":"","src":"https:\/\/i0.wp.com\/www.grieta.org.mx\/wp-content\/uploads\/2018\/03\/14524434_1106112876131411_958039263622046936_o.jpg?resize=350%2C200&ssl=1","width":350,"height":200,"srcset":"https:\/\/i0.wp.com\/www.grieta.org.mx\/wp-content\/uploads\/2018\/03\/14524434_1106112876131411_958039263622046936_o.jpg?resize=350%2C200&ssl=1 1x, https:\/\/i0.wp.com\/www.grieta.org.mx\/wp-content\/uploads\/2018\/03\/14524434_1106112876131411_958039263622046936_o.jpg?resize=525%2C300&ssl=1 1.5x, https:\/\/i0.wp.com\/www.grieta.org.mx\/wp-content\/uploads\/2018\/03\/14524434_1106112876131411_958039263622046936_o.jpg?resize=700%2C400&ssl=1 2x"},"classes":[]},{"id":27359,"url":"https:\/\/www.grieta.org.mx\/index.php\/2018\/10\/25\/asesinan-a-defensor-raramuri-en-la-sierra-de-chihuahua\/","url_meta":{"origin":57168,"position":5},"title":"Asesinan a defensor rar\u00e1muri en la sierra de Chihuahua","author":"grieta","date":"25 octubre, 2018","format":false,"excerpt":"Tomada de Amnist\u00eda Internacional. REDACCI\u00d3N\/EL Diario de Chihuahua Chihuahua.- Durante la noche de este mi\u00e9rcoles, Juli\u00e1n Carrillo, defensor rar\u00e1muri de tierra y territorio del municipio Coloradas de la Virgen, Chihuahua, fue asesinado por un grupo de hombres armados. En entrevista para Animal Pol\u00edtico, Erika Guevara Rosas, directora para las Am\u00e9ricas\u2026","rel":"","context":"En &quot;Chihuahua&quot;","block_context":{"text":"Chihuahua","link":"https:\/\/www.grieta.org.mx\/index.php\/category\/noticias-nacionales\/chihuahua\/"},"img":{"alt_text":"","src":"https:\/\/i0.wp.com\/www.grieta.org.mx\/wp-content\/uploads\/2018\/10\/JULIAN-CARRILLO-RAR%C3%81MURI.jpg?resize=350%2C200&ssl=1","width":350,"height":200,"srcset":"https:\/\/i0.wp.com\/www.grieta.org.mx\/wp-content\/uploads\/2018\/10\/JULIAN-CARRILLO-RAR%C3%81MURI.jpg?resize=350%2C200&ssl=1 1x, https:\/\/i0.wp.com\/www.grieta.org.mx\/wp-content\/uploads\/2018\/10\/JULIAN-CARRILLO-RAR%C3%81MURI.jpg?resize=525%2C300&ssl=1 1.5x, https:\/\/i0.wp.com\/www.grieta.org.mx\/wp-content\/uploads\/2018\/10\/JULIAN-CARRILLO-RAR%C3%81MURI.jpg?resize=700%2C400&ssl=1 2x"},"classes":[]}],"_links":{"self":[{"href":"https:\/\/www.grieta.org.mx\/index.php\/wp-json\/wp\/v2\/posts\/57168","targetHints":{"allow":["GET"]}}],"collection":[{"href":"https:\/\/www.grieta.org.mx\/index.php\/wp-json\/wp\/v2\/posts"}],"about":[{"href":"https:\/\/www.grieta.org.mx\/index.php\/wp-json\/wp\/v2\/types\/post"}],"author":[{"embeddable":true,"href":"https:\/\/www.grieta.org.mx\/index.php\/wp-json\/wp\/v2\/users\/2"}],"replies":[{"embeddable":true,"href":"https:\/\/www.grieta.org.mx\/index.php\/wp-json\/wp\/v2\/comments?post=57168"}],"version-history":[{"count":1,"href":"https:\/\/www.grieta.org.mx\/index.php\/wp-json\/wp\/v2\/posts\/57168\/revisions"}],"predecessor-version":[{"id":57170,"href":"https:\/\/www.grieta.org.mx\/index.php\/wp-json\/wp\/v2\/posts\/57168\/revisions\/57170"}],"wp:featuredmedia":[{"embeddable":true,"href":"https:\/\/www.grieta.org.mx\/index.php\/wp-json\/wp\/v2\/media\/21928"}],"wp:attachment":[{"href":"https:\/\/www.grieta.org.mx\/index.php\/wp-json\/wp\/v2\/media?parent=57168"}],"wp:term":[{"taxonomy":"category","embeddable":true,"href":"https:\/\/www.grieta.org.mx\/index.php\/wp-json\/wp\/v2\/categories?post=57168"},{"taxonomy":"post_tag","embeddable":true,"href":"https:\/\/www.grieta.org.mx\/index.php\/wp-json\/wp\/v2\/tags?post=57168"}],"curies":[{"name":"wp","href":"https:\/\/api.w.org\/{rel}","templated":true}]}}