{"id":57157,"date":"2021-02-18T19:52:53","date_gmt":"2021-02-19T01:52:53","guid":{"rendered":"http:\/\/www.grieta.org.mx\/?p=57157"},"modified":"2021-02-21T20:03:10","modified_gmt":"2021-02-22T02:03:10","slug":"iden-a-la-corte-libertad-de-concejales-que-luchan-por-la-autonomia-purepecha-michoacan","status":"publish","type":"post","link":"https:\/\/www.grieta.org.mx\/index.php\/2021\/02\/18\/iden-a-la-corte-libertad-de-concejales-que-luchan-por-la-autonomia-purepecha-michoacan\/","title":{"rendered":"iden a la Corte libertad de concejales que luchan por la autonom\u00eda pur\u00e9pecha (Michoac\u00e1n)"},"content":{"rendered":"<blockquote><p><strong>El Concejo Ciudadano Ind\u00edgena de Nahuatzen, en la meseta pur\u00e9pecha de Michoac\u00e1n, promovi\u00f3 un recurso de reclamaci\u00f3n con el que esperan que la Suprema Corte ayude a liberar a dos autoridades ind\u00edgenas de la comunidad que fueron aprehendidos en 2018 para reprimir la construcci\u00f3n de un gobierno aut\u00f3nomo en la comunidad<\/strong><\/p><\/blockquote>\n<figure id=\"attachment_57158\" aria-describedby=\"caption-attachment-57158\" style=\"width: 750px\" class=\"wp-caption alignnone\"><img loading=\"lazy\" decoding=\"async\" data-attachment-id=\"57158\" data-permalink=\"https:\/\/www.grieta.org.mx\/index.php\/2021\/02\/18\/iden-a-la-corte-libertad-de-concejales-que-luchan-por-la-autonomia-purepecha-michoacan\/nahuatzen_mario-marlo_zona_docs\/\" data-orig-file=\"https:\/\/www.grieta.org.mx\/wp-content\/uploads\/2021\/02\/Nahuatzen_Mario-Marlo_Zona_Docs.jpg\" data-orig-size=\"992,620\" data-comments-opened=\"0\" data-image-meta=\"{&quot;aperture&quot;:&quot;0&quot;,&quot;credit&quot;:&quot;&quot;,&quot;camera&quot;:&quot;&quot;,&quot;caption&quot;:&quot;&quot;,&quot;created_timestamp&quot;:&quot;0&quot;,&quot;copyright&quot;:&quot;&quot;,&quot;focal_length&quot;:&quot;0&quot;,&quot;iso&quot;:&quot;0&quot;,&quot;shutter_speed&quot;:&quot;0&quot;,&quot;title&quot;:&quot;&quot;,&quot;orientation&quot;:&quot;1&quot;}\" data-image-title=\"Nahuatzen_Mario-Marlo_Zona_Docs\" data-image-description=\"\" data-image-caption=\"&lt;p&gt;Foto: Mario Marlo \/ Zona Docs&lt;\/p&gt;\n\" data-medium-file=\"https:\/\/www.grieta.org.mx\/wp-content\/uploads\/2021\/02\/Nahuatzen_Mario-Marlo_Zona_Docs-300x188.jpg\" data-large-file=\"https:\/\/www.grieta.org.mx\/wp-content\/uploads\/2021\/02\/Nahuatzen_Mario-Marlo_Zona_Docs.jpg\" class=\"wp-image-57158\" src=\"http:\/\/www.grieta.org.mx\/wp-content\/uploads\/2021\/02\/Nahuatzen_Mario-Marlo_Zona_Docs.jpg\" alt=\"\" width=\"750\" height=\"469\" srcset=\"https:\/\/www.grieta.org.mx\/wp-content\/uploads\/2021\/02\/Nahuatzen_Mario-Marlo_Zona_Docs.jpg 992w, https:\/\/www.grieta.org.mx\/wp-content\/uploads\/2021\/02\/Nahuatzen_Mario-Marlo_Zona_Docs-300x188.jpg 300w, https:\/\/www.grieta.org.mx\/wp-content\/uploads\/2021\/02\/Nahuatzen_Mario-Marlo_Zona_Docs-768x480.jpg 768w, https:\/\/www.grieta.org.mx\/wp-content\/uploads\/2021\/02\/Nahuatzen_Mario-Marlo_Zona_Docs-800x500.jpg 800w\" sizes=\"auto, (max-width: 750px) 100vw, 750px\" \/><figcaption id=\"caption-attachment-57158\" class=\"wp-caption-text\">Foto: Mario Marlo \/ Zona Docs<\/figcaption><\/figure>\n<p>Pie de P\u00e1gina, 18 de febrero de 2021<\/p>\n<p>Texto: Arturo Contreras Camero<\/p>\n<p>Foto: Mario Marlo \/ Zona Docs<\/p>\n<p>CIUDAD DE M\u00c9XICO.- Jos\u00e9 Luis Jim\u00e9nez Meza y Jos\u00e9 Antonio Arriola Jim\u00e9nez est\u00e1n encarcelados injustamente desde 2018 por defender la autonom\u00eda de gobierno de su comunidad, acusan sus compa\u00f1eros. Ellos son parte del Concejo Ciudadano Ind\u00edgena de Nahuatzen (CCIN), una localidad en el municipio del mismo nombre en Michoac\u00e1n. En 2017 el concejo se hizo del gobierno de esta localidad sin la intermediaci\u00f3n de partidos pol\u00edticos. Desde ese a\u00f1o los hostigamientos a la comunidad no pararon, incluidos los encarcelamientos de estos concejeros. Su liberaci\u00f3n ahora est\u00e1 en manos de la Suprema Corte de Justicia de la Naci\u00f3n.<\/p>\n<p>\u201cDespu\u00e9s de que en un primer intento la magistrada desechara nuestra solicitud de un recurso de revisi\u00f3n, ahora se present\u00f3 este recurso de reclamaci\u00f3n, que est\u00e1 en la primera sala a cargo de la ministra Norma Luc\u00eda Pi\u00f1a. Y pues, formalmente, no nos han notificado, no tenemos un pron\u00f3stico de para cuando, pero confiamos en que debido a la grave violaci\u00f3n de derechos humanos y a todos los atropellos que ha habido en este proceso jur\u00eddico, confiamos en que la ministra tendr\u00e1 que resolver pronto\u201d, explica en entrevista telef\u00f3nica Efra\u00edn Avil\u00e9s, vocero del CCIN.<\/p>\n<p>Desde 2017, cuatro de las 15 localidades que conforman el municipio de Nahuatzen iniciaron distintos procesos de autonom\u00eda para regir su vida pol\u00edtica mediante sus propios mecanismos comunitarios, prescindiendo de la intervenci\u00f3n de partidos pol\u00edticos. La idea es crear un cuarto nivel de gobierno, que a\u00f1ada un escalaf\u00f3n al orden existente: nacional, estatal, municipal y comunitario.<\/p>\n<p>El camino ha estado lleno de atropellos y abusos por parte del gobierno municipal y estatal, controlados por pol\u00edticos del Partido de la Revoluci\u00f3n Democr\u00e1tica.<\/p>\n<p>\u201cEl Gobierno del estado de Michoac\u00e1n as\u00ed como el ayuntamiento de Nahuatzen han atacado y criminalizado al CCIN, a trav\u00e9s de la causa penal 182\/2019, violentando los derechos a la autonom\u00eda, libre determinaci\u00f3n y autogobierno. El encarcelamiento de Jos\u00e9 Luis y Antonio es una clara muestra del abuso de poder por parte del gobierno estatal contra los derechos de la comunidad\u201d, advierte en un comunicado del 17 de febrero de 2021 la Red Todos los Derechos para Todas y Todos (Red TDT), una organizaci\u00f3n que acompa\u00f1a a la comunidad en su proceso de autonom\u00eda.<\/p>\n<p>La historia de la autonom\u00eda en Nahuatzen data de 2015, cuando 4 mil, de los 7 mil votantes que hay en la comunidad, desconocieron al presidente municipal en turno, David Otlica Avil\u00e9s, quien incluso se vio obligado a dejar la comunidad y establecer una oficina de gobierno municipal alterno en una comunidad de cercana. En 2017, el Tribunal Electoral de Michoac\u00e1n reconoci\u00f3 el autogobierno de la comunidad.<\/p>\n<p>Un a\u00f1o despu\u00e9s, en noviembre de 2018, polic\u00edas municipales y estatales realizaron diferentes operativo en la comunidad para detener a cinco de los once concejales del gobierno ind\u00edgena, pero s\u00f3lo detuvieron a tres personas, dos de los concejales: Jos\u00e9 Luis Jim\u00e9nez Meza y Jos\u00e9 Antonio Arriola Jim\u00e9nez y a un comerciante: Gerardo Talavera Jim\u00e9nez, quienes hoy permanecen tras las rejas.<\/p>\n<p>El 11 de noviembre detuvieron a Gerardo Talavera en su domicilio de Morelia. Gerardo es un comerciante de la regi\u00f3n pur\u00e9pecha, a quien confundieron con una de las autoridades locales. Al d\u00eda siguiente, agentes del estado soltaron a los animales de Jos\u00e9 Luis Jim\u00e9nez Meza, quien al alejarse a los linderos del pueblo para que no se extraviaran fue interceptado por polic\u00edas que lo sometieron y lo detuvieron. El 13 de noviembre, elementos de seguridad acudieron al domicilio de Jos\u00e9 Antonio Arreola en Nahuatzen. Sin orden judicial entraron a su domicilio, de donde lo sacaron desnudo, a golpes y despu\u00e9s de enca\u00f1onar a su familia, se lo llevaron.<\/p>\n<p>Los tres fueron acusados de haberse robado, el 1 de noviembre de 2018, dos autom\u00f3viles Tsuru y un cami\u00f3n de volteo pertenecientes al gobierno municipal, por lo que se les adjudicaron los delitos de robo de veh\u00edculo y sabotaje. Sin embargo, ese d\u00eda los tres se encontraban en una reuni\u00f3n conciliadora de gobierno en el municipio cercano de P\u00e1tzcuaro, por lo que no pudieron cometer el delito. A pesar de que el delito de robo de veh\u00edculo ya fue desechado, y el delito de sabotaje no se sostiene, \u00e9sta sigue siendo la causa de su encarcelamiento.<\/p>\n<p>&nbsp;<\/p>\n<p><a href=\"https:\/\/piedepagina.mx\/piden-a-la-corte-libertad-de-concejales-que-luchan-por-la-autonomia-purepecha\/\">https:\/\/piedepagina.mx\/piden-a-la-corte-libertad-de-concejales-que-luchan-por-la-autonomia-purepecha\/<\/a>&nbsp;<\/p>\n","protected":false},"excerpt":{"rendered":"<p>El Concejo Ciudadano Ind\u00edgena de Nahuatzen, en la meseta pur\u00e9pecha de Michoac\u00e1n, promovi\u00f3 un recurso de reclamaci\u00f3n con el que esperan que la Suprema Corte ayude a liberar a dos &hellip; <a href=\"https:\/\/www.grieta.org.mx\/index.php\/2021\/02\/18\/iden-a-la-corte-libertad-de-concejales-que-luchan-por-la-autonomia-purepecha-michoacan\/\" class=\"more-link\">Leer m\u00e1s<\/a><\/p>\n","protected":false},"author":2,"featured_media":57158,"comment_status":"closed","ping_status":"closed","sticky":false,"template":"","format":"standard","meta":{"ngg_post_thumbnail":0,"_jetpack_newsletter_access":"","_jetpack_dont_email_post_to_subs":false,"_jetpack_newsletter_tier_id":0,"_jetpack_memberships_contains_paywalled_content":false,"_jetpack_memberships_contains_paid_content":false,"footnotes":""},"categories":[80,1467,21,995],"tags":[2466,130],"class_list":["post-57157","post","type-post","status-publish","format-standard","has-post-thumbnail","hentry","category-cintillo","category-lucha-y-resistencia-de-la-comunidad-de-nahuatzen","category-michoacan","category-resistencia-y-construccion-de-autonomia-de-las-comunidades-rurales-en-michoacan","tag-luchas-y-resistencias-de-pueblos-originarios","tag-represion","entry"],"jetpack_featured_media_url":"https:\/\/www.grieta.org.mx\/wp-content\/uploads\/2021\/02\/Nahuatzen_Mario-Marlo_Zona_Docs.jpg","jetpack_sharing_enabled":true,"jetpack_shortlink":"https:\/\/wp.me\/p7ZJR4-eRT","jetpack_likes_enabled":false,"jetpack-related-posts":[{"id":35868,"url":"https:\/\/www.grieta.org.mx\/index.php\/2019\/07\/03\/serapaz-denuncia-el-encarcelamiento-de-tres-activistas-de-la-comunidad-indigena-de-nahuatzen-michoacan\/","url_meta":{"origin":57157,"position":0},"title":"Serapaz denuncia el encarcelamiento de tres activistas de la comunidad ind\u00edgena de Nahuatzen (Michoac\u00e1n)","author":"grieta","date":"3 julio, 2019","format":false,"excerpt":"Por Ixtlix\u00f3chitl L\u00f3pez \/ Proceso, 3 de julio de 2019 CIUDAD DE M\u00c9XICO (apro).- La organizaci\u00f3n Servicios y Asesor\u00eda para la Paz (Serapaz) denunci\u00f3 el injusto encarcelamiento de Jos\u00e9 Antonio Arreola, Jos\u00e9 Luis Jim\u00e9nez y Jos\u00e9 Gerardo Talavera, miembros de la comunidad ind\u00edgena pur\u00e9pecha de Nahuatzen, Michoac\u00e1n, privados de la\u2026","rel":"","context":"En &quot;CINTILLO&quot;","block_context":{"text":"CINTILLO","link":"https:\/\/www.grieta.org.mx\/index.php\/category\/cintillo\/"},"img":{"alt_text":"","src":"https:\/\/i0.wp.com\/www.grieta.org.mx\/wp-content\/uploads\/2019\/07\/Nahua-1078x808.jpg?resize=350%2C200&ssl=1","width":350,"height":200,"srcset":"https:\/\/i0.wp.com\/www.grieta.org.mx\/wp-content\/uploads\/2019\/07\/Nahua-1078x808.jpg?resize=350%2C200&ssl=1 1x, https:\/\/i0.wp.com\/www.grieta.org.mx\/wp-content\/uploads\/2019\/07\/Nahua-1078x808.jpg?resize=525%2C300&ssl=1 1.5x, https:\/\/i0.wp.com\/www.grieta.org.mx\/wp-content\/uploads\/2019\/07\/Nahua-1078x808.jpg?resize=700%2C400&ssl=1 2x, https:\/\/i0.wp.com\/www.grieta.org.mx\/wp-content\/uploads\/2019\/07\/Nahua-1078x808.jpg?resize=1050%2C600&ssl=1 3x"},"classes":[]},{"id":59220,"url":"https:\/\/www.grieta.org.mx\/index.php\/2021\/04\/06\/exigen-libertad-a-presos-politicos-en-michoacan-afuera-de-scjn\/","url_meta":{"origin":57157,"position":1},"title":"Exigen libertad a presos pol\u00edticos en Michoac\u00e1n afuera de SCJN","author":"grieta","date":"6 abril, 2021","format":false,"excerpt":"Los integrantes del Concejo se dieron cita en el lugar para exigir la liberaci\u00f3n de los concejales Jos\u00e9 Luis Jim\u00e9nez y Jos\u00e9 Antonio Arreola, Nora Bucio, MVS Noticias, 06 de abril de 2021 Integrantes del Concejo Ciudadano Ind\u00edgena de Nahuatzen, se manifestaron afuera de la sede de la Suprema Corte\u2026","rel":"","context":"En &quot;Autonom\u00edas&quot;","block_context":{"text":"Autonom\u00edas","link":"https:\/\/www.grieta.org.mx\/index.php\/category\/resistencias\/autonomias\/"},"img":{"alt_text":"","src":"https:\/\/i0.wp.com\/www.grieta.org.mx\/wp-content\/uploads\/2021\/05\/ccdcd426-whatsapp-image-2021-04-06-at-13.38.21.jpeg?resize=350%2C200&ssl=1","width":350,"height":200,"srcset":"https:\/\/i0.wp.com\/www.grieta.org.mx\/wp-content\/uploads\/2021\/05\/ccdcd426-whatsapp-image-2021-04-06-at-13.38.21.jpeg?resize=350%2C200&ssl=1 1x, https:\/\/i0.wp.com\/www.grieta.org.mx\/wp-content\/uploads\/2021\/05\/ccdcd426-whatsapp-image-2021-04-06-at-13.38.21.jpeg?resize=525%2C300&ssl=1 1.5x, https:\/\/i0.wp.com\/www.grieta.org.mx\/wp-content\/uploads\/2021\/05\/ccdcd426-whatsapp-image-2021-04-06-at-13.38.21.jpeg?resize=700%2C400&ssl=1 2x"},"classes":[]},{"id":58764,"url":"https:\/\/www.grieta.org.mx\/index.php\/2021\/04\/08\/la-corte-acepta-revisar-la-detencion-de-comunitarios-de-nahuatzen-michoacan\/","url_meta":{"origin":57157,"position":2},"title":"La Corte acepta revisar la detenci\u00f3n de comunitarios de Nahuatzen (Michoac\u00e1n)","author":"grieta","date":"8 abril, 2021","format":false,"excerpt":"El m\u00e1ximo tribunal de justicia de la naci\u00f3n determin\u00f3 que revisar\u00e1 la detenci\u00f3n de Jos\u00e9 Luis Jim\u00e9nez Meza y Jos\u00e9 Antonio Arreola Jim\u00e9nez, Concejales del Gobierno Ind\u00edgena de Nahuatzen, Michoac\u00e1n. La comunidad acusa que su detenci\u00f3n fue por motivos pol\u00edticos, para detener su proceso de autonom\u00eda, reconocido desde 2017 Texto:\u2026","rel":"","context":"En &quot;Autonom\u00edas&quot;","block_context":{"text":"Autonom\u00edas","link":"https:\/\/www.grieta.org.mx\/index.php\/category\/resistencias\/autonomias\/"},"img":{"alt_text":"","src":"https:\/\/i0.wp.com\/www.grieta.org.mx\/wp-content\/uploads\/2021\/04\/SCJN_Protesta_Nahuatzen_Eber_Huitzil1.jpeg?resize=350%2C200&ssl=1","width":350,"height":200,"srcset":"https:\/\/i0.wp.com\/www.grieta.org.mx\/wp-content\/uploads\/2021\/04\/SCJN_Protesta_Nahuatzen_Eber_Huitzil1.jpeg?resize=350%2C200&ssl=1 1x, https:\/\/i0.wp.com\/www.grieta.org.mx\/wp-content\/uploads\/2021\/04\/SCJN_Protesta_Nahuatzen_Eber_Huitzil1.jpeg?resize=525%2C300&ssl=1 1.5x, https:\/\/i0.wp.com\/www.grieta.org.mx\/wp-content\/uploads\/2021\/04\/SCJN_Protesta_Nahuatzen_Eber_Huitzil1.jpeg?resize=700%2C400&ssl=1 2x"},"classes":[]},{"id":23275,"url":"https:\/\/www.grieta.org.mx\/index.php\/2018\/05\/23\/denuncia-de-la-comunidad-purepecha-de-nurio-michoacan\/","url_meta":{"origin":57157,"position":3},"title":"Denuncia de la Comunidad Pur\u00e9pecha de Nurio (Michoac\u00e1n)","author":"grieta","date":"23 mayo, 2018","format":false,"excerpt":"A la opini\u00f3n p\u00fablica Al Congreso Nacional Ind\u00edgena Al Ej\u00e9rcito Zapatista de Liberaci\u00f3n Nacional A los medios de comunicaci\u00f3n libres nacionales e internacionales A las comunidades ind\u00edgenas hermanas de M\u00e9xico y del mundo A la sociedad civil nacional e internacional Informamos que el d\u00eda de ayer 22 de mayo del\u2026","rel":"","context":"En &quot;28. Nur\u00edo&quot;","block_context":{"text":"28. Nur\u00edo","link":"https:\/\/www.grieta.org.mx\/index.php\/category\/espejos-de-la-resistencia\/28-nurio\/"},"img":{"alt_text":"","src":"https:\/\/i0.wp.com\/www.grieta.org.mx\/wp-content\/uploads\/2018\/03\/14524434_1106112876131411_958039263622046936_o.jpg?resize=350%2C200&ssl=1","width":350,"height":200,"srcset":"https:\/\/i0.wp.com\/www.grieta.org.mx\/wp-content\/uploads\/2018\/03\/14524434_1106112876131411_958039263622046936_o.jpg?resize=350%2C200&ssl=1 1x, https:\/\/i0.wp.com\/www.grieta.org.mx\/wp-content\/uploads\/2018\/03\/14524434_1106112876131411_958039263622046936_o.jpg?resize=525%2C300&ssl=1 1.5x, https:\/\/i0.wp.com\/www.grieta.org.mx\/wp-content\/uploads\/2018\/03\/14524434_1106112876131411_958039263622046936_o.jpg?resize=700%2C400&ssl=1 2x"},"classes":[]},{"id":60879,"url":"https:\/\/www.grieta.org.mx\/index.php\/2021\/07\/18\/comunidad-indigena-de-michoacan-celebra-inicio-de-su-autogobierno-se-regira-por-usos-y-costumbres\/","url_meta":{"origin":57157,"position":4},"title":"Comunidad ind\u00edgena de Michoac\u00e1n celebra inicio de su autogobierno; se regir\u00e1 por usos y costumbres","author":"grieta","date":"18 julio, 2021","format":false,"excerpt":"Alejandra Zamudio, El Debate, Michoac\u00e1n, 18 de Julio de 2021 Morelia, Michoac\u00e1n.- La comunidad ind\u00edgena de Santa Fe de la Laguna, perteneciente al municipio de Quiroga, ejercer\u00e1 su autogobierno comunal a partir del d\u00eda de hoy, 18 de julio, as\u00ed lo informaron autoridades del Concejo Supremo Ind\u00edgena de Michoac\u00e1n. Luego\u2026","rel":"","context":"En &quot;CINTILLO&quot;","block_context":{"text":"CINTILLO","link":"https:\/\/www.grieta.org.mx\/index.php\/category\/cintillo\/"},"img":{"alt_text":"","src":"https:\/\/i0.wp.com\/www.grieta.org.mx\/wp-content\/uploads\/2021\/08\/Captura-de-pantalla-2021-08-02-a-las-22.38.40.png?resize=350%2C200&ssl=1","width":350,"height":200,"srcset":"https:\/\/i0.wp.com\/www.grieta.org.mx\/wp-content\/uploads\/2021\/08\/Captura-de-pantalla-2021-08-02-a-las-22.38.40.png?resize=350%2C200&ssl=1 1x, https:\/\/i0.wp.com\/www.grieta.org.mx\/wp-content\/uploads\/2021\/08\/Captura-de-pantalla-2021-08-02-a-las-22.38.40.png?resize=525%2C300&ssl=1 1.5x, https:\/\/i0.wp.com\/www.grieta.org.mx\/wp-content\/uploads\/2021\/08\/Captura-de-pantalla-2021-08-02-a-las-22.38.40.png?resize=700%2C400&ssl=1 2x, https:\/\/i0.wp.com\/www.grieta.org.mx\/wp-content\/uploads\/2021\/08\/Captura-de-pantalla-2021-08-02-a-las-22.38.40.png?resize=1050%2C600&ssl=1 3x, https:\/\/i0.wp.com\/www.grieta.org.mx\/wp-content\/uploads\/2021\/08\/Captura-de-pantalla-2021-08-02-a-las-22.38.40.png?resize=1400%2C800&ssl=1 4x"},"classes":[]},{"id":43137,"url":"https:\/\/www.grieta.org.mx\/index.php\/2020\/01\/15\/consejo-supremo-indigena-de-michoacan-denuncia-represion-y-amenazas-de-muerte-en-contra-de-concejos-comunales-de-comachuen-sevina-y-nahuatzen\/","url_meta":{"origin":57157,"position":5},"title":"Consejo Supremo Ind\u00edgena de Michoac\u00e1n denuncia represi\u00f3n y amenazas de muerte en contra de Concejos Comunales de Comachu\u00e9n, Sevina y Nahuatzen","author":"grieta","date":"15 enero, 2020","format":false,"excerpt":"Por:Patricia Torres \/ Noventa Grados, 15 de Enero de 2020 Comunidades P`urh\u00e9pecha a 15 de enero del 2020. A trav\u00e9s de un comunicado, el Consejo Supremo Ind\u00edgena de Michoac\u00e1n (CSIM), consejo de autoridades civiles, comunales y tradicionales que agrupa alrededor de 60 comunidades, denunci\u00f3 la represi\u00f3n de comuneros, mujeres y\u2026","rel":"","context":"En &quot;CINTILLO&quot;","block_context":{"text":"CINTILLO","link":"https:\/\/www.grieta.org.mx\/index.php\/category\/cintillo\/"},"img":{"alt_text":"","src":"https:\/\/i0.wp.com\/www.grieta.org.mx\/wp-content\/uploads\/2020\/01\/0-grande.jpg?resize=350%2C200&ssl=1","width":350,"height":200,"srcset":"https:\/\/i0.wp.com\/www.grieta.org.mx\/wp-content\/uploads\/2020\/01\/0-grande.jpg?resize=350%2C200&ssl=1 1x, https:\/\/i0.wp.com\/www.grieta.org.mx\/wp-content\/uploads\/2020\/01\/0-grande.jpg?resize=525%2C300&ssl=1 1.5x, https:\/\/i0.wp.com\/www.grieta.org.mx\/wp-content\/uploads\/2020\/01\/0-grande.jpg?resize=700%2C400&ssl=1 2x"},"classes":[]}],"_links":{"self":[{"href":"https:\/\/www.grieta.org.mx\/index.php\/wp-json\/wp\/v2\/posts\/57157","targetHints":{"allow":["GET"]}}],"collection":[{"href":"https:\/\/www.grieta.org.mx\/index.php\/wp-json\/wp\/v2\/posts"}],"about":[{"href":"https:\/\/www.grieta.org.mx\/index.php\/wp-json\/wp\/v2\/types\/post"}],"author":[{"embeddable":true,"href":"https:\/\/www.grieta.org.mx\/index.php\/wp-json\/wp\/v2\/users\/2"}],"replies":[{"embeddable":true,"href":"https:\/\/www.grieta.org.mx\/index.php\/wp-json\/wp\/v2\/comments?post=57157"}],"version-history":[{"count":1,"href":"https:\/\/www.grieta.org.mx\/index.php\/wp-json\/wp\/v2\/posts\/57157\/revisions"}],"predecessor-version":[{"id":57159,"href":"https:\/\/www.grieta.org.mx\/index.php\/wp-json\/wp\/v2\/posts\/57157\/revisions\/57159"}],"wp:featuredmedia":[{"embeddable":true,"href":"https:\/\/www.grieta.org.mx\/index.php\/wp-json\/wp\/v2\/media\/57158"}],"wp:attachment":[{"href":"https:\/\/www.grieta.org.mx\/index.php\/wp-json\/wp\/v2\/media?parent=57157"}],"wp:term":[{"taxonomy":"category","embeddable":true,"href":"https:\/\/www.grieta.org.mx\/index.php\/wp-json\/wp\/v2\/categories?post=57157"},{"taxonomy":"post_tag","embeddable":true,"href":"https:\/\/www.grieta.org.mx\/index.php\/wp-json\/wp\/v2\/tags?post=57157"}],"curies":[{"name":"wp","href":"https:\/\/api.w.org\/{rel}","templated":true}]}}