{"id":56992,"date":"2021-02-14T07:59:18","date_gmt":"2021-02-14T13:59:18","guid":{"rendered":"http:\/\/www.grieta.org.mx\/?p=56992"},"modified":"2021-02-16T08:20:53","modified_gmt":"2021-02-16T14:20:53","slug":"turba-de-ejidatarios-suspende-asamblea-informativa-en-acanceh-yucatan","status":"publish","type":"post","link":"https:\/\/www.grieta.org.mx\/index.php\/2021\/02\/14\/turba-de-ejidatarios-suspende-asamblea-informativa-en-acanceh-yucatan\/","title":{"rendered":"Turba de ejidatarios suspende asamblea informativa en Acanceh (Yucat\u00e1n)"},"content":{"rendered":"<p><img loading=\"lazy\" decoding=\"async\" data-attachment-id=\"56993\" data-permalink=\"https:\/\/www.grieta.org.mx\/index.php\/2021\/02\/14\/turba-de-ejidatarios-suspende-asamblea-informativa-en-acanceh-yucatan\/acanche\/\" data-orig-file=\"https:\/\/www.grieta.org.mx\/wp-content\/uploads\/2021\/02\/Acanche.png\" data-orig-size=\"687,379\" data-comments-opened=\"0\" data-image-meta=\"{&quot;aperture&quot;:&quot;0&quot;,&quot;credit&quot;:&quot;&quot;,&quot;camera&quot;:&quot;&quot;,&quot;caption&quot;:&quot;&quot;,&quot;created_timestamp&quot;:&quot;0&quot;,&quot;copyright&quot;:&quot;&quot;,&quot;focal_length&quot;:&quot;0&quot;,&quot;iso&quot;:&quot;0&quot;,&quot;shutter_speed&quot;:&quot;0&quot;,&quot;title&quot;:&quot;&quot;,&quot;orientation&quot;:&quot;0&quot;}\" data-image-title=\"Acanche\" data-image-description=\"\" data-image-caption=\"\" data-medium-file=\"https:\/\/www.grieta.org.mx\/wp-content\/uploads\/2021\/02\/Acanche-300x166.png\" data-large-file=\"https:\/\/www.grieta.org.mx\/wp-content\/uploads\/2021\/02\/Acanche.png\" src=\"http:\/\/www.grieta.org.mx\/wp-content\/uploads\/2021\/02\/Acanche.png\" alt=\"\" width=\"687\" height=\"379\" class=\"alignnone size-full wp-image-56993\" srcset=\"https:\/\/www.grieta.org.mx\/wp-content\/uploads\/2021\/02\/Acanche.png 687w, https:\/\/www.grieta.org.mx\/wp-content\/uploads\/2021\/02\/Acanche-300x166.png 300w\" sizes=\"auto, (max-width: 687px) 100vw, 687px\" \/><\/p>\n<p>Por Esto!<\/p>\n<blockquote><p>El grupo de campesinos ingres\u00f3 a la fuerza para evitar que se realizara la asamblea<\/p><\/blockquote>\n<p>Una turba de ejidatarios ingres\u00f3 a la fuerza a la casa ejidal de Acanceh para suspender la asamblea informativa en donde se aprobar\u00eda la venta de terrenos ejidales y se acordar\u00eda el pago correspondiente.<\/p>\n<p><img loading=\"lazy\" decoding=\"async\" data-attachment-id=\"56994\" data-permalink=\"https:\/\/www.grieta.org.mx\/index.php\/2021\/02\/14\/turba-de-ejidatarios-suspende-asamblea-informativa-en-acanceh-yucatan\/acanche2\/\" data-orig-file=\"https:\/\/www.grieta.org.mx\/wp-content\/uploads\/2021\/02\/Acanche2.png\" data-orig-size=\"684,805\" data-comments-opened=\"0\" data-image-meta=\"{&quot;aperture&quot;:&quot;0&quot;,&quot;credit&quot;:&quot;&quot;,&quot;camera&quot;:&quot;&quot;,&quot;caption&quot;:&quot;&quot;,&quot;created_timestamp&quot;:&quot;0&quot;,&quot;copyright&quot;:&quot;&quot;,&quot;focal_length&quot;:&quot;0&quot;,&quot;iso&quot;:&quot;0&quot;,&quot;shutter_speed&quot;:&quot;0&quot;,&quot;title&quot;:&quot;&quot;,&quot;orientation&quot;:&quot;0&quot;}\" data-image-title=\"Acanche2\" data-image-description=\"\" data-image-caption=\"\" data-medium-file=\"https:\/\/www.grieta.org.mx\/wp-content\/uploads\/2021\/02\/Acanche2-255x300.png\" data-large-file=\"https:\/\/www.grieta.org.mx\/wp-content\/uploads\/2021\/02\/Acanche2.png\" src=\"http:\/\/www.grieta.org.mx\/wp-content\/uploads\/2021\/02\/Acanche2.png\" alt=\"\" width=\"684\" height=\"805\" class=\"alignnone size-full wp-image-56994\" srcset=\"https:\/\/www.grieta.org.mx\/wp-content\/uploads\/2021\/02\/Acanche2.png 684w, https:\/\/www.grieta.org.mx\/wp-content\/uploads\/2021\/02\/Acanche2-255x300.png 255w, https:\/\/www.grieta.org.mx\/wp-content\/uploads\/2021\/02\/Acanche2-425x500.png 425w\" sizes=\"auto, (max-width: 684px) 100vw, 684px\" \/><\/p>\n<p>Sin embargo, esto no pudo realizarse, ya que los campesinos forzaron los portones e ingresaron a la fuerza para suspender dicha asamblea.<\/p>\n<p><img loading=\"lazy\" decoding=\"async\" data-attachment-id=\"56995\" data-permalink=\"https:\/\/www.grieta.org.mx\/index.php\/2021\/02\/14\/turba-de-ejidatarios-suspende-asamblea-informativa-en-acanceh-yucatan\/acanche3\/\" data-orig-file=\"https:\/\/www.grieta.org.mx\/wp-content\/uploads\/2021\/02\/Acanche3.png\" data-orig-size=\"682,357\" data-comments-opened=\"0\" data-image-meta=\"{&quot;aperture&quot;:&quot;0&quot;,&quot;credit&quot;:&quot;&quot;,&quot;camera&quot;:&quot;&quot;,&quot;caption&quot;:&quot;&quot;,&quot;created_timestamp&quot;:&quot;0&quot;,&quot;copyright&quot;:&quot;&quot;,&quot;focal_length&quot;:&quot;0&quot;,&quot;iso&quot;:&quot;0&quot;,&quot;shutter_speed&quot;:&quot;0&quot;,&quot;title&quot;:&quot;&quot;,&quot;orientation&quot;:&quot;0&quot;}\" data-image-title=\"Acanche3\" data-image-description=\"\" data-image-caption=\"\" data-medium-file=\"https:\/\/www.grieta.org.mx\/wp-content\/uploads\/2021\/02\/Acanche3-300x157.png\" data-large-file=\"https:\/\/www.grieta.org.mx\/wp-content\/uploads\/2021\/02\/Acanche3.png\" src=\"http:\/\/www.grieta.org.mx\/wp-content\/uploads\/2021\/02\/Acanche3.png\" alt=\"\" width=\"682\" height=\"357\" class=\"alignnone size-full wp-image-56995\" srcset=\"https:\/\/www.grieta.org.mx\/wp-content\/uploads\/2021\/02\/Acanche3.png 682w, https:\/\/www.grieta.org.mx\/wp-content\/uploads\/2021\/02\/Acanche3-300x157.png 300w\" sizes=\"auto, (max-width: 682px) 100vw, 682px\" \/><\/p>\n<p>Haciendo uso de la palabra algunas personas como Jos\u00e9 Yah, Eusebio Estrella, Celso Cen, V\u00edctor carde\u00f1a entre otros, manifestaron su desacuerdo ante la asamblea.<\/p>\n<p>Por su parte, el comisario Juan Alberto Puc, dijo lamentar lo ocurrido y acus\u00f3 a estas personas como los principales responsables para que los campesinos suspendieran el evento.<\/p>\n<p>SY<\/p>\n<p><a href=\"https:\/\/www.poresto.net\/yucatan\/2021\/2\/14\/turba-de-ejidatarios-suspende-asamblea-informativa-en-acanceh-237533.html\" rel=\"noopener\" target=\"_blank\">https:\/\/www.poresto.net\/yucatan\/2021\/2\/14\/turba-de-ejidatarios-suspende-asamblea-informativa-en-acanceh-237533.html<\/a><\/p>\n","protected":false},"excerpt":{"rendered":"<p>Por Esto! El grupo de campesinos ingres\u00f3 a la fuerza para evitar que se realizara la asamblea Una turba de ejidatarios ingres\u00f3 a la fuerza a la casa ejidal de &hellip; <a href=\"https:\/\/www.grieta.org.mx\/index.php\/2021\/02\/14\/turba-de-ejidatarios-suspende-asamblea-informativa-en-acanceh-yucatan\/\" class=\"more-link\">Leer m\u00e1s<\/a><\/p>\n","protected":false},"author":2,"featured_media":56993,"comment_status":"closed","ping_status":"closed","sticky":false,"template":"","format":"standard","meta":{"ngg_post_thumbnail":0,"_jetpack_newsletter_access":"","_jetpack_dont_email_post_to_subs":false,"_jetpack_newsletter_tier_id":0,"_jetpack_memberships_contains_paywalled_content":false,"_jetpack_memberships_contains_paid_content":false,"footnotes":""},"categories":[80,2,1071,36],"tags":[2311,175,3819,1817],"class_list":["post-56992","post","type-post","status-publish","format-standard","has-post-thumbnail","hentry","category-cintillo","category-noticias-nacionales","category-resistencia-al-despojo-de-tierras-ejidales-en-yucatan","category-yucatan","tag-despojo-de-tierras","tag-ejidatarios","tag-mafia-agraria","tag-tierras-ejidales","entry"],"jetpack_featured_media_url":"https:\/\/www.grieta.org.mx\/wp-content\/uploads\/2021\/02\/Acanche.png","jetpack_sharing_enabled":true,"jetpack_shortlink":"https:\/\/wp.me\/p7ZJR4-ePe","jetpack_likes_enabled":false,"jetpack-related-posts":[{"id":56989,"url":"https:\/\/www.grieta.org.mx\/index.php\/2021\/02\/11\/ejidatarios-protestan-por-venta-ilegal-de-tierras-en-muxupip-yucatan\/","url_meta":{"origin":56992,"position":0},"title":"Ejidatarios protestan por venta ilegal de tierras en Muxupip (Yucat\u00e1n)","author":"grieta","date":"11 febrero, 2021","format":false,"excerpt":"Reporteros Hoy M\u00e9rida, Yucat\u00e1n; 11 de febrero de 2021 (ACOM).- Unos 80 ejidatarios del municipio de Muxupip se manifestaron en el Tribunal Agrario Unitario de M\u00e9rida para exigir la devoluci\u00f3n de mil 600 hect\u00e1reas de terreno que habr\u00edan sido vendidas de manera ilegal a 3 empresarios. Los quejosos, quienes gritaban\u2026","rel":"","context":"En &quot;CINTILLO&quot;","block_context":{"text":"CINTILLO","link":"https:\/\/www.grieta.org.mx\/index.php\/category\/cintillo\/"},"img":{"alt_text":"","src":"https:\/\/i0.wp.com\/www.grieta.org.mx\/wp-content\/uploads\/2021\/02\/Ejidatarios-de-Muxupip-scaled-1.jpg?resize=350%2C200&ssl=1","width":350,"height":200,"srcset":"https:\/\/i0.wp.com\/www.grieta.org.mx\/wp-content\/uploads\/2021\/02\/Ejidatarios-de-Muxupip-scaled-1.jpg?resize=350%2C200&ssl=1 1x, https:\/\/i0.wp.com\/www.grieta.org.mx\/wp-content\/uploads\/2021\/02\/Ejidatarios-de-Muxupip-scaled-1.jpg?resize=525%2C300&ssl=1 1.5x, https:\/\/i0.wp.com\/www.grieta.org.mx\/wp-content\/uploads\/2021\/02\/Ejidatarios-de-Muxupip-scaled-1.jpg?resize=700%2C400&ssl=1 2x"},"classes":[]},{"id":43351,"url":"https:\/\/www.grieta.org.mx\/index.php\/2020\/01\/21\/dan-marcha-atras-presunta-venta-de-tierras-ejidales-en-kimbila-yucatan\/","url_meta":{"origin":56992,"position":1},"title":"Dan marcha atr\u00e1s presunta venta de tierras ejidales en Kimbil\u00e1 (Yucat\u00e1n)","author":"grieta","date":"21 enero, 2020","format":false,"excerpt":"Reporteros Hoy Izamal, Yucat\u00e1n; (ACOM).- Unas 100 personas fueron a buscar a su casa al comisario Ejidal Casiano Pat May a fin de que d\u00e9 explicaciones sobre la presunta venta de tierras ejidales que se encuentran dentro de la reserva de terrenos para el crecimiento urbano de la localidad. El\u2026","rel":"","context":"En &quot;CINTILLO&quot;","block_context":{"text":"CINTILLO","link":"https:\/\/www.grieta.org.mx\/index.php\/category\/cintillo\/"},"img":{"alt_text":"","src":"https:\/\/i0.wp.com\/www.grieta.org.mx\/wp-content\/uploads\/2020\/01\/Kimbila1.jpg?resize=350%2C200&ssl=1","width":350,"height":200,"srcset":"https:\/\/i0.wp.com\/www.grieta.org.mx\/wp-content\/uploads\/2020\/01\/Kimbila1.jpg?resize=350%2C200&ssl=1 1x, https:\/\/i0.wp.com\/www.grieta.org.mx\/wp-content\/uploads\/2020\/01\/Kimbila1.jpg?resize=525%2C300&ssl=1 1.5x, https:\/\/i0.wp.com\/www.grieta.org.mx\/wp-content\/uploads\/2020\/01\/Kimbila1.jpg?resize=700%2C400&ssl=1 2x"},"classes":[]},{"id":71599,"url":"https:\/\/www.grieta.org.mx\/index.php\/2025\/04\/12\/despojados-de-168-hectareas-yucatan\/","url_meta":{"origin":56992,"position":2},"title":"Despojados de 168 hect\u00e1reas (Yucat\u00e1n)","author":"grieta","date":"12 abril, 2025","format":false,"excerpt":"Sol Yucat\u00e1n Ejidatarios del municipio de Baca, han alzado la voz para denunciar el despojo y la deforestaci\u00f3n ilegal de al menos 168 hect\u00e1reas de tierras ejidales de uso com\u00fan sin el permiso correspondiente. Ejidatarios del municipio de Baca, han alzado la voz para denunciar el despojo y la deforestaci\u00f3n\u2026","rel":"","context":"En &quot;CINTILLO&quot;","block_context":{"text":"CINTILLO","link":"https:\/\/www.grieta.org.mx\/index.php\/category\/cintillo\/"},"img":{"alt_text":"","src":"https:\/\/i0.wp.com\/www.grieta.org.mx\/wp-content\/uploads\/2025\/04\/Baca-e1744760844210.jpg?resize=350%2C200&ssl=1","width":350,"height":200,"srcset":"https:\/\/i0.wp.com\/www.grieta.org.mx\/wp-content\/uploads\/2025\/04\/Baca-e1744760844210.jpg?resize=350%2C200&ssl=1 1x, https:\/\/i0.wp.com\/www.grieta.org.mx\/wp-content\/uploads\/2025\/04\/Baca-e1744760844210.jpg?resize=525%2C300&ssl=1 1.5x, https:\/\/i0.wp.com\/www.grieta.org.mx\/wp-content\/uploads\/2025\/04\/Baca-e1744760844210.jpg?resize=700%2C400&ssl=1 2x"},"classes":[]},{"id":57790,"url":"https:\/\/www.grieta.org.mx\/index.php\/2021\/03\/19\/mafia-agraria-en-yucatan-ejidatarios-de-sierra-papacal-son-despojados-de-sus-tierras\/","url_meta":{"origin":56992,"position":3},"title":"Mafia Agraria en Yucat\u00e1n: Ejidatarios de Sierra Papacal son despojados de sus tierras","author":"grieta","date":"19 marzo, 2021","format":false,"excerpt":"Leandro Chac\u00f3n \/ PorEsto! Los campesinos de la comisaria meridiana denunciaron el despojo de mas de 2 mil hect\u00e1reas de tierras Los representantes de ejidatarios de la comisar\u00eda meridana de Sierra Papacal, Buenaventura Pech Eu\u00e1n, as\u00ed como Vidal Pool Jim\u00e9nez, informaron que una vez m\u00e1s van en contra de lo\u2026","rel":"","context":"En &quot;CINTILLO&quot;","block_context":{"text":"CINTILLO","link":"https:\/\/www.grieta.org.mx\/index.php\/category\/cintillo\/"},"img":{"alt_text":"","src":"https:\/\/i0.wp.com\/www.grieta.org.mx\/wp-content\/uploads\/2021\/03\/MafiaAgrariaSierraPapacal-e1616191072171.png?resize=350%2C200&ssl=1","width":350,"height":200,"srcset":"https:\/\/i0.wp.com\/www.grieta.org.mx\/wp-content\/uploads\/2021\/03\/MafiaAgrariaSierraPapacal-e1616191072171.png?resize=350%2C200&ssl=1 1x, https:\/\/i0.wp.com\/www.grieta.org.mx\/wp-content\/uploads\/2021\/03\/MafiaAgrariaSierraPapacal-e1616191072171.png?resize=525%2C300&ssl=1 1.5x, https:\/\/i0.wp.com\/www.grieta.org.mx\/wp-content\/uploads\/2021\/03\/MafiaAgrariaSierraPapacal-e1616191072171.png?resize=700%2C400&ssl=1 2x"},"classes":[]},{"id":64477,"url":"https:\/\/www.grieta.org.mx\/index.php\/2022\/06\/29\/tribunal-agrario-de-yucatan-senalado-por-participacion-en-transas-ejidales-en-municipios\/","url_meta":{"origin":56992,"position":4},"title":"Tribunal Agrario de Yucat\u00e1n, se\u00f1alado por participaci\u00f3n en transas ejidales en municipios","author":"grieta","date":"29 junio, 2022","format":false,"excerpt":"Daniel Santiago \/ Por Esto! Tras la manifestaci\u00f3n de ejidatarios de cuatro municipios, a las afueras del Tribunal Unitario Agrario n\u00famero 34 para denunciar supuestos despojos de tierras, el coordinador del Frente Campesino, Pedro Quijano, dijo, en entrevista para POR ESTO!, que hay m\u00e1s comunidades con problemas de supuestas transas\u2026","rel":"","context":"En &quot;CINTILLO&quot;","block_context":{"text":"CINTILLO","link":"https:\/\/www.grieta.org.mx\/index.php\/category\/cintillo\/"},"img":{"alt_text":"","src":"https:\/\/i0.wp.com\/www.grieta.org.mx\/wp-content\/uploads\/2022\/07\/TribunalAgrarioDespojo-e1656872148232.png?resize=350%2C200&ssl=1","width":350,"height":200,"srcset":"https:\/\/i0.wp.com\/www.grieta.org.mx\/wp-content\/uploads\/2022\/07\/TribunalAgrarioDespojo-e1656872148232.png?resize=350%2C200&ssl=1 1x, https:\/\/i0.wp.com\/www.grieta.org.mx\/wp-content\/uploads\/2022\/07\/TribunalAgrarioDespojo-e1656872148232.png?resize=525%2C300&ssl=1 1.5x, https:\/\/i0.wp.com\/www.grieta.org.mx\/wp-content\/uploads\/2022\/07\/TribunalAgrarioDespojo-e1656872148232.png?resize=700%2C400&ssl=1 2x"},"classes":[]},{"id":71782,"url":"https:\/\/www.grieta.org.mx\/index.php\/2025\/05\/26\/ejidatarios-de-hunucma-frenan-intento-de-privatizacion-irregular-de-tierras-yucatan\/","url_meta":{"origin":56992,"position":5},"title":"Ejidatarios de Hunucm\u00e1 frenan intento de privatizaci\u00f3n irregular de tierras (Yucat\u00e1n)","author":"grieta","date":"26 mayo, 2025","format":false,"excerpt":"Jos\u00e9 Luis L\u00f3pez Quintal \/ Por Esto! En una asamblea celebrada ayer, un total de 630 ejidatarios del municipio acordaron por mayor\u00eda no inscribir ante el Registro Agrario Nacional (RAN) la reuni\u00f3n realizada en el a\u00f1o 2015, que de manera ilegal modific\u00f3 619.80 hect\u00e1reas de uso com\u00fan para convertirlas en\u2026","rel":"","context":"En &quot;CINTILLO&quot;","block_context":{"text":"CINTILLO","link":"https:\/\/www.grieta.org.mx\/index.php\/category\/cintillo\/"},"img":{"alt_text":"","src":"https:\/\/i0.wp.com\/www.grieta.org.mx\/wp-content\/uploads\/2025\/06\/Hunucma-e1749063050384.jpg?resize=350%2C200&ssl=1","width":350,"height":200,"srcset":"https:\/\/i0.wp.com\/www.grieta.org.mx\/wp-content\/uploads\/2025\/06\/Hunucma-e1749063050384.jpg?resize=350%2C200&ssl=1 1x, https:\/\/i0.wp.com\/www.grieta.org.mx\/wp-content\/uploads\/2025\/06\/Hunucma-e1749063050384.jpg?resize=525%2C300&ssl=1 1.5x, https:\/\/i0.wp.com\/www.grieta.org.mx\/wp-content\/uploads\/2025\/06\/Hunucma-e1749063050384.jpg?resize=700%2C400&ssl=1 2x"},"classes":[]}],"_links":{"self":[{"href":"https:\/\/www.grieta.org.mx\/index.php\/wp-json\/wp\/v2\/posts\/56992","targetHints":{"allow":["GET"]}}],"collection":[{"href":"https:\/\/www.grieta.org.mx\/index.php\/wp-json\/wp\/v2\/posts"}],"about":[{"href":"https:\/\/www.grieta.org.mx\/index.php\/wp-json\/wp\/v2\/types\/post"}],"author":[{"embeddable":true,"href":"https:\/\/www.grieta.org.mx\/index.php\/wp-json\/wp\/v2\/users\/2"}],"replies":[{"embeddable":true,"href":"https:\/\/www.grieta.org.mx\/index.php\/wp-json\/wp\/v2\/comments?post=56992"}],"version-history":[{"count":1,"href":"https:\/\/www.grieta.org.mx\/index.php\/wp-json\/wp\/v2\/posts\/56992\/revisions"}],"predecessor-version":[{"id":56996,"href":"https:\/\/www.grieta.org.mx\/index.php\/wp-json\/wp\/v2\/posts\/56992\/revisions\/56996"}],"wp:featuredmedia":[{"embeddable":true,"href":"https:\/\/www.grieta.org.mx\/index.php\/wp-json\/wp\/v2\/media\/56993"}],"wp:attachment":[{"href":"https:\/\/www.grieta.org.mx\/index.php\/wp-json\/wp\/v2\/media?parent=56992"}],"wp:term":[{"taxonomy":"category","embeddable":true,"href":"https:\/\/www.grieta.org.mx\/index.php\/wp-json\/wp\/v2\/categories?post=56992"},{"taxonomy":"post_tag","embeddable":true,"href":"https:\/\/www.grieta.org.mx\/index.php\/wp-json\/wp\/v2\/tags?post=56992"}],"curies":[{"name":"wp","href":"https:\/\/api.w.org\/{rel}","templated":true}]}}